{"id":5618,"date":"2023-08-04T00:00:00","date_gmt":"2023-08-03T22:00:00","guid":{"rendered":"https:\/\/preweb.artyplan.com\/sin-categorizar\/transforma-espais-amb-vinils-microperforats-per-a-vidres\/"},"modified":"2025-09-07T16:15:56","modified_gmt":"2025-09-07T14:15:56","slug":"transforma-espais-amb-vinils-microperforats-per-a-vidres","status":"publish","type":"post","link":"https:\/\/artyplan.com\/ca\/blog\/transforma-espais-amb-vinils-microperforats-per-a-vidres\/","title":{"rendered":"Transforma espais amb Vinils Microperforats per a Vidres"},"content":{"rendered":"<p>Els vinils microperforats per a cristalls s\u00f3n una innovadora i vers\u00e0til soluci\u00f3 d&#8217;impressi\u00f3 que ha guanyat popularitat en el m\u00f3n del disseny d&#8217;interiors i publicitat. Aquests materials han demostrat ser una forma creativa i efectiva de transformar espais i aprofitar al m\u00e0xim les superf\u00edcies envidrades en oficines i negocis.<\/p>\n<h2>Quin tipus de vinil adhesiu s&#8217;usa per a vidre?<\/h2>\n<p>El tipus de vinil que s&#8217;usa comunament per a vidre \u00e9s el vinil autoadhesiu. Aquest tipus de vinil t\u00e9 un revers adhesiu que s&#8217;adhereix directament a la superf\u00edcie de vidre. Existeixen diferents variants de vinil autoadhesiu, com el vinil microperforat que esmentem anteriorment, que s&#8217;utilitza espec\u00edficament en finestres i cristalls per a crear una comunicaci\u00f3 visual atractiva i mantenir la privacitat.<\/p>\n<h2>Qu\u00e8 s\u00f3n els Vinils Microperforats per a vidres?<\/h2>\n<figure id=\"attachment_10484\" aria-describedby=\"caption-attachment-10484\" style=\"width: 300px\" class=\"wp-caption alignright\"><img fetchpriority=\"high\" decoding=\"async\" class=\"wp-image-10484 size-medium\" style=\"font-size: 16px;\" src=\"https:\/\/preweb.artyplan.com\/wp-content\/uploads\/2025\/09\/vinilo-microperforado-para-cristales-scaled.jpg\" alt=\"vinil microperforat per a vidres\" width=\"300\" height=\"200\" \/><figcaption id=\"caption-attachment-10484\" class=\"wp-caption-text\">Dise\u00f1ado por Freepik<\/figcaption><\/figure>\n<p>Els vinils adhesius microperforats s\u00f3n pel\u00b7l\u00edcules pl\u00e0stiques autoadhesives que s&#8217;apliquen a superf\u00edcies de vidre, com a finestres, aparadors, mampares i vitrines. A difer\u00e8ncia dels vinils tradicionals, aquests materials presenten petits forats en la seva superf\u00edcie, que permeten la visi\u00f3 cap a l&#8217;exterior des de l&#8217;interior, per\u00f2 mantenen la privacitat i bloquegen la visi\u00f3 des de l&#8217;exterior.<\/p>\n<h2>Avantatges del vinil microperforat per a retolar cristalls<\/h2>\n<p>La impressi\u00f3 de vinil adhesiu microperforat personalitzat destaca pels seg\u00fcents avantatges:<\/p>\n<ul>\n<li><strong>Privacitat i Est\u00e8tica<\/strong>: Un dels principals avantatges dels vinils microperforats \u00e9s que brinden privacitat als espais interiors sense sacrificar l&#8217;entrada de llum natural. Aix\u00f2 \u00e9s especialment valu\u00f3s en espais de treball i oficines, on s&#8217;utilitza els vinils microperforats per a finestres a la recerca de mantenir la discreci\u00f3 sense sacrificar el benestar dels empleats.<\/li>\n<li><strong>Publicitat i Comunicaci\u00f3 Visual<\/strong>: Els vinils microperforats s&#8217;han convertit en una eina de m\u00e0rqueting poderosa per a negocis i botigues. Permeten exhibir missatges publicitaris o promocions en aparadors de manera atractiva i cridanera, captant l&#8217;atenci\u00f3 de transe\u00fcnts i clients potencials.<\/li>\n<li><strong>Resist\u00e8ncia i Durabilitat<\/strong>: El vinil microperforat est\u00e0 dissenyat per a resistir les inclem\u00e8ncies del temps i els efectes del sol, la qual cosa garanteix una durabilitat excepcional tant en interiors com en exteriors.<\/li>\n<li><strong>Personalitzaci\u00f3 i Creativitat<\/strong>: Els vinils adhesius microperforats es poden imprimir en una \u00e0mplia gamma de grand\u00e0ries, formes i colors, permetent una personalitzaci\u00f3 total per a adaptar-se a les necessitats i prefer\u00e8ncies de cada client.<\/li>\n<\/ul>\n<h2>Qu\u00e8 fer amb vinils autoadhesius? Aplicaci\u00f3 dels Vinils per a cristalls<\/h2>\n<p>L&#8217;aplicaci\u00f3 d&#8217;aquests vinils microperforats personalitzats \u00e9s senzilla i no requereix complicades eines. A m\u00e9s, es poden retirar sense deixar residus ni danyar el cristall, la qual cosa facilita l&#8217;actualitzaci\u00f3 de missatges publicitaris o la renovaci\u00f3 del disseny d&#8217;interiors.<\/p>\n<ul>\n<li><strong>Decoraci\u00f3 d&#8217;Interiors<\/strong>: Aquests vinils serveixen per a decorar despatxos o oficines, s&#8217;utilitzen per a decorar finestres i divisions de cristall, creant ambients m\u00e9s atractius i funcionals.<\/li>\n<li><strong>Publicitat Exterior<\/strong>: En l&#8217;\u00e0mbit empresarial, els vinils per a aparadors s\u00f3n ideals per a la promoci\u00f3 de productes, serveis o esdeveniments, aprofitant al m\u00e0xim l&#8217;espai disponible.<\/li>\n<li><strong>Vehicles Comercials<\/strong>: El vinil microperforat per a vehicles comercials, permet que la marca o informaci\u00f3 es mostri de manera creativa mentre es mant\u00e9 la visibilitat i la seguretat.<\/li>\n<li><strong>Senyalitzaci\u00f3<\/strong>: Els vinils autoadhesius s&#8217;utilitzen en la creaci\u00f3 de senyalitzaci\u00f3, tant en interiors com en exteriors, per a indicar direccions, instruccions o advertiments de manera clara i professional.<\/li>\n<\/ul>\n<p>El <a href=\"http:\/\/artyplan.com\/ca\/productes-impressio\/serveis-dimpressio-de-gran-format\/vinils-impres\/\">vinil\u00a0<\/a>microperforat per a aparadors \u00e9s una opci\u00f3 vers\u00e0til i efectiva per a transformar el teu espai comercial i aconseguir una major visibilitat i notorietat per al teu negoci. Amb el vinil microperforat, el teu aparador generar\u00e0 un impacte visual i comunicatiu que t&#8217;ajudar\u00e0 a destacar en un mercat competitiu.<\/p>\n","protected":false},"excerpt":{"rendered":"<p>Els vinils microperforats per a cristalls s\u00f3n una innovadora i vers\u00e0til soluci\u00f3 d&#8217;impressi\u00f3 que ha guanyat popularitat en el m\u00f3n del disseny d&#8217;interiors i publicitat. Aquests materials han demostrat ser una forma creativa i efectiva de transformar espais i aprofitar al m\u00e0xim les superf\u00edcies envidrades en oficines i negocis. Quin tipus de vinil adhesiu s&#8217;usa [&hellip;]<\/p>\n","protected":false},"author":3,"featured_media":7220,"comment_status":"closed","ping_status":"closed","sticky":false,"template":"","format":"standard","meta":{"footnotes":""},"categories":[54,1],"tags":[],"class_list":["post-5618","post","type-post","status-publish","format-standard","has-post-thumbnail","hentry","category-noticies-ca","category-sense-categoritzar"],"yoast_head":"<!-- This site is optimized with the Yoast SEO Premium plugin v26.5 (Yoast SEO v26.5) - https:\/\/yoast.com\/wordpress\/plugins\/seo\/ -->\n<title>Transforma espais amb Vinils Microperforats per a Vidres - Artyplan<\/title>\n<meta name=\"description\" content=\"Vinils Microperforats per a Vidres: Impressi\u00f3 per a interiors i publicitat. Privacitat i personalitzaci\u00f3 de f\u00e0cil aplicaci\u00f3.\" \/>\n<meta name=\"robots\" content=\"index, follow, max-snippet:-1, max-image-preview:large, max-video-preview:-1\" \/>\n<link rel=\"canonical\" href=\"https:\/\/artyplan.com\/ca\/blog\/transforma-espais-amb-vinils-microperforats-per-a-vidres\/\" \/>\n<meta property=\"og:locale\" content=\"ca_ES\" \/>\n<meta property=\"og:type\" content=\"article\" \/>\n<meta property=\"og:title\" content=\"Transforma espais amb Vinils Microperforats per a Vidres\" \/>\n<meta property=\"og:description\" content=\"Vinils Microperforats per a Vidres: Impressi\u00f3 per a interiors i publicitat. Privacitat i personalitzaci\u00f3 de f\u00e0cil aplicaci\u00f3.\" \/>\n<meta property=\"og:url\" content=\"https:\/\/artyplan.com\/ca\/blog\/transforma-espais-amb-vinils-microperforats-per-a-vidres\/\" \/>\n<meta property=\"og:site_name\" content=\"Artyplan\" \/>\n<meta property=\"article:publisher\" content=\"https:\/\/www.facebook.com\/artyplan\" \/>\n<meta property=\"article:published_time\" content=\"2023-08-03T22:00:00+00:00\" \/>\n<meta property=\"article:modified_time\" content=\"2025-09-07T14:15:56+00:00\" \/>\n<meta property=\"og:image\" content=\"https:\/\/artyplan.com\/wp-content\/uploads\/2025\/09\/vinilo-microperforado-1.png\" \/>\n\t<meta property=\"og:image:width\" content=\"1920\" \/>\n\t<meta property=\"og:image:height\" content=\"600\" \/>\n\t<meta property=\"og:image:type\" content=\"image\/png\" \/>\n<meta name=\"author\" content=\"Sergio Triguero\" \/>\n<meta name=\"twitter:card\" content=\"summary_large_image\" \/>\n<meta name=\"twitter:label1\" content=\"Escrit per\" \/>\n\t<meta name=\"twitter:data1\" content=\"Sergio Triguero\" \/>\n\t<meta name=\"twitter:label2\" content=\"Temps estimat de lectura\" \/>\n\t<meta name=\"twitter:data2\" content=\"3 minuts\" \/>\n<script type=\"application\/ld+json\" class=\"yoast-schema-graph\">{\"@context\":\"https:\/\/schema.org\",\"@graph\":[{\"@type\":\"Article\",\"@id\":\"https:\/\/artyplan.com\/ca\/blog\/transforma-espais-amb-vinils-microperforats-per-a-vidres\/#article\",\"isPartOf\":{\"@id\":\"https:\/\/artyplan.com\/ca\/blog\/transforma-espais-amb-vinils-microperforats-per-a-vidres\/\"},\"author\":{\"name\":\"Sergio Triguero\",\"@id\":\"https:\/\/artyplan.com\/ca\/#\/schema\/person\/0ef19accced432bc277b8d5248cd2cc0\"},\"headline\":\"Transforma espais amb Vinils Microperforats per a Vidres\",\"datePublished\":\"2023-08-03T22:00:00+00:00\",\"dateModified\":\"2025-09-07T14:15:56+00:00\",\"mainEntityOfPage\":{\"@id\":\"https:\/\/artyplan.com\/ca\/blog\/transforma-espais-amb-vinils-microperforats-per-a-vidres\/\"},\"wordCount\":643,\"publisher\":{\"@id\":\"https:\/\/artyplan.com\/ca\/#organization\"},\"image\":{\"@id\":\"https:\/\/artyplan.com\/ca\/blog\/transforma-espais-amb-vinils-microperforats-per-a-vidres\/#primaryimage\"},\"thumbnailUrl\":\"https:\/\/artyplan.com\/wp-content\/uploads\/2025\/09\/vinilo-microperforado-1.png\",\"articleSection\":[\"Noticies\",\"Sense-categoritzar\"],\"inLanguage\":\"ca\"},{\"@type\":\"WebPage\",\"@id\":\"https:\/\/artyplan.com\/ca\/blog\/transforma-espais-amb-vinils-microperforats-per-a-vidres\/\",\"url\":\"https:\/\/artyplan.com\/ca\/blog\/transforma-espais-amb-vinils-microperforats-per-a-vidres\/\",\"name\":\"Transforma espais amb Vinils Microperforats per a Vidres - Artyplan\",\"isPartOf\":{\"@id\":\"https:\/\/artyplan.com\/ca\/#website\"},\"primaryImageOfPage\":{\"@id\":\"https:\/\/artyplan.com\/ca\/blog\/transforma-espais-amb-vinils-microperforats-per-a-vidres\/#primaryimage\"},\"image\":{\"@id\":\"https:\/\/artyplan.com\/ca\/blog\/transforma-espais-amb-vinils-microperforats-per-a-vidres\/#primaryimage\"},\"thumbnailUrl\":\"https:\/\/artyplan.com\/wp-content\/uploads\/2025\/09\/vinilo-microperforado-1.png\",\"datePublished\":\"2023-08-03T22:00:00+00:00\",\"dateModified\":\"2025-09-07T14:15:56+00:00\",\"description\":\"Vinils Microperforats per a Vidres: Impressi\u00f3 per a interiors i publicitat. Privacitat i personalitzaci\u00f3 de f\u00e0cil aplicaci\u00f3.\",\"breadcrumb\":{\"@id\":\"https:\/\/artyplan.com\/ca\/blog\/transforma-espais-amb-vinils-microperforats-per-a-vidres\/#breadcrumb\"},\"inLanguage\":\"ca\",\"potentialAction\":[{\"@type\":\"ReadAction\",\"target\":[\"https:\/\/artyplan.com\/ca\/blog\/transforma-espais-amb-vinils-microperforats-per-a-vidres\/\"]}]},{\"@type\":\"ImageObject\",\"inLanguage\":\"ca\",\"@id\":\"https:\/\/artyplan.com\/ca\/blog\/transforma-espais-amb-vinils-microperforats-per-a-vidres\/#primaryimage\",\"url\":\"https:\/\/artyplan.com\/wp-content\/uploads\/2025\/09\/vinilo-microperforado-1.png\",\"contentUrl\":\"https:\/\/artyplan.com\/wp-content\/uploads\/2025\/09\/vinilo-microperforado-1.png\",\"width\":1920,\"height\":600,\"caption\":\"vinil microperforat-freepik|vinil microperforat per a vidres\"},{\"@type\":\"BreadcrumbList\",\"@id\":\"https:\/\/artyplan.com\/ca\/blog\/transforma-espais-amb-vinils-microperforats-per-a-vidres\/#breadcrumb\",\"itemListElement\":[{\"@type\":\"ListItem\",\"position\":1,\"name\":\"Artyplan\",\"item\":\"https:\/\/artyplan.com\/ca\/\"},{\"@type\":\"ListItem\",\"position\":2,\"name\":\"Transforma espais amb Vinils Microperforats per a Vidres\"}]},{\"@type\":\"WebSite\",\"@id\":\"https:\/\/artyplan.com\/ca\/#website\",\"url\":\"https:\/\/artyplan.com\/ca\/\",\"name\":\"Artyplan\",\"description\":\"\",\"publisher\":{\"@id\":\"https:\/\/artyplan.com\/ca\/#organization\"},\"potentialAction\":[{\"@type\":\"SearchAction\",\"target\":{\"@type\":\"EntryPoint\",\"urlTemplate\":\"https:\/\/artyplan.com\/ca\/?s={search_term_string}\"},\"query-input\":{\"@type\":\"PropertyValueSpecification\",\"valueRequired\":true,\"valueName\":\"search_term_string\"}}],\"inLanguage\":\"ca\"},{\"@type\":\"Organization\",\"@id\":\"https:\/\/artyplan.com\/ca\/#organization\",\"name\":\"Artyplan\",\"url\":\"https:\/\/artyplan.com\/ca\/\",\"logo\":{\"@type\":\"ImageObject\",\"inLanguage\":\"ca\",\"@id\":\"https:\/\/artyplan.com\/ca\/#\/schema\/logo\/image\/\",\"url\":\"https:\/\/artyplan.com\/wp-content\/uploads\/2025\/12\/Logo-artyplan-690x690-1.png\",\"contentUrl\":\"https:\/\/artyplan.com\/wp-content\/uploads\/2025\/12\/Logo-artyplan-690x690-1.png\",\"width\":690,\"height\":690,\"caption\":\"Artyplan\"},\"image\":{\"@id\":\"https:\/\/artyplan.com\/ca\/#\/schema\/logo\/image\/\"},\"sameAs\":[\"https:\/\/www.facebook.com\/artyplan\",\"https:\/\/www.instagram.com\/artyplan\/\",\"https:\/\/www.linkedin.com\/company\/artyplan\"],\"description\":\"Artyplan \u00e9s una empresa especialitzada en producci\u00f3 gr\u00e0fica i comunicaci\u00f3 visual amb 60 anys dexperi\u00e8ncia. Oferim solucions integrals d'impressi\u00f3 en gran format, PLV i retail, gesti\u00f3 d'esdeveniments i fires, disseny i fabricaci\u00f3 a mida, log\u00edstica i serveis d'instal\u00b7laci\u00f3 a tot el territori. Treballem per a marques, ag\u00e8ncies, espais comercials i institucions que necessiten un partner fiable per desenvolupar campanyes de m\u00e0rqueting, projectes de retail i accions de branding o m\u00e0rqueting. Combinem tecnologia avan\u00e7ada d\u00b4impressi\u00f3 digital, un equip expert i una gesti\u00f3 completa de projectes per garantir qualitat, agilitat i resultats a mida per a cada client. Disposem de plataformes B2B que faciliten als nostres clients la gesti\u00f3 de les comandes de materials impresos aix\u00ed com la log\u00edstica dels mateixos.\",\"email\":\"info@artyplan.com\",\"telephone\":\"+34 93 200 87 99\",\"legalName\":\"Artyplan S.L.\",\"vatID\":\"B61963229\",\"numberOfEmployees\":{\"@type\":\"QuantitativeValue\",\"minValue\":\"51\",\"maxValue\":\"200\"}},{\"@type\":\"Person\",\"@id\":\"https:\/\/artyplan.com\/ca\/#\/schema\/person\/0ef19accced432bc277b8d5248cd2cc0\",\"name\":\"Sergio Triguero\",\"image\":{\"@type\":\"ImageObject\",\"inLanguage\":\"ca\",\"@id\":\"https:\/\/artyplan.com\/ca\/#\/schema\/person\/image\/\",\"url\":\"https:\/\/secure.gravatar.com\/avatar\/c742a95811ffbc635a3d111ab446f278cce576575d14970fd5d56e17580c3f23?s=96&d=mm&r=g\",\"contentUrl\":\"https:\/\/secure.gravatar.com\/avatar\/c742a95811ffbc635a3d111ab446f278cce576575d14970fd5d56e17580c3f23?s=96&d=mm&r=g\",\"caption\":\"Sergio Triguero\"}}]}<\/script>\n<!-- \/ Yoast SEO Premium plugin. -->","yoast_head_json":{"title":"Transforma espais amb Vinils Microperforats per a Vidres - Artyplan","description":"Vinils Microperforats per a Vidres: Impressi\u00f3 per a interiors i publicitat. Privacitat i personalitzaci\u00f3 de f\u00e0cil aplicaci\u00f3.","robots":{"index":"index","follow":"follow","max-snippet":"max-snippet:-1","max-image-preview":"max-image-preview:large","max-video-preview":"max-video-preview:-1"},"canonical":"https:\/\/artyplan.com\/ca\/blog\/transforma-espais-amb-vinils-microperforats-per-a-vidres\/","og_locale":"ca_ES","og_type":"article","og_title":"Transforma espais amb Vinils Microperforats per a Vidres","og_description":"Vinils Microperforats per a Vidres: Impressi\u00f3 per a interiors i publicitat. Privacitat i personalitzaci\u00f3 de f\u00e0cil aplicaci\u00f3.","og_url":"https:\/\/artyplan.com\/ca\/blog\/transforma-espais-amb-vinils-microperforats-per-a-vidres\/","og_site_name":"Artyplan","article_publisher":"https:\/\/www.facebook.com\/artyplan","article_published_time":"2023-08-03T22:00:00+00:00","article_modified_time":"2025-09-07T14:15:56+00:00","og_image":[{"width":1920,"height":600,"url":"https:\/\/artyplan.com\/wp-content\/uploads\/2025\/09\/vinilo-microperforado-1.png","type":"image\/png"}],"author":"Sergio Triguero","twitter_card":"summary_large_image","twitter_misc":{"Escrit per":"Sergio Triguero","Temps estimat de lectura":"3 minuts"},"schema":{"@context":"https:\/\/schema.org","@graph":[{"@type":"Article","@id":"https:\/\/artyplan.com\/ca\/blog\/transforma-espais-amb-vinils-microperforats-per-a-vidres\/#article","isPartOf":{"@id":"https:\/\/artyplan.com\/ca\/blog\/transforma-espais-amb-vinils-microperforats-per-a-vidres\/"},"author":{"name":"Sergio Triguero","@id":"https:\/\/artyplan.com\/ca\/#\/schema\/person\/0ef19accced432bc277b8d5248cd2cc0"},"headline":"Transforma espais amb Vinils Microperforats per a Vidres","datePublished":"2023-08-03T22:00:00+00:00","dateModified":"2025-09-07T14:15:56+00:00","mainEntityOfPage":{"@id":"https:\/\/artyplan.com\/ca\/blog\/transforma-espais-amb-vinils-microperforats-per-a-vidres\/"},"wordCount":643,"publisher":{"@id":"https:\/\/artyplan.com\/ca\/#organization"},"image":{"@id":"https:\/\/artyplan.com\/ca\/blog\/transforma-espais-amb-vinils-microperforats-per-a-vidres\/#primaryimage"},"thumbnailUrl":"https:\/\/artyplan.com\/wp-content\/uploads\/2025\/09\/vinilo-microperforado-1.png","articleSection":["Noticies","Sense-categoritzar"],"inLanguage":"ca"},{"@type":"WebPage","@id":"https:\/\/artyplan.com\/ca\/blog\/transforma-espais-amb-vinils-microperforats-per-a-vidres\/","url":"https:\/\/artyplan.com\/ca\/blog\/transforma-espais-amb-vinils-microperforats-per-a-vidres\/","name":"Transforma espais amb Vinils Microperforats per a Vidres - Artyplan","isPartOf":{"@id":"https:\/\/artyplan.com\/ca\/#website"},"primaryImageOfPage":{"@id":"https:\/\/artyplan.com\/ca\/blog\/transforma-espais-amb-vinils-microperforats-per-a-vidres\/#primaryimage"},"image":{"@id":"https:\/\/artyplan.com\/ca\/blog\/transforma-espais-amb-vinils-microperforats-per-a-vidres\/#primaryimage"},"thumbnailUrl":"https:\/\/artyplan.com\/wp-content\/uploads\/2025\/09\/vinilo-microperforado-1.png","datePublished":"2023-08-03T22:00:00+00:00","dateModified":"2025-09-07T14:15:56+00:00","description":"Vinils Microperforats per a Vidres: Impressi\u00f3 per a interiors i publicitat. Privacitat i personalitzaci\u00f3 de f\u00e0cil aplicaci\u00f3.","breadcrumb":{"@id":"https:\/\/artyplan.com\/ca\/blog\/transforma-espais-amb-vinils-microperforats-per-a-vidres\/#breadcrumb"},"inLanguage":"ca","potentialAction":[{"@type":"ReadAction","target":["https:\/\/artyplan.com\/ca\/blog\/transforma-espais-amb-vinils-microperforats-per-a-vidres\/"]}]},{"@type":"ImageObject","inLanguage":"ca","@id":"https:\/\/artyplan.com\/ca\/blog\/transforma-espais-amb-vinils-microperforats-per-a-vidres\/#primaryimage","url":"https:\/\/artyplan.com\/wp-content\/uploads\/2025\/09\/vinilo-microperforado-1.png","contentUrl":"https:\/\/artyplan.com\/wp-content\/uploads\/2025\/09\/vinilo-microperforado-1.png","width":1920,"height":600,"caption":"vinil microperforat-freepik|vinil microperforat per a vidres"},{"@type":"BreadcrumbList","@id":"https:\/\/artyplan.com\/ca\/blog\/transforma-espais-amb-vinils-microperforats-per-a-vidres\/#breadcrumb","itemListElement":[{"@type":"ListItem","position":1,"name":"Artyplan","item":"https:\/\/artyplan.com\/ca\/"},{"@type":"ListItem","position":2,"name":"Transforma espais amb Vinils Microperforats per a Vidres"}]},{"@type":"WebSite","@id":"https:\/\/artyplan.com\/ca\/#website","url":"https:\/\/artyplan.com\/ca\/","name":"Artyplan","description":"","publisher":{"@id":"https:\/\/artyplan.com\/ca\/#organization"},"potentialAction":[{"@type":"SearchAction","target":{"@type":"EntryPoint","urlTemplate":"https:\/\/artyplan.com\/ca\/?s={search_term_string}"},"query-input":{"@type":"PropertyValueSpecification","valueRequired":true,"valueName":"search_term_string"}}],"inLanguage":"ca"},{"@type":"Organization","@id":"https:\/\/artyplan.com\/ca\/#organization","name":"Artyplan","url":"https:\/\/artyplan.com\/ca\/","logo":{"@type":"ImageObject","inLanguage":"ca","@id":"https:\/\/artyplan.com\/ca\/#\/schema\/logo\/image\/","url":"https:\/\/artyplan.com\/wp-content\/uploads\/2025\/12\/Logo-artyplan-690x690-1.png","contentUrl":"https:\/\/artyplan.com\/wp-content\/uploads\/2025\/12\/Logo-artyplan-690x690-1.png","width":690,"height":690,"caption":"Artyplan"},"image":{"@id":"https:\/\/artyplan.com\/ca\/#\/schema\/logo\/image\/"},"sameAs":["https:\/\/www.facebook.com\/artyplan","https:\/\/www.instagram.com\/artyplan\/","https:\/\/www.linkedin.com\/company\/artyplan"],"description":"Artyplan \u00e9s una empresa especialitzada en producci\u00f3 gr\u00e0fica i comunicaci\u00f3 visual amb 60 anys dexperi\u00e8ncia. Oferim solucions integrals d'impressi\u00f3 en gran format, PLV i retail, gesti\u00f3 d'esdeveniments i fires, disseny i fabricaci\u00f3 a mida, log\u00edstica i serveis d'instal\u00b7laci\u00f3 a tot el territori. Treballem per a marques, ag\u00e8ncies, espais comercials i institucions que necessiten un partner fiable per desenvolupar campanyes de m\u00e0rqueting, projectes de retail i accions de branding o m\u00e0rqueting. Combinem tecnologia avan\u00e7ada d\u00b4impressi\u00f3 digital, un equip expert i una gesti\u00f3 completa de projectes per garantir qualitat, agilitat i resultats a mida per a cada client. Disposem de plataformes B2B que faciliten als nostres clients la gesti\u00f3 de les comandes de materials impresos aix\u00ed com la log\u00edstica dels mateixos.","email":"info@artyplan.com","telephone":"+34 93 200 87 99","legalName":"Artyplan S.L.","vatID":"B61963229","numberOfEmployees":{"@type":"QuantitativeValue","minValue":"51","maxValue":"200"}},{"@type":"Person","@id":"https:\/\/artyplan.com\/ca\/#\/schema\/person\/0ef19accced432bc277b8d5248cd2cc0","name":"Sergio Triguero","image":{"@type":"ImageObject","inLanguage":"ca","@id":"https:\/\/artyplan.com\/ca\/#\/schema\/person\/image\/","url":"https:\/\/secure.gravatar.com\/avatar\/c742a95811ffbc635a3d111ab446f278cce576575d14970fd5d56e17580c3f23?s=96&d=mm&r=g","contentUrl":"https:\/\/secure.gravatar.com\/avatar\/c742a95811ffbc635a3d111ab446f278cce576575d14970fd5d56e17580c3f23?s=96&d=mm&r=g","caption":"Sergio Triguero"}}]}},"_links":{"self":[{"href":"https:\/\/artyplan.com\/ca\/wp-json\/wp\/v2\/posts\/5618","targetHints":{"allow":["GET"]}}],"collection":[{"href":"https:\/\/artyplan.com\/ca\/wp-json\/wp\/v2\/posts"}],"about":[{"href":"https:\/\/artyplan.com\/ca\/wp-json\/wp\/v2\/types\/post"}],"author":[{"embeddable":true,"href":"https:\/\/artyplan.com\/ca\/wp-json\/wp\/v2\/users\/3"}],"replies":[{"embeddable":true,"href":"https:\/\/artyplan.com\/ca\/wp-json\/wp\/v2\/comments?post=5618"}],"version-history":[{"count":7,"href":"https:\/\/artyplan.com\/ca\/wp-json\/wp\/v2\/posts\/5618\/revisions"}],"predecessor-version":[{"id":7805,"href":"https:\/\/artyplan.com\/ca\/wp-json\/wp\/v2\/posts\/5618\/revisions\/7805"}],"wp:featuredmedia":[{"embeddable":true,"href":"https:\/\/artyplan.com\/ca\/wp-json\/wp\/v2\/media\/7220"}],"wp:attachment":[{"href":"https:\/\/artyplan.com\/ca\/wp-json\/wp\/v2\/media?parent=5618"}],"wp:term":[{"taxonomy":"category","embeddable":true,"href":"https:\/\/artyplan.com\/ca\/wp-json\/wp\/v2\/categories?post=5618"},{"taxonomy":"post_tag","embeddable":true,"href":"https:\/\/artyplan.com\/ca\/wp-json\/wp\/v2\/tags?post=5618"}],"curies":[{"name":"wp","href":"https:\/\/api.w.org\/{rel}","templated":true}]}}