{"id":5622,"date":"2023-08-29T00:00:00","date_gmt":"2023-08-28T22:00:00","guid":{"rendered":"https:\/\/preweb.artyplan.com\/sin-categorizar\/imprimir-agendes-personalitzades-per-a-empresas-potencia-la-teva-imatge-corporativa\/"},"modified":"2025-09-07T16:15:57","modified_gmt":"2025-09-07T14:15:57","slug":"imprimir-agendes-personalitzades-per-a-empresas-potencia-la-teva-imatge-corporativa","status":"publish","type":"post","link":"https:\/\/artyplan.com\/ca\/blog\/imprimir-agendes-personalitzades-per-a-empresas-potencia-la-teva-imatge-corporativa\/","title":{"rendered":"Imprimir Agendes Personalitzades per a empresas: Potencia la teva imatge corporativa"},"content":{"rendered":"<p>En el m\u00f3n empresarial actual, l&#8217;organitzaci\u00f3 i la productivitat s\u00f3n factors importants per a l&#8217;\u00e8xit. Per a mantenir-se al corrent de reunions, lliurament de projectes i tasques, imprimir agendes personalitzades per a empreses s&#8217;ha convertit en l&#8217;eina indispensable.<\/p>\n<p>Aquests productes promocionals no sols ofereixen una forma pr\u00e0ctica de gestionar el temps, sin\u00f3 que tamb\u00e9 reflecteixen i enforteixen la identitat de marca al mercat.<\/p>\n<h2>La import\u00e0ncia d&#8217;una agenda empresarial<\/h2>\n<p>&nbsp;<\/p>\n<p>Les agendes impreses faciliten una estructura i un enfocament clar per a la planificaci\u00f3 di\u00e0ria, setmanal i mensual. Amb un disseny acuradament pensat, \u00e9s possible prioritzar tasques, establir objectius, i visualitzar els pr\u00f2xims esdeveniments amb un cop d&#8217;ull. Aquesta organitzaci\u00f3 eficient permet als professionals optimitzar el seu temps, reduir l&#8217;estr\u00e8s i mantenir el control dels seus compromisos laborals i personals.<\/p>\n<p>Pots triar el format de l&#8217;agenda, materials de coberta, l&#8217;enquadernaci\u00f3, el disseny de la portada i contraportada, aix\u00ed com el disseny de les p\u00e0gines interiors. A m\u00e9s, poden incloure p\u00e0gines per a notes, llistes de tasques i calendaris mensuals, perqu\u00e8 tinguis tot el que necessites en un \u00fanic lloc.<\/p>\n<h2>Agendes corporatives que reflecteixen la identitat de marca<\/h2>\n<p>Personalitzar agendes amb el logotip, l&#8217;esl\u00f2gan i els colors corporatius \u00e9s una excel\u00b7lent manera de projectar la identitat de l&#8217;empresa. A m\u00e9s, si regales aquestes agendes personalitzades com a obsequis corporatius, estar\u00e0s mostrant als teus clients que valores la seva relaci\u00f3 comercial i que et preocupes pel seu benestar i organitzaci\u00f3.<\/p>\n<p>Les agendes es converteixen en un mitj\u00e0 de br\u00e0nding subtil per\u00f2 efectiu. Cada vegada que un empleat o client l&#8217;bre, s&#8217;estableix una connexi\u00f3 visual amb la marca, la qual cosa refor\u00e7a la pres\u00e8ncia de l&#8217;empresa en la ment de l&#8217;usuari i es poden generar noves oportunitats de negoci.<\/p>\n<p>Les agendes personalitzades ofereixen una excel\u00b7lent oportunitat per a transmetre el missatge de la teva empresa a trav\u00e9s del seu disseny i contingut. Pots incloure informaci\u00f3 rellevant sobre els teus productes o serveis, dades de contacte i missatges inspiradors que reflecteixin la visi\u00f3 i els valors de la teva empresa.<\/p>\n<h2>Imprimir agendes personalitzades de qualitat<\/h2>\n<p>\u00c9s essencial assegurar-se que les agendes personalitzades estiguin fabricades amb materials i amb una impressi\u00f3 d&#8217;alta qualitat per a aquesta duri tot l&#8217;any i sigui resistent al desgast diari. Tria entre diverses opcions d&#8217;enquadernaci\u00f3, des de tapa dura per a una major protecci\u00f3 fins a enquadernaci\u00f3 en espiral per a una major flexibilitat.<\/p>\n<p>Optar per prove\u00efdors de confian\u00e7a i especialitzats en serveis d&#8217;impressi\u00f3 d&#8217;agendes personalitzades assegurar\u00e0 que el producte final compleixi amb els est\u00e0ndards m\u00e9s exigents. En\u00a0Artyplan, com a <a href=\"http:\/\/artyplan.com\/ca\/contacte\/\" target=\"_blank\" rel=\"noopener\">impremta d&#8217;agendes<\/a>, ens preocupem pel medi ambient i per aix\u00f2, utilitzem paper certificat i m\u00e8todes d&#8217;impressi\u00f3 ecol\u00f2gics per a minimitzar el nostre impacte en l&#8217;entorn.<\/p>\n<p>En resum, imprimir agendes personalitzades pel teu negoci ofereix una s\u00e8rie de beneficis que van m\u00e9s enll\u00e0 de la simple organitzaci\u00f3. Aquestes agendes s\u00f3n una forma efectiva de promocionar la teva marca, millorar la imatge de la teva empresa i enfortir les relacions amb els teus clients.<\/p>\n","protected":false},"excerpt":{"rendered":"<p>En el m\u00f3n empresarial actual, l&#8217;organitzaci\u00f3 i la productivitat s\u00f3n factors importants per a l&#8217;\u00e8xit. Per a mantenir-se al corrent de reunions, lliurament de projectes i tasques, imprimir agendes personalitzades per a empreses s&#8217;ha convertit en l&#8217;eina indispensable. Aquests productes promocionals no sols ofereixen una forma pr\u00e0ctica de gestionar el temps, sin\u00f3 que tamb\u00e9 reflecteixen [&hellip;]<\/p>\n","protected":false},"author":3,"featured_media":5621,"comment_status":"closed","ping_status":"closed","sticky":false,"template":"","format":"standard","meta":{"footnotes":""},"categories":[1],"tags":[],"class_list":["post-5622","post","type-post","status-publish","format-standard","has-post-thumbnail","hentry","category-sense-categoritzar"],"yoast_head":"<!-- This site is optimized with the Yoast SEO Premium plugin v26.5 (Yoast SEO v26.5) - https:\/\/yoast.com\/wordpress\/plugins\/seo\/ -->\n<title>Imprimir Agendes Personalitzades per a Empreses | Artyplan<\/title>\n<meta name=\"description\" content=\"Imprimir agendes personalitzades empresarials: Organitzaci\u00f3 i br\u00e0nding. Impressi\u00f3 de qualitat per a optimitzar temps i destacar en el mercat.\" \/>\n<meta name=\"robots\" content=\"index, follow, max-snippet:-1, max-image-preview:large, max-video-preview:-1\" \/>\n<link rel=\"canonical\" href=\"https:\/\/artyplan.com\/ca\/blog\/imprimir-agendes-personalitzades-per-a-empresas-potencia-la-teva-imatge-corporativa\/\" \/>\n<meta property=\"og:locale\" content=\"ca_ES\" \/>\n<meta property=\"og:type\" content=\"article\" \/>\n<meta property=\"og:title\" content=\"Imprimir Agendes Personalitzades per a empresas: Potencia la teva imatge corporativa\" \/>\n<meta property=\"og:description\" content=\"Imprimir agendes personalitzades empresarials: Organitzaci\u00f3 i br\u00e0nding. Impressi\u00f3 de qualitat per a optimitzar temps i destacar en el mercat.\" \/>\n<meta property=\"og:url\" content=\"https:\/\/artyplan.com\/ca\/blog\/imprimir-agendes-personalitzades-per-a-empresas-potencia-la-teva-imatge-corporativa\/\" \/>\n<meta property=\"og:site_name\" content=\"Artyplan\" \/>\n<meta property=\"article:publisher\" content=\"https:\/\/www.facebook.com\/artyplan\" \/>\n<meta property=\"article:published_time\" content=\"2023-08-28T22:00:00+00:00\" \/>\n<meta property=\"article:modified_time\" content=\"2025-09-07T14:15:57+00:00\" \/>\n<meta property=\"og:image\" content=\"https:\/\/artyplan.com\/wp-content\/uploads\/2025\/09\/impresion-agendas-personalizadas.png\" \/>\n\t<meta property=\"og:image:width\" content=\"1920\" \/>\n\t<meta property=\"og:image:height\" content=\"600\" \/>\n\t<meta property=\"og:image:type\" content=\"image\/png\" \/>\n<meta name=\"author\" content=\"Sergio Triguero\" \/>\n<meta name=\"twitter:card\" content=\"summary_large_image\" \/>\n<meta name=\"twitter:label1\" content=\"Escrit per\" \/>\n\t<meta name=\"twitter:data1\" content=\"Sergio Triguero\" \/>\n\t<meta name=\"twitter:label2\" content=\"Temps estimat de lectura\" \/>\n\t<meta name=\"twitter:data2\" content=\"3 minuts\" \/>\n<script type=\"application\/ld+json\" class=\"yoast-schema-graph\">{\"@context\":\"https:\/\/schema.org\",\"@graph\":[{\"@type\":\"Article\",\"@id\":\"https:\/\/artyplan.com\/ca\/blog\/imprimir-agendes-personalitzades-per-a-empresas-potencia-la-teva-imatge-corporativa\/#article\",\"isPartOf\":{\"@id\":\"https:\/\/artyplan.com\/ca\/blog\/imprimir-agendes-personalitzades-per-a-empresas-potencia-la-teva-imatge-corporativa\/\"},\"author\":{\"name\":\"Sergio Triguero\",\"@id\":\"https:\/\/artyplan.com\/ca\/#\/schema\/person\/0ef19accced432bc277b8d5248cd2cc0\"},\"headline\":\"Imprimir Agendes Personalitzades per a empresas: Potencia la teva imatge corporativa\",\"datePublished\":\"2023-08-28T22:00:00+00:00\",\"dateModified\":\"2025-09-07T14:15:57+00:00\",\"mainEntityOfPage\":{\"@id\":\"https:\/\/artyplan.com\/ca\/blog\/imprimir-agendes-personalitzades-per-a-empresas-potencia-la-teva-imatge-corporativa\/\"},\"wordCount\":554,\"publisher\":{\"@id\":\"https:\/\/artyplan.com\/ca\/#organization\"},\"image\":{\"@id\":\"https:\/\/artyplan.com\/ca\/blog\/imprimir-agendes-personalitzades-per-a-empresas-potencia-la-teva-imatge-corporativa\/#primaryimage\"},\"thumbnailUrl\":\"https:\/\/artyplan.com\/wp-content\/uploads\/2025\/09\/impresion-agendas-personalizadas.png\",\"articleSection\":[\"Sense-categoritzar\"],\"inLanguage\":\"ca\"},{\"@type\":\"WebPage\",\"@id\":\"https:\/\/artyplan.com\/ca\/blog\/imprimir-agendes-personalitzades-per-a-empresas-potencia-la-teva-imatge-corporativa\/\",\"url\":\"https:\/\/artyplan.com\/ca\/blog\/imprimir-agendes-personalitzades-per-a-empresas-potencia-la-teva-imatge-corporativa\/\",\"name\":\"Imprimir Agendes Personalitzades per a Empreses | Artyplan\",\"isPartOf\":{\"@id\":\"https:\/\/artyplan.com\/ca\/#website\"},\"primaryImageOfPage\":{\"@id\":\"https:\/\/artyplan.com\/ca\/blog\/imprimir-agendes-personalitzades-per-a-empresas-potencia-la-teva-imatge-corporativa\/#primaryimage\"},\"image\":{\"@id\":\"https:\/\/artyplan.com\/ca\/blog\/imprimir-agendes-personalitzades-per-a-empresas-potencia-la-teva-imatge-corporativa\/#primaryimage\"},\"thumbnailUrl\":\"https:\/\/artyplan.com\/wp-content\/uploads\/2025\/09\/impresion-agendas-personalizadas.png\",\"datePublished\":\"2023-08-28T22:00:00+00:00\",\"dateModified\":\"2025-09-07T14:15:57+00:00\",\"description\":\"Imprimir agendes personalitzades empresarials: Organitzaci\u00f3 i br\u00e0nding. Impressi\u00f3 de qualitat per a optimitzar temps i destacar en el mercat.\",\"breadcrumb\":{\"@id\":\"https:\/\/artyplan.com\/ca\/blog\/imprimir-agendes-personalitzades-per-a-empresas-potencia-la-teva-imatge-corporativa\/#breadcrumb\"},\"inLanguage\":\"ca\",\"potentialAction\":[{\"@type\":\"ReadAction\",\"target\":[\"https:\/\/artyplan.com\/ca\/blog\/imprimir-agendes-personalitzades-per-a-empresas-potencia-la-teva-imatge-corporativa\/\"]}]},{\"@type\":\"ImageObject\",\"inLanguage\":\"ca\",\"@id\":\"https:\/\/artyplan.com\/ca\/blog\/imprimir-agendes-personalitzades-per-a-empresas-potencia-la-teva-imatge-corporativa\/#primaryimage\",\"url\":\"https:\/\/artyplan.com\/wp-content\/uploads\/2025\/09\/impresion-agendas-personalizadas.png\",\"contentUrl\":\"https:\/\/artyplan.com\/wp-content\/uploads\/2025\/09\/impresion-agendas-personalizadas.png\",\"width\":1920,\"height\":600,\"caption\":\"impressi\u00f3 agendes personalitzades|impresion agenda personalizada\"},{\"@type\":\"BreadcrumbList\",\"@id\":\"https:\/\/artyplan.com\/ca\/blog\/imprimir-agendes-personalitzades-per-a-empresas-potencia-la-teva-imatge-corporativa\/#breadcrumb\",\"itemListElement\":[{\"@type\":\"ListItem\",\"position\":1,\"name\":\"Artyplan\",\"item\":\"https:\/\/artyplan.com\/ca\/\"},{\"@type\":\"ListItem\",\"position\":2,\"name\":\"Imprimir Agendes Personalitzades per a empresas: Potencia la teva imatge corporativa\"}]},{\"@type\":\"WebSite\",\"@id\":\"https:\/\/artyplan.com\/ca\/#website\",\"url\":\"https:\/\/artyplan.com\/ca\/\",\"name\":\"Artyplan\",\"description\":\"\",\"publisher\":{\"@id\":\"https:\/\/artyplan.com\/ca\/#organization\"},\"potentialAction\":[{\"@type\":\"SearchAction\",\"target\":{\"@type\":\"EntryPoint\",\"urlTemplate\":\"https:\/\/artyplan.com\/ca\/?s={search_term_string}\"},\"query-input\":{\"@type\":\"PropertyValueSpecification\",\"valueRequired\":true,\"valueName\":\"search_term_string\"}}],\"inLanguage\":\"ca\"},{\"@type\":\"Organization\",\"@id\":\"https:\/\/artyplan.com\/ca\/#organization\",\"name\":\"Artyplan\",\"url\":\"https:\/\/artyplan.com\/ca\/\",\"logo\":{\"@type\":\"ImageObject\",\"inLanguage\":\"ca\",\"@id\":\"https:\/\/artyplan.com\/ca\/#\/schema\/logo\/image\/\",\"url\":\"https:\/\/artyplan.com\/wp-content\/uploads\/2025\/12\/Logo-artyplan-690x690-1.png\",\"contentUrl\":\"https:\/\/artyplan.com\/wp-content\/uploads\/2025\/12\/Logo-artyplan-690x690-1.png\",\"width\":690,\"height\":690,\"caption\":\"Artyplan\"},\"image\":{\"@id\":\"https:\/\/artyplan.com\/ca\/#\/schema\/logo\/image\/\"},\"sameAs\":[\"https:\/\/www.facebook.com\/artyplan\",\"https:\/\/www.instagram.com\/artyplan\/\",\"https:\/\/www.linkedin.com\/company\/artyplan\"],\"description\":\"Artyplan \u00e9s una empresa especialitzada en producci\u00f3 gr\u00e0fica i comunicaci\u00f3 visual amb 60 anys dexperi\u00e8ncia. Oferim solucions integrals d'impressi\u00f3 en gran format, PLV i retail, gesti\u00f3 d'esdeveniments i fires, disseny i fabricaci\u00f3 a mida, log\u00edstica i serveis d'instal\u00b7laci\u00f3 a tot el territori. Treballem per a marques, ag\u00e8ncies, espais comercials i institucions que necessiten un partner fiable per desenvolupar campanyes de m\u00e0rqueting, projectes de retail i accions de branding o m\u00e0rqueting. Combinem tecnologia avan\u00e7ada d\u00b4impressi\u00f3 digital, un equip expert i una gesti\u00f3 completa de projectes per garantir qualitat, agilitat i resultats a mida per a cada client. Disposem de plataformes B2B que faciliten als nostres clients la gesti\u00f3 de les comandes de materials impresos aix\u00ed com la log\u00edstica dels mateixos.\",\"email\":\"info@artyplan.com\",\"telephone\":\"+34 93 200 87 99\",\"legalName\":\"Artyplan S.L.\",\"vatID\":\"B61963229\",\"numberOfEmployees\":{\"@type\":\"QuantitativeValue\",\"minValue\":\"51\",\"maxValue\":\"200\"}},{\"@type\":\"Person\",\"@id\":\"https:\/\/artyplan.com\/ca\/#\/schema\/person\/0ef19accced432bc277b8d5248cd2cc0\",\"name\":\"Sergio Triguero\",\"image\":{\"@type\":\"ImageObject\",\"inLanguage\":\"ca\",\"@id\":\"https:\/\/artyplan.com\/ca\/#\/schema\/person\/image\/\",\"url\":\"https:\/\/secure.gravatar.com\/avatar\/c742a95811ffbc635a3d111ab446f278cce576575d14970fd5d56e17580c3f23?s=96&d=mm&r=g\",\"contentUrl\":\"https:\/\/secure.gravatar.com\/avatar\/c742a95811ffbc635a3d111ab446f278cce576575d14970fd5d56e17580c3f23?s=96&d=mm&r=g\",\"caption\":\"Sergio Triguero\"}}]}<\/script>\n<!-- \/ Yoast SEO Premium plugin. -->","yoast_head_json":{"title":"Imprimir Agendes Personalitzades per a Empreses | Artyplan","description":"Imprimir agendes personalitzades empresarials: Organitzaci\u00f3 i br\u00e0nding. Impressi\u00f3 de qualitat per a optimitzar temps i destacar en el mercat.","robots":{"index":"index","follow":"follow","max-snippet":"max-snippet:-1","max-image-preview":"max-image-preview:large","max-video-preview":"max-video-preview:-1"},"canonical":"https:\/\/artyplan.com\/ca\/blog\/imprimir-agendes-personalitzades-per-a-empresas-potencia-la-teva-imatge-corporativa\/","og_locale":"ca_ES","og_type":"article","og_title":"Imprimir Agendes Personalitzades per a empresas: Potencia la teva imatge corporativa","og_description":"Imprimir agendes personalitzades empresarials: Organitzaci\u00f3 i br\u00e0nding. Impressi\u00f3 de qualitat per a optimitzar temps i destacar en el mercat.","og_url":"https:\/\/artyplan.com\/ca\/blog\/imprimir-agendes-personalitzades-per-a-empresas-potencia-la-teva-imatge-corporativa\/","og_site_name":"Artyplan","article_publisher":"https:\/\/www.facebook.com\/artyplan","article_published_time":"2023-08-28T22:00:00+00:00","article_modified_time":"2025-09-07T14:15:57+00:00","og_image":[{"width":1920,"height":600,"url":"https:\/\/artyplan.com\/wp-content\/uploads\/2025\/09\/impresion-agendas-personalizadas.png","type":"image\/png"}],"author":"Sergio Triguero","twitter_card":"summary_large_image","twitter_misc":{"Escrit per":"Sergio Triguero","Temps estimat de lectura":"3 minuts"},"schema":{"@context":"https:\/\/schema.org","@graph":[{"@type":"Article","@id":"https:\/\/artyplan.com\/ca\/blog\/imprimir-agendes-personalitzades-per-a-empresas-potencia-la-teva-imatge-corporativa\/#article","isPartOf":{"@id":"https:\/\/artyplan.com\/ca\/blog\/imprimir-agendes-personalitzades-per-a-empresas-potencia-la-teva-imatge-corporativa\/"},"author":{"name":"Sergio Triguero","@id":"https:\/\/artyplan.com\/ca\/#\/schema\/person\/0ef19accced432bc277b8d5248cd2cc0"},"headline":"Imprimir Agendes Personalitzades per a empresas: Potencia la teva imatge corporativa","datePublished":"2023-08-28T22:00:00+00:00","dateModified":"2025-09-07T14:15:57+00:00","mainEntityOfPage":{"@id":"https:\/\/artyplan.com\/ca\/blog\/imprimir-agendes-personalitzades-per-a-empresas-potencia-la-teva-imatge-corporativa\/"},"wordCount":554,"publisher":{"@id":"https:\/\/artyplan.com\/ca\/#organization"},"image":{"@id":"https:\/\/artyplan.com\/ca\/blog\/imprimir-agendes-personalitzades-per-a-empresas-potencia-la-teva-imatge-corporativa\/#primaryimage"},"thumbnailUrl":"https:\/\/artyplan.com\/wp-content\/uploads\/2025\/09\/impresion-agendas-personalizadas.png","articleSection":["Sense-categoritzar"],"inLanguage":"ca"},{"@type":"WebPage","@id":"https:\/\/artyplan.com\/ca\/blog\/imprimir-agendes-personalitzades-per-a-empresas-potencia-la-teva-imatge-corporativa\/","url":"https:\/\/artyplan.com\/ca\/blog\/imprimir-agendes-personalitzades-per-a-empresas-potencia-la-teva-imatge-corporativa\/","name":"Imprimir Agendes Personalitzades per a Empreses | Artyplan","isPartOf":{"@id":"https:\/\/artyplan.com\/ca\/#website"},"primaryImageOfPage":{"@id":"https:\/\/artyplan.com\/ca\/blog\/imprimir-agendes-personalitzades-per-a-empresas-potencia-la-teva-imatge-corporativa\/#primaryimage"},"image":{"@id":"https:\/\/artyplan.com\/ca\/blog\/imprimir-agendes-personalitzades-per-a-empresas-potencia-la-teva-imatge-corporativa\/#primaryimage"},"thumbnailUrl":"https:\/\/artyplan.com\/wp-content\/uploads\/2025\/09\/impresion-agendas-personalizadas.png","datePublished":"2023-08-28T22:00:00+00:00","dateModified":"2025-09-07T14:15:57+00:00","description":"Imprimir agendes personalitzades empresarials: Organitzaci\u00f3 i br\u00e0nding. Impressi\u00f3 de qualitat per a optimitzar temps i destacar en el mercat.","breadcrumb":{"@id":"https:\/\/artyplan.com\/ca\/blog\/imprimir-agendes-personalitzades-per-a-empresas-potencia-la-teva-imatge-corporativa\/#breadcrumb"},"inLanguage":"ca","potentialAction":[{"@type":"ReadAction","target":["https:\/\/artyplan.com\/ca\/blog\/imprimir-agendes-personalitzades-per-a-empresas-potencia-la-teva-imatge-corporativa\/"]}]},{"@type":"ImageObject","inLanguage":"ca","@id":"https:\/\/artyplan.com\/ca\/blog\/imprimir-agendes-personalitzades-per-a-empresas-potencia-la-teva-imatge-corporativa\/#primaryimage","url":"https:\/\/artyplan.com\/wp-content\/uploads\/2025\/09\/impresion-agendas-personalizadas.png","contentUrl":"https:\/\/artyplan.com\/wp-content\/uploads\/2025\/09\/impresion-agendas-personalizadas.png","width":1920,"height":600,"caption":"impressi\u00f3 agendes personalitzades|impresion agenda personalizada"},{"@type":"BreadcrumbList","@id":"https:\/\/artyplan.com\/ca\/blog\/imprimir-agendes-personalitzades-per-a-empresas-potencia-la-teva-imatge-corporativa\/#breadcrumb","itemListElement":[{"@type":"ListItem","position":1,"name":"Artyplan","item":"https:\/\/artyplan.com\/ca\/"},{"@type":"ListItem","position":2,"name":"Imprimir Agendes Personalitzades per a empresas: Potencia la teva imatge corporativa"}]},{"@type":"WebSite","@id":"https:\/\/artyplan.com\/ca\/#website","url":"https:\/\/artyplan.com\/ca\/","name":"Artyplan","description":"","publisher":{"@id":"https:\/\/artyplan.com\/ca\/#organization"},"potentialAction":[{"@type":"SearchAction","target":{"@type":"EntryPoint","urlTemplate":"https:\/\/artyplan.com\/ca\/?s={search_term_string}"},"query-input":{"@type":"PropertyValueSpecification","valueRequired":true,"valueName":"search_term_string"}}],"inLanguage":"ca"},{"@type":"Organization","@id":"https:\/\/artyplan.com\/ca\/#organization","name":"Artyplan","url":"https:\/\/artyplan.com\/ca\/","logo":{"@type":"ImageObject","inLanguage":"ca","@id":"https:\/\/artyplan.com\/ca\/#\/schema\/logo\/image\/","url":"https:\/\/artyplan.com\/wp-content\/uploads\/2025\/12\/Logo-artyplan-690x690-1.png","contentUrl":"https:\/\/artyplan.com\/wp-content\/uploads\/2025\/12\/Logo-artyplan-690x690-1.png","width":690,"height":690,"caption":"Artyplan"},"image":{"@id":"https:\/\/artyplan.com\/ca\/#\/schema\/logo\/image\/"},"sameAs":["https:\/\/www.facebook.com\/artyplan","https:\/\/www.instagram.com\/artyplan\/","https:\/\/www.linkedin.com\/company\/artyplan"],"description":"Artyplan \u00e9s una empresa especialitzada en producci\u00f3 gr\u00e0fica i comunicaci\u00f3 visual amb 60 anys dexperi\u00e8ncia. Oferim solucions integrals d'impressi\u00f3 en gran format, PLV i retail, gesti\u00f3 d'esdeveniments i fires, disseny i fabricaci\u00f3 a mida, log\u00edstica i serveis d'instal\u00b7laci\u00f3 a tot el territori. Treballem per a marques, ag\u00e8ncies, espais comercials i institucions que necessiten un partner fiable per desenvolupar campanyes de m\u00e0rqueting, projectes de retail i accions de branding o m\u00e0rqueting. Combinem tecnologia avan\u00e7ada d\u00b4impressi\u00f3 digital, un equip expert i una gesti\u00f3 completa de projectes per garantir qualitat, agilitat i resultats a mida per a cada client. Disposem de plataformes B2B que faciliten als nostres clients la gesti\u00f3 de les comandes de materials impresos aix\u00ed com la log\u00edstica dels mateixos.","email":"info@artyplan.com","telephone":"+34 93 200 87 99","legalName":"Artyplan S.L.","vatID":"B61963229","numberOfEmployees":{"@type":"QuantitativeValue","minValue":"51","maxValue":"200"}},{"@type":"Person","@id":"https:\/\/artyplan.com\/ca\/#\/schema\/person\/0ef19accced432bc277b8d5248cd2cc0","name":"Sergio Triguero","image":{"@type":"ImageObject","inLanguage":"ca","@id":"https:\/\/artyplan.com\/ca\/#\/schema\/person\/image\/","url":"https:\/\/secure.gravatar.com\/avatar\/c742a95811ffbc635a3d111ab446f278cce576575d14970fd5d56e17580c3f23?s=96&d=mm&r=g","contentUrl":"https:\/\/secure.gravatar.com\/avatar\/c742a95811ffbc635a3d111ab446f278cce576575d14970fd5d56e17580c3f23?s=96&d=mm&r=g","caption":"Sergio Triguero"}}]}},"_links":{"self":[{"href":"https:\/\/artyplan.com\/ca\/wp-json\/wp\/v2\/posts\/5622","targetHints":{"allow":["GET"]}}],"collection":[{"href":"https:\/\/artyplan.com\/ca\/wp-json\/wp\/v2\/posts"}],"about":[{"href":"https:\/\/artyplan.com\/ca\/wp-json\/wp\/v2\/types\/post"}],"author":[{"embeddable":true,"href":"https:\/\/artyplan.com\/ca\/wp-json\/wp\/v2\/users\/3"}],"replies":[{"embeddable":true,"href":"https:\/\/artyplan.com\/ca\/wp-json\/wp\/v2\/comments?post=5622"}],"version-history":[{"count":1,"href":"https:\/\/artyplan.com\/ca\/wp-json\/wp\/v2\/posts\/5622\/revisions"}],"predecessor-version":[{"id":6579,"href":"https:\/\/artyplan.com\/ca\/wp-json\/wp\/v2\/posts\/5622\/revisions\/6579"}],"wp:featuredmedia":[{"embeddable":true,"href":"https:\/\/artyplan.com\/ca\/wp-json\/wp\/v2\/media\/5621"}],"wp:attachment":[{"href":"https:\/\/artyplan.com\/ca\/wp-json\/wp\/v2\/media?parent=5622"}],"wp:term":[{"taxonomy":"category","embeddable":true,"href":"https:\/\/artyplan.com\/ca\/wp-json\/wp\/v2\/categories?post=5622"},{"taxonomy":"post_tag","embeddable":true,"href":"https:\/\/artyplan.com\/ca\/wp-json\/wp\/v2\/tags?post=5622"}],"curies":[{"name":"wp","href":"https:\/\/api.w.org\/{rel}","templated":true}]}}