{"id":5633,"date":"2023-08-30T00:00:00","date_gmt":"2023-08-29T22:00:00","guid":{"rendered":"https:\/\/preweb.artyplan.com\/sin-categorizar\/optimitza-les-teves-vendes-amb-la-impressio-daparadors-de-botigues-i-el-visual-marxandatge\/"},"modified":"2026-01-30T13:07:25","modified_gmt":"2026-01-30T11:07:25","slug":"optimitza-les-teves-vendes-amb-la-impressio-daparadors-de-botigues-i-el-visual-marxandatge","status":"publish","type":"post","link":"https:\/\/artyplan.com\/ca\/blog\/optimitza-les-teves-vendes-amb-la-impressio-daparadors-de-botigues-i-el-visual-marxandatge\/","title":{"rendered":"Impressi\u00f3 d\u2019aparadors: optimitza vendes i visual merchandising"},"content":{"rendered":"<p>El comer\u00e7 minorista ha evolucionat considerablement, i amb aix\u00f2 ha crescut la import\u00e0ncia de destacar per a atreure als clients i augmentar les vendes. Una estrat\u00e8gia efectiva per a aconseguir-ho \u00e9s mitjan\u00e7ant l&#8217;\u00fas intel\u00b7ligent de la impressi\u00f3 d&#8217;aparadors promocionals i del visual marxandatge. \u00c9s important tenir en compte la disposici\u00f3 i l&#8217;experi\u00e8ncia visual de l&#8217;usuari, ja que influeixen directament en les decisions de compra de clients.<\/p>\n<h2><strong>Beneficis per a l&#8217;Aparadorisme de Negocis<\/strong><\/h2>\n<ul>\n<li><strong>Captura d&#8217;Atenci\u00f3<\/strong><\/li>\n<\/ul>\n<p>La impressi\u00f3 creativa i cridanera en els materials d&#8217;aparadorisme capta l&#8217;atenci\u00f3 dels transe\u00fcnts i els convida a entrar a la botiga. La publicitat en un aparador ben dissenyat pot generar curiositat i augmentar el tr\u00e0nsit y la possible compra de clients. Utilitza imatges d&#8217;alta qualitat i dissenys creatius que reflecteixin la identitat de la teva marca i ressaltin les teves millors ofertes.<\/p>\n<ul>\n<li><strong>Refor\u00e7 de la Identitat de la Marca<\/strong><\/li>\n<\/ul>\n<p>Una vegada que els clients travessen el llindar de la teva botiga o oficina, la impressi\u00f3 d&#8217;aparadors interiors pot continuar transmetent el teu missatge. Des de gr\u00e0fics decoratius fins a informaci\u00f3 rellevant sobre els teus productes o promocions, la impressi\u00f3 en parets, finestres i elements decoratius pot guiar als clients cap a \u00e0rees espec\u00edfiques i fomentar la interacci\u00f3 amb els teus productes.<\/p>\n<p>Un aparador publicitari ben executat comunica la identitat i els valors de la marca. Els elements visuals utilitzats, com a colors, tipografia i materials, han de reflectir l&#8217;ess\u00e8ncia de la marca i connectar amb el p\u00fablic objectiu.<\/p>\n<ul>\n<li><strong>Destaca els teus productes estrella<\/strong><\/li>\n<\/ul>\n<p>La impressi\u00f3 no sols es tracta d&#8217;imatges impactants, tamb\u00e9 pots utilitzar-la per a ressaltar els productes o serveis que desitges promocionar. Els cartells, les pancartes i els expositors d&#8217;aparador impresos poden proporcionar informaci\u00f3 detallada sobre els teus productes m\u00e9s venuts o les novetats m\u00e9s emocionants. A m\u00e9s, la impressi\u00f3 pot brindar-te flexibilitat per a canviar els missatges de manera r\u00e0pida i senzilla segons les temporades, les tend\u00e8ncies o les promocions especials.<\/p>\n<ul>\n<li><strong>Millora de l&#8217;Experi\u00e8ncia del Client<\/strong><\/li>\n<\/ul>\n<p>La impressi\u00f3 no sols es tracta de promocions; tamb\u00e9 pot contribuir a l&#8217;experi\u00e8ncia general del client. Utilitza la impressi\u00f3 per a crear un ambient que reflecteixi la personalitat de la teva marca i brindi una sensaci\u00f3 acollidora als teus clients. Des de murals personalitzats fins a vinils decoratius, pots transformar els teus espais en llocs \u00fanics que atreguin els teus clients i els facin sentir part d&#8217;una cosa especial.<\/p>\n<p>El visual marxandatge busca generar una experi\u00e8ncia en la ment del consumidor. Una disposici\u00f3 harm\u00f2nica, il\u00b7luminaci\u00f3 adequada i elements decoratius adequats poden transportar al client a un m\u00f3n tem\u00e0tic que l&#8217;inciti a comprar.<\/p>\n<h2><strong>T\u00e8cniques Clau del Visual Marxandatge i l&#8217;Aparadorisme<\/strong><\/h2>\n<ul>\n<li><span style=\"text-decoration: underline;\">Jerarquia Visual<\/span>: Col\u00b7locar els productes m\u00e9s destacats a l&#8217;altura dels ulls o en llocs de major visibilitat garanteix que rebin l&#8217;atenci\u00f3 merescuda.<\/li>\n<li><span style=\"text-decoration: underline;\">Agrupaci\u00f3 per Categoria<\/span>: Organitzar els productes en grups coherents ajuda els clients a trobar el que busquen de manera m\u00e9s r\u00e0pida i senzilla.<\/li>\n<li><span style=\"text-decoration: underline;\">\u00das de Colors i Textures<\/span>: La combinaci\u00f3 de colors i textures atractives pot crear un impacte visual i emocional en els espectadors.<\/li>\n<li><span style=\"text-decoration: underline;\">Il\u00b7luminaci\u00f3 Estrat\u00e8gica<\/span>: Una il\u00b7luminaci\u00f3 adequada ressalta els productes i crea un ambient atractiu. Pot dirigir l&#8217;atenci\u00f3 del client cap a \u00e0rees espec\u00edfiques de l&#8217;aparador.<\/li>\n<li><span style=\"text-decoration: underline;\">Contar una Hist\u00f2ria<\/span>: Crear una narrativa o una escena en l&#8217;aparador pot atreure als clients i generar una connexi\u00f3 emocional amb els productes.<\/li>\n<\/ul>\n<h2>Publicitat en botiga: Materials Clau Utilitzats<\/h2>\n<ul>\n<li><strong>Vinils Adhesius Personalitzats<\/strong><\/li>\n<\/ul>\n<p>Els vinils adhesius ofereixen versatilitat i creativitat. Es poden utilitzar per a la completa decoraci\u00f3 de botigues. Amb impressions personalitzades, es poden mostrar promocions, missatges de marca i dissenys cridaners que atreguin l&#8217;atenci\u00f3 dels transe\u00fcnts.<\/p>\n<ul>\n<li><strong>B\u00e0ners i Pancartes<\/strong><\/li>\n<\/ul>\n<p>Els b\u00e0ners i pancartes s\u00f3n eines visuals poderoses per a anunciar ofertes, esdeveniments o llan\u00e7aments de productes. Una impressi\u00f3 d&#8217;alta qualitat en aquests materials garanteix que els missatges siguin llegibles i atractius.<\/p>\n<ul>\n<li><strong>Cartells Informatius<\/strong><\/li>\n<\/ul>\n<p>Els cartells informatius dins de la botiga poden guiar als clients, proporcionar detalls sobre productes i promocions, i refor\u00e7ar la imatge de la marca. La impressi\u00f3 n\u00edtida i v\u00edvida en cartells \u00e9s essencial per a una comunicaci\u00f3 efectiva.<\/p>\n<ul>\n<li><strong>Displays i Expositors<\/strong><\/li>\n<\/ul>\n<p>Els displays i expositors impresos juguen un paper crucial en la presentaci\u00f3 de productes destacats. La impressi\u00f3 precisa i detallada ressalta les caracter\u00edstiques dels productes i augmenta el seu atractiu.<\/p>\n<ul>\n<li><strong>Etiquetes<\/strong><\/li>\n<\/ul>\n<p>Les etiquetes impreses han de ser llegibles i atractives. La impressi\u00f3 d&#8217;alta qualitat assegura que la informaci\u00f3 sigui clara i que les etiquetes siguin visualment coherents amb la marca.<\/p>\n<p>El nostre equip de professionals est\u00e0 llest per a col\u00b7laborar amb tu des del disseny de l&#8217;aparador fins a la producci\u00f3, assegurant que cada detall compti per a aconseguir l&#8217;impacte desitjat. Si busques augmentar les teves vendes i crear una experi\u00e8ncia inoblidable per als teus clients, la<a href=\"http:\/\/artyplan.com\/ca\/productes-impressio\/serveis-dimpressio-de-gran-format\/interiorisme\/\" target=\"_blank\" rel=\"noopener\"> impressi\u00f3 d&#8217;aparadors i espais interiors<\/a> \u00e9s la soluci\u00f3 perfecta.<\/p>\n","protected":false},"excerpt":{"rendered":"<p>El comer\u00e7 minorista ha evolucionat considerablement, i amb aix\u00f2 ha crescut la import\u00e0ncia de destacar per a atreure als clients i augmentar les vendes. Una estrat\u00e8gia efectiva per a aconseguir-ho \u00e9s mitjan\u00e7ant l&#8217;\u00fas intel\u00b7ligent de la impressi\u00f3 d&#8217;aparadors promocionals i del visual marxandatge. \u00c9s important tenir en compte la disposici\u00f3 i l&#8217;experi\u00e8ncia visual de l&#8217;usuari, [&hellip;]<\/p>\n","protected":false},"author":3,"featured_media":5632,"comment_status":"closed","ping_status":"closed","sticky":false,"template":"","format":"standard","meta":{"footnotes":""},"categories":[54,1],"tags":[],"class_list":["post-5633","post","type-post","status-publish","format-standard","has-post-thumbnail","hentry","category-noticies-ca","category-sense-categoritzar"],"yoast_head":"<!-- This site is optimized with the Yoast SEO Premium plugin v26.5 (Yoast SEO v26.5) - https:\/\/yoast.com\/wordpress\/plugins\/seo\/ -->\n<title>Impressi\u00f3 d\u2019aparadors: optimitza vendes i visual merchandising<\/title>\n<meta name=\"description\" content=\"Atreu clients amb impressi\u00f3 d&#039;aparadors i el Visual Marxandatge. Millora l&#039;experi\u00e8ncia del client i refor\u00e7a la teva identitat de marca.\" \/>\n<meta name=\"robots\" content=\"index, follow, max-snippet:-1, max-image-preview:large, max-video-preview:-1\" \/>\n<link rel=\"canonical\" href=\"https:\/\/artyplan.com\/ca\/blog\/optimitza-les-teves-vendes-amb-la-impressio-daparadors-de-botigues-i-el-visual-marxandatge\/\" \/>\n<meta property=\"og:locale\" content=\"ca_ES\" \/>\n<meta property=\"og:type\" content=\"article\" \/>\n<meta property=\"og:title\" content=\"Impressi\u00f3 d\u2019aparadors: optimitza vendes i visual merchandising\" \/>\n<meta property=\"og:description\" content=\"Atreu clients amb impressi\u00f3 d&#039;aparadors i el Visual Marxandatge. Millora l&#039;experi\u00e8ncia del client i refor\u00e7a la teva identitat de marca.\" \/>\n<meta property=\"og:url\" content=\"https:\/\/artyplan.com\/ca\/blog\/optimitza-les-teves-vendes-amb-la-impressio-daparadors-de-botigues-i-el-visual-marxandatge\/\" \/>\n<meta property=\"og:site_name\" content=\"Artyplan\" \/>\n<meta property=\"article:publisher\" content=\"https:\/\/www.facebook.com\/artyplan\" \/>\n<meta property=\"article:published_time\" content=\"2023-08-29T22:00:00+00:00\" \/>\n<meta property=\"article:modified_time\" content=\"2026-01-30T11:07:25+00:00\" \/>\n<meta property=\"og:image\" content=\"https:\/\/artyplan.com\/wp-content\/uploads\/2025\/09\/impresion-escaparate.png\" \/>\n\t<meta property=\"og:image:width\" content=\"1920\" \/>\n\t<meta property=\"og:image:height\" content=\"600\" \/>\n\t<meta property=\"og:image:type\" content=\"image\/png\" \/>\n<meta name=\"author\" content=\"Sergio Triguero\" \/>\n<meta name=\"twitter:card\" content=\"summary_large_image\" \/>\n<meta name=\"twitter:label1\" content=\"Escrit per\" \/>\n\t<meta name=\"twitter:data1\" content=\"Sergio Triguero\" \/>\n\t<meta name=\"twitter:label2\" content=\"Temps estimat de lectura\" \/>\n\t<meta name=\"twitter:data2\" content=\"4 minuts\" \/>\n<script type=\"application\/ld+json\" class=\"yoast-schema-graph\">{\"@context\":\"https:\/\/schema.org\",\"@graph\":[{\"@type\":\"Article\",\"@id\":\"https:\/\/artyplan.com\/ca\/blog\/optimitza-les-teves-vendes-amb-la-impressio-daparadors-de-botigues-i-el-visual-marxandatge\/#article\",\"isPartOf\":{\"@id\":\"https:\/\/artyplan.com\/ca\/blog\/optimitza-les-teves-vendes-amb-la-impressio-daparadors-de-botigues-i-el-visual-marxandatge\/\"},\"author\":{\"name\":\"Sergio Triguero\",\"@id\":\"https:\/\/artyplan.com\/ca\/#\/schema\/person\/0ef19accced432bc277b8d5248cd2cc0\"},\"headline\":\"Impressi\u00f3 d\u2019aparadors: optimitza vendes i visual merchandising\",\"datePublished\":\"2023-08-29T22:00:00+00:00\",\"dateModified\":\"2026-01-30T11:07:25+00:00\",\"mainEntityOfPage\":{\"@id\":\"https:\/\/artyplan.com\/ca\/blog\/optimitza-les-teves-vendes-amb-la-impressio-daparadors-de-botigues-i-el-visual-marxandatge\/\"},\"wordCount\":865,\"publisher\":{\"@id\":\"https:\/\/artyplan.com\/ca\/#organization\"},\"image\":{\"@id\":\"https:\/\/artyplan.com\/ca\/blog\/optimitza-les-teves-vendes-amb-la-impressio-daparadors-de-botigues-i-el-visual-marxandatge\/#primaryimage\"},\"thumbnailUrl\":\"https:\/\/artyplan.com\/wp-content\/uploads\/2025\/09\/impresion-escaparate.png\",\"articleSection\":[\"Noticies\",\"Sense-categoritzar\"],\"inLanguage\":\"ca\"},{\"@type\":\"WebPage\",\"@id\":\"https:\/\/artyplan.com\/ca\/blog\/optimitza-les-teves-vendes-amb-la-impressio-daparadors-de-botigues-i-el-visual-marxandatge\/\",\"url\":\"https:\/\/artyplan.com\/ca\/blog\/optimitza-les-teves-vendes-amb-la-impressio-daparadors-de-botigues-i-el-visual-marxandatge\/\",\"name\":\"Impressi\u00f3 d\u2019aparadors: optimitza vendes i visual merchandising\",\"isPartOf\":{\"@id\":\"https:\/\/artyplan.com\/ca\/#website\"},\"primaryImageOfPage\":{\"@id\":\"https:\/\/artyplan.com\/ca\/blog\/optimitza-les-teves-vendes-amb-la-impressio-daparadors-de-botigues-i-el-visual-marxandatge\/#primaryimage\"},\"image\":{\"@id\":\"https:\/\/artyplan.com\/ca\/blog\/optimitza-les-teves-vendes-amb-la-impressio-daparadors-de-botigues-i-el-visual-marxandatge\/#primaryimage\"},\"thumbnailUrl\":\"https:\/\/artyplan.com\/wp-content\/uploads\/2025\/09\/impresion-escaparate.png\",\"datePublished\":\"2023-08-29T22:00:00+00:00\",\"dateModified\":\"2026-01-30T11:07:25+00:00\",\"description\":\"Atreu clients amb impressi\u00f3 d'aparadors i el Visual Marxandatge. Millora l'experi\u00e8ncia del client i refor\u00e7a la teva identitat de marca.\",\"breadcrumb\":{\"@id\":\"https:\/\/artyplan.com\/ca\/blog\/optimitza-les-teves-vendes-amb-la-impressio-daparadors-de-botigues-i-el-visual-marxandatge\/#breadcrumb\"},\"inLanguage\":\"ca\",\"potentialAction\":[{\"@type\":\"ReadAction\",\"target\":[\"https:\/\/artyplan.com\/ca\/blog\/optimitza-les-teves-vendes-amb-la-impressio-daparadors-de-botigues-i-el-visual-marxandatge\/\"]}]},{\"@type\":\"ImageObject\",\"inLanguage\":\"ca\",\"@id\":\"https:\/\/artyplan.com\/ca\/blog\/optimitza-les-teves-vendes-amb-la-impressio-daparadors-de-botigues-i-el-visual-marxandatge\/#primaryimage\",\"url\":\"https:\/\/artyplan.com\/wp-content\/uploads\/2025\/09\/impresion-escaparate.png\",\"contentUrl\":\"https:\/\/artyplan.com\/wp-content\/uploads\/2025\/09\/impresion-escaparate.png\",\"width\":1920,\"height\":600,\"caption\":\"impresi\u00f3n de escaparates|\"},{\"@type\":\"BreadcrumbList\",\"@id\":\"https:\/\/artyplan.com\/ca\/blog\/optimitza-les-teves-vendes-amb-la-impressio-daparadors-de-botigues-i-el-visual-marxandatge\/#breadcrumb\",\"itemListElement\":[{\"@type\":\"ListItem\",\"position\":1,\"name\":\"Artyplan\",\"item\":\"https:\/\/artyplan.com\/ca\/\"},{\"@type\":\"ListItem\",\"position\":2,\"name\":\"Impressi\u00f3 d\u2019aparadors: optimitza vendes i visual merchandising\"}]},{\"@type\":\"WebSite\",\"@id\":\"https:\/\/artyplan.com\/ca\/#website\",\"url\":\"https:\/\/artyplan.com\/ca\/\",\"name\":\"Artyplan\",\"description\":\"\",\"publisher\":{\"@id\":\"https:\/\/artyplan.com\/ca\/#organization\"},\"potentialAction\":[{\"@type\":\"SearchAction\",\"target\":{\"@type\":\"EntryPoint\",\"urlTemplate\":\"https:\/\/artyplan.com\/ca\/?s={search_term_string}\"},\"query-input\":{\"@type\":\"PropertyValueSpecification\",\"valueRequired\":true,\"valueName\":\"search_term_string\"}}],\"inLanguage\":\"ca\"},{\"@type\":\"Organization\",\"@id\":\"https:\/\/artyplan.com\/ca\/#organization\",\"name\":\"Artyplan\",\"url\":\"https:\/\/artyplan.com\/ca\/\",\"logo\":{\"@type\":\"ImageObject\",\"inLanguage\":\"ca\",\"@id\":\"https:\/\/artyplan.com\/ca\/#\/schema\/logo\/image\/\",\"url\":\"https:\/\/artyplan.com\/wp-content\/uploads\/2025\/12\/Logo-artyplan-690x690-1.png\",\"contentUrl\":\"https:\/\/artyplan.com\/wp-content\/uploads\/2025\/12\/Logo-artyplan-690x690-1.png\",\"width\":690,\"height\":690,\"caption\":\"Artyplan\"},\"image\":{\"@id\":\"https:\/\/artyplan.com\/ca\/#\/schema\/logo\/image\/\"},\"sameAs\":[\"https:\/\/www.facebook.com\/artyplan\",\"https:\/\/www.instagram.com\/artyplan\/\",\"https:\/\/www.linkedin.com\/company\/artyplan\"],\"description\":\"Artyplan \u00e9s una empresa especialitzada en producci\u00f3 gr\u00e0fica i comunicaci\u00f3 visual amb 60 anys dexperi\u00e8ncia. Oferim solucions integrals d'impressi\u00f3 en gran format, PLV i retail, gesti\u00f3 d'esdeveniments i fires, disseny i fabricaci\u00f3 a mida, log\u00edstica i serveis d'instal\u00b7laci\u00f3 a tot el territori. Treballem per a marques, ag\u00e8ncies, espais comercials i institucions que necessiten un partner fiable per desenvolupar campanyes de m\u00e0rqueting, projectes de retail i accions de branding o m\u00e0rqueting. Combinem tecnologia avan\u00e7ada d\u00b4impressi\u00f3 digital, un equip expert i una gesti\u00f3 completa de projectes per garantir qualitat, agilitat i resultats a mida per a cada client. Disposem de plataformes B2B que faciliten als nostres clients la gesti\u00f3 de les comandes de materials impresos aix\u00ed com la log\u00edstica dels mateixos.\",\"email\":\"info@artyplan.com\",\"telephone\":\"+34 93 200 87 99\",\"legalName\":\"Artyplan S.L.\",\"vatID\":\"B61963229\",\"numberOfEmployees\":{\"@type\":\"QuantitativeValue\",\"minValue\":\"51\",\"maxValue\":\"200\"}},{\"@type\":\"Person\",\"@id\":\"https:\/\/artyplan.com\/ca\/#\/schema\/person\/0ef19accced432bc277b8d5248cd2cc0\",\"name\":\"Sergio Triguero\",\"image\":{\"@type\":\"ImageObject\",\"inLanguage\":\"ca\",\"@id\":\"https:\/\/artyplan.com\/ca\/#\/schema\/person\/image\/\",\"url\":\"https:\/\/secure.gravatar.com\/avatar\/c742a95811ffbc635a3d111ab446f278cce576575d14970fd5d56e17580c3f23?s=96&d=mm&r=g\",\"contentUrl\":\"https:\/\/secure.gravatar.com\/avatar\/c742a95811ffbc635a3d111ab446f278cce576575d14970fd5d56e17580c3f23?s=96&d=mm&r=g\",\"caption\":\"Sergio Triguero\"}}]}<\/script>\n<!-- \/ Yoast SEO Premium plugin. -->","yoast_head_json":{"title":"Impressi\u00f3 d\u2019aparadors: optimitza vendes i visual merchandising","description":"Atreu clients amb impressi\u00f3 d'aparadors i el Visual Marxandatge. Millora l'experi\u00e8ncia del client i refor\u00e7a la teva identitat de marca.","robots":{"index":"index","follow":"follow","max-snippet":"max-snippet:-1","max-image-preview":"max-image-preview:large","max-video-preview":"max-video-preview:-1"},"canonical":"https:\/\/artyplan.com\/ca\/blog\/optimitza-les-teves-vendes-amb-la-impressio-daparadors-de-botigues-i-el-visual-marxandatge\/","og_locale":"ca_ES","og_type":"article","og_title":"Impressi\u00f3 d\u2019aparadors: optimitza vendes i visual merchandising","og_description":"Atreu clients amb impressi\u00f3 d'aparadors i el Visual Marxandatge. Millora l'experi\u00e8ncia del client i refor\u00e7a la teva identitat de marca.","og_url":"https:\/\/artyplan.com\/ca\/blog\/optimitza-les-teves-vendes-amb-la-impressio-daparadors-de-botigues-i-el-visual-marxandatge\/","og_site_name":"Artyplan","article_publisher":"https:\/\/www.facebook.com\/artyplan","article_published_time":"2023-08-29T22:00:00+00:00","article_modified_time":"2026-01-30T11:07:25+00:00","og_image":[{"width":1920,"height":600,"url":"https:\/\/artyplan.com\/wp-content\/uploads\/2025\/09\/impresion-escaparate.png","type":"image\/png"}],"author":"Sergio Triguero","twitter_card":"summary_large_image","twitter_misc":{"Escrit per":"Sergio Triguero","Temps estimat de lectura":"4 minuts"},"schema":{"@context":"https:\/\/schema.org","@graph":[{"@type":"Article","@id":"https:\/\/artyplan.com\/ca\/blog\/optimitza-les-teves-vendes-amb-la-impressio-daparadors-de-botigues-i-el-visual-marxandatge\/#article","isPartOf":{"@id":"https:\/\/artyplan.com\/ca\/blog\/optimitza-les-teves-vendes-amb-la-impressio-daparadors-de-botigues-i-el-visual-marxandatge\/"},"author":{"name":"Sergio Triguero","@id":"https:\/\/artyplan.com\/ca\/#\/schema\/person\/0ef19accced432bc277b8d5248cd2cc0"},"headline":"Impressi\u00f3 d\u2019aparadors: optimitza vendes i visual merchandising","datePublished":"2023-08-29T22:00:00+00:00","dateModified":"2026-01-30T11:07:25+00:00","mainEntityOfPage":{"@id":"https:\/\/artyplan.com\/ca\/blog\/optimitza-les-teves-vendes-amb-la-impressio-daparadors-de-botigues-i-el-visual-marxandatge\/"},"wordCount":865,"publisher":{"@id":"https:\/\/artyplan.com\/ca\/#organization"},"image":{"@id":"https:\/\/artyplan.com\/ca\/blog\/optimitza-les-teves-vendes-amb-la-impressio-daparadors-de-botigues-i-el-visual-marxandatge\/#primaryimage"},"thumbnailUrl":"https:\/\/artyplan.com\/wp-content\/uploads\/2025\/09\/impresion-escaparate.png","articleSection":["Noticies","Sense-categoritzar"],"inLanguage":"ca"},{"@type":"WebPage","@id":"https:\/\/artyplan.com\/ca\/blog\/optimitza-les-teves-vendes-amb-la-impressio-daparadors-de-botigues-i-el-visual-marxandatge\/","url":"https:\/\/artyplan.com\/ca\/blog\/optimitza-les-teves-vendes-amb-la-impressio-daparadors-de-botigues-i-el-visual-marxandatge\/","name":"Impressi\u00f3 d\u2019aparadors: optimitza vendes i visual merchandising","isPartOf":{"@id":"https:\/\/artyplan.com\/ca\/#website"},"primaryImageOfPage":{"@id":"https:\/\/artyplan.com\/ca\/blog\/optimitza-les-teves-vendes-amb-la-impressio-daparadors-de-botigues-i-el-visual-marxandatge\/#primaryimage"},"image":{"@id":"https:\/\/artyplan.com\/ca\/blog\/optimitza-les-teves-vendes-amb-la-impressio-daparadors-de-botigues-i-el-visual-marxandatge\/#primaryimage"},"thumbnailUrl":"https:\/\/artyplan.com\/wp-content\/uploads\/2025\/09\/impresion-escaparate.png","datePublished":"2023-08-29T22:00:00+00:00","dateModified":"2026-01-30T11:07:25+00:00","description":"Atreu clients amb impressi\u00f3 d'aparadors i el Visual Marxandatge. Millora l'experi\u00e8ncia del client i refor\u00e7a la teva identitat de marca.","breadcrumb":{"@id":"https:\/\/artyplan.com\/ca\/blog\/optimitza-les-teves-vendes-amb-la-impressio-daparadors-de-botigues-i-el-visual-marxandatge\/#breadcrumb"},"inLanguage":"ca","potentialAction":[{"@type":"ReadAction","target":["https:\/\/artyplan.com\/ca\/blog\/optimitza-les-teves-vendes-amb-la-impressio-daparadors-de-botigues-i-el-visual-marxandatge\/"]}]},{"@type":"ImageObject","inLanguage":"ca","@id":"https:\/\/artyplan.com\/ca\/blog\/optimitza-les-teves-vendes-amb-la-impressio-daparadors-de-botigues-i-el-visual-marxandatge\/#primaryimage","url":"https:\/\/artyplan.com\/wp-content\/uploads\/2025\/09\/impresion-escaparate.png","contentUrl":"https:\/\/artyplan.com\/wp-content\/uploads\/2025\/09\/impresion-escaparate.png","width":1920,"height":600,"caption":"impresi\u00f3n de escaparates|"},{"@type":"BreadcrumbList","@id":"https:\/\/artyplan.com\/ca\/blog\/optimitza-les-teves-vendes-amb-la-impressio-daparadors-de-botigues-i-el-visual-marxandatge\/#breadcrumb","itemListElement":[{"@type":"ListItem","position":1,"name":"Artyplan","item":"https:\/\/artyplan.com\/ca\/"},{"@type":"ListItem","position":2,"name":"Impressi\u00f3 d\u2019aparadors: optimitza vendes i visual merchandising"}]},{"@type":"WebSite","@id":"https:\/\/artyplan.com\/ca\/#website","url":"https:\/\/artyplan.com\/ca\/","name":"Artyplan","description":"","publisher":{"@id":"https:\/\/artyplan.com\/ca\/#organization"},"potentialAction":[{"@type":"SearchAction","target":{"@type":"EntryPoint","urlTemplate":"https:\/\/artyplan.com\/ca\/?s={search_term_string}"},"query-input":{"@type":"PropertyValueSpecification","valueRequired":true,"valueName":"search_term_string"}}],"inLanguage":"ca"},{"@type":"Organization","@id":"https:\/\/artyplan.com\/ca\/#organization","name":"Artyplan","url":"https:\/\/artyplan.com\/ca\/","logo":{"@type":"ImageObject","inLanguage":"ca","@id":"https:\/\/artyplan.com\/ca\/#\/schema\/logo\/image\/","url":"https:\/\/artyplan.com\/wp-content\/uploads\/2025\/12\/Logo-artyplan-690x690-1.png","contentUrl":"https:\/\/artyplan.com\/wp-content\/uploads\/2025\/12\/Logo-artyplan-690x690-1.png","width":690,"height":690,"caption":"Artyplan"},"image":{"@id":"https:\/\/artyplan.com\/ca\/#\/schema\/logo\/image\/"},"sameAs":["https:\/\/www.facebook.com\/artyplan","https:\/\/www.instagram.com\/artyplan\/","https:\/\/www.linkedin.com\/company\/artyplan"],"description":"Artyplan \u00e9s una empresa especialitzada en producci\u00f3 gr\u00e0fica i comunicaci\u00f3 visual amb 60 anys dexperi\u00e8ncia. Oferim solucions integrals d'impressi\u00f3 en gran format, PLV i retail, gesti\u00f3 d'esdeveniments i fires, disseny i fabricaci\u00f3 a mida, log\u00edstica i serveis d'instal\u00b7laci\u00f3 a tot el territori. Treballem per a marques, ag\u00e8ncies, espais comercials i institucions que necessiten un partner fiable per desenvolupar campanyes de m\u00e0rqueting, projectes de retail i accions de branding o m\u00e0rqueting. Combinem tecnologia avan\u00e7ada d\u00b4impressi\u00f3 digital, un equip expert i una gesti\u00f3 completa de projectes per garantir qualitat, agilitat i resultats a mida per a cada client. Disposem de plataformes B2B que faciliten als nostres clients la gesti\u00f3 de les comandes de materials impresos aix\u00ed com la log\u00edstica dels mateixos.","email":"info@artyplan.com","telephone":"+34 93 200 87 99","legalName":"Artyplan S.L.","vatID":"B61963229","numberOfEmployees":{"@type":"QuantitativeValue","minValue":"51","maxValue":"200"}},{"@type":"Person","@id":"https:\/\/artyplan.com\/ca\/#\/schema\/person\/0ef19accced432bc277b8d5248cd2cc0","name":"Sergio Triguero","image":{"@type":"ImageObject","inLanguage":"ca","@id":"https:\/\/artyplan.com\/ca\/#\/schema\/person\/image\/","url":"https:\/\/secure.gravatar.com\/avatar\/c742a95811ffbc635a3d111ab446f278cce576575d14970fd5d56e17580c3f23?s=96&d=mm&r=g","contentUrl":"https:\/\/secure.gravatar.com\/avatar\/c742a95811ffbc635a3d111ab446f278cce576575d14970fd5d56e17580c3f23?s=96&d=mm&r=g","caption":"Sergio Triguero"}}]}},"_links":{"self":[{"href":"https:\/\/artyplan.com\/ca\/wp-json\/wp\/v2\/posts\/5633","targetHints":{"allow":["GET"]}}],"collection":[{"href":"https:\/\/artyplan.com\/ca\/wp-json\/wp\/v2\/posts"}],"about":[{"href":"https:\/\/artyplan.com\/ca\/wp-json\/wp\/v2\/types\/post"}],"author":[{"embeddable":true,"href":"https:\/\/artyplan.com\/ca\/wp-json\/wp\/v2\/users\/3"}],"replies":[{"embeddable":true,"href":"https:\/\/artyplan.com\/ca\/wp-json\/wp\/v2\/comments?post=5633"}],"version-history":[{"count":2,"href":"https:\/\/artyplan.com\/ca\/wp-json\/wp\/v2\/posts\/5633\/revisions"}],"predecessor-version":[{"id":13613,"href":"https:\/\/artyplan.com\/ca\/wp-json\/wp\/v2\/posts\/5633\/revisions\/13613"}],"wp:featuredmedia":[{"embeddable":true,"href":"https:\/\/artyplan.com\/ca\/wp-json\/wp\/v2\/media\/5632"}],"wp:attachment":[{"href":"https:\/\/artyplan.com\/ca\/wp-json\/wp\/v2\/media?parent=5633"}],"wp:term":[{"taxonomy":"category","embeddable":true,"href":"https:\/\/artyplan.com\/ca\/wp-json\/wp\/v2\/categories?post=5633"},{"taxonomy":"post_tag","embeddable":true,"href":"https:\/\/artyplan.com\/ca\/wp-json\/wp\/v2\/tags?post=5633"}],"curies":[{"name":"wp","href":"https:\/\/api.w.org\/{rel}","templated":true}]}}