{"id":5675,"date":"2023-10-31T00:00:00","date_gmt":"2023-10-30T22:00:00","guid":{"rendered":"https:\/\/preweb.artyplan.com\/sin-categorizar\/publicitat-impresa-per-a-black-friday-2023-prepara-la-teva-botiga-o-negoci\/"},"modified":"2025-09-07T16:16:56","modified_gmt":"2025-09-07T14:16:56","slug":"publicitat-impresa-per-a-black-friday-2023-prepara-la-teva-botiga-o-negoci","status":"publish","type":"post","link":"https:\/\/artyplan.com\/ca\/blog\/publicitat-impresa-per-a-black-friday-2023-prepara-la-teva-botiga-o-negoci\/","title":{"rendered":"Publicitat impresa per a Black Friday 2023: Prepara la teva botiga o negoci"},"content":{"rendered":"<p>La temporada de compres m\u00e9s emocionant de l&#8217;any s&#8217;aproxima, i \u00e9s essencial que el teu negoci estigui preparat per a maximitzar les vendes. Per a destacar en un mercat saturat d&#8217;ofertes, la publicitat impresa per a Black Friday continua sent un bon recurs. A continuaci\u00f3, explorem els tipus de productes d&#8217;impressi\u00f3 m\u00e9s efica\u00e7os i per qu\u00e8 \u00e9s rellevant comen\u00e7ar a preparar-se ara.<\/p>\n<h2>Tipus de material publicitari per a\u00a0Black\u00a0Friday<\/h2>\n<p>Per a maximitzar l&#8217;impacte d&#8217;aquest esdeveniment i captar l&#8217;atenci\u00f3 dels clients, \u00e9s important triar els materials publicitaris adequats. Cada tipus de material t\u00e9 un prop\u00f2sit espec\u00edfic i ofereix diferents avantatges per a la seva estrat\u00e8gia de m\u00e0rqueting.<\/p>\n<ul>\n<li><strong>Fullets i Cat\u00e0legs<\/strong>: Aquests materials permeten presentar ofertes i promocions detallades als clients. Ideals per a distribuir en botiga.<\/li>\n<li><strong>Posters per a Black Friday<\/strong>: Visibles des de lluny, aquests formats s\u00f3n ideals per a generar expectaci\u00f3 i anunciar ofertes especials a la botiga. Situa&#8217;ls en punts estrat\u00e8gics per a guiar als clients cap a les millors ofertes.<\/li>\n<li><strong>Adhesius i Calcomanies<\/strong>: Per a productes i envasos, afegint un toc festiu i destacant les ofertes.<\/li>\n<li><strong>B\u00e0ners i Cartells per a Black Friday<\/strong>: Aquests han de ser visualment impactants i col\u00b7locats en \u00e0rees d&#8217;alt tr\u00e0nsit per a maximitzar la visibilitat. Asseguri&#8217;s que el disseny sigui cridaner i que la informaci\u00f3 clau, com les ofertes i promocions, estigui clarament visible.<\/li>\n<li><strong>Targetes de fidelitzaci\u00f3 i Cupons<\/strong>: S\u00f3n excel\u00b7lents i<img fetchpriority=\"high\" decoding=\"async\" class=\"size-medium wp-image-10773 alignright\" src=\"https:\/\/preweb.artyplan.com\/wp-content\/uploads\/2025\/09\/etiqueta-black-friday-300x171.png\" alt=\"etiqueta black friday\" width=\"300\" height=\"171\" \/>ncentius per a la compra i poden ser distribu\u00efts abans de l&#8217;esdeveniment per a generar expectaci\u00f3. Oferir targetes de fidelitat i cupons \u00e9s una forma efectiva d&#8217;assegurar-se que els clients tornin despr\u00e9s del Black Friday<\/li>\n<li><strong>Senyalitzaci\u00f3 en botiga<\/strong>: Etiquetes de preu especials, estands i senyals poden ajudar els clients a trobar f\u00e0cilment els productes en oferta<\/li>\n<\/ul>\n<h2>Avantatges dels productes impresos per a\u00a0Black\u00a0Friday<\/h2>\n<p>Destacar davant la compet\u00e8ncia i arribar de manera efectiva als consumidors es fa complicat davant el frenes\u00ed de descomptes i ofertes existents. Pel que, la impressi\u00f3 continua sent una aposta ferma en aquest moment de l&#8217;any per a qualsevol marca. A continuaci\u00f3, explorem algunes d&#8217;aquests avantatges detalladament.<\/p>\n<ul>\n<li><strong>Efici\u00e8ncia i Rapidesa<\/strong>: A Artyplan tractem d&#8217;oferir d&#8217;alta qualitat dins de terminis concrets.<\/li>\n<li><strong>Varietat de Productes<\/strong>: Des de fullets fins a b\u00e0ners, oferim una \u00e0mplia gamma de productes que s&#8217;adapten a les necessitats de la teva campanya per al Black Friday.<\/li>\n<li><strong>Personalitzaci\u00f3<\/strong>: Pots personalitzar el teu material publicitari de manera \u00fanica.<\/li>\n<\/ul>\n<h2>Planificaci\u00f3 anticipada: La clau de la publicitat per a botigues<\/h2>\n<p>Assegura&#8217;t de planificar i demanar els seus materials de publicitat amb suficient antelaci\u00f3. L&#8217;alta demanda durant aquestes temporades pot portar a temps d&#8217;espera m\u00e9s llargs.<\/p>\n<ul>\n<li><strong>Temps de Revisi\u00f3<\/strong>: Disposar de temps suficient permet fer ajustos i correccions, evitant errors costosos.<\/li>\n<li><strong>Coher\u00e8ncia de Marca<\/strong>: Planificar amb temps permet assegurar que tots els materials impresos siguin coherents amb la imatge de marca.<\/li>\n<li><strong>Log\u00edstica i Distribuci\u00f3<\/strong>: Tenir els materials llestos amb antelaci\u00f3 facilita una distribuci\u00f3 eficient, ja sigui en botiga o a trav\u00e9s d&#8217;altres canals.<\/li>\n<\/ul>\n<p>Utilitza la publicitat impresa per a decorar aparadors en Black Friday i atreure a clients cap al teu negoci. Avan\u00e7a&#8217;t en la planificaci\u00f3 i en la sol\u00b7licitud d&#8217;aquests serveis d&#8217;impressi\u00f3 perqu\u00e8 tot estigui llest per aquesta temporada tan competitiva.<\/p>\n","protected":false},"excerpt":{"rendered":"<p>La temporada de compres m\u00e9s emocionant de l&#8217;any s&#8217;aproxima, i \u00e9s essencial que el teu negoci estigui preparat per a maximitzar les vendes. Per a destacar en un mercat saturat d&#8217;ofertes, la publicitat impresa per a Black Friday continua sent un bon recurs. A continuaci\u00f3, explorem els tipus de productes d&#8217;impressi\u00f3 m\u00e9s efica\u00e7os i per [&hellip;]<\/p>\n","protected":false},"author":3,"featured_media":7259,"comment_status":"closed","ping_status":"closed","sticky":false,"template":"","format":"standard","meta":{"footnotes":""},"categories":[1],"tags":[],"class_list":["post-5675","post","type-post","status-publish","format-standard","has-post-thumbnail","hentry","category-sense-categoritzar"],"yoast_head":"<!-- This site is optimized with the Yoast SEO Premium plugin v26.5 (Yoast SEO v26.5) - https:\/\/yoast.com\/wordpress\/plugins\/seo\/ -->\n<title>Publicitat impresa per a Black Friday 2023<\/title>\n<meta name=\"description\" content=\"Maximitza vendes amb publicitat impresa per a Black Friday 2024. Selecci\u00f3 de materials fins a la planificaci\u00f3 per a destacar en el mercat.\" \/>\n<meta name=\"robots\" content=\"index, follow, max-snippet:-1, max-image-preview:large, max-video-preview:-1\" \/>\n<link rel=\"canonical\" href=\"https:\/\/artyplan.com\/ca\/blog\/publicitat-impresa-per-a-black-friday-2023-prepara-la-teva-botiga-o-negoci\/\" \/>\n<meta property=\"og:locale\" content=\"ca_ES\" \/>\n<meta property=\"og:type\" content=\"article\" \/>\n<meta property=\"og:title\" content=\"Publicitat impresa per a Black Friday 2023: Prepara la teva botiga o negoci\" \/>\n<meta property=\"og:description\" content=\"Maximitza vendes amb publicitat impresa per a Black Friday 2024. Selecci\u00f3 de materials fins a la planificaci\u00f3 per a destacar en el mercat.\" \/>\n<meta property=\"og:url\" content=\"https:\/\/artyplan.com\/ca\/blog\/publicitat-impresa-per-a-black-friday-2023-prepara-la-teva-botiga-o-negoci\/\" \/>\n<meta property=\"og:site_name\" content=\"Artyplan\" \/>\n<meta property=\"article:publisher\" content=\"https:\/\/www.facebook.com\/artyplan\" \/>\n<meta property=\"article:published_time\" content=\"2023-10-30T22:00:00+00:00\" \/>\n<meta property=\"article:modified_time\" content=\"2025-09-07T14:16:56+00:00\" \/>\n<meta property=\"og:image\" content=\"https:\/\/artyplan.com\/wp-content\/uploads\/2025\/09\/publicidad-impresa-para-black-friday.png\" \/>\n\t<meta property=\"og:image:width\" content=\"1024\" \/>\n\t<meta property=\"og:image:height\" content=\"1024\" \/>\n\t<meta property=\"og:image:type\" content=\"image\/png\" \/>\n<meta name=\"author\" content=\"Sergio Triguero\" \/>\n<meta name=\"twitter:card\" content=\"summary_large_image\" \/>\n<meta name=\"twitter:label1\" content=\"Escrit per\" \/>\n\t<meta name=\"twitter:data1\" content=\"Sergio Triguero\" \/>\n\t<meta name=\"twitter:label2\" content=\"Temps estimat de lectura\" \/>\n\t<meta name=\"twitter:data2\" content=\"3 minuts\" \/>\n<script type=\"application\/ld+json\" class=\"yoast-schema-graph\">{\"@context\":\"https:\/\/schema.org\",\"@graph\":[{\"@type\":\"Article\",\"@id\":\"https:\/\/artyplan.com\/ca\/blog\/publicitat-impresa-per-a-black-friday-2023-prepara-la-teva-botiga-o-negoci\/#article\",\"isPartOf\":{\"@id\":\"https:\/\/artyplan.com\/ca\/blog\/publicitat-impresa-per-a-black-friday-2023-prepara-la-teva-botiga-o-negoci\/\"},\"author\":{\"name\":\"Sergio Triguero\",\"@id\":\"https:\/\/artyplan.com\/ca\/#\/schema\/person\/0ef19accced432bc277b8d5248cd2cc0\"},\"headline\":\"Publicitat impresa per a Black Friday 2023: Prepara la teva botiga o negoci\",\"datePublished\":\"2023-10-30T22:00:00+00:00\",\"dateModified\":\"2025-09-07T14:16:56+00:00\",\"mainEntityOfPage\":{\"@id\":\"https:\/\/artyplan.com\/ca\/blog\/publicitat-impresa-per-a-black-friday-2023-prepara-la-teva-botiga-o-negoci\/\"},\"wordCount\":587,\"publisher\":{\"@id\":\"https:\/\/artyplan.com\/ca\/#organization\"},\"image\":{\"@id\":\"https:\/\/artyplan.com\/ca\/blog\/publicitat-impresa-per-a-black-friday-2023-prepara-la-teva-botiga-o-negoci\/#primaryimage\"},\"thumbnailUrl\":\"https:\/\/artyplan.com\/wp-content\/uploads\/2025\/09\/publicidad-impresa-para-black-friday.png\",\"articleSection\":[\"Sense-categoritzar\"],\"inLanguage\":\"ca\"},{\"@type\":\"WebPage\",\"@id\":\"https:\/\/artyplan.com\/ca\/blog\/publicitat-impresa-per-a-black-friday-2023-prepara-la-teva-botiga-o-negoci\/\",\"url\":\"https:\/\/artyplan.com\/ca\/blog\/publicitat-impresa-per-a-black-friday-2023-prepara-la-teva-botiga-o-negoci\/\",\"name\":\"Publicitat impresa per a Black Friday 2023\",\"isPartOf\":{\"@id\":\"https:\/\/artyplan.com\/ca\/#website\"},\"primaryImageOfPage\":{\"@id\":\"https:\/\/artyplan.com\/ca\/blog\/publicitat-impresa-per-a-black-friday-2023-prepara-la-teva-botiga-o-negoci\/#primaryimage\"},\"image\":{\"@id\":\"https:\/\/artyplan.com\/ca\/blog\/publicitat-impresa-per-a-black-friday-2023-prepara-la-teva-botiga-o-negoci\/#primaryimage\"},\"thumbnailUrl\":\"https:\/\/artyplan.com\/wp-content\/uploads\/2025\/09\/publicidad-impresa-para-black-friday.png\",\"datePublished\":\"2023-10-30T22:00:00+00:00\",\"dateModified\":\"2025-09-07T14:16:56+00:00\",\"description\":\"Maximitza vendes amb publicitat impresa per a Black Friday 2024. Selecci\u00f3 de materials fins a la planificaci\u00f3 per a destacar en el mercat.\",\"breadcrumb\":{\"@id\":\"https:\/\/artyplan.com\/ca\/blog\/publicitat-impresa-per-a-black-friday-2023-prepara-la-teva-botiga-o-negoci\/#breadcrumb\"},\"inLanguage\":\"ca\",\"potentialAction\":[{\"@type\":\"ReadAction\",\"target\":[\"https:\/\/artyplan.com\/ca\/blog\/publicitat-impresa-per-a-black-friday-2023-prepara-la-teva-botiga-o-negoci\/\"]}]},{\"@type\":\"ImageObject\",\"inLanguage\":\"ca\",\"@id\":\"https:\/\/artyplan.com\/ca\/blog\/publicitat-impresa-per-a-black-friday-2023-prepara-la-teva-botiga-o-negoci\/#primaryimage\",\"url\":\"https:\/\/artyplan.com\/wp-content\/uploads\/2025\/09\/publicidad-impresa-para-black-friday.png\",\"contentUrl\":\"https:\/\/artyplan.com\/wp-content\/uploads\/2025\/09\/publicidad-impresa-para-black-friday.png\",\"width\":1024,\"height\":1024,\"caption\":\"publicidad impresa para black friday|etiqueta black friday\"},{\"@type\":\"BreadcrumbList\",\"@id\":\"https:\/\/artyplan.com\/ca\/blog\/publicitat-impresa-per-a-black-friday-2023-prepara-la-teva-botiga-o-negoci\/#breadcrumb\",\"itemListElement\":[{\"@type\":\"ListItem\",\"position\":1,\"name\":\"Artyplan\",\"item\":\"https:\/\/artyplan.com\/ca\/\"},{\"@type\":\"ListItem\",\"position\":2,\"name\":\"Publicitat impresa per a Black Friday 2023: Prepara la teva botiga o negoci\"}]},{\"@type\":\"WebSite\",\"@id\":\"https:\/\/artyplan.com\/ca\/#website\",\"url\":\"https:\/\/artyplan.com\/ca\/\",\"name\":\"Artyplan\",\"description\":\"\",\"publisher\":{\"@id\":\"https:\/\/artyplan.com\/ca\/#organization\"},\"potentialAction\":[{\"@type\":\"SearchAction\",\"target\":{\"@type\":\"EntryPoint\",\"urlTemplate\":\"https:\/\/artyplan.com\/ca\/?s={search_term_string}\"},\"query-input\":{\"@type\":\"PropertyValueSpecification\",\"valueRequired\":true,\"valueName\":\"search_term_string\"}}],\"inLanguage\":\"ca\"},{\"@type\":\"Organization\",\"@id\":\"https:\/\/artyplan.com\/ca\/#organization\",\"name\":\"Artyplan\",\"url\":\"https:\/\/artyplan.com\/ca\/\",\"logo\":{\"@type\":\"ImageObject\",\"inLanguage\":\"ca\",\"@id\":\"https:\/\/artyplan.com\/ca\/#\/schema\/logo\/image\/\",\"url\":\"https:\/\/artyplan.com\/wp-content\/uploads\/2025\/12\/Logo-artyplan-690x690-1.png\",\"contentUrl\":\"https:\/\/artyplan.com\/wp-content\/uploads\/2025\/12\/Logo-artyplan-690x690-1.png\",\"width\":690,\"height\":690,\"caption\":\"Artyplan\"},\"image\":{\"@id\":\"https:\/\/artyplan.com\/ca\/#\/schema\/logo\/image\/\"},\"sameAs\":[\"https:\/\/www.facebook.com\/artyplan\",\"https:\/\/www.instagram.com\/artyplan\/\",\"https:\/\/www.linkedin.com\/company\/artyplan\"],\"description\":\"Artyplan \u00e9s una empresa especialitzada en producci\u00f3 gr\u00e0fica i comunicaci\u00f3 visual amb 60 anys dexperi\u00e8ncia. Oferim solucions integrals d'impressi\u00f3 en gran format, PLV i retail, gesti\u00f3 d'esdeveniments i fires, disseny i fabricaci\u00f3 a mida, log\u00edstica i serveis d'instal\u00b7laci\u00f3 a tot el territori. Treballem per a marques, ag\u00e8ncies, espais comercials i institucions que necessiten un partner fiable per desenvolupar campanyes de m\u00e0rqueting, projectes de retail i accions de branding o m\u00e0rqueting. Combinem tecnologia avan\u00e7ada d\u00b4impressi\u00f3 digital, un equip expert i una gesti\u00f3 completa de projectes per garantir qualitat, agilitat i resultats a mida per a cada client. Disposem de plataformes B2B que faciliten als nostres clients la gesti\u00f3 de les comandes de materials impresos aix\u00ed com la log\u00edstica dels mateixos.\",\"email\":\"info@artyplan.com\",\"telephone\":\"+34 93 200 87 99\",\"legalName\":\"Artyplan S.L.\",\"vatID\":\"B61963229\",\"numberOfEmployees\":{\"@type\":\"QuantitativeValue\",\"minValue\":\"51\",\"maxValue\":\"200\"}},{\"@type\":\"Person\",\"@id\":\"https:\/\/artyplan.com\/ca\/#\/schema\/person\/0ef19accced432bc277b8d5248cd2cc0\",\"name\":\"Sergio Triguero\",\"image\":{\"@type\":\"ImageObject\",\"inLanguage\":\"ca\",\"@id\":\"https:\/\/artyplan.com\/ca\/#\/schema\/person\/image\/\",\"url\":\"https:\/\/secure.gravatar.com\/avatar\/c742a95811ffbc635a3d111ab446f278cce576575d14970fd5d56e17580c3f23?s=96&d=mm&r=g\",\"contentUrl\":\"https:\/\/secure.gravatar.com\/avatar\/c742a95811ffbc635a3d111ab446f278cce576575d14970fd5d56e17580c3f23?s=96&d=mm&r=g\",\"caption\":\"Sergio Triguero\"}}]}<\/script>\n<!-- \/ Yoast SEO Premium plugin. -->","yoast_head_json":{"title":"Publicitat impresa per a Black Friday 2023","description":"Maximitza vendes amb publicitat impresa per a Black Friday 2024. Selecci\u00f3 de materials fins a la planificaci\u00f3 per a destacar en el mercat.","robots":{"index":"index","follow":"follow","max-snippet":"max-snippet:-1","max-image-preview":"max-image-preview:large","max-video-preview":"max-video-preview:-1"},"canonical":"https:\/\/artyplan.com\/ca\/blog\/publicitat-impresa-per-a-black-friday-2023-prepara-la-teva-botiga-o-negoci\/","og_locale":"ca_ES","og_type":"article","og_title":"Publicitat impresa per a Black Friday 2023: Prepara la teva botiga o negoci","og_description":"Maximitza vendes amb publicitat impresa per a Black Friday 2024. Selecci\u00f3 de materials fins a la planificaci\u00f3 per a destacar en el mercat.","og_url":"https:\/\/artyplan.com\/ca\/blog\/publicitat-impresa-per-a-black-friday-2023-prepara-la-teva-botiga-o-negoci\/","og_site_name":"Artyplan","article_publisher":"https:\/\/www.facebook.com\/artyplan","article_published_time":"2023-10-30T22:00:00+00:00","article_modified_time":"2025-09-07T14:16:56+00:00","og_image":[{"width":1024,"height":1024,"url":"https:\/\/artyplan.com\/wp-content\/uploads\/2025\/09\/publicidad-impresa-para-black-friday.png","type":"image\/png"}],"author":"Sergio Triguero","twitter_card":"summary_large_image","twitter_misc":{"Escrit per":"Sergio Triguero","Temps estimat de lectura":"3 minuts"},"schema":{"@context":"https:\/\/schema.org","@graph":[{"@type":"Article","@id":"https:\/\/artyplan.com\/ca\/blog\/publicitat-impresa-per-a-black-friday-2023-prepara-la-teva-botiga-o-negoci\/#article","isPartOf":{"@id":"https:\/\/artyplan.com\/ca\/blog\/publicitat-impresa-per-a-black-friday-2023-prepara-la-teva-botiga-o-negoci\/"},"author":{"name":"Sergio Triguero","@id":"https:\/\/artyplan.com\/ca\/#\/schema\/person\/0ef19accced432bc277b8d5248cd2cc0"},"headline":"Publicitat impresa per a Black Friday 2023: Prepara la teva botiga o negoci","datePublished":"2023-10-30T22:00:00+00:00","dateModified":"2025-09-07T14:16:56+00:00","mainEntityOfPage":{"@id":"https:\/\/artyplan.com\/ca\/blog\/publicitat-impresa-per-a-black-friday-2023-prepara-la-teva-botiga-o-negoci\/"},"wordCount":587,"publisher":{"@id":"https:\/\/artyplan.com\/ca\/#organization"},"image":{"@id":"https:\/\/artyplan.com\/ca\/blog\/publicitat-impresa-per-a-black-friday-2023-prepara-la-teva-botiga-o-negoci\/#primaryimage"},"thumbnailUrl":"https:\/\/artyplan.com\/wp-content\/uploads\/2025\/09\/publicidad-impresa-para-black-friday.png","articleSection":["Sense-categoritzar"],"inLanguage":"ca"},{"@type":"WebPage","@id":"https:\/\/artyplan.com\/ca\/blog\/publicitat-impresa-per-a-black-friday-2023-prepara-la-teva-botiga-o-negoci\/","url":"https:\/\/artyplan.com\/ca\/blog\/publicitat-impresa-per-a-black-friday-2023-prepara-la-teva-botiga-o-negoci\/","name":"Publicitat impresa per a Black Friday 2023","isPartOf":{"@id":"https:\/\/artyplan.com\/ca\/#website"},"primaryImageOfPage":{"@id":"https:\/\/artyplan.com\/ca\/blog\/publicitat-impresa-per-a-black-friday-2023-prepara-la-teva-botiga-o-negoci\/#primaryimage"},"image":{"@id":"https:\/\/artyplan.com\/ca\/blog\/publicitat-impresa-per-a-black-friday-2023-prepara-la-teva-botiga-o-negoci\/#primaryimage"},"thumbnailUrl":"https:\/\/artyplan.com\/wp-content\/uploads\/2025\/09\/publicidad-impresa-para-black-friday.png","datePublished":"2023-10-30T22:00:00+00:00","dateModified":"2025-09-07T14:16:56+00:00","description":"Maximitza vendes amb publicitat impresa per a Black Friday 2024. Selecci\u00f3 de materials fins a la planificaci\u00f3 per a destacar en el mercat.","breadcrumb":{"@id":"https:\/\/artyplan.com\/ca\/blog\/publicitat-impresa-per-a-black-friday-2023-prepara-la-teva-botiga-o-negoci\/#breadcrumb"},"inLanguage":"ca","potentialAction":[{"@type":"ReadAction","target":["https:\/\/artyplan.com\/ca\/blog\/publicitat-impresa-per-a-black-friday-2023-prepara-la-teva-botiga-o-negoci\/"]}]},{"@type":"ImageObject","inLanguage":"ca","@id":"https:\/\/artyplan.com\/ca\/blog\/publicitat-impresa-per-a-black-friday-2023-prepara-la-teva-botiga-o-negoci\/#primaryimage","url":"https:\/\/artyplan.com\/wp-content\/uploads\/2025\/09\/publicidad-impresa-para-black-friday.png","contentUrl":"https:\/\/artyplan.com\/wp-content\/uploads\/2025\/09\/publicidad-impresa-para-black-friday.png","width":1024,"height":1024,"caption":"publicidad impresa para black friday|etiqueta black friday"},{"@type":"BreadcrumbList","@id":"https:\/\/artyplan.com\/ca\/blog\/publicitat-impresa-per-a-black-friday-2023-prepara-la-teva-botiga-o-negoci\/#breadcrumb","itemListElement":[{"@type":"ListItem","position":1,"name":"Artyplan","item":"https:\/\/artyplan.com\/ca\/"},{"@type":"ListItem","position":2,"name":"Publicitat impresa per a Black Friday 2023: Prepara la teva botiga o negoci"}]},{"@type":"WebSite","@id":"https:\/\/artyplan.com\/ca\/#website","url":"https:\/\/artyplan.com\/ca\/","name":"Artyplan","description":"","publisher":{"@id":"https:\/\/artyplan.com\/ca\/#organization"},"potentialAction":[{"@type":"SearchAction","target":{"@type":"EntryPoint","urlTemplate":"https:\/\/artyplan.com\/ca\/?s={search_term_string}"},"query-input":{"@type":"PropertyValueSpecification","valueRequired":true,"valueName":"search_term_string"}}],"inLanguage":"ca"},{"@type":"Organization","@id":"https:\/\/artyplan.com\/ca\/#organization","name":"Artyplan","url":"https:\/\/artyplan.com\/ca\/","logo":{"@type":"ImageObject","inLanguage":"ca","@id":"https:\/\/artyplan.com\/ca\/#\/schema\/logo\/image\/","url":"https:\/\/artyplan.com\/wp-content\/uploads\/2025\/12\/Logo-artyplan-690x690-1.png","contentUrl":"https:\/\/artyplan.com\/wp-content\/uploads\/2025\/12\/Logo-artyplan-690x690-1.png","width":690,"height":690,"caption":"Artyplan"},"image":{"@id":"https:\/\/artyplan.com\/ca\/#\/schema\/logo\/image\/"},"sameAs":["https:\/\/www.facebook.com\/artyplan","https:\/\/www.instagram.com\/artyplan\/","https:\/\/www.linkedin.com\/company\/artyplan"],"description":"Artyplan \u00e9s una empresa especialitzada en producci\u00f3 gr\u00e0fica i comunicaci\u00f3 visual amb 60 anys dexperi\u00e8ncia. Oferim solucions integrals d'impressi\u00f3 en gran format, PLV i retail, gesti\u00f3 d'esdeveniments i fires, disseny i fabricaci\u00f3 a mida, log\u00edstica i serveis d'instal\u00b7laci\u00f3 a tot el territori. Treballem per a marques, ag\u00e8ncies, espais comercials i institucions que necessiten un partner fiable per desenvolupar campanyes de m\u00e0rqueting, projectes de retail i accions de branding o m\u00e0rqueting. Combinem tecnologia avan\u00e7ada d\u00b4impressi\u00f3 digital, un equip expert i una gesti\u00f3 completa de projectes per garantir qualitat, agilitat i resultats a mida per a cada client. Disposem de plataformes B2B que faciliten als nostres clients la gesti\u00f3 de les comandes de materials impresos aix\u00ed com la log\u00edstica dels mateixos.","email":"info@artyplan.com","telephone":"+34 93 200 87 99","legalName":"Artyplan S.L.","vatID":"B61963229","numberOfEmployees":{"@type":"QuantitativeValue","minValue":"51","maxValue":"200"}},{"@type":"Person","@id":"https:\/\/artyplan.com\/ca\/#\/schema\/person\/0ef19accced432bc277b8d5248cd2cc0","name":"Sergio Triguero","image":{"@type":"ImageObject","inLanguage":"ca","@id":"https:\/\/artyplan.com\/ca\/#\/schema\/person\/image\/","url":"https:\/\/secure.gravatar.com\/avatar\/c742a95811ffbc635a3d111ab446f278cce576575d14970fd5d56e17580c3f23?s=96&d=mm&r=g","contentUrl":"https:\/\/secure.gravatar.com\/avatar\/c742a95811ffbc635a3d111ab446f278cce576575d14970fd5d56e17580c3f23?s=96&d=mm&r=g","caption":"Sergio Triguero"}}]}},"_links":{"self":[{"href":"https:\/\/artyplan.com\/ca\/wp-json\/wp\/v2\/posts\/5675","targetHints":{"allow":["GET"]}}],"collection":[{"href":"https:\/\/artyplan.com\/ca\/wp-json\/wp\/v2\/posts"}],"about":[{"href":"https:\/\/artyplan.com\/ca\/wp-json\/wp\/v2\/types\/post"}],"author":[{"embeddable":true,"href":"https:\/\/artyplan.com\/ca\/wp-json\/wp\/v2\/users\/3"}],"replies":[{"embeddable":true,"href":"https:\/\/artyplan.com\/ca\/wp-json\/wp\/v2\/comments?post=5675"}],"version-history":[{"count":7,"href":"https:\/\/artyplan.com\/ca\/wp-json\/wp\/v2\/posts\/5675\/revisions"}],"predecessor-version":[{"id":7833,"href":"https:\/\/artyplan.com\/ca\/wp-json\/wp\/v2\/posts\/5675\/revisions\/7833"}],"wp:featuredmedia":[{"embeddable":true,"href":"https:\/\/artyplan.com\/ca\/wp-json\/wp\/v2\/media\/7259"}],"wp:attachment":[{"href":"https:\/\/artyplan.com\/ca\/wp-json\/wp\/v2\/media?parent=5675"}],"wp:term":[{"taxonomy":"category","embeddable":true,"href":"https:\/\/artyplan.com\/ca\/wp-json\/wp\/v2\/categories?post=5675"},{"taxonomy":"post_tag","embeddable":true,"href":"https:\/\/artyplan.com\/ca\/wp-json\/wp\/v2\/tags?post=5675"}],"curies":[{"name":"wp","href":"https:\/\/api.w.org\/{rel}","templated":true}]}}