{"id":5701,"date":"2023-11-28T00:00:00","date_gmt":"2023-11-27T22:00:00","guid":{"rendered":"https:\/\/preweb.artyplan.com\/sin-categorizar\/impressio-de-material-i-decoracio-de-nadal-pel-teu-negoci\/"},"modified":"2026-01-30T11:17:47","modified_gmt":"2026-01-30T09:17:47","slug":"impressio-de-material-i-decoracio-de-nadal-pel-teu-negoci","status":"publish","type":"post","link":"https:\/\/artyplan.com\/ca\/blog\/impressio-de-material-i-decoracio-de-nadal-pel-teu-negoci\/","title":{"rendered":"Impressi\u00f3 per Nadal: material i decoraci\u00f3 de negoci"},"content":{"rendered":"<p>Nadal \u00e9s una \u00e8poca de l&#8217;any que porta amb si no sols festivitat i alegria, sin\u00f3 tamb\u00e9 una oportunitat \u00fanica perqu\u00e8 les empreses reforcin la seva pres\u00e8ncia i connexi\u00f3 amb clients i empleats. En aquest context, la impressi\u00f3 de material de Nadal per al teu negoci es converteix en una eina essencial per a transmetre els seus valors de manera creativa i personalitzada.<\/p>\n<p>La import\u00e0ncia d&#8217;aquests materials impresos va m\u00e9s enll\u00e0 de la simple promoci\u00f3 o publicitat. S\u00f3n una extensi\u00f3 de la identitat de l&#8217;empresa, una forma tangible de compartir l&#8217;esperit nadalenc i al mateix temps, consolidar la imatge de marca.<\/p>\n<p>A m\u00e9s, aquests materials serveixen com un pont per a enfortir la cultura empresarial. En personalitzar-los amb missatges que reflecteixin els valors i l&#8217;esperit de la companyia, es crea un sentit de pertinen\u00e7a i orgull entre els empleats. Aix\u00f2 \u00e9s particularment rellevant en la temporada nadalenca, un moment en el qual compartir i la gratitud s\u00f3n especialment valorats.<\/p>\n<h2>La rellev\u00e0ncia del material impr\u00e8s en la temporada nadalenca<\/h2>\n<p>Durant Nadal, les empreses busquen deixar una impressi\u00f3 perdurable i positiva. Aqu\u00ed, el material impr\u00e8s es converteix en un ambaixador de la marca, portant la seva identitat visual i els seus valors a les llars i oficines de les persones. A m\u00e9s, en un per\u00edode tan significatiu com Nadal, aquests materials reflecteixen l&#8217;esfor\u00e7 i la cura de l&#8217;empresa, creant una connexi\u00f3 emocional m\u00e9s forta amb la seva audi\u00e8ncia.<\/p>\n<p>Exemples d&#8217;\u00fas del material impr\u00e8s per a connectar amb clients i emprats<\/p>\n<ul>\n<li><strong>Targetes de Nadal Personalitzades<\/strong>: Enviar <a href=\"http:\/\/artyplan.com\/ca\/productes-impressio\/serveis-dimpressio-de-petit-format\/papereria-corporativa\/targetes\/\" target=\"_blank\" rel=\"noopener\">targetes de felicitaci\u00f3<\/a> o postals de Nadal dissenyades a mesura \u00e9s una forma cl\u00e0ssica i efectiva de mostrar estima. Les empreses poden incloure missatges personalitzats que reflecteixin la seva cultura i valors, creant una connexi\u00f3 m\u00e9s profunda amb els qui les reben.<\/li>\n<li><strong>Calendaris per a l&#8217;Any Nou<\/strong>: Els calendaris personalitzats s\u00f3n un regal pr\u00e0ctic i durador. Incloure elements de disseny que reflecteixin la marca i el seu missatge pot convertir aquests calendaris en un recordatori constant de l&#8217;empresa durant tot l&#8217;any.<\/li>\n<li><strong>Regals Promocionals amb embalatge personalitzat:<\/strong> Obsequiar productes promocionals \u00fatils amb un embalatge de Nadal personalitzat i que porti el logo de l&#8217;empresa, pot ser una manera efectiva de refor\u00e7ar la imatge de marca.<br \/>\nEl material impr\u00e8s serveix com una eina per a comunicar missatges, compartir alegria i enfortir vincles, tant amb clients com amb empleats. En un m\u00f3n cada vegada m\u00e9s digital, el material impr\u00e8s destaca per la seva tangibilitat i personalitzaci\u00f3, oferint una experi\u00e8ncia \u00fanica que el correu electr\u00f2nic i les xarxes socials no poden igualar.<\/li>\n<\/ul>\n<ul>\n<li><strong><img fetchpriority=\"high\" decoding=\"async\" class=\"size-medium wp-image-10932 alignright\" style=\"font-weight: 400;\" src=\"https:\/\/artyplan.com\/wp-content\/uploads\/2025\/09\/vinilo-adhesivo-navidad-300x300.png\" alt=\"vinilo adhesivo navidad\" width=\"300\" height=\"300\" \/>Decoracions d&#8217;Oficina Tem\u00e0tiques<\/strong>: Crear i distribuir decoracions de Nadal per a les oficines o espais de treball, amb <a href=\"http:\/\/artyplan.com\/ca\/productes-impressio\/serveis-dimpressio-de-gran-format\/vinils-impres\/\" target=\"_blank\" rel=\"noopener\">material impr\u00e8s en vinils<\/a> o cartells, pot millorar l&#8217;ambient laboral i refor\u00e7ar la identitat corporativa.<\/li>\n<li><strong>Fulls de m\u00e0 i fullets per a Nadal:<\/strong> La versatilitat de d\u00edptics, tr\u00edptic o qualsevol tipus de <a href=\"http:\/\/artyplan.com\/ca\/productes-impressio\/serveis-dimpressio-de-petit-format\/impressio-comercial\/fulletons\/\" target=\"_blank\" rel=\"noopener\">fullet plegat<\/a> permet una \u00e0mplia gamma d&#8217;usos, des de promocionar ofertes fins a informar sobre productes o esdeveniments especials nadalencs. Finalment, el seu impacte visual, quan es dissenyen amb elements festius, capta efica\u00e7ment l&#8217;atenci\u00f3 i transmet r\u00e0pidament el missatge desitjat<\/li>\n<\/ul>\n<p>Cadascun d&#8217;aquests elements no sols ajuda a mantenir l&#8217;ess\u00e8ncia de la marca en la ment de les persones durant la temporada nadalenca, sin\u00f3 que tamb\u00e9 demostra un comprom\u00eds genu\u00ed amb la relaci\u00f3 que l&#8217;empresa mant\u00e9 amb la seva audi\u00e8ncia.<\/p>\n<h2>Personalitzant els materials per a reflectir la identitat de l&#8217;empresa<\/h2>\n<p>En personalitzar aquests materials, \u00e9s crucial que reflecteixin la identitat i els valors de l&#8217;empresa. Aqu\u00ed alguns suggeriments:<\/p>\n<ul>\n<li><strong>Incorporar la Marca de Manera Natural:<\/strong> Utilitzar colors corporatius, logos i esl\u00f2gans de manera subtil per\u00f2 visible. Per exemple, el logo de l&#8217;empresa pot estar discretament present a les cantonades de les targetes nadalenques o en les etiquetes dels regals.<\/li>\n<li><strong>Missatge Personalitzat:<\/strong> Incloure un missatge que reflecteixi el to i els valors de l&#8217;empresa. Aquest pot ser des d&#8217;una salutaci\u00f3 c\u00e0lida i pr\u00f2xima fins a un missatge m\u00e9s formal i professional, depenent del p\u00fablic objectiu.<\/li>\n<li><strong>Disseny Creatiu i \u00danic:<\/strong> Optar per dissenys que se surtin del com\u00fa per a destacar. Aix\u00f2 pot ser a trav\u00e9s d&#8217;il\u00b7lustracions personalitzades, fotografies de l&#8217;equip o fins i tot dissenys interactius.<br \/>\nQualitat en la Impressi\u00f3: Assegurar-se que la qualitat del material impr\u00e8s sigui alta. Aix\u00f2 transmet un missatge de professionalisme i atenci\u00f3 al detall.<\/li>\n<li><strong>Sostenibilitat:<\/strong> Considerar opcions d&#8217;impressi\u00f3 ecol\u00f2giques, com a paper reciclat o tintes amigables amb el medi ambient. Aix\u00f2 no sols \u00e9s bo per al planeta, sin\u00f3 que tamb\u00e9 ressona b\u00e9 amb una audi\u00e8ncia conscient del medi ambient.<\/li>\n<\/ul>\n<p>Personalitzar aquests materials no sols ajuda a mantenir la coher\u00e8ncia de la marca, sin\u00f3 que tamb\u00e9 mostra als clients i empleats que l&#8217;empresa inverteix temps i recursos a crear una cosa especial i significatiu per a la temporada nadalenca.<\/p>\n","protected":false},"excerpt":{"rendered":"<p>Nadal \u00e9s una \u00e8poca de l&#8217;any que porta amb si no sols festivitat i alegria, sin\u00f3 tamb\u00e9 una oportunitat \u00fanica perqu\u00e8 les empreses reforcin la seva pres\u00e8ncia i connexi\u00f3 amb clients i empleats. En aquest context, la impressi\u00f3 de material de Nadal per al teu negoci es converteix en una eina essencial per a transmetre [&hellip;]<\/p>\n","protected":false},"author":3,"featured_media":7279,"comment_status":"closed","ping_status":"closed","sticky":false,"template":"","format":"standard","meta":{"footnotes":""},"categories":[54,1],"tags":[],"class_list":["post-5701","post","type-post","status-publish","format-standard","has-post-thumbnail","hentry","category-noticies-ca","category-sense-categoritzar"],"yoast_head":"<!-- This site is optimized with the Yoast SEO Premium plugin v26.5 (Yoast SEO v26.5) - https:\/\/yoast.com\/wordpress\/plugins\/seo\/ -->\n<title>Impressi\u00f3 per Nadal: material i decoraci\u00f3 de negoci<\/title>\n<meta name=\"description\" content=\"Descobreix com la impressi\u00f3 de material de nadal pot elevar la teva marca. Des de targetes i calendaris fins a regals o decoracions.\" \/>\n<meta name=\"robots\" content=\"index, follow, max-snippet:-1, max-image-preview:large, max-video-preview:-1\" \/>\n<link rel=\"canonical\" href=\"https:\/\/artyplan.com\/ca\/blog\/impressio-de-material-i-decoracio-de-nadal-pel-teu-negoci\/\" \/>\n<meta property=\"og:locale\" content=\"ca_ES\" \/>\n<meta property=\"og:type\" content=\"article\" \/>\n<meta property=\"og:title\" content=\"Impressi\u00f3 per Nadal: material i decoraci\u00f3 de negoci\" \/>\n<meta property=\"og:description\" content=\"Descobreix com la impressi\u00f3 de material de nadal pot elevar la teva marca. Des de targetes i calendaris fins a regals o decoracions.\" \/>\n<meta property=\"og:url\" content=\"https:\/\/artyplan.com\/ca\/blog\/impressio-de-material-i-decoracio-de-nadal-pel-teu-negoci\/\" \/>\n<meta property=\"og:site_name\" content=\"Artyplan\" \/>\n<meta property=\"article:publisher\" content=\"https:\/\/www.facebook.com\/artyplan\" \/>\n<meta property=\"article:published_time\" content=\"2023-11-27T22:00:00+00:00\" \/>\n<meta property=\"article:modified_time\" content=\"2026-01-30T09:17:47+00:00\" \/>\n<meta property=\"og:image\" content=\"https:\/\/artyplan.com\/wp-content\/uploads\/2025\/09\/tamany-blog-vinilo-navidad.png\" \/>\n\t<meta property=\"og:image:width\" content=\"1920\" \/>\n\t<meta property=\"og:image:height\" content=\"600\" \/>\n\t<meta property=\"og:image:type\" content=\"image\/png\" \/>\n<meta name=\"author\" content=\"Sergio Triguero\" \/>\n<meta name=\"twitter:card\" content=\"summary_large_image\" \/>\n<meta name=\"twitter:label1\" content=\"Escrit per\" \/>\n\t<meta name=\"twitter:data1\" content=\"Sergio Triguero\" \/>\n\t<meta name=\"twitter:label2\" content=\"Temps estimat de lectura\" \/>\n\t<meta name=\"twitter:data2\" content=\"4 minuts\" \/>\n<script type=\"application\/ld+json\" class=\"yoast-schema-graph\">{\"@context\":\"https:\/\/schema.org\",\"@graph\":[{\"@type\":\"Article\",\"@id\":\"https:\/\/artyplan.com\/ca\/blog\/impressio-de-material-i-decoracio-de-nadal-pel-teu-negoci\/#article\",\"isPartOf\":{\"@id\":\"https:\/\/artyplan.com\/ca\/blog\/impressio-de-material-i-decoracio-de-nadal-pel-teu-negoci\/\"},\"author\":{\"name\":\"Sergio Triguero\",\"@id\":\"https:\/\/artyplan.com\/ca\/#\/schema\/person\/0ef19accced432bc277b8d5248cd2cc0\"},\"headline\":\"Impressi\u00f3 per Nadal: material i decoraci\u00f3 de negoci\",\"datePublished\":\"2023-11-27T22:00:00+00:00\",\"dateModified\":\"2026-01-30T09:17:47+00:00\",\"mainEntityOfPage\":{\"@id\":\"https:\/\/artyplan.com\/ca\/blog\/impressio-de-material-i-decoracio-de-nadal-pel-teu-negoci\/\"},\"wordCount\":865,\"publisher\":{\"@id\":\"https:\/\/artyplan.com\/ca\/#organization\"},\"image\":{\"@id\":\"https:\/\/artyplan.com\/ca\/blog\/impressio-de-material-i-decoracio-de-nadal-pel-teu-negoci\/#primaryimage\"},\"thumbnailUrl\":\"https:\/\/artyplan.com\/wp-content\/uploads\/2025\/09\/tamany-blog-vinilo-navidad.png\",\"articleSection\":[\"Noticies\",\"Sense-categoritzar\"],\"inLanguage\":\"ca\"},{\"@type\":\"WebPage\",\"@id\":\"https:\/\/artyplan.com\/ca\/blog\/impressio-de-material-i-decoracio-de-nadal-pel-teu-negoci\/\",\"url\":\"https:\/\/artyplan.com\/ca\/blog\/impressio-de-material-i-decoracio-de-nadal-pel-teu-negoci\/\",\"name\":\"Impressi\u00f3 per Nadal: material i decoraci\u00f3 de negoci\",\"isPartOf\":{\"@id\":\"https:\/\/artyplan.com\/ca\/#website\"},\"primaryImageOfPage\":{\"@id\":\"https:\/\/artyplan.com\/ca\/blog\/impressio-de-material-i-decoracio-de-nadal-pel-teu-negoci\/#primaryimage\"},\"image\":{\"@id\":\"https:\/\/artyplan.com\/ca\/blog\/impressio-de-material-i-decoracio-de-nadal-pel-teu-negoci\/#primaryimage\"},\"thumbnailUrl\":\"https:\/\/artyplan.com\/wp-content\/uploads\/2025\/09\/tamany-blog-vinilo-navidad.png\",\"datePublished\":\"2023-11-27T22:00:00+00:00\",\"dateModified\":\"2026-01-30T09:17:47+00:00\",\"description\":\"Descobreix com la impressi\u00f3 de material de nadal pot elevar la teva marca. Des de targetes i calendaris fins a regals o decoracions.\",\"breadcrumb\":{\"@id\":\"https:\/\/artyplan.com\/ca\/blog\/impressio-de-material-i-decoracio-de-nadal-pel-teu-negoci\/#breadcrumb\"},\"inLanguage\":\"ca\",\"potentialAction\":[{\"@type\":\"ReadAction\",\"target\":[\"https:\/\/artyplan.com\/ca\/blog\/impressio-de-material-i-decoracio-de-nadal-pel-teu-negoci\/\"]}]},{\"@type\":\"ImageObject\",\"inLanguage\":\"ca\",\"@id\":\"https:\/\/artyplan.com\/ca\/blog\/impressio-de-material-i-decoracio-de-nadal-pel-teu-negoci\/#primaryimage\",\"url\":\"https:\/\/artyplan.com\/wp-content\/uploads\/2025\/09\/tamany-blog-vinilo-navidad.png\",\"contentUrl\":\"https:\/\/artyplan.com\/wp-content\/uploads\/2025\/09\/tamany-blog-vinilo-navidad.png\",\"width\":1920,\"height\":600,\"caption\":\"vinilo decorativo para navidad|vinilo adhesivo navidad\"},{\"@type\":\"BreadcrumbList\",\"@id\":\"https:\/\/artyplan.com\/ca\/blog\/impressio-de-material-i-decoracio-de-nadal-pel-teu-negoci\/#breadcrumb\",\"itemListElement\":[{\"@type\":\"ListItem\",\"position\":1,\"name\":\"Artyplan\",\"item\":\"https:\/\/artyplan.com\/ca\/\"},{\"@type\":\"ListItem\",\"position\":2,\"name\":\"Impressi\u00f3 per Nadal: material i decoraci\u00f3 de negoci\"}]},{\"@type\":\"WebSite\",\"@id\":\"https:\/\/artyplan.com\/ca\/#website\",\"url\":\"https:\/\/artyplan.com\/ca\/\",\"name\":\"Artyplan\",\"description\":\"\",\"publisher\":{\"@id\":\"https:\/\/artyplan.com\/ca\/#organization\"},\"potentialAction\":[{\"@type\":\"SearchAction\",\"target\":{\"@type\":\"EntryPoint\",\"urlTemplate\":\"https:\/\/artyplan.com\/ca\/?s={search_term_string}\"},\"query-input\":{\"@type\":\"PropertyValueSpecification\",\"valueRequired\":true,\"valueName\":\"search_term_string\"}}],\"inLanguage\":\"ca\"},{\"@type\":\"Organization\",\"@id\":\"https:\/\/artyplan.com\/ca\/#organization\",\"name\":\"Artyplan\",\"url\":\"https:\/\/artyplan.com\/ca\/\",\"logo\":{\"@type\":\"ImageObject\",\"inLanguage\":\"ca\",\"@id\":\"https:\/\/artyplan.com\/ca\/#\/schema\/logo\/image\/\",\"url\":\"https:\/\/artyplan.com\/wp-content\/uploads\/2025\/12\/Logo-artyplan-690x690-1.png\",\"contentUrl\":\"https:\/\/artyplan.com\/wp-content\/uploads\/2025\/12\/Logo-artyplan-690x690-1.png\",\"width\":690,\"height\":690,\"caption\":\"Artyplan\"},\"image\":{\"@id\":\"https:\/\/artyplan.com\/ca\/#\/schema\/logo\/image\/\"},\"sameAs\":[\"https:\/\/www.facebook.com\/artyplan\",\"https:\/\/www.instagram.com\/artyplan\/\",\"https:\/\/www.linkedin.com\/company\/artyplan\"],\"description\":\"Artyplan \u00e9s una empresa especialitzada en producci\u00f3 gr\u00e0fica i comunicaci\u00f3 visual amb 60 anys dexperi\u00e8ncia. Oferim solucions integrals d'impressi\u00f3 en gran format, PLV i retail, gesti\u00f3 d'esdeveniments i fires, disseny i fabricaci\u00f3 a mida, log\u00edstica i serveis d'instal\u00b7laci\u00f3 a tot el territori. Treballem per a marques, ag\u00e8ncies, espais comercials i institucions que necessiten un partner fiable per desenvolupar campanyes de m\u00e0rqueting, projectes de retail i accions de branding o m\u00e0rqueting. Combinem tecnologia avan\u00e7ada d\u00b4impressi\u00f3 digital, un equip expert i una gesti\u00f3 completa de projectes per garantir qualitat, agilitat i resultats a mida per a cada client. Disposem de plataformes B2B que faciliten als nostres clients la gesti\u00f3 de les comandes de materials impresos aix\u00ed com la log\u00edstica dels mateixos.\",\"email\":\"info@artyplan.com\",\"telephone\":\"+34 93 200 87 99\",\"legalName\":\"Artyplan S.L.\",\"vatID\":\"B61963229\",\"numberOfEmployees\":{\"@type\":\"QuantitativeValue\",\"minValue\":\"51\",\"maxValue\":\"200\"}},{\"@type\":\"Person\",\"@id\":\"https:\/\/artyplan.com\/ca\/#\/schema\/person\/0ef19accced432bc277b8d5248cd2cc0\",\"name\":\"Sergio Triguero\",\"image\":{\"@type\":\"ImageObject\",\"inLanguage\":\"ca\",\"@id\":\"https:\/\/artyplan.com\/ca\/#\/schema\/person\/image\/\",\"url\":\"https:\/\/secure.gravatar.com\/avatar\/c742a95811ffbc635a3d111ab446f278cce576575d14970fd5d56e17580c3f23?s=96&d=mm&r=g\",\"contentUrl\":\"https:\/\/secure.gravatar.com\/avatar\/c742a95811ffbc635a3d111ab446f278cce576575d14970fd5d56e17580c3f23?s=96&d=mm&r=g\",\"caption\":\"Sergio Triguero\"}}]}<\/script>\n<!-- \/ Yoast SEO Premium plugin. -->","yoast_head_json":{"title":"Impressi\u00f3 per Nadal: material i decoraci\u00f3 de negoci","description":"Descobreix com la impressi\u00f3 de material de nadal pot elevar la teva marca. Des de targetes i calendaris fins a regals o decoracions.","robots":{"index":"index","follow":"follow","max-snippet":"max-snippet:-1","max-image-preview":"max-image-preview:large","max-video-preview":"max-video-preview:-1"},"canonical":"https:\/\/artyplan.com\/ca\/blog\/impressio-de-material-i-decoracio-de-nadal-pel-teu-negoci\/","og_locale":"ca_ES","og_type":"article","og_title":"Impressi\u00f3 per Nadal: material i decoraci\u00f3 de negoci","og_description":"Descobreix com la impressi\u00f3 de material de nadal pot elevar la teva marca. Des de targetes i calendaris fins a regals o decoracions.","og_url":"https:\/\/artyplan.com\/ca\/blog\/impressio-de-material-i-decoracio-de-nadal-pel-teu-negoci\/","og_site_name":"Artyplan","article_publisher":"https:\/\/www.facebook.com\/artyplan","article_published_time":"2023-11-27T22:00:00+00:00","article_modified_time":"2026-01-30T09:17:47+00:00","og_image":[{"width":1920,"height":600,"url":"https:\/\/artyplan.com\/wp-content\/uploads\/2025\/09\/tamany-blog-vinilo-navidad.png","type":"image\/png"}],"author":"Sergio Triguero","twitter_card":"summary_large_image","twitter_misc":{"Escrit per":"Sergio Triguero","Temps estimat de lectura":"4 minuts"},"schema":{"@context":"https:\/\/schema.org","@graph":[{"@type":"Article","@id":"https:\/\/artyplan.com\/ca\/blog\/impressio-de-material-i-decoracio-de-nadal-pel-teu-negoci\/#article","isPartOf":{"@id":"https:\/\/artyplan.com\/ca\/blog\/impressio-de-material-i-decoracio-de-nadal-pel-teu-negoci\/"},"author":{"name":"Sergio Triguero","@id":"https:\/\/artyplan.com\/ca\/#\/schema\/person\/0ef19accced432bc277b8d5248cd2cc0"},"headline":"Impressi\u00f3 per Nadal: material i decoraci\u00f3 de negoci","datePublished":"2023-11-27T22:00:00+00:00","dateModified":"2026-01-30T09:17:47+00:00","mainEntityOfPage":{"@id":"https:\/\/artyplan.com\/ca\/blog\/impressio-de-material-i-decoracio-de-nadal-pel-teu-negoci\/"},"wordCount":865,"publisher":{"@id":"https:\/\/artyplan.com\/ca\/#organization"},"image":{"@id":"https:\/\/artyplan.com\/ca\/blog\/impressio-de-material-i-decoracio-de-nadal-pel-teu-negoci\/#primaryimage"},"thumbnailUrl":"https:\/\/artyplan.com\/wp-content\/uploads\/2025\/09\/tamany-blog-vinilo-navidad.png","articleSection":["Noticies","Sense-categoritzar"],"inLanguage":"ca"},{"@type":"WebPage","@id":"https:\/\/artyplan.com\/ca\/blog\/impressio-de-material-i-decoracio-de-nadal-pel-teu-negoci\/","url":"https:\/\/artyplan.com\/ca\/blog\/impressio-de-material-i-decoracio-de-nadal-pel-teu-negoci\/","name":"Impressi\u00f3 per Nadal: material i decoraci\u00f3 de negoci","isPartOf":{"@id":"https:\/\/artyplan.com\/ca\/#website"},"primaryImageOfPage":{"@id":"https:\/\/artyplan.com\/ca\/blog\/impressio-de-material-i-decoracio-de-nadal-pel-teu-negoci\/#primaryimage"},"image":{"@id":"https:\/\/artyplan.com\/ca\/blog\/impressio-de-material-i-decoracio-de-nadal-pel-teu-negoci\/#primaryimage"},"thumbnailUrl":"https:\/\/artyplan.com\/wp-content\/uploads\/2025\/09\/tamany-blog-vinilo-navidad.png","datePublished":"2023-11-27T22:00:00+00:00","dateModified":"2026-01-30T09:17:47+00:00","description":"Descobreix com la impressi\u00f3 de material de nadal pot elevar la teva marca. Des de targetes i calendaris fins a regals o decoracions.","breadcrumb":{"@id":"https:\/\/artyplan.com\/ca\/blog\/impressio-de-material-i-decoracio-de-nadal-pel-teu-negoci\/#breadcrumb"},"inLanguage":"ca","potentialAction":[{"@type":"ReadAction","target":["https:\/\/artyplan.com\/ca\/blog\/impressio-de-material-i-decoracio-de-nadal-pel-teu-negoci\/"]}]},{"@type":"ImageObject","inLanguage":"ca","@id":"https:\/\/artyplan.com\/ca\/blog\/impressio-de-material-i-decoracio-de-nadal-pel-teu-negoci\/#primaryimage","url":"https:\/\/artyplan.com\/wp-content\/uploads\/2025\/09\/tamany-blog-vinilo-navidad.png","contentUrl":"https:\/\/artyplan.com\/wp-content\/uploads\/2025\/09\/tamany-blog-vinilo-navidad.png","width":1920,"height":600,"caption":"vinilo decorativo para navidad|vinilo adhesivo navidad"},{"@type":"BreadcrumbList","@id":"https:\/\/artyplan.com\/ca\/blog\/impressio-de-material-i-decoracio-de-nadal-pel-teu-negoci\/#breadcrumb","itemListElement":[{"@type":"ListItem","position":1,"name":"Artyplan","item":"https:\/\/artyplan.com\/ca\/"},{"@type":"ListItem","position":2,"name":"Impressi\u00f3 per Nadal: material i decoraci\u00f3 de negoci"}]},{"@type":"WebSite","@id":"https:\/\/artyplan.com\/ca\/#website","url":"https:\/\/artyplan.com\/ca\/","name":"Artyplan","description":"","publisher":{"@id":"https:\/\/artyplan.com\/ca\/#organization"},"potentialAction":[{"@type":"SearchAction","target":{"@type":"EntryPoint","urlTemplate":"https:\/\/artyplan.com\/ca\/?s={search_term_string}"},"query-input":{"@type":"PropertyValueSpecification","valueRequired":true,"valueName":"search_term_string"}}],"inLanguage":"ca"},{"@type":"Organization","@id":"https:\/\/artyplan.com\/ca\/#organization","name":"Artyplan","url":"https:\/\/artyplan.com\/ca\/","logo":{"@type":"ImageObject","inLanguage":"ca","@id":"https:\/\/artyplan.com\/ca\/#\/schema\/logo\/image\/","url":"https:\/\/artyplan.com\/wp-content\/uploads\/2025\/12\/Logo-artyplan-690x690-1.png","contentUrl":"https:\/\/artyplan.com\/wp-content\/uploads\/2025\/12\/Logo-artyplan-690x690-1.png","width":690,"height":690,"caption":"Artyplan"},"image":{"@id":"https:\/\/artyplan.com\/ca\/#\/schema\/logo\/image\/"},"sameAs":["https:\/\/www.facebook.com\/artyplan","https:\/\/www.instagram.com\/artyplan\/","https:\/\/www.linkedin.com\/company\/artyplan"],"description":"Artyplan \u00e9s una empresa especialitzada en producci\u00f3 gr\u00e0fica i comunicaci\u00f3 visual amb 60 anys dexperi\u00e8ncia. Oferim solucions integrals d'impressi\u00f3 en gran format, PLV i retail, gesti\u00f3 d'esdeveniments i fires, disseny i fabricaci\u00f3 a mida, log\u00edstica i serveis d'instal\u00b7laci\u00f3 a tot el territori. Treballem per a marques, ag\u00e8ncies, espais comercials i institucions que necessiten un partner fiable per desenvolupar campanyes de m\u00e0rqueting, projectes de retail i accions de branding o m\u00e0rqueting. Combinem tecnologia avan\u00e7ada d\u00b4impressi\u00f3 digital, un equip expert i una gesti\u00f3 completa de projectes per garantir qualitat, agilitat i resultats a mida per a cada client. Disposem de plataformes B2B que faciliten als nostres clients la gesti\u00f3 de les comandes de materials impresos aix\u00ed com la log\u00edstica dels mateixos.","email":"info@artyplan.com","telephone":"+34 93 200 87 99","legalName":"Artyplan S.L.","vatID":"B61963229","numberOfEmployees":{"@type":"QuantitativeValue","minValue":"51","maxValue":"200"}},{"@type":"Person","@id":"https:\/\/artyplan.com\/ca\/#\/schema\/person\/0ef19accced432bc277b8d5248cd2cc0","name":"Sergio Triguero","image":{"@type":"ImageObject","inLanguage":"ca","@id":"https:\/\/artyplan.com\/ca\/#\/schema\/person\/image\/","url":"https:\/\/secure.gravatar.com\/avatar\/c742a95811ffbc635a3d111ab446f278cce576575d14970fd5d56e17580c3f23?s=96&d=mm&r=g","contentUrl":"https:\/\/secure.gravatar.com\/avatar\/c742a95811ffbc635a3d111ab446f278cce576575d14970fd5d56e17580c3f23?s=96&d=mm&r=g","caption":"Sergio Triguero"}}]}},"_links":{"self":[{"href":"https:\/\/artyplan.com\/ca\/wp-json\/wp\/v2\/posts\/5701","targetHints":{"allow":["GET"]}}],"collection":[{"href":"https:\/\/artyplan.com\/ca\/wp-json\/wp\/v2\/posts"}],"about":[{"href":"https:\/\/artyplan.com\/ca\/wp-json\/wp\/v2\/types\/post"}],"author":[{"embeddable":true,"href":"https:\/\/artyplan.com\/ca\/wp-json\/wp\/v2\/users\/3"}],"replies":[{"embeddable":true,"href":"https:\/\/artyplan.com\/ca\/wp-json\/wp\/v2\/comments?post=5701"}],"version-history":[{"count":9,"href":"https:\/\/artyplan.com\/ca\/wp-json\/wp\/v2\/posts\/5701\/revisions"}],"predecessor-version":[{"id":13511,"href":"https:\/\/artyplan.com\/ca\/wp-json\/wp\/v2\/posts\/5701\/revisions\/13511"}],"wp:featuredmedia":[{"embeddable":true,"href":"https:\/\/artyplan.com\/ca\/wp-json\/wp\/v2\/media\/7279"}],"wp:attachment":[{"href":"https:\/\/artyplan.com\/ca\/wp-json\/wp\/v2\/media?parent=5701"}],"wp:term":[{"taxonomy":"category","embeddable":true,"href":"https:\/\/artyplan.com\/ca\/wp-json\/wp\/v2\/categories?post=5701"},{"taxonomy":"post_tag","embeddable":true,"href":"https:\/\/artyplan.com\/ca\/wp-json\/wp\/v2\/tags?post=5701"}],"curies":[{"name":"wp","href":"https:\/\/api.w.org\/{rel}","templated":true}]}}