{"id":5825,"date":"2024-04-22T00:00:00","date_gmt":"2024-04-21T22:00:00","guid":{"rendered":"https:\/\/preweb.artyplan.com\/sin-categorizar\/impressio-i-sant-jordi-celebrant-la-tradicio-amb-creativitat\/"},"modified":"2026-01-30T11:22:09","modified_gmt":"2026-01-30T09:22:09","slug":"impressio-i-sant-jordi-celebrant-la-tradicio-amb-creativitat","status":"publish","type":"post","link":"https:\/\/artyplan.com\/ca\/blog\/impressio-i-sant-jordi-celebrant-la-tradicio-amb-creativitat\/","title":{"rendered":"Impressi\u00f3 per Sant Jordi: idees creatives"},"content":{"rendered":"<p>A Catalunya, el 23 d&#8217;abril \u00e9s m\u00e9s que nom\u00e9s un altre dia en el calendari. \u00c9s el dia de Sant Jordi, una festivitat que combina l&#8217;amor, la cultura i la tradici\u00f3 en una celebraci\u00f3 \u00fanica. Mentre els carrers s&#8217;omplen de roses i llibres, has considerat com la impressi\u00f3 pot fer que aquesta experi\u00e8ncia sigui encara m\u00e9s especial?<\/p>\n<p>En el cor de Sant Jordi est\u00e0 l&#8217;expressi\u00f3 de l&#8217;afecte a trav\u00e9s de l&#8217;intercanvi de roses i llibres. Per\u00f2, per qu\u00e8 no portar aquesta tradici\u00f3 un pas m\u00e9s enll\u00e0? La impressi\u00f3 ofereix infinites possibilitats.<\/p>\n<p>Imagina lliurar una rosa amb un missatge personalitzat impr\u00e8s en ella, afegint un toc \u00fanic i sentimental al teu obsequi. O qu\u00e8 et sembla\u00a0 imprimir el teu propi llibre, omplint-lo amb hist\u00f2ries i moments compartits per a regalar a un ser estimat?<\/p>\n<h2>LLIBRES PER A REGALAR PER SANT JORDI 2024<\/h2>\n<p>I parlant de llibres, has triat ja el llibre que regalar\u00e0s o t&#8217;agradaria comprar-te durant aquest Sant Jordi? Aqu\u00ed tens algunes recomanacions de llibres actuals que segurament seran un \u00e8xit aquest Sant Jordi. Tots relacionats amb la salut mental, una tem\u00e0tica a l&#8217;ordre del dia:<\/p>\n<ul>\n<li><em><strong>Recupera la teva ment, reconquesta la teva vida<\/strong>: t&#8217;ajuda a pensar quines conductes mostres quan et veus embolicat en emocions que no saps gestionar i et proporciona eines perqu\u00e8 et comprenguis millor, i aix\u00ed <strong>recuperar el control de la teva vida.<\/strong><\/em><\/li>\n<li><em><strong>H\u00e0bits at\u00f2mics<\/strong>: James Clear proposa una nova manera de construir h\u00e0bits, en el qual <strong>exposa que a trav\u00e9s de petits canvis de conducta es poden formar nous h\u00e0bits.<\/strong> Els h\u00e0bits s&#8217;interconnecten i possibiliten el canvi permanent en la nostra rutina i manera de viure la vida.<\/em><\/li>\n<li><em><strong>Darrere del soroll<\/strong>: \u00a0Remuntar despr\u00e9s que alguna cosa et parteixi en dos \u00e9s nom\u00e9s el principi de la hist\u00f2ria. Aix\u00ed que, si <strong>est\u00e0s tractant de graduar les teves emocions,<\/strong> apagar les teves pors o baixar el volum de les teves veus, potser et serveix aquest consell: <strong>intenta col\u00b7locar-te\u00a0darrere del soroll.<\/strong><\/em><\/li>\n<\/ul>\n<h2>IMPRESSI\u00d3 PER A CELEBRAR SANT JORDI<\/h2>\n<p>Per\u00f2 Sant Jordi no es limita als intercanvis personals; moltes empreses tamb\u00e9 participen en aquesta celebraci\u00f3, mostrant estima als seus clients i empleats. Aqu\u00ed \u00e9s on els serveis d&#8217;impressi\u00f3 juguen un paper crucial.<\/p>\n<ul>\n<li><strong>Marcadors de llibres creatius<\/strong>: Quina millor manera de complementar el regal d&#8217;un llibre que amb un marcador personalitzat? Des de dissenys elegants amb motius de dracs i roses fins a marcadors que inclouen cites inspiradores dels teus autors favorits, els nostres serveis d&#8217;impressi\u00f3 et permeten crear marcadors \u00fanics que seran apreciats per tots.<\/li>\n<li><strong>Cat\u00e0legs i fullets promocionals:<\/strong> Si tens una empresa, aprofita l&#8217;oportunitat de destacar a Sant Jordi amb cat\u00e0legs i fullets promocionals impresos d&#8217;alta qualitat. La impressi\u00f3 personalitzada t&#8217;ajuda a captar l&#8217;atenci\u00f3 de clients potencials i a fidelizar als existents.<\/li>\n<li><strong>Borses i embolcalls personalitzats<\/strong>: Qu\u00e8 tal complementar els teus regals de Sant Jordi amb bosses i embolcalls personalitzats? Des de bosses de roba amb dissenys exclusius fins a paper de regal impr\u00e8s amb motius de dracs i roses, la impressi\u00f3 personalitzada agrega un toc extra d&#8217;eleg\u00e0ncia i originalitat als teus obsequis.<\/li>\n<\/ul>\n<p>En\u00a0Artyplan, entenem la import\u00e0ncia d&#8217;aquesta festivitat i som aqu\u00ed per a ajudar-te a donar vida a les teves idees. Els nostres serveis d&#8217;impressi\u00f3 d&#8217;alta qualitat et permeten personalitzar els teus materials promocionals de Sant Jordi de manera \u00fanica i memorable.<\/p>\n<p>Est\u00e0s llest per a sorprendre a Sant Jordi amb impressions que marquen la difer\u00e8ncia. Contacta amb nosaltres avui mateix per a sol\u00b7licitar un pressupost personalitzat o visita&#8217;ns en una de les nostres botigues f\u00edsiques.<\/p>\n<p><img fetchpriority=\"high\" decoding=\"async\" class=\"size-medium wp-image-11652 aligncenter\" src=\"https:\/\/preweb.artyplan.com\/wp-content\/uploads\/2025\/09\/felic-sant-jordi-300x300.png\" alt=\"feli\u00e7 sant jordi\" width=\"300\" height=\"300\" \/><\/p>\n","protected":false},"excerpt":{"rendered":"<p>A Catalunya, el 23 d&#8217;abril \u00e9s m\u00e9s que nom\u00e9s un altre dia en el calendari. \u00c9s el dia de Sant Jordi, una festivitat que combina l&#8217;amor, la cultura i la tradici\u00f3 en una celebraci\u00f3 \u00fanica. Mentre els carrers s&#8217;omplen de roses i llibres, has considerat com la impressi\u00f3 pot fer que aquesta experi\u00e8ncia sigui encara [&hellip;]<\/p>\n","protected":false},"author":3,"featured_media":7374,"comment_status":"closed","ping_status":"closed","sticky":false,"template":"","format":"standard","meta":{"footnotes":""},"categories":[54,1],"tags":[],"class_list":["post-5825","post","type-post","status-publish","format-standard","has-post-thumbnail","hentry","category-noticies-ca","category-sense-categoritzar"],"yoast_head":"<!-- This site is optimized with the Yoast SEO Premium plugin v26.5 (Yoast SEO v26.5) - https:\/\/yoast.com\/wordpress\/plugins\/seo\/ -->\n<title>Impressi\u00f3 per Sant Jordi: idees creatives<\/title>\n<meta name=\"description\" content=\"Descobreix com aquest Sant Jordi pots sorprendre clients amb impressi\u00f3 personalitzada, des de marcadors de llibres fins a bosses tem\u00e0tiques.\" \/>\n<meta name=\"robots\" content=\"index, follow, max-snippet:-1, max-image-preview:large, max-video-preview:-1\" \/>\n<link rel=\"canonical\" href=\"https:\/\/artyplan.com\/ca\/blog\/impressio-i-sant-jordi-celebrant-la-tradicio-amb-creativitat\/\" \/>\n<meta property=\"og:locale\" content=\"ca_ES\" \/>\n<meta property=\"og:type\" content=\"article\" \/>\n<meta property=\"og:title\" content=\"Impressi\u00f3 per Sant Jordi: idees creatives\" \/>\n<meta property=\"og:description\" content=\"Descobreix com aquest Sant Jordi pots sorprendre clients amb impressi\u00f3 personalitzada, des de marcadors de llibres fins a bosses tem\u00e0tiques.\" \/>\n<meta property=\"og:url\" content=\"https:\/\/artyplan.com\/ca\/blog\/impressio-i-sant-jordi-celebrant-la-tradicio-amb-creativitat\/\" \/>\n<meta property=\"og:site_name\" content=\"Artyplan\" \/>\n<meta property=\"article:publisher\" content=\"https:\/\/www.facebook.com\/artyplan\" \/>\n<meta property=\"article:published_time\" content=\"2024-04-21T22:00:00+00:00\" \/>\n<meta property=\"article:modified_time\" content=\"2026-01-30T09:22:09+00:00\" \/>\n<meta property=\"og:image\" content=\"https:\/\/artyplan.com\/wp-content\/uploads\/2025\/09\/blog-punt-de-llibre.jpg\" \/>\n\t<meta property=\"og:image:width\" content=\"1920\" \/>\n\t<meta property=\"og:image:height\" content=\"600\" \/>\n\t<meta property=\"og:image:type\" content=\"image\/jpeg\" \/>\n<meta name=\"author\" content=\"Sergio Triguero\" \/>\n<meta name=\"twitter:card\" content=\"summary_large_image\" \/>\n<meta name=\"twitter:label1\" content=\"Escrit per\" \/>\n\t<meta name=\"twitter:data1\" content=\"Sergio Triguero\" \/>\n\t<meta name=\"twitter:label2\" content=\"Temps estimat de lectura\" \/>\n\t<meta name=\"twitter:data2\" content=\"4 minuts\" \/>\n<script type=\"application\/ld+json\" class=\"yoast-schema-graph\">{\"@context\":\"https:\/\/schema.org\",\"@graph\":[{\"@type\":\"Article\",\"@id\":\"https:\/\/artyplan.com\/ca\/blog\/impressio-i-sant-jordi-celebrant-la-tradicio-amb-creativitat\/#article\",\"isPartOf\":{\"@id\":\"https:\/\/artyplan.com\/ca\/blog\/impressio-i-sant-jordi-celebrant-la-tradicio-amb-creativitat\/\"},\"author\":{\"name\":\"Sergio Triguero\",\"@id\":\"https:\/\/artyplan.com\/ca\/#\/schema\/person\/0ef19accced432bc277b8d5248cd2cc0\"},\"headline\":\"Impressi\u00f3 per Sant Jordi: idees creatives\",\"datePublished\":\"2024-04-21T22:00:00+00:00\",\"dateModified\":\"2026-01-30T09:22:09+00:00\",\"mainEntityOfPage\":{\"@id\":\"https:\/\/artyplan.com\/ca\/blog\/impressio-i-sant-jordi-celebrant-la-tradicio-amb-creativitat\/\"},\"wordCount\":636,\"publisher\":{\"@id\":\"https:\/\/artyplan.com\/ca\/#organization\"},\"image\":{\"@id\":\"https:\/\/artyplan.com\/ca\/blog\/impressio-i-sant-jordi-celebrant-la-tradicio-amb-creativitat\/#primaryimage\"},\"thumbnailUrl\":\"https:\/\/artyplan.com\/wp-content\/uploads\/2025\/09\/blog-punt-de-llibre.jpg\",\"articleSection\":[\"Noticies\",\"Sense-categoritzar\"],\"inLanguage\":\"ca\"},{\"@type\":\"WebPage\",\"@id\":\"https:\/\/artyplan.com\/ca\/blog\/impressio-i-sant-jordi-celebrant-la-tradicio-amb-creativitat\/\",\"url\":\"https:\/\/artyplan.com\/ca\/blog\/impressio-i-sant-jordi-celebrant-la-tradicio-amb-creativitat\/\",\"name\":\"Impressi\u00f3 per Sant Jordi: idees creatives\",\"isPartOf\":{\"@id\":\"https:\/\/artyplan.com\/ca\/#website\"},\"primaryImageOfPage\":{\"@id\":\"https:\/\/artyplan.com\/ca\/blog\/impressio-i-sant-jordi-celebrant-la-tradicio-amb-creativitat\/#primaryimage\"},\"image\":{\"@id\":\"https:\/\/artyplan.com\/ca\/blog\/impressio-i-sant-jordi-celebrant-la-tradicio-amb-creativitat\/#primaryimage\"},\"thumbnailUrl\":\"https:\/\/artyplan.com\/wp-content\/uploads\/2025\/09\/blog-punt-de-llibre.jpg\",\"datePublished\":\"2024-04-21T22:00:00+00:00\",\"dateModified\":\"2026-01-30T09:22:09+00:00\",\"description\":\"Descobreix com aquest Sant Jordi pots sorprendre clients amb impressi\u00f3 personalitzada, des de marcadors de llibres fins a bosses tem\u00e0tiques.\",\"breadcrumb\":{\"@id\":\"https:\/\/artyplan.com\/ca\/blog\/impressio-i-sant-jordi-celebrant-la-tradicio-amb-creativitat\/#breadcrumb\"},\"inLanguage\":\"ca\",\"potentialAction\":[{\"@type\":\"ReadAction\",\"target\":[\"https:\/\/artyplan.com\/ca\/blog\/impressio-i-sant-jordi-celebrant-la-tradicio-amb-creativitat\/\"]}]},{\"@type\":\"ImageObject\",\"inLanguage\":\"ca\",\"@id\":\"https:\/\/artyplan.com\/ca\/blog\/impressio-i-sant-jordi-celebrant-la-tradicio-amb-creativitat\/#primaryimage\",\"url\":\"https:\/\/artyplan.com\/wp-content\/uploads\/2025\/09\/blog-punt-de-llibre.jpg\",\"contentUrl\":\"https:\/\/artyplan.com\/wp-content\/uploads\/2025\/09\/blog-punt-de-llibre.jpg\",\"width\":1920,\"height\":600,\"caption\":\"punto de libro sant jordi||feliz sant jordi|feli\u00e7 sant jordi\"},{\"@type\":\"BreadcrumbList\",\"@id\":\"https:\/\/artyplan.com\/ca\/blog\/impressio-i-sant-jordi-celebrant-la-tradicio-amb-creativitat\/#breadcrumb\",\"itemListElement\":[{\"@type\":\"ListItem\",\"position\":1,\"name\":\"Artyplan\",\"item\":\"https:\/\/artyplan.com\/ca\/\"},{\"@type\":\"ListItem\",\"position\":2,\"name\":\"Impressi\u00f3 per Sant Jordi: idees creatives\"}]},{\"@type\":\"WebSite\",\"@id\":\"https:\/\/artyplan.com\/ca\/#website\",\"url\":\"https:\/\/artyplan.com\/ca\/\",\"name\":\"Artyplan\",\"description\":\"\",\"publisher\":{\"@id\":\"https:\/\/artyplan.com\/ca\/#organization\"},\"potentialAction\":[{\"@type\":\"SearchAction\",\"target\":{\"@type\":\"EntryPoint\",\"urlTemplate\":\"https:\/\/artyplan.com\/ca\/?s={search_term_string}\"},\"query-input\":{\"@type\":\"PropertyValueSpecification\",\"valueRequired\":true,\"valueName\":\"search_term_string\"}}],\"inLanguage\":\"ca\"},{\"@type\":\"Organization\",\"@id\":\"https:\/\/artyplan.com\/ca\/#organization\",\"name\":\"Artyplan\",\"url\":\"https:\/\/artyplan.com\/ca\/\",\"logo\":{\"@type\":\"ImageObject\",\"inLanguage\":\"ca\",\"@id\":\"https:\/\/artyplan.com\/ca\/#\/schema\/logo\/image\/\",\"url\":\"https:\/\/artyplan.com\/wp-content\/uploads\/2025\/12\/Logo-artyplan-690x690-1.png\",\"contentUrl\":\"https:\/\/artyplan.com\/wp-content\/uploads\/2025\/12\/Logo-artyplan-690x690-1.png\",\"width\":690,\"height\":690,\"caption\":\"Artyplan\"},\"image\":{\"@id\":\"https:\/\/artyplan.com\/ca\/#\/schema\/logo\/image\/\"},\"sameAs\":[\"https:\/\/www.facebook.com\/artyplan\",\"https:\/\/www.instagram.com\/artyplan\/\",\"https:\/\/www.linkedin.com\/company\/artyplan\"],\"description\":\"Artyplan \u00e9s una empresa especialitzada en producci\u00f3 gr\u00e0fica i comunicaci\u00f3 visual amb 60 anys dexperi\u00e8ncia. Oferim solucions integrals d'impressi\u00f3 en gran format, PLV i retail, gesti\u00f3 d'esdeveniments i fires, disseny i fabricaci\u00f3 a mida, log\u00edstica i serveis d'instal\u00b7laci\u00f3 a tot el territori. Treballem per a marques, ag\u00e8ncies, espais comercials i institucions que necessiten un partner fiable per desenvolupar campanyes de m\u00e0rqueting, projectes de retail i accions de branding o m\u00e0rqueting. Combinem tecnologia avan\u00e7ada d\u00b4impressi\u00f3 digital, un equip expert i una gesti\u00f3 completa de projectes per garantir qualitat, agilitat i resultats a mida per a cada client. Disposem de plataformes B2B que faciliten als nostres clients la gesti\u00f3 de les comandes de materials impresos aix\u00ed com la log\u00edstica dels mateixos.\",\"email\":\"info@artyplan.com\",\"telephone\":\"+34 93 200 87 99\",\"legalName\":\"Artyplan S.L.\",\"vatID\":\"B61963229\",\"numberOfEmployees\":{\"@type\":\"QuantitativeValue\",\"minValue\":\"51\",\"maxValue\":\"200\"}},{\"@type\":\"Person\",\"@id\":\"https:\/\/artyplan.com\/ca\/#\/schema\/person\/0ef19accced432bc277b8d5248cd2cc0\",\"name\":\"Sergio Triguero\",\"image\":{\"@type\":\"ImageObject\",\"inLanguage\":\"ca\",\"@id\":\"https:\/\/artyplan.com\/ca\/#\/schema\/person\/image\/\",\"url\":\"https:\/\/secure.gravatar.com\/avatar\/c742a95811ffbc635a3d111ab446f278cce576575d14970fd5d56e17580c3f23?s=96&d=mm&r=g\",\"contentUrl\":\"https:\/\/secure.gravatar.com\/avatar\/c742a95811ffbc635a3d111ab446f278cce576575d14970fd5d56e17580c3f23?s=96&d=mm&r=g\",\"caption\":\"Sergio Triguero\"}}]}<\/script>\n<!-- \/ Yoast SEO Premium plugin. -->","yoast_head_json":{"title":"Impressi\u00f3 per Sant Jordi: idees creatives","description":"Descobreix com aquest Sant Jordi pots sorprendre clients amb impressi\u00f3 personalitzada, des de marcadors de llibres fins a bosses tem\u00e0tiques.","robots":{"index":"index","follow":"follow","max-snippet":"max-snippet:-1","max-image-preview":"max-image-preview:large","max-video-preview":"max-video-preview:-1"},"canonical":"https:\/\/artyplan.com\/ca\/blog\/impressio-i-sant-jordi-celebrant-la-tradicio-amb-creativitat\/","og_locale":"ca_ES","og_type":"article","og_title":"Impressi\u00f3 per Sant Jordi: idees creatives","og_description":"Descobreix com aquest Sant Jordi pots sorprendre clients amb impressi\u00f3 personalitzada, des de marcadors de llibres fins a bosses tem\u00e0tiques.","og_url":"https:\/\/artyplan.com\/ca\/blog\/impressio-i-sant-jordi-celebrant-la-tradicio-amb-creativitat\/","og_site_name":"Artyplan","article_publisher":"https:\/\/www.facebook.com\/artyplan","article_published_time":"2024-04-21T22:00:00+00:00","article_modified_time":"2026-01-30T09:22:09+00:00","og_image":[{"width":1920,"height":600,"url":"https:\/\/artyplan.com\/wp-content\/uploads\/2025\/09\/blog-punt-de-llibre.jpg","type":"image\/jpeg"}],"author":"Sergio Triguero","twitter_card":"summary_large_image","twitter_misc":{"Escrit per":"Sergio Triguero","Temps estimat de lectura":"4 minuts"},"schema":{"@context":"https:\/\/schema.org","@graph":[{"@type":"Article","@id":"https:\/\/artyplan.com\/ca\/blog\/impressio-i-sant-jordi-celebrant-la-tradicio-amb-creativitat\/#article","isPartOf":{"@id":"https:\/\/artyplan.com\/ca\/blog\/impressio-i-sant-jordi-celebrant-la-tradicio-amb-creativitat\/"},"author":{"name":"Sergio Triguero","@id":"https:\/\/artyplan.com\/ca\/#\/schema\/person\/0ef19accced432bc277b8d5248cd2cc0"},"headline":"Impressi\u00f3 per Sant Jordi: idees creatives","datePublished":"2024-04-21T22:00:00+00:00","dateModified":"2026-01-30T09:22:09+00:00","mainEntityOfPage":{"@id":"https:\/\/artyplan.com\/ca\/blog\/impressio-i-sant-jordi-celebrant-la-tradicio-amb-creativitat\/"},"wordCount":636,"publisher":{"@id":"https:\/\/artyplan.com\/ca\/#organization"},"image":{"@id":"https:\/\/artyplan.com\/ca\/blog\/impressio-i-sant-jordi-celebrant-la-tradicio-amb-creativitat\/#primaryimage"},"thumbnailUrl":"https:\/\/artyplan.com\/wp-content\/uploads\/2025\/09\/blog-punt-de-llibre.jpg","articleSection":["Noticies","Sense-categoritzar"],"inLanguage":"ca"},{"@type":"WebPage","@id":"https:\/\/artyplan.com\/ca\/blog\/impressio-i-sant-jordi-celebrant-la-tradicio-amb-creativitat\/","url":"https:\/\/artyplan.com\/ca\/blog\/impressio-i-sant-jordi-celebrant-la-tradicio-amb-creativitat\/","name":"Impressi\u00f3 per Sant Jordi: idees creatives","isPartOf":{"@id":"https:\/\/artyplan.com\/ca\/#website"},"primaryImageOfPage":{"@id":"https:\/\/artyplan.com\/ca\/blog\/impressio-i-sant-jordi-celebrant-la-tradicio-amb-creativitat\/#primaryimage"},"image":{"@id":"https:\/\/artyplan.com\/ca\/blog\/impressio-i-sant-jordi-celebrant-la-tradicio-amb-creativitat\/#primaryimage"},"thumbnailUrl":"https:\/\/artyplan.com\/wp-content\/uploads\/2025\/09\/blog-punt-de-llibre.jpg","datePublished":"2024-04-21T22:00:00+00:00","dateModified":"2026-01-30T09:22:09+00:00","description":"Descobreix com aquest Sant Jordi pots sorprendre clients amb impressi\u00f3 personalitzada, des de marcadors de llibres fins a bosses tem\u00e0tiques.","breadcrumb":{"@id":"https:\/\/artyplan.com\/ca\/blog\/impressio-i-sant-jordi-celebrant-la-tradicio-amb-creativitat\/#breadcrumb"},"inLanguage":"ca","potentialAction":[{"@type":"ReadAction","target":["https:\/\/artyplan.com\/ca\/blog\/impressio-i-sant-jordi-celebrant-la-tradicio-amb-creativitat\/"]}]},{"@type":"ImageObject","inLanguage":"ca","@id":"https:\/\/artyplan.com\/ca\/blog\/impressio-i-sant-jordi-celebrant-la-tradicio-amb-creativitat\/#primaryimage","url":"https:\/\/artyplan.com\/wp-content\/uploads\/2025\/09\/blog-punt-de-llibre.jpg","contentUrl":"https:\/\/artyplan.com\/wp-content\/uploads\/2025\/09\/blog-punt-de-llibre.jpg","width":1920,"height":600,"caption":"punto de libro sant jordi||feliz sant jordi|feli\u00e7 sant jordi"},{"@type":"BreadcrumbList","@id":"https:\/\/artyplan.com\/ca\/blog\/impressio-i-sant-jordi-celebrant-la-tradicio-amb-creativitat\/#breadcrumb","itemListElement":[{"@type":"ListItem","position":1,"name":"Artyplan","item":"https:\/\/artyplan.com\/ca\/"},{"@type":"ListItem","position":2,"name":"Impressi\u00f3 per Sant Jordi: idees creatives"}]},{"@type":"WebSite","@id":"https:\/\/artyplan.com\/ca\/#website","url":"https:\/\/artyplan.com\/ca\/","name":"Artyplan","description":"","publisher":{"@id":"https:\/\/artyplan.com\/ca\/#organization"},"potentialAction":[{"@type":"SearchAction","target":{"@type":"EntryPoint","urlTemplate":"https:\/\/artyplan.com\/ca\/?s={search_term_string}"},"query-input":{"@type":"PropertyValueSpecification","valueRequired":true,"valueName":"search_term_string"}}],"inLanguage":"ca"},{"@type":"Organization","@id":"https:\/\/artyplan.com\/ca\/#organization","name":"Artyplan","url":"https:\/\/artyplan.com\/ca\/","logo":{"@type":"ImageObject","inLanguage":"ca","@id":"https:\/\/artyplan.com\/ca\/#\/schema\/logo\/image\/","url":"https:\/\/artyplan.com\/wp-content\/uploads\/2025\/12\/Logo-artyplan-690x690-1.png","contentUrl":"https:\/\/artyplan.com\/wp-content\/uploads\/2025\/12\/Logo-artyplan-690x690-1.png","width":690,"height":690,"caption":"Artyplan"},"image":{"@id":"https:\/\/artyplan.com\/ca\/#\/schema\/logo\/image\/"},"sameAs":["https:\/\/www.facebook.com\/artyplan","https:\/\/www.instagram.com\/artyplan\/","https:\/\/www.linkedin.com\/company\/artyplan"],"description":"Artyplan \u00e9s una empresa especialitzada en producci\u00f3 gr\u00e0fica i comunicaci\u00f3 visual amb 60 anys dexperi\u00e8ncia. Oferim solucions integrals d'impressi\u00f3 en gran format, PLV i retail, gesti\u00f3 d'esdeveniments i fires, disseny i fabricaci\u00f3 a mida, log\u00edstica i serveis d'instal\u00b7laci\u00f3 a tot el territori. Treballem per a marques, ag\u00e8ncies, espais comercials i institucions que necessiten un partner fiable per desenvolupar campanyes de m\u00e0rqueting, projectes de retail i accions de branding o m\u00e0rqueting. Combinem tecnologia avan\u00e7ada d\u00b4impressi\u00f3 digital, un equip expert i una gesti\u00f3 completa de projectes per garantir qualitat, agilitat i resultats a mida per a cada client. Disposem de plataformes B2B que faciliten als nostres clients la gesti\u00f3 de les comandes de materials impresos aix\u00ed com la log\u00edstica dels mateixos.","email":"info@artyplan.com","telephone":"+34 93 200 87 99","legalName":"Artyplan S.L.","vatID":"B61963229","numberOfEmployees":{"@type":"QuantitativeValue","minValue":"51","maxValue":"200"}},{"@type":"Person","@id":"https:\/\/artyplan.com\/ca\/#\/schema\/person\/0ef19accced432bc277b8d5248cd2cc0","name":"Sergio Triguero","image":{"@type":"ImageObject","inLanguage":"ca","@id":"https:\/\/artyplan.com\/ca\/#\/schema\/person\/image\/","url":"https:\/\/secure.gravatar.com\/avatar\/c742a95811ffbc635a3d111ab446f278cce576575d14970fd5d56e17580c3f23?s=96&d=mm&r=g","contentUrl":"https:\/\/secure.gravatar.com\/avatar\/c742a95811ffbc635a3d111ab446f278cce576575d14970fd5d56e17580c3f23?s=96&d=mm&r=g","caption":"Sergio Triguero"}}]}},"_links":{"self":[{"href":"https:\/\/artyplan.com\/ca\/wp-json\/wp\/v2\/posts\/5825","targetHints":{"allow":["GET"]}}],"collection":[{"href":"https:\/\/artyplan.com\/ca\/wp-json\/wp\/v2\/posts"}],"about":[{"href":"https:\/\/artyplan.com\/ca\/wp-json\/wp\/v2\/types\/post"}],"author":[{"embeddable":true,"href":"https:\/\/artyplan.com\/ca\/wp-json\/wp\/v2\/users\/3"}],"replies":[{"embeddable":true,"href":"https:\/\/artyplan.com\/ca\/wp-json\/wp\/v2\/comments?post=5825"}],"version-history":[{"count":8,"href":"https:\/\/artyplan.com\/ca\/wp-json\/wp\/v2\/posts\/5825\/revisions"}],"predecessor-version":[{"id":13518,"href":"https:\/\/artyplan.com\/ca\/wp-json\/wp\/v2\/posts\/5825\/revisions\/13518"}],"wp:featuredmedia":[{"embeddable":true,"href":"https:\/\/artyplan.com\/ca\/wp-json\/wp\/v2\/media\/7374"}],"wp:attachment":[{"href":"https:\/\/artyplan.com\/ca\/wp-json\/wp\/v2\/media?parent=5825"}],"wp:term":[{"taxonomy":"category","embeddable":true,"href":"https:\/\/artyplan.com\/ca\/wp-json\/wp\/v2\/categories?post=5825"},{"taxonomy":"post_tag","embeddable":true,"href":"https:\/\/artyplan.com\/ca\/wp-json\/wp\/v2\/tags?post=5825"}],"curies":[{"name":"wp","href":"https:\/\/api.w.org\/{rel}","templated":true}]}}