{"id":5859,"date":"2024-05-15T00:00:00","date_gmt":"2024-05-14T22:00:00","guid":{"rendered":"https:\/\/preweb.artyplan.com\/sin-categorizar\/un-any-mes-mecenes-protector-del-palau-de-la-musica-catalana\/"},"modified":"2025-09-07T16:19:45","modified_gmt":"2025-09-07T14:19:45","slug":"un-any-mes-mecenes-protector-del-palau-de-la-musica-catalana","status":"publish","type":"post","link":"https:\/\/artyplan.com\/ca\/blog\/un-any-mes-mecenes-protector-del-palau-de-la-musica-catalana\/","title":{"rendered":"Un any m\u00e9s, mecenes protector del Palau de la M\u00fasica Catalana"},"content":{"rendered":"<p><em>Artyplan \u00e9s un any m\u00e9s mecenes protector de la Fundaci\u00f3 Orfe\u00f3 Catal\u00e0 \u2013 Palau de la M\u00fasica Catalana.<\/em><\/p>\n<p>\u00c9s un honor renovar el nostre comprom\u00eds amb la preservaci\u00f3 del llegat musical que atresora aquesta instituci\u00f3. En un m\u00f3n on la tecnologia avan\u00e7a amb passes de gegant, \u00e9s vital garantir que les obres i col\u00b7leccions que resideixen en el cor de la nostra cultura siguin accessibles per a les generacions presents i futures.<\/p>\n<p>Com a empresa dedicada a oferir serveis d&#8217;impressi\u00f3 i digitalitzaci\u00f3, ens enorgulleix posar els nostres recursos al servei d&#8217;aquesta mena de causes. Enguany, continuarem amb la nostra labor de digitalitzar els fons i col\u00b7leccions del <strong>Centre de Documentaci\u00f3 de l&#8217;Orfe\u00f3 Catal\u00e0<\/strong>. Aquest proc\u00e9s no sols garanteix la preservaci\u00f3 d&#8217;aquests tresors culturals, sin\u00f3 que tamb\u00e9 facilita el seu acc\u00e9s i difusi\u00f3, permetent que un p\u00fablic m\u00e9s ampli pugui gaudir d&#8217;ells.<\/p>\n<h2><em><img fetchpriority=\"high\" decoding=\"async\" class=\" wp-image-11770 alignleft\" src=\"https:\/\/preweb.artyplan.com\/wp-content\/uploads\/2025\/09\/mecenas_protector_palau_de_la_musica-transformed-1-scaled.jpeg\" alt=\"mecenes protector palau de la m\u00fasica\" width=\"227\" height=\"284\" \/><\/em><\/h2>\n<h2>Fundaci\u00f3 Orfe\u00f3 Catal\u00e0-Palau de la M\u00fasica Catalana i Artyplan<\/h2>\n<p>La nostra col\u00b7laboraci\u00f3 amb la <a href=\"https:\/\/www.palaumusica.cat\/ca\/\" target=\"_blank\" rel=\"noopener\">Fundaci\u00f3\u00a0Orfe\u00f3\u00a0Catal\u00e0-Palau de la M\u00fasica Catalana<\/a> va m\u00e9s enll\u00e0 d&#8217;un simple acord. Compartim la seva visi\u00f3 d&#8217;estimular i fomentar activitats culturals, especialment en l&#8217;\u00e0mbit musical. \u00c9s un honor per a nosaltres contribuir a aquest prop\u00f2sit, sabent que junts estem fent una difer\u00e8ncia significativa en el m\u00f3n de la cultura i les arts.<\/p>\n<p>A Artyplan, no sols ens dediquem a oferir <a href=\"http:\/\/artyplan.com\/ca\/contacte\/\" target=\"_blank\" rel=\"noopener\">serveis professionals d&#8217;impressi\u00f3 i digitali<\/a><a href=\"http:\/\/artyplan.com\/ca\/contacte\/\">tzaci\u00f3<\/a>, sin\u00f3 que tamb\u00e9 ens esforcem per desenvolupar solucions espec\u00edfiques i de valor per a cada sector. La nostra experi\u00e8ncia de m\u00e9s de 55 anys ens ha perm\u00e8s perfeccionar les nostres t\u00e8cniques i oferir un servei de qualitat excepcional als nostres clients.<\/p>\n<p>Agra\u00efm profundament la confian\u00e7a dipositada en nosaltres per la Fundaci\u00f3\u00a0Orfe\u00f3\u00a0Catal\u00e0-Palau de la M\u00fasica Catalana, i reafirmem el nostre comprom\u00eds de continuar treballant junts en pro de la cultura i la m\u00fasica.<\/p>\n<p>Que enguany sigui un altre cap\u00edtol amb \u00e8xit en la nostra col\u00b7laboraci\u00f3 i en la missi\u00f3 de preservar el nostre inavaluable patrimoni musical!<\/p>\n","protected":false},"excerpt":{"rendered":"<p>Artyplan \u00e9s un any m\u00e9s mecenes protector de la Fundaci\u00f3 Orfe\u00f3 Catal\u00e0 \u2013 Palau de la M\u00fasica Catalana. \u00c9s un honor renovar el nostre comprom\u00eds amb la preservaci\u00f3 del llegat musical que atresora aquesta instituci\u00f3. En un m\u00f3n on la tecnologia avan\u00e7a amb passes de gegant, \u00e9s vital garantir que les obres i col\u00b7leccions que [&hellip;]<\/p>\n","protected":false},"author":3,"featured_media":7399,"comment_status":"closed","ping_status":"closed","sticky":false,"template":"","format":"standard","meta":{"footnotes":""},"categories":[1],"tags":[],"class_list":["post-5859","post","type-post","status-publish","format-standard","has-post-thumbnail","hentry","category-sense-categoritzar"],"yoast_head":"<!-- This site is optimized with the Yoast SEO Premium plugin v26.5 (Yoast SEO v26.5) - https:\/\/yoast.com\/wordpress\/plugins\/seo\/ -->\n<title>Un any m\u00e9s, mecenes protector del Palau de la M\u00fasica Catalana<\/title>\n<meta name=\"description\" content=\"Artyplan renova el seu comprom\u00eds com a mecenes protector del Palau de la M\u00fasica Catalana, preservant i difonent el llegat musical.\" \/>\n<meta name=\"robots\" content=\"index, follow, max-snippet:-1, max-image-preview:large, max-video-preview:-1\" \/>\n<link rel=\"canonical\" href=\"https:\/\/artyplan.com\/ca\/blog\/un-any-mes-mecenes-protector-del-palau-de-la-musica-catalana\/\" \/>\n<meta property=\"og:locale\" content=\"ca_ES\" \/>\n<meta property=\"og:type\" content=\"article\" \/>\n<meta property=\"og:title\" content=\"Un any m\u00e9s, mecenes protector del Palau de la M\u00fasica Catalana\" \/>\n<meta property=\"og:description\" content=\"Artyplan renova el seu comprom\u00eds com a mecenes protector del Palau de la M\u00fasica Catalana, preservant i difonent el llegat musical.\" \/>\n<meta property=\"og:url\" content=\"https:\/\/artyplan.com\/ca\/blog\/un-any-mes-mecenes-protector-del-palau-de-la-musica-catalana\/\" \/>\n<meta property=\"og:site_name\" content=\"Artyplan\" \/>\n<meta property=\"article:publisher\" content=\"https:\/\/www.facebook.com\/artyplan\" \/>\n<meta property=\"article:published_time\" content=\"2024-05-14T22:00:00+00:00\" \/>\n<meta property=\"article:modified_time\" content=\"2025-09-07T14:19:45+00:00\" \/>\n<meta property=\"og:image\" content=\"https:\/\/artyplan.com\/wp-content\/uploads\/2025\/09\/ARTYPLAN-Y-PALAU-1.jpg\" \/>\n\t<meta property=\"og:image:width\" content=\"1920\" \/>\n\t<meta property=\"og:image:height\" content=\"600\" \/>\n\t<meta property=\"og:image:type\" content=\"image\/jpeg\" \/>\n<meta name=\"author\" content=\"Sergio Triguero\" \/>\n<meta name=\"twitter:card\" content=\"summary_large_image\" \/>\n<meta name=\"twitter:label1\" content=\"Escrit per\" \/>\n\t<meta name=\"twitter:data1\" content=\"Sergio Triguero\" \/>\n\t<meta name=\"twitter:label2\" content=\"Temps estimat de lectura\" \/>\n\t<meta name=\"twitter:data2\" content=\"2 minuts\" \/>\n<script type=\"application\/ld+json\" class=\"yoast-schema-graph\">{\"@context\":\"https:\/\/schema.org\",\"@graph\":[{\"@type\":\"Article\",\"@id\":\"https:\/\/artyplan.com\/ca\/blog\/un-any-mes-mecenes-protector-del-palau-de-la-musica-catalana\/#article\",\"isPartOf\":{\"@id\":\"https:\/\/artyplan.com\/ca\/blog\/un-any-mes-mecenes-protector-del-palau-de-la-musica-catalana\/\"},\"author\":{\"name\":\"Sergio Triguero\",\"@id\":\"https:\/\/artyplan.com\/ca\/#\/schema\/person\/0ef19accced432bc277b8d5248cd2cc0\"},\"headline\":\"Un any m\u00e9s, mecenes protector del Palau de la M\u00fasica Catalana\",\"datePublished\":\"2024-05-14T22:00:00+00:00\",\"dateModified\":\"2025-09-07T14:19:45+00:00\",\"mainEntityOfPage\":{\"@id\":\"https:\/\/artyplan.com\/ca\/blog\/un-any-mes-mecenes-protector-del-palau-de-la-musica-catalana\/\"},\"wordCount\":372,\"publisher\":{\"@id\":\"https:\/\/artyplan.com\/ca\/#organization\"},\"image\":{\"@id\":\"https:\/\/artyplan.com\/ca\/blog\/un-any-mes-mecenes-protector-del-palau-de-la-musica-catalana\/#primaryimage\"},\"thumbnailUrl\":\"https:\/\/artyplan.com\/wp-content\/uploads\/2025\/09\/ARTYPLAN-Y-PALAU-1.jpg\",\"articleSection\":[\"Sense-categoritzar\"],\"inLanguage\":\"ca\"},{\"@type\":\"WebPage\",\"@id\":\"https:\/\/artyplan.com\/ca\/blog\/un-any-mes-mecenes-protector-del-palau-de-la-musica-catalana\/\",\"url\":\"https:\/\/artyplan.com\/ca\/blog\/un-any-mes-mecenes-protector-del-palau-de-la-musica-catalana\/\",\"name\":\"Un any m\u00e9s, mecenes protector del Palau de la M\u00fasica Catalana\",\"isPartOf\":{\"@id\":\"https:\/\/artyplan.com\/ca\/#website\"},\"primaryImageOfPage\":{\"@id\":\"https:\/\/artyplan.com\/ca\/blog\/un-any-mes-mecenes-protector-del-palau-de-la-musica-catalana\/#primaryimage\"},\"image\":{\"@id\":\"https:\/\/artyplan.com\/ca\/blog\/un-any-mes-mecenes-protector-del-palau-de-la-musica-catalana\/#primaryimage\"},\"thumbnailUrl\":\"https:\/\/artyplan.com\/wp-content\/uploads\/2025\/09\/ARTYPLAN-Y-PALAU-1.jpg\",\"datePublished\":\"2024-05-14T22:00:00+00:00\",\"dateModified\":\"2025-09-07T14:19:45+00:00\",\"description\":\"Artyplan renova el seu comprom\u00eds com a mecenes protector del Palau de la M\u00fasica Catalana, preservant i difonent el llegat musical.\",\"breadcrumb\":{\"@id\":\"https:\/\/artyplan.com\/ca\/blog\/un-any-mes-mecenes-protector-del-palau-de-la-musica-catalana\/#breadcrumb\"},\"inLanguage\":\"ca\",\"potentialAction\":[{\"@type\":\"ReadAction\",\"target\":[\"https:\/\/artyplan.com\/ca\/blog\/un-any-mes-mecenes-protector-del-palau-de-la-musica-catalana\/\"]}]},{\"@type\":\"ImageObject\",\"inLanguage\":\"ca\",\"@id\":\"https:\/\/artyplan.com\/ca\/blog\/un-any-mes-mecenes-protector-del-palau-de-la-musica-catalana\/#primaryimage\",\"url\":\"https:\/\/artyplan.com\/wp-content\/uploads\/2025\/09\/ARTYPLAN-Y-PALAU-1.jpg\",\"contentUrl\":\"https:\/\/artyplan.com\/wp-content\/uploads\/2025\/09\/ARTYPLAN-Y-PALAU-1.jpg\",\"width\":1920,\"height\":600,\"caption\":\"artyplan palau de la musica|mecenes protector palau de la m\u00fasica||artyplan i palau de la m\u00fasica|\"},{\"@type\":\"BreadcrumbList\",\"@id\":\"https:\/\/artyplan.com\/ca\/blog\/un-any-mes-mecenes-protector-del-palau-de-la-musica-catalana\/#breadcrumb\",\"itemListElement\":[{\"@type\":\"ListItem\",\"position\":1,\"name\":\"Artyplan\",\"item\":\"https:\/\/artyplan.com\/ca\/\"},{\"@type\":\"ListItem\",\"position\":2,\"name\":\"Un any m\u00e9s, mecenes protector del Palau de la M\u00fasica Catalana\"}]},{\"@type\":\"WebSite\",\"@id\":\"https:\/\/artyplan.com\/ca\/#website\",\"url\":\"https:\/\/artyplan.com\/ca\/\",\"name\":\"Artyplan\",\"description\":\"\",\"publisher\":{\"@id\":\"https:\/\/artyplan.com\/ca\/#organization\"},\"potentialAction\":[{\"@type\":\"SearchAction\",\"target\":{\"@type\":\"EntryPoint\",\"urlTemplate\":\"https:\/\/artyplan.com\/ca\/?s={search_term_string}\"},\"query-input\":{\"@type\":\"PropertyValueSpecification\",\"valueRequired\":true,\"valueName\":\"search_term_string\"}}],\"inLanguage\":\"ca\"},{\"@type\":\"Organization\",\"@id\":\"https:\/\/artyplan.com\/ca\/#organization\",\"name\":\"Artyplan\",\"url\":\"https:\/\/artyplan.com\/ca\/\",\"logo\":{\"@type\":\"ImageObject\",\"inLanguage\":\"ca\",\"@id\":\"https:\/\/artyplan.com\/ca\/#\/schema\/logo\/image\/\",\"url\":\"https:\/\/artyplan.com\/wp-content\/uploads\/2025\/12\/Logo-artyplan-690x690-1.png\",\"contentUrl\":\"https:\/\/artyplan.com\/wp-content\/uploads\/2025\/12\/Logo-artyplan-690x690-1.png\",\"width\":690,\"height\":690,\"caption\":\"Artyplan\"},\"image\":{\"@id\":\"https:\/\/artyplan.com\/ca\/#\/schema\/logo\/image\/\"},\"sameAs\":[\"https:\/\/www.facebook.com\/artyplan\",\"https:\/\/www.instagram.com\/artyplan\/\",\"https:\/\/www.linkedin.com\/company\/artyplan\"],\"description\":\"Artyplan \u00e9s una empresa especialitzada en producci\u00f3 gr\u00e0fica i comunicaci\u00f3 visual amb 60 anys dexperi\u00e8ncia. Oferim solucions integrals d'impressi\u00f3 en gran format, PLV i retail, gesti\u00f3 d'esdeveniments i fires, disseny i fabricaci\u00f3 a mida, log\u00edstica i serveis d'instal\u00b7laci\u00f3 a tot el territori. Treballem per a marques, ag\u00e8ncies, espais comercials i institucions que necessiten un partner fiable per desenvolupar campanyes de m\u00e0rqueting, projectes de retail i accions de branding o m\u00e0rqueting. Combinem tecnologia avan\u00e7ada d\u00b4impressi\u00f3 digital, un equip expert i una gesti\u00f3 completa de projectes per garantir qualitat, agilitat i resultats a mida per a cada client. Disposem de plataformes B2B que faciliten als nostres clients la gesti\u00f3 de les comandes de materials impresos aix\u00ed com la log\u00edstica dels mateixos.\",\"email\":\"info@artyplan.com\",\"telephone\":\"+34 93 200 87 99\",\"legalName\":\"Artyplan S.L.\",\"vatID\":\"B61963229\",\"numberOfEmployees\":{\"@type\":\"QuantitativeValue\",\"minValue\":\"51\",\"maxValue\":\"200\"}},{\"@type\":\"Person\",\"@id\":\"https:\/\/artyplan.com\/ca\/#\/schema\/person\/0ef19accced432bc277b8d5248cd2cc0\",\"name\":\"Sergio Triguero\",\"image\":{\"@type\":\"ImageObject\",\"inLanguage\":\"ca\",\"@id\":\"https:\/\/artyplan.com\/ca\/#\/schema\/person\/image\/\",\"url\":\"https:\/\/secure.gravatar.com\/avatar\/c742a95811ffbc635a3d111ab446f278cce576575d14970fd5d56e17580c3f23?s=96&d=mm&r=g\",\"contentUrl\":\"https:\/\/secure.gravatar.com\/avatar\/c742a95811ffbc635a3d111ab446f278cce576575d14970fd5d56e17580c3f23?s=96&d=mm&r=g\",\"caption\":\"Sergio Triguero\"}}]}<\/script>\n<!-- \/ Yoast SEO Premium plugin. -->","yoast_head_json":{"title":"Un any m\u00e9s, mecenes protector del Palau de la M\u00fasica Catalana","description":"Artyplan renova el seu comprom\u00eds com a mecenes protector del Palau de la M\u00fasica Catalana, preservant i difonent el llegat musical.","robots":{"index":"index","follow":"follow","max-snippet":"max-snippet:-1","max-image-preview":"max-image-preview:large","max-video-preview":"max-video-preview:-1"},"canonical":"https:\/\/artyplan.com\/ca\/blog\/un-any-mes-mecenes-protector-del-palau-de-la-musica-catalana\/","og_locale":"ca_ES","og_type":"article","og_title":"Un any m\u00e9s, mecenes protector del Palau de la M\u00fasica Catalana","og_description":"Artyplan renova el seu comprom\u00eds com a mecenes protector del Palau de la M\u00fasica Catalana, preservant i difonent el llegat musical.","og_url":"https:\/\/artyplan.com\/ca\/blog\/un-any-mes-mecenes-protector-del-palau-de-la-musica-catalana\/","og_site_name":"Artyplan","article_publisher":"https:\/\/www.facebook.com\/artyplan","article_published_time":"2024-05-14T22:00:00+00:00","article_modified_time":"2025-09-07T14:19:45+00:00","og_image":[{"width":1920,"height":600,"url":"https:\/\/artyplan.com\/wp-content\/uploads\/2025\/09\/ARTYPLAN-Y-PALAU-1.jpg","type":"image\/jpeg"}],"author":"Sergio Triguero","twitter_card":"summary_large_image","twitter_misc":{"Escrit per":"Sergio Triguero","Temps estimat de lectura":"2 minuts"},"schema":{"@context":"https:\/\/schema.org","@graph":[{"@type":"Article","@id":"https:\/\/artyplan.com\/ca\/blog\/un-any-mes-mecenes-protector-del-palau-de-la-musica-catalana\/#article","isPartOf":{"@id":"https:\/\/artyplan.com\/ca\/blog\/un-any-mes-mecenes-protector-del-palau-de-la-musica-catalana\/"},"author":{"name":"Sergio Triguero","@id":"https:\/\/artyplan.com\/ca\/#\/schema\/person\/0ef19accced432bc277b8d5248cd2cc0"},"headline":"Un any m\u00e9s, mecenes protector del Palau de la M\u00fasica Catalana","datePublished":"2024-05-14T22:00:00+00:00","dateModified":"2025-09-07T14:19:45+00:00","mainEntityOfPage":{"@id":"https:\/\/artyplan.com\/ca\/blog\/un-any-mes-mecenes-protector-del-palau-de-la-musica-catalana\/"},"wordCount":372,"publisher":{"@id":"https:\/\/artyplan.com\/ca\/#organization"},"image":{"@id":"https:\/\/artyplan.com\/ca\/blog\/un-any-mes-mecenes-protector-del-palau-de-la-musica-catalana\/#primaryimage"},"thumbnailUrl":"https:\/\/artyplan.com\/wp-content\/uploads\/2025\/09\/ARTYPLAN-Y-PALAU-1.jpg","articleSection":["Sense-categoritzar"],"inLanguage":"ca"},{"@type":"WebPage","@id":"https:\/\/artyplan.com\/ca\/blog\/un-any-mes-mecenes-protector-del-palau-de-la-musica-catalana\/","url":"https:\/\/artyplan.com\/ca\/blog\/un-any-mes-mecenes-protector-del-palau-de-la-musica-catalana\/","name":"Un any m\u00e9s, mecenes protector del Palau de la M\u00fasica Catalana","isPartOf":{"@id":"https:\/\/artyplan.com\/ca\/#website"},"primaryImageOfPage":{"@id":"https:\/\/artyplan.com\/ca\/blog\/un-any-mes-mecenes-protector-del-palau-de-la-musica-catalana\/#primaryimage"},"image":{"@id":"https:\/\/artyplan.com\/ca\/blog\/un-any-mes-mecenes-protector-del-palau-de-la-musica-catalana\/#primaryimage"},"thumbnailUrl":"https:\/\/artyplan.com\/wp-content\/uploads\/2025\/09\/ARTYPLAN-Y-PALAU-1.jpg","datePublished":"2024-05-14T22:00:00+00:00","dateModified":"2025-09-07T14:19:45+00:00","description":"Artyplan renova el seu comprom\u00eds com a mecenes protector del Palau de la M\u00fasica Catalana, preservant i difonent el llegat musical.","breadcrumb":{"@id":"https:\/\/artyplan.com\/ca\/blog\/un-any-mes-mecenes-protector-del-palau-de-la-musica-catalana\/#breadcrumb"},"inLanguage":"ca","potentialAction":[{"@type":"ReadAction","target":["https:\/\/artyplan.com\/ca\/blog\/un-any-mes-mecenes-protector-del-palau-de-la-musica-catalana\/"]}]},{"@type":"ImageObject","inLanguage":"ca","@id":"https:\/\/artyplan.com\/ca\/blog\/un-any-mes-mecenes-protector-del-palau-de-la-musica-catalana\/#primaryimage","url":"https:\/\/artyplan.com\/wp-content\/uploads\/2025\/09\/ARTYPLAN-Y-PALAU-1.jpg","contentUrl":"https:\/\/artyplan.com\/wp-content\/uploads\/2025\/09\/ARTYPLAN-Y-PALAU-1.jpg","width":1920,"height":600,"caption":"artyplan palau de la musica|mecenes protector palau de la m\u00fasica||artyplan i palau de la m\u00fasica|"},{"@type":"BreadcrumbList","@id":"https:\/\/artyplan.com\/ca\/blog\/un-any-mes-mecenes-protector-del-palau-de-la-musica-catalana\/#breadcrumb","itemListElement":[{"@type":"ListItem","position":1,"name":"Artyplan","item":"https:\/\/artyplan.com\/ca\/"},{"@type":"ListItem","position":2,"name":"Un any m\u00e9s, mecenes protector del Palau de la M\u00fasica Catalana"}]},{"@type":"WebSite","@id":"https:\/\/artyplan.com\/ca\/#website","url":"https:\/\/artyplan.com\/ca\/","name":"Artyplan","description":"","publisher":{"@id":"https:\/\/artyplan.com\/ca\/#organization"},"potentialAction":[{"@type":"SearchAction","target":{"@type":"EntryPoint","urlTemplate":"https:\/\/artyplan.com\/ca\/?s={search_term_string}"},"query-input":{"@type":"PropertyValueSpecification","valueRequired":true,"valueName":"search_term_string"}}],"inLanguage":"ca"},{"@type":"Organization","@id":"https:\/\/artyplan.com\/ca\/#organization","name":"Artyplan","url":"https:\/\/artyplan.com\/ca\/","logo":{"@type":"ImageObject","inLanguage":"ca","@id":"https:\/\/artyplan.com\/ca\/#\/schema\/logo\/image\/","url":"https:\/\/artyplan.com\/wp-content\/uploads\/2025\/12\/Logo-artyplan-690x690-1.png","contentUrl":"https:\/\/artyplan.com\/wp-content\/uploads\/2025\/12\/Logo-artyplan-690x690-1.png","width":690,"height":690,"caption":"Artyplan"},"image":{"@id":"https:\/\/artyplan.com\/ca\/#\/schema\/logo\/image\/"},"sameAs":["https:\/\/www.facebook.com\/artyplan","https:\/\/www.instagram.com\/artyplan\/","https:\/\/www.linkedin.com\/company\/artyplan"],"description":"Artyplan \u00e9s una empresa especialitzada en producci\u00f3 gr\u00e0fica i comunicaci\u00f3 visual amb 60 anys dexperi\u00e8ncia. Oferim solucions integrals d'impressi\u00f3 en gran format, PLV i retail, gesti\u00f3 d'esdeveniments i fires, disseny i fabricaci\u00f3 a mida, log\u00edstica i serveis d'instal\u00b7laci\u00f3 a tot el territori. Treballem per a marques, ag\u00e8ncies, espais comercials i institucions que necessiten un partner fiable per desenvolupar campanyes de m\u00e0rqueting, projectes de retail i accions de branding o m\u00e0rqueting. Combinem tecnologia avan\u00e7ada d\u00b4impressi\u00f3 digital, un equip expert i una gesti\u00f3 completa de projectes per garantir qualitat, agilitat i resultats a mida per a cada client. Disposem de plataformes B2B que faciliten als nostres clients la gesti\u00f3 de les comandes de materials impresos aix\u00ed com la log\u00edstica dels mateixos.","email":"info@artyplan.com","telephone":"+34 93 200 87 99","legalName":"Artyplan S.L.","vatID":"B61963229","numberOfEmployees":{"@type":"QuantitativeValue","minValue":"51","maxValue":"200"}},{"@type":"Person","@id":"https:\/\/artyplan.com\/ca\/#\/schema\/person\/0ef19accced432bc277b8d5248cd2cc0","name":"Sergio Triguero","image":{"@type":"ImageObject","inLanguage":"ca","@id":"https:\/\/artyplan.com\/ca\/#\/schema\/person\/image\/","url":"https:\/\/secure.gravatar.com\/avatar\/c742a95811ffbc635a3d111ab446f278cce576575d14970fd5d56e17580c3f23?s=96&d=mm&r=g","contentUrl":"https:\/\/secure.gravatar.com\/avatar\/c742a95811ffbc635a3d111ab446f278cce576575d14970fd5d56e17580c3f23?s=96&d=mm&r=g","caption":"Sergio Triguero"}}]}},"_links":{"self":[{"href":"https:\/\/artyplan.com\/ca\/wp-json\/wp\/v2\/posts\/5859","targetHints":{"allow":["GET"]}}],"collection":[{"href":"https:\/\/artyplan.com\/ca\/wp-json\/wp\/v2\/posts"}],"about":[{"href":"https:\/\/artyplan.com\/ca\/wp-json\/wp\/v2\/types\/post"}],"author":[{"embeddable":true,"href":"https:\/\/artyplan.com\/ca\/wp-json\/wp\/v2\/users\/3"}],"replies":[{"embeddable":true,"href":"https:\/\/artyplan.com\/ca\/wp-json\/wp\/v2\/comments?post=5859"}],"version-history":[{"count":7,"href":"https:\/\/artyplan.com\/ca\/wp-json\/wp\/v2\/posts\/5859\/revisions"}],"predecessor-version":[{"id":7943,"href":"https:\/\/artyplan.com\/ca\/wp-json\/wp\/v2\/posts\/5859\/revisions\/7943"}],"wp:featuredmedia":[{"embeddable":true,"href":"https:\/\/artyplan.com\/ca\/wp-json\/wp\/v2\/media\/7399"}],"wp:attachment":[{"href":"https:\/\/artyplan.com\/ca\/wp-json\/wp\/v2\/media?parent=5859"}],"wp:term":[{"taxonomy":"category","embeddable":true,"href":"https:\/\/artyplan.com\/ca\/wp-json\/wp\/v2\/categories?post=5859"},{"taxonomy":"post_tag","embeddable":true,"href":"https:\/\/artyplan.com\/ca\/wp-json\/wp\/v2\/tags?post=5859"}],"curies":[{"name":"wp","href":"https:\/\/api.w.org\/{rel}","templated":true}]}}