{"id":5879,"date":"2024-06-10T00:00:00","date_gmt":"2024-06-09T22:00:00","guid":{"rendered":"https:\/\/preweb.artyplan.com\/sin-categorizar\/com-els-serveis-dimpressio-maximitzen-limpacte-del-tour-de-franca\/"},"modified":"2025-09-07T16:20:02","modified_gmt":"2025-09-07T14:20:02","slug":"com-els-serveis-dimpressio-maximitzen-limpacte-del-tour-de-franca","status":"publish","type":"post","link":"https:\/\/artyplan.com\/ca\/blog\/com-els-serveis-dimpressio-maximitzen-limpacte-del-tour-de-franca\/","title":{"rendered":"Com els serveis d&#8217;impressi\u00f3 maximitzen l&#8217;impacte del Tour de Fran\u00e7a"},"content":{"rendered":"<p>Queda poc m\u00e9s de dues setmanes perqu\u00e8 comenci el Tour de Fran\u00e7a, un dels esdeveniments esportius m\u00e9s grans i prestigiosos del m\u00f3n. Aquest tipus d&#8217;esdeveniments, ofereixen una oportunitat d&#8217;or tant per als organitzadors com per als patrocinadors que busquen augmentar la seva visibilitat i connectar amb la seva audi\u00e8ncia.<\/p>\n<p>Aquest esdeveniment no sols atreu a milions d&#8217;espectadors a trav\u00e9s de la televisi\u00f3, sin\u00f3 que tamb\u00e9 congrega a una multitud diversa i apassionada en viu, la qual cosa el converteix en un aparador ideal per a la promoci\u00f3 de productes i serveis. En aquest context, els serveis d&#8217;impressi\u00f3 durant el Tour de Fran\u00e7a, juguen un paper crucial per a maximitzar l&#8217;impacte de les campanyes de m\u00e0rqueting i comunicaci\u00f3.<\/p>\n<p>En aquest artile, parlem de com organitzadors i patrocinadors poden aprofitar la seva col\u00b7laboraci\u00f3 en un esdeveniment esportiu amb serveis d&#8217;impressi\u00f3 innovadors i efectius.<\/p>\n<h2>Materials publicitaris i promocionals per a patrocinadors<\/h2>\n<p>En el cas del Tour de Fran\u00e7a, la compet\u00e8ncia per captar l&#8217;atenci\u00f3 \u00e9s infinita. Aqu\u00ed \u00e9s on els materials impresos d&#8217;alta qualitat poden marcar una gran difer\u00e8ncia per als patrocinadors. \u00c9s important considerar la creaci\u00f3 de:<\/p>\n<ul>\n<li><a href=\"http:\/\/artyplan.com\/ca\/productes-impressio\/serveis-dimpressio-de-petit-format\/impressio-comercial\/fulletons\/\" target=\"_blank\" rel=\"noopener\"><strong>Fulletons i Flyers<\/strong><\/a>: Ideals per a distribuir entre els assistents, oferint informaci\u00f3 sobre els teus productes o serveis, promocions especials, o simplement per a augmentar el reconeixement de marca.<\/li>\n<li><strong>Cartells<\/strong>: Perfectes per a instal\u00b7lar en punts estrat\u00e8gics al llarg de la ruta del Tour. Els dissenys cridaners i missatges clars poden captar l&#8217;atenci\u00f3 de milers d&#8217;espectadors.<\/li>\n<li><strong>Caixes Lluminoses<\/strong>: Aquests elements visualment atractius poden col\u00b7locar-se en \u00e0rees d&#8217;alt tr\u00e0nsit per a promoure la teva marca de manera efectiva i captar l&#8217;atenci\u00f3 dels assistents tant de dia com de nit.<\/li>\n<\/ul>\n<h2>Marxandatge personalitzat per a patrocinadors<\/h2>\n<p>El marxandatge \u00e9s una excel\u00b7lent manera de mantenir la teva marca en la ment dels consumidors.<\/p>\n<ul>\n<li><strong>Samarretes i Gorres<\/strong>: Personalitzades amb el teu logo i missatges clau. No sols s\u00f3n funcionals, sin\u00f3 que tamb\u00e9 actuen com a publicitat m\u00f2bil.<\/li>\n<li><strong>Ampolles i Bidons<\/strong>: Especialment \u00fatils en un esdeveniment esportiu, i poden ser reutilitzats, oferint una visibilitat prolongada per a la teva marca.<\/li>\n<li><a href=\"http:\/\/artyplan.com\/ca\/productes-impressio\/serveis-dimpressio-de-petit-format\/papereria-corporativa\/bosses\/\" target=\"_blank\" rel=\"noopener\"><strong>Bosses de tela<\/strong><\/a>: Pr\u00e0ctiques i ecol\u00f2giques, s\u00f3n perfectes per als assistents que necessiten portar les seves pertinences.<\/li>\n<\/ul>\n<h2>Senyalitzaci\u00f3 i Estands per a organitzadors<\/h2>\n<p>Per als organitzadors, la senyalitzaci\u00f3 adequada \u00e9s essencial per a l&#8217;\u00e8xit de l&#8217;esdeveniment:<\/p>\n<ul>\n<li><strong>Pancartes<\/strong>: Lones grans i visibles des de lluny, poden ajudar a dirigir el tr\u00e0nsit cap a \u00e0rees clau de l&#8217;esdeveniment.<\/li>\n<li><strong><a href=\"http:\/\/artyplan.com\/ca\/productes-impressio\/packaging\/displays\/\">Displays i Expositor<\/a><\/strong><a href=\"http:\/\/artyplan.com\/ca\/productes-impressio\/packaging\/displays\/\" target=\"_blank\" rel=\"noopener\"><strong>s<\/strong><\/a><strong>:<\/strong> Faciliten la presentaci\u00f3 de productes i serveis de manera atractiva i organitzada.<\/li>\n<li><strong>T\u00f2tems i Senyals Direccionals<\/strong>: Situats en punts estrat\u00e8gics, guien als assistents de manera efectiva, assegurant que trobin f\u00e0cilment zones importants com a \u00e0rees de descans, punts d&#8217;informaci\u00f3 i accessos a serveis.<\/li>\n<\/ul>\n<h2>Impressi\u00f3 de gran format per a organitzadors i patrocinadors<\/h2>\n<p>Per a impactar a gran escala, considera la impressi\u00f3 de gran format:<\/p>\n<p><img fetchpriority=\"high\" decoding=\"async\" class=\"size-medium wp-image-13730 alignright\" src=\"https:\/\/preweb.artyplan.com\/wp-content\/uploads\/2025\/09\/patrocinadores-tour-de-francia-2-300x215.png\" alt=\"tour de francia\" width=\"300\" height=\"215\" \/><\/p>\n<ul>\n<li><a href=\"http:\/\/artyplan.com\/productos-impresion\/servicio-de-impresion-de-gran-formato\/vallas-y-opis\/\" target=\"_blank\" rel=\"noopener\"><strong>Tanques publicit\u00e0ries<\/strong><\/a>: Col\u00b7locades en ubicacions estrat\u00e8giques, poden capturar l&#8217;atenci\u00f3 de milers de persones.<\/li>\n<li><a href=\"http:\/\/artyplan.com\/ca\/productes-impressio\/serveis-dimpressio-de-gran-format\/retolacio\/\" target=\"_blank\" rel=\"noopener\"><strong>Vehicles retolats<\/strong><\/a>: Aprofita els vehicles de la flota de l&#8217;esdeveniment o patrocinadors per a promocionar marques mentre es mouen per les zones concorregudes de l&#8217;esdeveniment.<\/li>\n<li><strong>P\u00f2sters gegants<\/strong>: En fa\u00e7anes d&#8217;edificis o estructures temporals, s\u00f3n impossibles d&#8217;ignorar.<\/li>\n<\/ul>\n<h2>Materials corporatius per a organitzadors i patrocinadors<\/h2>\n<p>No oblidis els materials corporatius que poden ser necessaris durant un esdeveniment:<\/p>\n<ul>\n<li><strong><a href=\"http:\/\/artyplan.com\/ca\/productes-impressio\/serveis-dimpressio-de-petit-format\/papereria-corporativa\/targetes\/\" target=\"_blank\" rel=\"noopener\">Targetes de visita<\/a><\/strong>: Indispensables per al networking amb altres professionals i possibles clients.<\/li>\n<li><strong><a href=\"http:\/\/artyplan.com\/ca\/productes-impressio\/serveis-dimpressio-de-petit-format\/impressio-comercial\/carpetes\/\" target=\"_blank\" rel=\"noopener\">Carpetes<\/a> i quaderns personalitzats<\/strong>: \u00datils per a reunions i presentacions, refor\u00e7ant la teva imatge professional.<\/li>\n<li><strong>Acreditacions<\/strong>: Personalitzades i d&#8217;alta qualitat, essencials per a la gesti\u00f3 i control d&#8217;acc\u00e9s durant l&#8217;esdeveniment.<\/li>\n<\/ul>\n<p>Aquest tipus d&#8217;esdeveniments no \u00e9s nom\u00e9s una carrera; \u00e9s una plataforma de m\u00e0rqueting din\u00e0mica. Per als organitzadors i patrocinadors, aprofitar el Tour de Fran\u00e7a a trav\u00e9s dels serveis d&#8217;impressi\u00f3 adequats pot ajudar a destacar entre la multitud, captar l&#8217;atenci\u00f3 d&#8217;un p\u00fablic massiu. Des de materials promocionals fins a senyalitzaci\u00f3 i marxandatge, aquests serveis ofereixen infinites possibilitats per a enfortir una marca i maximitzar el retorn d&#8217;inversi\u00f3 en un dels esdeveniments m\u00e9s seguits del m\u00f3n.<\/p>\n<p>No deixis passar l&#8217;oportunitat d&#8217;associar la teva empresa amb l&#8217;emoci\u00f3 i la visibilitat si tens l&#8217;oportunitat d&#8217;organitzar o col\u00b7laborar amb esdeveniments esportius.<\/p>\n","protected":false},"excerpt":{"rendered":"<p>Queda poc m\u00e9s de dues setmanes perqu\u00e8 comenci el Tour de Fran\u00e7a, un dels esdeveniments esportius m\u00e9s grans i prestigiosos del m\u00f3n. Aquest tipus d&#8217;esdeveniments, ofereixen una oportunitat d&#8217;or tant per als organitzadors com per als patrocinadors que busquen augmentar la seva visibilitat i connectar amb la seva audi\u00e8ncia. Aquest esdeveniment no sols atreu a [&hellip;]<\/p>\n","protected":false},"author":3,"featured_media":7414,"comment_status":"closed","ping_status":"closed","sticky":false,"template":"","format":"standard","meta":{"footnotes":""},"categories":[54,1],"tags":[],"class_list":["post-5879","post","type-post","status-publish","format-standard","has-post-thumbnail","hentry","category-noticies-ca","category-sense-categoritzar"],"yoast_head":"<!-- This site is optimized with the Yoast SEO Premium plugin v26.5 (Yoast SEO v26.5) - https:\/\/yoast.com\/wordpress\/plugins\/seo\/ -->\n<title>Serveis d&#039;Impressi\u00f3 en el Tour de Fran\u00e7a: M\u00e0xim impacte | Artyplan<\/title>\n<meta name=\"description\" content=\"Els serveis d&#039;impressi\u00f3 maximitzen l&#039;impacte del Tour de Fran\u00e7a per a organitzadors i patrocinadors. Material promocional i senyalitzaci\u00f3.\" \/>\n<meta name=\"robots\" content=\"index, follow, max-snippet:-1, max-image-preview:large, max-video-preview:-1\" \/>\n<link rel=\"canonical\" href=\"https:\/\/artyplan.com\/ca\/blog\/com-els-serveis-dimpressio-maximitzen-limpacte-del-tour-de-franca\/\" \/>\n<meta property=\"og:locale\" content=\"ca_ES\" \/>\n<meta property=\"og:type\" content=\"article\" \/>\n<meta property=\"og:title\" content=\"Com els serveis d&#039;impressi\u00f3 maximitzen l&#039;impacte del Tour de Fran\u00e7a\" \/>\n<meta property=\"og:description\" content=\"Els serveis d&#039;impressi\u00f3 maximitzen l&#039;impacte del Tour de Fran\u00e7a per a organitzadors i patrocinadors. Material promocional i senyalitzaci\u00f3.\" \/>\n<meta property=\"og:url\" content=\"https:\/\/artyplan.com\/ca\/blog\/com-els-serveis-dimpressio-maximitzen-limpacte-del-tour-de-franca\/\" \/>\n<meta property=\"og:site_name\" content=\"Artyplan\" \/>\n<meta property=\"article:publisher\" content=\"https:\/\/www.facebook.com\/artyplan\" \/>\n<meta property=\"article:published_time\" content=\"2024-06-09T22:00:00+00:00\" \/>\n<meta property=\"article:modified_time\" content=\"2025-09-07T14:20:02+00:00\" \/>\n<meta property=\"og:image\" content=\"https:\/\/artyplan.com\/wp-content\/uploads\/2025\/09\/tour-de-francia-servicios-de-impresion-scaled-1.jpg\" \/>\n\t<meta property=\"og:image:width\" content=\"2560\" \/>\n\t<meta property=\"og:image:height\" content=\"960\" \/>\n\t<meta property=\"og:image:type\" content=\"image\/jpeg\" \/>\n<meta name=\"author\" content=\"Sergio Triguero\" \/>\n<meta name=\"twitter:card\" content=\"summary_large_image\" \/>\n<meta name=\"twitter:label1\" content=\"Escrit per\" \/>\n\t<meta name=\"twitter:data1\" content=\"Sergio Triguero\" \/>\n\t<meta name=\"twitter:label2\" content=\"Temps estimat de lectura\" \/>\n\t<meta name=\"twitter:data2\" content=\"4 minuts\" \/>\n<script type=\"application\/ld+json\" class=\"yoast-schema-graph\">{\"@context\":\"https:\/\/schema.org\",\"@graph\":[{\"@type\":\"Article\",\"@id\":\"https:\/\/artyplan.com\/ca\/blog\/com-els-serveis-dimpressio-maximitzen-limpacte-del-tour-de-franca\/#article\",\"isPartOf\":{\"@id\":\"https:\/\/artyplan.com\/ca\/blog\/com-els-serveis-dimpressio-maximitzen-limpacte-del-tour-de-franca\/\"},\"author\":{\"name\":\"Sergio Triguero\",\"@id\":\"https:\/\/artyplan.com\/ca\/#\/schema\/person\/0ef19accced432bc277b8d5248cd2cc0\"},\"headline\":\"Com els serveis d&#8217;impressi\u00f3 maximitzen l&#8217;impacte del Tour de Fran\u00e7a\",\"datePublished\":\"2024-06-09T22:00:00+00:00\",\"dateModified\":\"2025-09-07T14:20:02+00:00\",\"mainEntityOfPage\":{\"@id\":\"https:\/\/artyplan.com\/ca\/blog\/com-els-serveis-dimpressio-maximitzen-limpacte-del-tour-de-franca\/\"},\"wordCount\":759,\"publisher\":{\"@id\":\"https:\/\/artyplan.com\/ca\/#organization\"},\"image\":{\"@id\":\"https:\/\/artyplan.com\/ca\/blog\/com-els-serveis-dimpressio-maximitzen-limpacte-del-tour-de-franca\/#primaryimage\"},\"thumbnailUrl\":\"https:\/\/artyplan.com\/wp-content\/uploads\/2025\/09\/tour-de-francia-servicios-de-impresion-scaled-1.jpg\",\"articleSection\":[\"Noticies\",\"Sense-categoritzar\"],\"inLanguage\":\"ca\"},{\"@type\":\"WebPage\",\"@id\":\"https:\/\/artyplan.com\/ca\/blog\/com-els-serveis-dimpressio-maximitzen-limpacte-del-tour-de-franca\/\",\"url\":\"https:\/\/artyplan.com\/ca\/blog\/com-els-serveis-dimpressio-maximitzen-limpacte-del-tour-de-franca\/\",\"name\":\"Serveis d'Impressi\u00f3 en el Tour de Fran\u00e7a: M\u00e0xim impacte | Artyplan\",\"isPartOf\":{\"@id\":\"https:\/\/artyplan.com\/ca\/#website\"},\"primaryImageOfPage\":{\"@id\":\"https:\/\/artyplan.com\/ca\/blog\/com-els-serveis-dimpressio-maximitzen-limpacte-del-tour-de-franca\/#primaryimage\"},\"image\":{\"@id\":\"https:\/\/artyplan.com\/ca\/blog\/com-els-serveis-dimpressio-maximitzen-limpacte-del-tour-de-franca\/#primaryimage\"},\"thumbnailUrl\":\"https:\/\/artyplan.com\/wp-content\/uploads\/2025\/09\/tour-de-francia-servicios-de-impresion-scaled-1.jpg\",\"datePublished\":\"2024-06-09T22:00:00+00:00\",\"dateModified\":\"2025-09-07T14:20:02+00:00\",\"description\":\"Els serveis d'impressi\u00f3 maximitzen l'impacte del Tour de Fran\u00e7a per a organitzadors i patrocinadors. Material promocional i senyalitzaci\u00f3.\",\"breadcrumb\":{\"@id\":\"https:\/\/artyplan.com\/ca\/blog\/com-els-serveis-dimpressio-maximitzen-limpacte-del-tour-de-franca\/#breadcrumb\"},\"inLanguage\":\"ca\",\"potentialAction\":[{\"@type\":\"ReadAction\",\"target\":[\"https:\/\/artyplan.com\/ca\/blog\/com-els-serveis-dimpressio-maximitzen-limpacte-del-tour-de-franca\/\"]}]},{\"@type\":\"ImageObject\",\"inLanguage\":\"ca\",\"@id\":\"https:\/\/artyplan.com\/ca\/blog\/com-els-serveis-dimpressio-maximitzen-limpacte-del-tour-de-franca\/#primaryimage\",\"url\":\"https:\/\/artyplan.com\/wp-content\/uploads\/2025\/09\/tour-de-francia-servicios-de-impresion-scaled-1.jpg\",\"contentUrl\":\"https:\/\/artyplan.com\/wp-content\/uploads\/2025\/09\/tour-de-francia-servicios-de-impresion-scaled-1.jpg\",\"width\":2560,\"height\":960,\"caption\":\"tour de fran\u00e7a serveis d'impressi\u00f3|patrocinadores tour de francia||tour de francia\"},{\"@type\":\"BreadcrumbList\",\"@id\":\"https:\/\/artyplan.com\/ca\/blog\/com-els-serveis-dimpressio-maximitzen-limpacte-del-tour-de-franca\/#breadcrumb\",\"itemListElement\":[{\"@type\":\"ListItem\",\"position\":1,\"name\":\"Artyplan\",\"item\":\"https:\/\/artyplan.com\/ca\/\"},{\"@type\":\"ListItem\",\"position\":2,\"name\":\"Com els serveis d&#8217;impressi\u00f3 maximitzen l&#8217;impacte del Tour de Fran\u00e7a\"}]},{\"@type\":\"WebSite\",\"@id\":\"https:\/\/artyplan.com\/ca\/#website\",\"url\":\"https:\/\/artyplan.com\/ca\/\",\"name\":\"Artyplan\",\"description\":\"\",\"publisher\":{\"@id\":\"https:\/\/artyplan.com\/ca\/#organization\"},\"potentialAction\":[{\"@type\":\"SearchAction\",\"target\":{\"@type\":\"EntryPoint\",\"urlTemplate\":\"https:\/\/artyplan.com\/ca\/?s={search_term_string}\"},\"query-input\":{\"@type\":\"PropertyValueSpecification\",\"valueRequired\":true,\"valueName\":\"search_term_string\"}}],\"inLanguage\":\"ca\"},{\"@type\":\"Organization\",\"@id\":\"https:\/\/artyplan.com\/ca\/#organization\",\"name\":\"Artyplan\",\"url\":\"https:\/\/artyplan.com\/ca\/\",\"logo\":{\"@type\":\"ImageObject\",\"inLanguage\":\"ca\",\"@id\":\"https:\/\/artyplan.com\/ca\/#\/schema\/logo\/image\/\",\"url\":\"https:\/\/artyplan.com\/wp-content\/uploads\/2025\/12\/Logo-artyplan-690x690-1.png\",\"contentUrl\":\"https:\/\/artyplan.com\/wp-content\/uploads\/2025\/12\/Logo-artyplan-690x690-1.png\",\"width\":690,\"height\":690,\"caption\":\"Artyplan\"},\"image\":{\"@id\":\"https:\/\/artyplan.com\/ca\/#\/schema\/logo\/image\/\"},\"sameAs\":[\"https:\/\/www.facebook.com\/artyplan\",\"https:\/\/www.instagram.com\/artyplan\/\",\"https:\/\/www.linkedin.com\/company\/artyplan\"],\"description\":\"Artyplan \u00e9s una empresa especialitzada en producci\u00f3 gr\u00e0fica i comunicaci\u00f3 visual amb 60 anys dexperi\u00e8ncia. Oferim solucions integrals d'impressi\u00f3 en gran format, PLV i retail, gesti\u00f3 d'esdeveniments i fires, disseny i fabricaci\u00f3 a mida, log\u00edstica i serveis d'instal\u00b7laci\u00f3 a tot el territori. Treballem per a marques, ag\u00e8ncies, espais comercials i institucions que necessiten un partner fiable per desenvolupar campanyes de m\u00e0rqueting, projectes de retail i accions de branding o m\u00e0rqueting. Combinem tecnologia avan\u00e7ada d\u00b4impressi\u00f3 digital, un equip expert i una gesti\u00f3 completa de projectes per garantir qualitat, agilitat i resultats a mida per a cada client. Disposem de plataformes B2B que faciliten als nostres clients la gesti\u00f3 de les comandes de materials impresos aix\u00ed com la log\u00edstica dels mateixos.\",\"email\":\"info@artyplan.com\",\"telephone\":\"+34 93 200 87 99\",\"legalName\":\"Artyplan S.L.\",\"vatID\":\"B61963229\",\"numberOfEmployees\":{\"@type\":\"QuantitativeValue\",\"minValue\":\"51\",\"maxValue\":\"200\"}},{\"@type\":\"Person\",\"@id\":\"https:\/\/artyplan.com\/ca\/#\/schema\/person\/0ef19accced432bc277b8d5248cd2cc0\",\"name\":\"Sergio Triguero\",\"image\":{\"@type\":\"ImageObject\",\"inLanguage\":\"ca\",\"@id\":\"https:\/\/artyplan.com\/ca\/#\/schema\/person\/image\/\",\"url\":\"https:\/\/secure.gravatar.com\/avatar\/c742a95811ffbc635a3d111ab446f278cce576575d14970fd5d56e17580c3f23?s=96&d=mm&r=g\",\"contentUrl\":\"https:\/\/secure.gravatar.com\/avatar\/c742a95811ffbc635a3d111ab446f278cce576575d14970fd5d56e17580c3f23?s=96&d=mm&r=g\",\"caption\":\"Sergio Triguero\"}}]}<\/script>\n<!-- \/ Yoast SEO Premium plugin. -->","yoast_head_json":{"title":"Serveis d'Impressi\u00f3 en el Tour de Fran\u00e7a: M\u00e0xim impacte | Artyplan","description":"Els serveis d'impressi\u00f3 maximitzen l'impacte del Tour de Fran\u00e7a per a organitzadors i patrocinadors. Material promocional i senyalitzaci\u00f3.","robots":{"index":"index","follow":"follow","max-snippet":"max-snippet:-1","max-image-preview":"max-image-preview:large","max-video-preview":"max-video-preview:-1"},"canonical":"https:\/\/artyplan.com\/ca\/blog\/com-els-serveis-dimpressio-maximitzen-limpacte-del-tour-de-franca\/","og_locale":"ca_ES","og_type":"article","og_title":"Com els serveis d'impressi\u00f3 maximitzen l'impacte del Tour de Fran\u00e7a","og_description":"Els serveis d'impressi\u00f3 maximitzen l'impacte del Tour de Fran\u00e7a per a organitzadors i patrocinadors. Material promocional i senyalitzaci\u00f3.","og_url":"https:\/\/artyplan.com\/ca\/blog\/com-els-serveis-dimpressio-maximitzen-limpacte-del-tour-de-franca\/","og_site_name":"Artyplan","article_publisher":"https:\/\/www.facebook.com\/artyplan","article_published_time":"2024-06-09T22:00:00+00:00","article_modified_time":"2025-09-07T14:20:02+00:00","og_image":[{"width":2560,"height":960,"url":"https:\/\/artyplan.com\/wp-content\/uploads\/2025\/09\/tour-de-francia-servicios-de-impresion-scaled-1.jpg","type":"image\/jpeg"}],"author":"Sergio Triguero","twitter_card":"summary_large_image","twitter_misc":{"Escrit per":"Sergio Triguero","Temps estimat de lectura":"4 minuts"},"schema":{"@context":"https:\/\/schema.org","@graph":[{"@type":"Article","@id":"https:\/\/artyplan.com\/ca\/blog\/com-els-serveis-dimpressio-maximitzen-limpacte-del-tour-de-franca\/#article","isPartOf":{"@id":"https:\/\/artyplan.com\/ca\/blog\/com-els-serveis-dimpressio-maximitzen-limpacte-del-tour-de-franca\/"},"author":{"name":"Sergio Triguero","@id":"https:\/\/artyplan.com\/ca\/#\/schema\/person\/0ef19accced432bc277b8d5248cd2cc0"},"headline":"Com els serveis d&#8217;impressi\u00f3 maximitzen l&#8217;impacte del Tour de Fran\u00e7a","datePublished":"2024-06-09T22:00:00+00:00","dateModified":"2025-09-07T14:20:02+00:00","mainEntityOfPage":{"@id":"https:\/\/artyplan.com\/ca\/blog\/com-els-serveis-dimpressio-maximitzen-limpacte-del-tour-de-franca\/"},"wordCount":759,"publisher":{"@id":"https:\/\/artyplan.com\/ca\/#organization"},"image":{"@id":"https:\/\/artyplan.com\/ca\/blog\/com-els-serveis-dimpressio-maximitzen-limpacte-del-tour-de-franca\/#primaryimage"},"thumbnailUrl":"https:\/\/artyplan.com\/wp-content\/uploads\/2025\/09\/tour-de-francia-servicios-de-impresion-scaled-1.jpg","articleSection":["Noticies","Sense-categoritzar"],"inLanguage":"ca"},{"@type":"WebPage","@id":"https:\/\/artyplan.com\/ca\/blog\/com-els-serveis-dimpressio-maximitzen-limpacte-del-tour-de-franca\/","url":"https:\/\/artyplan.com\/ca\/blog\/com-els-serveis-dimpressio-maximitzen-limpacte-del-tour-de-franca\/","name":"Serveis d'Impressi\u00f3 en el Tour de Fran\u00e7a: M\u00e0xim impacte | Artyplan","isPartOf":{"@id":"https:\/\/artyplan.com\/ca\/#website"},"primaryImageOfPage":{"@id":"https:\/\/artyplan.com\/ca\/blog\/com-els-serveis-dimpressio-maximitzen-limpacte-del-tour-de-franca\/#primaryimage"},"image":{"@id":"https:\/\/artyplan.com\/ca\/blog\/com-els-serveis-dimpressio-maximitzen-limpacte-del-tour-de-franca\/#primaryimage"},"thumbnailUrl":"https:\/\/artyplan.com\/wp-content\/uploads\/2025\/09\/tour-de-francia-servicios-de-impresion-scaled-1.jpg","datePublished":"2024-06-09T22:00:00+00:00","dateModified":"2025-09-07T14:20:02+00:00","description":"Els serveis d'impressi\u00f3 maximitzen l'impacte del Tour de Fran\u00e7a per a organitzadors i patrocinadors. Material promocional i senyalitzaci\u00f3.","breadcrumb":{"@id":"https:\/\/artyplan.com\/ca\/blog\/com-els-serveis-dimpressio-maximitzen-limpacte-del-tour-de-franca\/#breadcrumb"},"inLanguage":"ca","potentialAction":[{"@type":"ReadAction","target":["https:\/\/artyplan.com\/ca\/blog\/com-els-serveis-dimpressio-maximitzen-limpacte-del-tour-de-franca\/"]}]},{"@type":"ImageObject","inLanguage":"ca","@id":"https:\/\/artyplan.com\/ca\/blog\/com-els-serveis-dimpressio-maximitzen-limpacte-del-tour-de-franca\/#primaryimage","url":"https:\/\/artyplan.com\/wp-content\/uploads\/2025\/09\/tour-de-francia-servicios-de-impresion-scaled-1.jpg","contentUrl":"https:\/\/artyplan.com\/wp-content\/uploads\/2025\/09\/tour-de-francia-servicios-de-impresion-scaled-1.jpg","width":2560,"height":960,"caption":"tour de fran\u00e7a serveis d'impressi\u00f3|patrocinadores tour de francia||tour de francia"},{"@type":"BreadcrumbList","@id":"https:\/\/artyplan.com\/ca\/blog\/com-els-serveis-dimpressio-maximitzen-limpacte-del-tour-de-franca\/#breadcrumb","itemListElement":[{"@type":"ListItem","position":1,"name":"Artyplan","item":"https:\/\/artyplan.com\/ca\/"},{"@type":"ListItem","position":2,"name":"Com els serveis d&#8217;impressi\u00f3 maximitzen l&#8217;impacte del Tour de Fran\u00e7a"}]},{"@type":"WebSite","@id":"https:\/\/artyplan.com\/ca\/#website","url":"https:\/\/artyplan.com\/ca\/","name":"Artyplan","description":"","publisher":{"@id":"https:\/\/artyplan.com\/ca\/#organization"},"potentialAction":[{"@type":"SearchAction","target":{"@type":"EntryPoint","urlTemplate":"https:\/\/artyplan.com\/ca\/?s={search_term_string}"},"query-input":{"@type":"PropertyValueSpecification","valueRequired":true,"valueName":"search_term_string"}}],"inLanguage":"ca"},{"@type":"Organization","@id":"https:\/\/artyplan.com\/ca\/#organization","name":"Artyplan","url":"https:\/\/artyplan.com\/ca\/","logo":{"@type":"ImageObject","inLanguage":"ca","@id":"https:\/\/artyplan.com\/ca\/#\/schema\/logo\/image\/","url":"https:\/\/artyplan.com\/wp-content\/uploads\/2025\/12\/Logo-artyplan-690x690-1.png","contentUrl":"https:\/\/artyplan.com\/wp-content\/uploads\/2025\/12\/Logo-artyplan-690x690-1.png","width":690,"height":690,"caption":"Artyplan"},"image":{"@id":"https:\/\/artyplan.com\/ca\/#\/schema\/logo\/image\/"},"sameAs":["https:\/\/www.facebook.com\/artyplan","https:\/\/www.instagram.com\/artyplan\/","https:\/\/www.linkedin.com\/company\/artyplan"],"description":"Artyplan \u00e9s una empresa especialitzada en producci\u00f3 gr\u00e0fica i comunicaci\u00f3 visual amb 60 anys dexperi\u00e8ncia. Oferim solucions integrals d'impressi\u00f3 en gran format, PLV i retail, gesti\u00f3 d'esdeveniments i fires, disseny i fabricaci\u00f3 a mida, log\u00edstica i serveis d'instal\u00b7laci\u00f3 a tot el territori. Treballem per a marques, ag\u00e8ncies, espais comercials i institucions que necessiten un partner fiable per desenvolupar campanyes de m\u00e0rqueting, projectes de retail i accions de branding o m\u00e0rqueting. Combinem tecnologia avan\u00e7ada d\u00b4impressi\u00f3 digital, un equip expert i una gesti\u00f3 completa de projectes per garantir qualitat, agilitat i resultats a mida per a cada client. Disposem de plataformes B2B que faciliten als nostres clients la gesti\u00f3 de les comandes de materials impresos aix\u00ed com la log\u00edstica dels mateixos.","email":"info@artyplan.com","telephone":"+34 93 200 87 99","legalName":"Artyplan S.L.","vatID":"B61963229","numberOfEmployees":{"@type":"QuantitativeValue","minValue":"51","maxValue":"200"}},{"@type":"Person","@id":"https:\/\/artyplan.com\/ca\/#\/schema\/person\/0ef19accced432bc277b8d5248cd2cc0","name":"Sergio Triguero","image":{"@type":"ImageObject","inLanguage":"ca","@id":"https:\/\/artyplan.com\/ca\/#\/schema\/person\/image\/","url":"https:\/\/secure.gravatar.com\/avatar\/c742a95811ffbc635a3d111ab446f278cce576575d14970fd5d56e17580c3f23?s=96&d=mm&r=g","contentUrl":"https:\/\/secure.gravatar.com\/avatar\/c742a95811ffbc635a3d111ab446f278cce576575d14970fd5d56e17580c3f23?s=96&d=mm&r=g","caption":"Sergio Triguero"}}]}},"_links":{"self":[{"href":"https:\/\/artyplan.com\/ca\/wp-json\/wp\/v2\/posts\/5879","targetHints":{"allow":["GET"]}}],"collection":[{"href":"https:\/\/artyplan.com\/ca\/wp-json\/wp\/v2\/posts"}],"about":[{"href":"https:\/\/artyplan.com\/ca\/wp-json\/wp\/v2\/types\/post"}],"author":[{"embeddable":true,"href":"https:\/\/artyplan.com\/ca\/wp-json\/wp\/v2\/users\/3"}],"replies":[{"embeddable":true,"href":"https:\/\/artyplan.com\/ca\/wp-json\/wp\/v2\/comments?post=5879"}],"version-history":[{"count":7,"href":"https:\/\/artyplan.com\/ca\/wp-json\/wp\/v2\/posts\/5879\/revisions"}],"predecessor-version":[{"id":7955,"href":"https:\/\/artyplan.com\/ca\/wp-json\/wp\/v2\/posts\/5879\/revisions\/7955"}],"wp:featuredmedia":[{"embeddable":true,"href":"https:\/\/artyplan.com\/ca\/wp-json\/wp\/v2\/media\/7414"}],"wp:attachment":[{"href":"https:\/\/artyplan.com\/ca\/wp-json\/wp\/v2\/media?parent=5879"}],"wp:term":[{"taxonomy":"category","embeddable":true,"href":"https:\/\/artyplan.com\/ca\/wp-json\/wp\/v2\/categories?post=5879"},{"taxonomy":"post_tag","embeddable":true,"href":"https:\/\/artyplan.com\/ca\/wp-json\/wp\/v2\/tags?post=5879"}],"curies":[{"name":"wp","href":"https:\/\/api.w.org\/{rel}","templated":true}]}}