{"id":5885,"date":"2024-06-17T00:00:00","date_gmt":"2024-06-16T22:00:00","guid":{"rendered":"https:\/\/preweb.artyplan.com\/sin-categorizar\/impressio-de-gran-format-per-a-campanyes-politiques-limpacte-en-les-eleccions-europees-de-2024\/"},"modified":"2026-02-04T09:51:29","modified_gmt":"2026-02-04T07:51:29","slug":"impressio-de-gran-format-per-a-campanyes-politiques-limpacte-en-les-eleccions-europees-de-2024","status":"publish","type":"post","link":"https:\/\/artyplan.com\/ca\/blog\/impressio-de-gran-format-per-a-campanyes-politiques-limpacte-en-les-eleccions-europees-de-2024\/","title":{"rendered":"Impressi\u00f3  per a campanyes pol\u00edtiques: Eleccions europees de 2024"},"content":{"rendered":"<p>El 9 de juny es van celebrar les eleccions europees 2024. Han estat una fita significativa en la hist\u00f2ria pol\u00edtica, no sols per la import\u00e0ncia dels temes tractats, sin\u00f3 tamb\u00e9 per les innovadores estrat\u00e8gies de comunicaci\u00f3 utilitzades pels partits i moviments socials.<\/p>\n<p>En aquest article, explorarem com la impressi\u00f3 de gran format influeix en aquest tipus de campanyes pol\u00edtiques i per qu\u00e8 continua sent una eina indispensable en l&#8217;\u00e0mbit pol\u00edtic i social.<\/p>\n<h2>La impressi\u00f3 de gran format en el context de les eleccions<\/h2>\n<p>Les eleccions europees de 2024 s&#8217;han caracteritzat per una forta compet\u00e8ncia entre diferents partits pol\u00edtics i moviments socials, cadascun lluitant per captar l&#8217;atenci\u00f3 i el suport dels votants en tota Europa. La diversitat cultural i ling\u00fc\u00edstica del continent requereix estrat\u00e8gies de comunicaci\u00f3 visual que siguin tan efectives com adaptables. Aqu\u00ed \u00e9s on la impressi\u00f3 de gran format ha demostrat ser inavaluable.<\/p>\n<h2>Beneficis de la impressi\u00f3 de gran format en campanyes electorals<\/h2>\n<p>La impressi\u00f3 de gran format \u00e9s crucial en les campanyes electorals per la seva capacitat per a garantir una alta visibilitat, un fort impacto visual i durabilitat, permetent als partits pol\u00edtics comunicar els seus missatges de manera efectiva i constant.<\/p>\n<h4>Impacte visual<\/h4>\n<p>Les grans ciutats europees, amb el seu alt tr\u00e0nsit per als vianants i vehicular, s\u00f3n llocs ideals per a la instal\u00b7laci\u00f3 de materials d&#8217;impressi\u00f3 de gran format. Aquests gr\u00e0fics cridaners i ben dissenyats han captat l&#8217;atenci\u00f3 dels transe\u00fcnts, creant una pres\u00e8ncia constant i memorable en l&#8217;entorn urb\u00e0.<\/p>\n<h4>Durabilitat i resist\u00e8ncia<\/h4>\n<p>Els materials d&#8217;alta qualitat utilitzats en la impressi\u00f3 de gran format, com els vinils resistents a certes condicions climatol\u00f2giques, han assegurat que els missatges pol\u00edtics romanguin visibles i en bon estat durant tota la campanya, malgrat les condicions meteorol\u00f2giques adverses en algunes regions.<\/p>\n<h2>Exemples d&#8217;aplicacions en les eleccions europees<\/h2>\n<p>Durant les eleccions europees, els partits pol\u00edtics han utilitzat diverses aplicacions d&#8217;impressi\u00f3 de gran format per a maximitzar l&#8217;impacte de les seves campanyes. A continuaci\u00f3, es descriuen alguns exemples destacats de com aquests recursos han estat implementats efica\u00e7ment.<\/p>\n<h4>Tanques publicit\u00e0ries<\/h4>\n<p>Col\u00b7locar tanques publicit\u00e0ries en punts estrat\u00e8gics i d&#8217;alt tr\u00e0nsit ha perm\u00e8s als partits pol\u00edtics augmentar significativament la visibilitat de les seves campanyes. Aquestes tanques han estat situades en zones urbanes i rurals, aconseguint a una \u00e0mplia audi\u00e8ncia.<\/p>\n<h4>Cartells en espais p\u00fablics<\/h4>\n<p>Els cartells de gran format han estat utilitzats en llocs espec\u00edfics, com a parades d&#8217;autob\u00fas, estacions de tren i places p\u00fabliques, per a garantir que els missatges pol\u00edtics siguin vists per la major quantitat de persones possible.<\/p>\n<figure id=\"attachment_13678\" aria-describedby=\"caption-attachment-13678\" style=\"width: 300px\" class=\"wp-caption alignleft\"><img fetchpriority=\"high\" decoding=\"async\" class=\"wp-image-13678 size-medium\" src=\"https:\/\/preweb.artyplan.com\/wp-content\/uploads\/2025\/09\/banderas-elecciones-europeas-scaled-1-300x207.jpg\" alt=\"banderas elecciones europeas\" width=\"300\" height=\"207\" \/><figcaption id=\"caption-attachment-13678\" class=\"wp-caption-text\">Dissenyat per Freepik<\/figcaption><\/figure>\n<h4>Pancartes i banderes en esdeveniments<\/h4>\n<p>Les pancartes i banderes han estat eines vers\u00e0tils en esdeveniments de campanya, manifestacions i concentracions. S\u00f3n f\u00e0cils de transportar i desplegar, la qual cosa les converteix en una opci\u00f3 ideal per a campanyes m\u00f2bils i activitats a l&#8217;aire lliure.<\/p>\n<h4>Murals a fa\u00e7anes d&#8217;edificis<\/h4>\n<p>Transformar fa\u00e7anes d&#8217;edificis en llen\u00e7os per a missatges pol\u00edtics ha creat un impacte visual impressionant. Els murals de gran format han comunicat missatges complexos de manera atractiva i memorable, contribuint a la imatge p\u00fablica dels candidats.<\/p>\n<h4>Retolaci\u00f3 de vehicles de campanya<\/h4>\n<p>La retolaci\u00f3 de vehicles amb gr\u00e0fics de gran format ha perm\u00e8s portar el missatge de la campanya a diferents llocs, augmentant la cobertura i l&#8217;abast de manera efectiva. Aquests vehicles han recorregut ciutats i pobles, assegurant que els missatges arribin directament als votants.<\/p>\n<p>La impressi\u00f3 per a campanyes pol\u00edtiques de gran format ha demostrat ser una eina poderosa i indispensable, especialment durant les eleccions europees de 2024. La seva capacitat per a oferir alta visibilitat, adaptabilitat i durabilitat ha perm\u00e8s als partits pol\u00edtics i moviments socials comunicar els seus missatges de manera efectiva en tot el continent.<\/p>\n<p>En Artyplan, ens especialitzem a oferir <a href=\"http:\/\/artyplan.com\/ca\/productes-impressio\/serveis-dimpressio-de-gran-format\/\" target=\"_blank\" rel=\"noopener\">serveis d&#8217;impressi\u00f3 de gran format<\/a> de la m\u00e9s alta qualitat. Amb tecnologia innovadora i un equip d&#8217;experts, estem compromesos a ajudar els nostres clients a aconseguir els seus objectius de comunicaci\u00f3 visual de manera efectiva i professional.<\/p>\n","protected":false},"excerpt":{"rendered":"<p>El 9 de juny es van celebrar les eleccions europees 2024. Han estat una fita significativa en la hist\u00f2ria pol\u00edtica, no sols per la import\u00e0ncia dels temes tractats, sin\u00f3 tamb\u00e9 per les innovadores estrat\u00e8gies de comunicaci\u00f3 utilitzades pels partits i moviments socials. En aquest article, explorarem com la impressi\u00f3 de gran format influeix en aquest [&hellip;]<\/p>\n","protected":false},"author":3,"featured_media":7417,"comment_status":"closed","ping_status":"closed","sticky":false,"template":"","format":"standard","meta":{"footnotes":""},"categories":[54,1],"tags":[],"class_list":["post-5885","post","type-post","status-publish","format-standard","has-post-thumbnail","hentry","category-noticies-ca","category-sense-categoritzar"],"yoast_head":"<!-- This site is optimized with the Yoast SEO Premium plugin v26.5 (Yoast SEO v26.5) - https:\/\/yoast.com\/wordpress\/plugins\/seo\/ -->\n<title>Impressi\u00f3 per a campanyes pol\u00edtiques 2024<\/title>\n<meta name=\"description\" content=\"La impressi\u00f3 per a campanyes pol\u00edtiques en gran format ha revolucionat les eleccions europees 2024, garantint impacte visual durador.\" \/>\n<meta name=\"robots\" content=\"index, follow, max-snippet:-1, max-image-preview:large, max-video-preview:-1\" \/>\n<link rel=\"canonical\" href=\"https:\/\/artyplan.com\/ca\/blog\/impressio-de-gran-format-per-a-campanyes-politiques-limpacte-en-les-eleccions-europees-de-2024\/\" \/>\n<meta property=\"og:locale\" content=\"ca_ES\" \/>\n<meta property=\"og:type\" content=\"article\" \/>\n<meta property=\"og:title\" content=\"Impressi\u00f3 per a campanyes pol\u00edtiques: Eleccions europees de 2024\" \/>\n<meta property=\"og:description\" content=\"La impressi\u00f3 per a campanyes pol\u00edtiques en gran format ha revolucionat les eleccions europees 2024, garantint impacte visual durador.\" \/>\n<meta property=\"og:url\" content=\"https:\/\/artyplan.com\/ca\/blog\/impressio-de-gran-format-per-a-campanyes-politiques-limpacte-en-les-eleccions-europees-de-2024\/\" \/>\n<meta property=\"og:site_name\" content=\"Artyplan\" \/>\n<meta property=\"article:publisher\" content=\"https:\/\/www.facebook.com\/artyplan\" \/>\n<meta property=\"article:published_time\" content=\"2024-06-16T22:00:00+00:00\" \/>\n<meta property=\"article:modified_time\" content=\"2026-02-04T07:51:29+00:00\" \/>\n<meta property=\"og:image\" content=\"https:\/\/artyplan.com\/wp-content\/uploads\/2025\/09\/elecciones-europeas.jpg\" \/>\n\t<meta property=\"og:image:width\" content=\"1920\" \/>\n\t<meta property=\"og:image:height\" content=\"600\" \/>\n\t<meta property=\"og:image:type\" content=\"image\/jpeg\" \/>\n<meta name=\"author\" content=\"Sergio Triguero\" \/>\n<meta name=\"twitter:card\" content=\"summary_large_image\" \/>\n<meta name=\"twitter:label1\" content=\"Escrit per\" \/>\n\t<meta name=\"twitter:data1\" content=\"Sergio Triguero\" \/>\n\t<meta name=\"twitter:label2\" content=\"Temps estimat de lectura\" \/>\n\t<meta name=\"twitter:data2\" content=\"4 minuts\" \/>\n<script type=\"application\/ld+json\" class=\"yoast-schema-graph\">{\"@context\":\"https:\/\/schema.org\",\"@graph\":[{\"@type\":\"Article\",\"@id\":\"https:\/\/artyplan.com\/ca\/blog\/impressio-de-gran-format-per-a-campanyes-politiques-limpacte-en-les-eleccions-europees-de-2024\/#article\",\"isPartOf\":{\"@id\":\"https:\/\/artyplan.com\/ca\/blog\/impressio-de-gran-format-per-a-campanyes-politiques-limpacte-en-les-eleccions-europees-de-2024\/\"},\"author\":{\"name\":\"Sergio Triguero\",\"@id\":\"https:\/\/artyplan.com\/ca\/#\/schema\/person\/0ef19accced432bc277b8d5248cd2cc0\"},\"headline\":\"Impressi\u00f3 per a campanyes pol\u00edtiques: Eleccions europees de 2024\",\"datePublished\":\"2024-06-16T22:00:00+00:00\",\"dateModified\":\"2026-02-04T07:51:29+00:00\",\"mainEntityOfPage\":{\"@id\":\"https:\/\/artyplan.com\/ca\/blog\/impressio-de-gran-format-per-a-campanyes-politiques-limpacte-en-les-eleccions-europees-de-2024\/\"},\"wordCount\":726,\"publisher\":{\"@id\":\"https:\/\/artyplan.com\/ca\/#organization\"},\"image\":{\"@id\":\"https:\/\/artyplan.com\/ca\/blog\/impressio-de-gran-format-per-a-campanyes-politiques-limpacte-en-les-eleccions-europees-de-2024\/#primaryimage\"},\"thumbnailUrl\":\"https:\/\/artyplan.com\/wp-content\/uploads\/2025\/09\/elecciones-europeas.jpg\",\"articleSection\":[\"Noticies\",\"Sense-categoritzar\"],\"inLanguage\":\"ca\"},{\"@type\":\"WebPage\",\"@id\":\"https:\/\/artyplan.com\/ca\/blog\/impressio-de-gran-format-per-a-campanyes-politiques-limpacte-en-les-eleccions-europees-de-2024\/\",\"url\":\"https:\/\/artyplan.com\/ca\/blog\/impressio-de-gran-format-per-a-campanyes-politiques-limpacte-en-les-eleccions-europees-de-2024\/\",\"name\":\"Impressi\u00f3 per a campanyes pol\u00edtiques 2024\",\"isPartOf\":{\"@id\":\"https:\/\/artyplan.com\/ca\/#website\"},\"primaryImageOfPage\":{\"@id\":\"https:\/\/artyplan.com\/ca\/blog\/impressio-de-gran-format-per-a-campanyes-politiques-limpacte-en-les-eleccions-europees-de-2024\/#primaryimage\"},\"image\":{\"@id\":\"https:\/\/artyplan.com\/ca\/blog\/impressio-de-gran-format-per-a-campanyes-politiques-limpacte-en-les-eleccions-europees-de-2024\/#primaryimage\"},\"thumbnailUrl\":\"https:\/\/artyplan.com\/wp-content\/uploads\/2025\/09\/elecciones-europeas.jpg\",\"datePublished\":\"2024-06-16T22:00:00+00:00\",\"dateModified\":\"2026-02-04T07:51:29+00:00\",\"description\":\"La impressi\u00f3 per a campanyes pol\u00edtiques en gran format ha revolucionat les eleccions europees 2024, garantint impacte visual durador.\",\"breadcrumb\":{\"@id\":\"https:\/\/artyplan.com\/ca\/blog\/impressio-de-gran-format-per-a-campanyes-politiques-limpacte-en-les-eleccions-europees-de-2024\/#breadcrumb\"},\"inLanguage\":\"ca\",\"potentialAction\":[{\"@type\":\"ReadAction\",\"target\":[\"https:\/\/artyplan.com\/ca\/blog\/impressio-de-gran-format-per-a-campanyes-politiques-limpacte-en-les-eleccions-europees-de-2024\/\"]}]},{\"@type\":\"ImageObject\",\"inLanguage\":\"ca\",\"@id\":\"https:\/\/artyplan.com\/ca\/blog\/impressio-de-gran-format-per-a-campanyes-politiques-limpacte-en-les-eleccions-europees-de-2024\/#primaryimage\",\"url\":\"https:\/\/artyplan.com\/wp-content\/uploads\/2025\/09\/elecciones-europeas.jpg\",\"contentUrl\":\"https:\/\/artyplan.com\/wp-content\/uploads\/2025\/09\/elecciones-europeas.jpg\",\"width\":1920,\"height\":600,\"caption\":\"elecciones europeas|banderas elecciones europeas|banderas elecciones europeas\"},{\"@type\":\"BreadcrumbList\",\"@id\":\"https:\/\/artyplan.com\/ca\/blog\/impressio-de-gran-format-per-a-campanyes-politiques-limpacte-en-les-eleccions-europees-de-2024\/#breadcrumb\",\"itemListElement\":[{\"@type\":\"ListItem\",\"position\":1,\"name\":\"Artyplan\",\"item\":\"https:\/\/artyplan.com\/ca\/\"},{\"@type\":\"ListItem\",\"position\":2,\"name\":\"Impressi\u00f3 per a campanyes pol\u00edtiques: Eleccions europees de 2024\"}]},{\"@type\":\"WebSite\",\"@id\":\"https:\/\/artyplan.com\/ca\/#website\",\"url\":\"https:\/\/artyplan.com\/ca\/\",\"name\":\"Artyplan\",\"description\":\"\",\"publisher\":{\"@id\":\"https:\/\/artyplan.com\/ca\/#organization\"},\"potentialAction\":[{\"@type\":\"SearchAction\",\"target\":{\"@type\":\"EntryPoint\",\"urlTemplate\":\"https:\/\/artyplan.com\/ca\/?s={search_term_string}\"},\"query-input\":{\"@type\":\"PropertyValueSpecification\",\"valueRequired\":true,\"valueName\":\"search_term_string\"}}],\"inLanguage\":\"ca\"},{\"@type\":\"Organization\",\"@id\":\"https:\/\/artyplan.com\/ca\/#organization\",\"name\":\"Artyplan\",\"url\":\"https:\/\/artyplan.com\/ca\/\",\"logo\":{\"@type\":\"ImageObject\",\"inLanguage\":\"ca\",\"@id\":\"https:\/\/artyplan.com\/ca\/#\/schema\/logo\/image\/\",\"url\":\"https:\/\/artyplan.com\/wp-content\/uploads\/2025\/12\/Logo-artyplan-690x690-1.png\",\"contentUrl\":\"https:\/\/artyplan.com\/wp-content\/uploads\/2025\/12\/Logo-artyplan-690x690-1.png\",\"width\":690,\"height\":690,\"caption\":\"Artyplan\"},\"image\":{\"@id\":\"https:\/\/artyplan.com\/ca\/#\/schema\/logo\/image\/\"},\"sameAs\":[\"https:\/\/www.facebook.com\/artyplan\",\"https:\/\/www.instagram.com\/artyplan\/\",\"https:\/\/www.linkedin.com\/company\/artyplan\"],\"description\":\"Artyplan \u00e9s una empresa especialitzada en producci\u00f3 gr\u00e0fica i comunicaci\u00f3 visual amb 60 anys dexperi\u00e8ncia. Oferim solucions integrals d'impressi\u00f3 en gran format, PLV i retail, gesti\u00f3 d'esdeveniments i fires, disseny i fabricaci\u00f3 a mida, log\u00edstica i serveis d'instal\u00b7laci\u00f3 a tot el territori. Treballem per a marques, ag\u00e8ncies, espais comercials i institucions que necessiten un partner fiable per desenvolupar campanyes de m\u00e0rqueting, projectes de retail i accions de branding o m\u00e0rqueting. Combinem tecnologia avan\u00e7ada d\u00b4impressi\u00f3 digital, un equip expert i una gesti\u00f3 completa de projectes per garantir qualitat, agilitat i resultats a mida per a cada client. Disposem de plataformes B2B que faciliten als nostres clients la gesti\u00f3 de les comandes de materials impresos aix\u00ed com la log\u00edstica dels mateixos.\",\"email\":\"info@artyplan.com\",\"telephone\":\"+34 93 200 87 99\",\"legalName\":\"Artyplan S.L.\",\"vatID\":\"B61963229\",\"numberOfEmployees\":{\"@type\":\"QuantitativeValue\",\"minValue\":\"51\",\"maxValue\":\"200\"}},{\"@type\":\"Person\",\"@id\":\"https:\/\/artyplan.com\/ca\/#\/schema\/person\/0ef19accced432bc277b8d5248cd2cc0\",\"name\":\"Sergio Triguero\",\"image\":{\"@type\":\"ImageObject\",\"inLanguage\":\"ca\",\"@id\":\"https:\/\/artyplan.com\/ca\/#\/schema\/person\/image\/\",\"url\":\"https:\/\/secure.gravatar.com\/avatar\/c742a95811ffbc635a3d111ab446f278cce576575d14970fd5d56e17580c3f23?s=96&d=mm&r=g\",\"contentUrl\":\"https:\/\/secure.gravatar.com\/avatar\/c742a95811ffbc635a3d111ab446f278cce576575d14970fd5d56e17580c3f23?s=96&d=mm&r=g\",\"caption\":\"Sergio Triguero\"}}]}<\/script>\n<!-- \/ Yoast SEO Premium plugin. -->","yoast_head_json":{"title":"Impressi\u00f3 per a campanyes pol\u00edtiques 2024","description":"La impressi\u00f3 per a campanyes pol\u00edtiques en gran format ha revolucionat les eleccions europees 2024, garantint impacte visual durador.","robots":{"index":"index","follow":"follow","max-snippet":"max-snippet:-1","max-image-preview":"max-image-preview:large","max-video-preview":"max-video-preview:-1"},"canonical":"https:\/\/artyplan.com\/ca\/blog\/impressio-de-gran-format-per-a-campanyes-politiques-limpacte-en-les-eleccions-europees-de-2024\/","og_locale":"ca_ES","og_type":"article","og_title":"Impressi\u00f3 per a campanyes pol\u00edtiques: Eleccions europees de 2024","og_description":"La impressi\u00f3 per a campanyes pol\u00edtiques en gran format ha revolucionat les eleccions europees 2024, garantint impacte visual durador.","og_url":"https:\/\/artyplan.com\/ca\/blog\/impressio-de-gran-format-per-a-campanyes-politiques-limpacte-en-les-eleccions-europees-de-2024\/","og_site_name":"Artyplan","article_publisher":"https:\/\/www.facebook.com\/artyplan","article_published_time":"2024-06-16T22:00:00+00:00","article_modified_time":"2026-02-04T07:51:29+00:00","og_image":[{"width":1920,"height":600,"url":"https:\/\/artyplan.com\/wp-content\/uploads\/2025\/09\/elecciones-europeas.jpg","type":"image\/jpeg"}],"author":"Sergio Triguero","twitter_card":"summary_large_image","twitter_misc":{"Escrit per":"Sergio Triguero","Temps estimat de lectura":"4 minuts"},"schema":{"@context":"https:\/\/schema.org","@graph":[{"@type":"Article","@id":"https:\/\/artyplan.com\/ca\/blog\/impressio-de-gran-format-per-a-campanyes-politiques-limpacte-en-les-eleccions-europees-de-2024\/#article","isPartOf":{"@id":"https:\/\/artyplan.com\/ca\/blog\/impressio-de-gran-format-per-a-campanyes-politiques-limpacte-en-les-eleccions-europees-de-2024\/"},"author":{"name":"Sergio Triguero","@id":"https:\/\/artyplan.com\/ca\/#\/schema\/person\/0ef19accced432bc277b8d5248cd2cc0"},"headline":"Impressi\u00f3 per a campanyes pol\u00edtiques: Eleccions europees de 2024","datePublished":"2024-06-16T22:00:00+00:00","dateModified":"2026-02-04T07:51:29+00:00","mainEntityOfPage":{"@id":"https:\/\/artyplan.com\/ca\/blog\/impressio-de-gran-format-per-a-campanyes-politiques-limpacte-en-les-eleccions-europees-de-2024\/"},"wordCount":726,"publisher":{"@id":"https:\/\/artyplan.com\/ca\/#organization"},"image":{"@id":"https:\/\/artyplan.com\/ca\/blog\/impressio-de-gran-format-per-a-campanyes-politiques-limpacte-en-les-eleccions-europees-de-2024\/#primaryimage"},"thumbnailUrl":"https:\/\/artyplan.com\/wp-content\/uploads\/2025\/09\/elecciones-europeas.jpg","articleSection":["Noticies","Sense-categoritzar"],"inLanguage":"ca"},{"@type":"WebPage","@id":"https:\/\/artyplan.com\/ca\/blog\/impressio-de-gran-format-per-a-campanyes-politiques-limpacte-en-les-eleccions-europees-de-2024\/","url":"https:\/\/artyplan.com\/ca\/blog\/impressio-de-gran-format-per-a-campanyes-politiques-limpacte-en-les-eleccions-europees-de-2024\/","name":"Impressi\u00f3 per a campanyes pol\u00edtiques 2024","isPartOf":{"@id":"https:\/\/artyplan.com\/ca\/#website"},"primaryImageOfPage":{"@id":"https:\/\/artyplan.com\/ca\/blog\/impressio-de-gran-format-per-a-campanyes-politiques-limpacte-en-les-eleccions-europees-de-2024\/#primaryimage"},"image":{"@id":"https:\/\/artyplan.com\/ca\/blog\/impressio-de-gran-format-per-a-campanyes-politiques-limpacte-en-les-eleccions-europees-de-2024\/#primaryimage"},"thumbnailUrl":"https:\/\/artyplan.com\/wp-content\/uploads\/2025\/09\/elecciones-europeas.jpg","datePublished":"2024-06-16T22:00:00+00:00","dateModified":"2026-02-04T07:51:29+00:00","description":"La impressi\u00f3 per a campanyes pol\u00edtiques en gran format ha revolucionat les eleccions europees 2024, garantint impacte visual durador.","breadcrumb":{"@id":"https:\/\/artyplan.com\/ca\/blog\/impressio-de-gran-format-per-a-campanyes-politiques-limpacte-en-les-eleccions-europees-de-2024\/#breadcrumb"},"inLanguage":"ca","potentialAction":[{"@type":"ReadAction","target":["https:\/\/artyplan.com\/ca\/blog\/impressio-de-gran-format-per-a-campanyes-politiques-limpacte-en-les-eleccions-europees-de-2024\/"]}]},{"@type":"ImageObject","inLanguage":"ca","@id":"https:\/\/artyplan.com\/ca\/blog\/impressio-de-gran-format-per-a-campanyes-politiques-limpacte-en-les-eleccions-europees-de-2024\/#primaryimage","url":"https:\/\/artyplan.com\/wp-content\/uploads\/2025\/09\/elecciones-europeas.jpg","contentUrl":"https:\/\/artyplan.com\/wp-content\/uploads\/2025\/09\/elecciones-europeas.jpg","width":1920,"height":600,"caption":"elecciones europeas|banderas elecciones europeas|banderas elecciones europeas"},{"@type":"BreadcrumbList","@id":"https:\/\/artyplan.com\/ca\/blog\/impressio-de-gran-format-per-a-campanyes-politiques-limpacte-en-les-eleccions-europees-de-2024\/#breadcrumb","itemListElement":[{"@type":"ListItem","position":1,"name":"Artyplan","item":"https:\/\/artyplan.com\/ca\/"},{"@type":"ListItem","position":2,"name":"Impressi\u00f3 per a campanyes pol\u00edtiques: Eleccions europees de 2024"}]},{"@type":"WebSite","@id":"https:\/\/artyplan.com\/ca\/#website","url":"https:\/\/artyplan.com\/ca\/","name":"Artyplan","description":"","publisher":{"@id":"https:\/\/artyplan.com\/ca\/#organization"},"potentialAction":[{"@type":"SearchAction","target":{"@type":"EntryPoint","urlTemplate":"https:\/\/artyplan.com\/ca\/?s={search_term_string}"},"query-input":{"@type":"PropertyValueSpecification","valueRequired":true,"valueName":"search_term_string"}}],"inLanguage":"ca"},{"@type":"Organization","@id":"https:\/\/artyplan.com\/ca\/#organization","name":"Artyplan","url":"https:\/\/artyplan.com\/ca\/","logo":{"@type":"ImageObject","inLanguage":"ca","@id":"https:\/\/artyplan.com\/ca\/#\/schema\/logo\/image\/","url":"https:\/\/artyplan.com\/wp-content\/uploads\/2025\/12\/Logo-artyplan-690x690-1.png","contentUrl":"https:\/\/artyplan.com\/wp-content\/uploads\/2025\/12\/Logo-artyplan-690x690-1.png","width":690,"height":690,"caption":"Artyplan"},"image":{"@id":"https:\/\/artyplan.com\/ca\/#\/schema\/logo\/image\/"},"sameAs":["https:\/\/www.facebook.com\/artyplan","https:\/\/www.instagram.com\/artyplan\/","https:\/\/www.linkedin.com\/company\/artyplan"],"description":"Artyplan \u00e9s una empresa especialitzada en producci\u00f3 gr\u00e0fica i comunicaci\u00f3 visual amb 60 anys dexperi\u00e8ncia. Oferim solucions integrals d'impressi\u00f3 en gran format, PLV i retail, gesti\u00f3 d'esdeveniments i fires, disseny i fabricaci\u00f3 a mida, log\u00edstica i serveis d'instal\u00b7laci\u00f3 a tot el territori. Treballem per a marques, ag\u00e8ncies, espais comercials i institucions que necessiten un partner fiable per desenvolupar campanyes de m\u00e0rqueting, projectes de retail i accions de branding o m\u00e0rqueting. Combinem tecnologia avan\u00e7ada d\u00b4impressi\u00f3 digital, un equip expert i una gesti\u00f3 completa de projectes per garantir qualitat, agilitat i resultats a mida per a cada client. Disposem de plataformes B2B que faciliten als nostres clients la gesti\u00f3 de les comandes de materials impresos aix\u00ed com la log\u00edstica dels mateixos.","email":"info@artyplan.com","telephone":"+34 93 200 87 99","legalName":"Artyplan S.L.","vatID":"B61963229","numberOfEmployees":{"@type":"QuantitativeValue","minValue":"51","maxValue":"200"}},{"@type":"Person","@id":"https:\/\/artyplan.com\/ca\/#\/schema\/person\/0ef19accced432bc277b8d5248cd2cc0","name":"Sergio Triguero","image":{"@type":"ImageObject","inLanguage":"ca","@id":"https:\/\/artyplan.com\/ca\/#\/schema\/person\/image\/","url":"https:\/\/secure.gravatar.com\/avatar\/c742a95811ffbc635a3d111ab446f278cce576575d14970fd5d56e17580c3f23?s=96&d=mm&r=g","contentUrl":"https:\/\/secure.gravatar.com\/avatar\/c742a95811ffbc635a3d111ab446f278cce576575d14970fd5d56e17580c3f23?s=96&d=mm&r=g","caption":"Sergio Triguero"}}]}},"_links":{"self":[{"href":"https:\/\/artyplan.com\/ca\/wp-json\/wp\/v2\/posts\/5885","targetHints":{"allow":["GET"]}}],"collection":[{"href":"https:\/\/artyplan.com\/ca\/wp-json\/wp\/v2\/posts"}],"about":[{"href":"https:\/\/artyplan.com\/ca\/wp-json\/wp\/v2\/types\/post"}],"author":[{"embeddable":true,"href":"https:\/\/artyplan.com\/ca\/wp-json\/wp\/v2\/users\/3"}],"replies":[{"embeddable":true,"href":"https:\/\/artyplan.com\/ca\/wp-json\/wp\/v2\/comments?post=5885"}],"version-history":[{"count":8,"href":"https:\/\/artyplan.com\/ca\/wp-json\/wp\/v2\/posts\/5885\/revisions"}],"predecessor-version":[{"id":13621,"href":"https:\/\/artyplan.com\/ca\/wp-json\/wp\/v2\/posts\/5885\/revisions\/13621"}],"wp:featuredmedia":[{"embeddable":true,"href":"https:\/\/artyplan.com\/ca\/wp-json\/wp\/v2\/media\/7417"}],"wp:attachment":[{"href":"https:\/\/artyplan.com\/ca\/wp-json\/wp\/v2\/media?parent=5885"}],"wp:term":[{"taxonomy":"category","embeddable":true,"href":"https:\/\/artyplan.com\/ca\/wp-json\/wp\/v2\/categories?post=5885"},{"taxonomy":"post_tag","embeddable":true,"href":"https:\/\/artyplan.com\/ca\/wp-json\/wp\/v2\/tags?post=5885"}],"curies":[{"name":"wp","href":"https:\/\/api.w.org\/{rel}","templated":true}]}}