{"id":5892,"date":"2024-06-14T00:00:00","date_gmt":"2024-06-13T22:00:00","guid":{"rendered":"https:\/\/preweb.artyplan.com\/sin-categorizar\/artyplan-col%c2%b7laboradors-en-aplec-dels-ateneus-2024\/"},"modified":"2025-09-07T16:20:18","modified_gmt":"2025-09-07T14:20:18","slug":"artyplan-col%c2%b7laboradors-en-aplec-dels-ateneus-2024","status":"publish","type":"post","link":"https:\/\/artyplan.com\/ca\/blog\/artyplan-collaboradors-en-aplec-dels-ateneus-2024\/","title":{"rendered":"Artyplan: Col\u00b7laboradors en l&#8217;Aplec dels Ateneus 2024"},"content":{"rendered":"<p><em>El passat 2 de juny, Artyplan va tenir l&#8217;honor de col\u00b7laborar en l\u2019 <a href=\"https:\/\/aplec.ateneus.cat\/\" target=\"_blank\" rel=\"noopener\">Aplec dels Ateneus<\/a>, un esdeveniment significatiu organitzat per la <a href=\"https:\/\/ateneus.cat\/\" target=\"_blank\" rel=\"noopener\">Federaci\u00f3 d&#8217;Ateneus de Catalunya<\/a> en la Col\u00f2nia G\u00fcell de Santa Coloma de Cervell\u00f3.<\/em><\/p>\n<figure id=\"attachment_12445\" aria-describedby=\"caption-attachment-12445\" style=\"width: 314px\" class=\"wp-caption alignleft\"><img fetchpriority=\"high\" decoding=\"async\" class=\"wp-image-12445 \" src=\"https:\/\/preweb.artyplan.com\/wp-content\/uploads\/2025\/09\/FAC-Aplec-Ateneus-24-Foto1274-1-scaled.jpg\" alt=\"aplec ateneus\" width=\"314\" height=\"209\" \/><figcaption id=\"caption-attachment-12445\" class=\"wp-caption-text\">Cr\u00e8dits: Toni Galit\u00f3 Fotografia cedida per la Federaci\u00f3 d&#8217;Ateneus de Catalunya @ateneuscat<\/figcaption><\/figure>\n<p>Una celebraci\u00f3, per a con\u00e8ixer les associacions catalanes que dinamitzen en l\u2019\u00e0mbit social i cultural tots els racons de Catalunya. Va ser una jornada en la qual, es van organitzar diverses activitats culturals, com a tallers, actuacions musicals, exposicions i confer\u00e8ncies obertes a tothom.<\/p>\n<p>Artyplan, comprom\u00e8s amb el suport a la cultura i la tradici\u00f3 catalana, va proporcionar serveis d&#8217;impressi\u00f3 per als materials de l&#8217;esdeveniment, assegurant una comunicaci\u00f3 visual d&#8217;alta qualitat que va contribuir a l&#8217;\u00e8xit de la jornada.<\/p>\n<p>Agra\u00efm a la Federaci\u00f3 d&#8217;Ateneus de Catalunya per aquesta oportunitat de participaci\u00f3 i ens enorgulleix formar part d&#8217;una iniciativa que promou la cohesi\u00f3 i l&#8217;enriquiment cultural.<\/p>\n<h2>Federaci\u00f3 d\u2019Ateneus de Catalunya<\/h2>\n<p>La Federaci\u00f3 d\u2019Ateneus de Catalunya \u00e9s una organitzaci\u00f3 que agrupa i fa costat a m\u00e9s de 200 associacions de Catalunya, promovent la cultura local. Facilita recursos, formaci\u00f3 i assessorament als seus membres, i organitza esdeveniments per a fomentar la participaci\u00f3 comunit\u00e0ria i la difusi\u00f3 cultural.<\/p>\n<h2>Artyplan: Serveis d\u2019impressi\u00f3 per a l\u2019empresa<\/h2>\n<p>Artyplan \u00e9s una empresa amb m\u00e9s de 55 anys d\u2019experi\u00e8ncia, especialitzada en serveis d&#8217;impressi\u00f3 i solucions gr\u00e0fiques. Ofereix una \u00e0mplia gamma de productes, des d&#8217;impressi\u00f3 digital i offset fins a gran format i acabats personalitzats, adaptant-se a les necessitats dels seus clients per a proporcionar resultats d&#8217;alta qualitat en cada projecte.<\/p>\n","protected":false},"excerpt":{"rendered":"<p>El passat 2 de juny, Artyplan va tenir l&#8217;honor de col\u00b7laborar en l\u2019 Aplec dels Ateneus, un esdeveniment significatiu organitzat per la Federaci\u00f3 d&#8217;Ateneus de Catalunya en la Col\u00f2nia G\u00fcell de Santa Coloma de Cervell\u00f3. Una celebraci\u00f3, per a con\u00e8ixer les associacions catalanes que dinamitzen en l\u2019\u00e0mbit social i cultural tots els racons de Catalunya. [&hellip;]<\/p>\n","protected":false},"author":3,"featured_media":7422,"comment_status":"closed","ping_status":"closed","sticky":false,"template":"","format":"standard","meta":{"footnotes":""},"categories":[35,54],"tags":[],"class_list":["post-5892","post","type-post","status-publish","format-standard","has-post-thumbnail","hentry","category-noticias","category-noticies-ca"],"yoast_head":"<!-- This site is optimized with the Yoast SEO Premium plugin v26.5 (Yoast SEO v26.5) - https:\/\/yoast.com\/wordpress\/plugins\/seo\/ -->\n<title>Artyplan: Col\u00b7laboradors en l&#039;Aplec dels Ateneus 2024 | Artyplan<\/title>\n<meta name=\"description\" content=\"Artyplan va col\u00b7laborar en la trobada dels Ateneus, organitzat per la Federaci\u00f3 d&#039;Ateneus de Catalunya, que va celebrar la cultura catalana.\" \/>\n<meta name=\"robots\" content=\"index, follow, max-snippet:-1, max-image-preview:large, max-video-preview:-1\" \/>\n<link rel=\"canonical\" href=\"https:\/\/artyplan.com\/ca\/blog\/artyplan-collaboradors-en-aplec-dels-ateneus-2024\/\" \/>\n<meta property=\"og:locale\" content=\"ca_ES\" \/>\n<meta property=\"og:type\" content=\"article\" \/>\n<meta property=\"og:title\" content=\"Artyplan: Col\u00b7laboradors en l&#039;Aplec dels Ateneus 2024\" \/>\n<meta property=\"og:description\" content=\"Artyplan va col\u00b7laborar en la trobada dels Ateneus, organitzat per la Federaci\u00f3 d&#039;Ateneus de Catalunya, que va celebrar la cultura catalana.\" \/>\n<meta property=\"og:url\" content=\"https:\/\/artyplan.com\/ca\/blog\/artyplan-collaboradors-en-aplec-dels-ateneus-2024\/\" \/>\n<meta property=\"og:site_name\" content=\"Artyplan\" \/>\n<meta property=\"article:publisher\" content=\"https:\/\/www.facebook.com\/artyplan\" \/>\n<meta property=\"article:published_time\" content=\"2024-06-13T22:00:00+00:00\" \/>\n<meta property=\"article:modified_time\" content=\"2025-09-07T14:20:18+00:00\" \/>\n<meta property=\"og:image\" content=\"https:\/\/artyplan.com\/wp-content\/uploads\/2025\/09\/aplec-blog-min.jpg\" \/>\n\t<meta property=\"og:image:width\" content=\"1920\" \/>\n\t<meta property=\"og:image:height\" content=\"600\" \/>\n\t<meta property=\"og:image:type\" content=\"image\/jpeg\" \/>\n<meta name=\"author\" content=\"Sergio Triguero\" \/>\n<meta name=\"twitter:card\" content=\"summary_large_image\" \/>\n<meta name=\"twitter:label1\" content=\"Escrit per\" \/>\n\t<meta name=\"twitter:data1\" content=\"Sergio Triguero\" \/>\n\t<meta name=\"twitter:label2\" content=\"Temps estimat de lectura\" \/>\n\t<meta name=\"twitter:data2\" content=\"1 minut\" \/>\n<script type=\"application\/ld+json\" class=\"yoast-schema-graph\">{\"@context\":\"https:\/\/schema.org\",\"@graph\":[{\"@type\":\"Article\",\"@id\":\"https:\/\/artyplan.com\/ca\/blog\/artyplan-collaboradors-en-aplec-dels-ateneus-2024\/#article\",\"isPartOf\":{\"@id\":\"https:\/\/artyplan.com\/ca\/blog\/artyplan-collaboradors-en-aplec-dels-ateneus-2024\/\"},\"author\":{\"name\":\"Sergio Triguero\",\"@id\":\"https:\/\/artyplan.com\/ca\/#\/schema\/person\/0ef19accced432bc277b8d5248cd2cc0\"},\"headline\":\"Artyplan: Col\u00b7laboradors en l&#8217;Aplec dels Ateneus 2024\",\"datePublished\":\"2024-06-13T22:00:00+00:00\",\"dateModified\":\"2025-09-07T14:20:18+00:00\",\"mainEntityOfPage\":{\"@id\":\"https:\/\/artyplan.com\/ca\/blog\/artyplan-collaboradors-en-aplec-dels-ateneus-2024\/\"},\"wordCount\":302,\"publisher\":{\"@id\":\"https:\/\/artyplan.com\/ca\/#organization\"},\"image\":{\"@id\":\"https:\/\/artyplan.com\/ca\/blog\/artyplan-collaboradors-en-aplec-dels-ateneus-2024\/#primaryimage\"},\"thumbnailUrl\":\"https:\/\/artyplan.com\/wp-content\/uploads\/2025\/09\/aplec-blog-min.jpg\",\"articleSection\":[\"Noticias\",\"Noticies\"],\"inLanguage\":\"ca\"},{\"@type\":\"WebPage\",\"@id\":\"https:\/\/artyplan.com\/ca\/blog\/artyplan-collaboradors-en-aplec-dels-ateneus-2024\/\",\"url\":\"https:\/\/artyplan.com\/ca\/blog\/artyplan-collaboradors-en-aplec-dels-ateneus-2024\/\",\"name\":\"Artyplan: Col\u00b7laboradors en l'Aplec dels Ateneus 2024 | Artyplan\",\"isPartOf\":{\"@id\":\"https:\/\/artyplan.com\/ca\/#website\"},\"primaryImageOfPage\":{\"@id\":\"https:\/\/artyplan.com\/ca\/blog\/artyplan-collaboradors-en-aplec-dels-ateneus-2024\/#primaryimage\"},\"image\":{\"@id\":\"https:\/\/artyplan.com\/ca\/blog\/artyplan-collaboradors-en-aplec-dels-ateneus-2024\/#primaryimage\"},\"thumbnailUrl\":\"https:\/\/artyplan.com\/wp-content\/uploads\/2025\/09\/aplec-blog-min.jpg\",\"datePublished\":\"2024-06-13T22:00:00+00:00\",\"dateModified\":\"2025-09-07T14:20:18+00:00\",\"description\":\"Artyplan va col\u00b7laborar en la trobada dels Ateneus, organitzat per la Federaci\u00f3 d'Ateneus de Catalunya, que va celebrar la cultura catalana.\",\"breadcrumb\":{\"@id\":\"https:\/\/artyplan.com\/ca\/blog\/artyplan-collaboradors-en-aplec-dels-ateneus-2024\/#breadcrumb\"},\"inLanguage\":\"ca\",\"potentialAction\":[{\"@type\":\"ReadAction\",\"target\":[\"https:\/\/artyplan.com\/ca\/blog\/artyplan-collaboradors-en-aplec-dels-ateneus-2024\/\"]}]},{\"@type\":\"ImageObject\",\"inLanguage\":\"ca\",\"@id\":\"https:\/\/artyplan.com\/ca\/blog\/artyplan-collaboradors-en-aplec-dels-ateneus-2024\/#primaryimage\",\"url\":\"https:\/\/artyplan.com\/wp-content\/uploads\/2025\/09\/aplec-blog-min.jpg\",\"contentUrl\":\"https:\/\/artyplan.com\/wp-content\/uploads\/2025\/09\/aplec-blog-min.jpg\",\"width\":1920,\"height\":600,\"caption\":\"ateneos de catalu\u00f1a|aplec ateneus\"},{\"@type\":\"BreadcrumbList\",\"@id\":\"https:\/\/artyplan.com\/ca\/blog\/artyplan-collaboradors-en-aplec-dels-ateneus-2024\/#breadcrumb\",\"itemListElement\":[{\"@type\":\"ListItem\",\"position\":1,\"name\":\"Artyplan\",\"item\":\"https:\/\/artyplan.com\/ca\/\"},{\"@type\":\"ListItem\",\"position\":2,\"name\":\"Artyplan: Col\u00b7laboradors en l&#8217;Aplec dels Ateneus 2024\"}]},{\"@type\":\"WebSite\",\"@id\":\"https:\/\/artyplan.com\/ca\/#website\",\"url\":\"https:\/\/artyplan.com\/ca\/\",\"name\":\"Artyplan\",\"description\":\"\",\"publisher\":{\"@id\":\"https:\/\/artyplan.com\/ca\/#organization\"},\"potentialAction\":[{\"@type\":\"SearchAction\",\"target\":{\"@type\":\"EntryPoint\",\"urlTemplate\":\"https:\/\/artyplan.com\/ca\/?s={search_term_string}\"},\"query-input\":{\"@type\":\"PropertyValueSpecification\",\"valueRequired\":true,\"valueName\":\"search_term_string\"}}],\"inLanguage\":\"ca\"},{\"@type\":\"Organization\",\"@id\":\"https:\/\/artyplan.com\/ca\/#organization\",\"name\":\"Artyplan\",\"url\":\"https:\/\/artyplan.com\/ca\/\",\"logo\":{\"@type\":\"ImageObject\",\"inLanguage\":\"ca\",\"@id\":\"https:\/\/artyplan.com\/ca\/#\/schema\/logo\/image\/\",\"url\":\"https:\/\/artyplan.com\/wp-content\/uploads\/2025\/12\/Logo-artyplan-690x690-1.png\",\"contentUrl\":\"https:\/\/artyplan.com\/wp-content\/uploads\/2025\/12\/Logo-artyplan-690x690-1.png\",\"width\":690,\"height\":690,\"caption\":\"Artyplan\"},\"image\":{\"@id\":\"https:\/\/artyplan.com\/ca\/#\/schema\/logo\/image\/\"},\"sameAs\":[\"https:\/\/www.facebook.com\/artyplan\",\"https:\/\/www.instagram.com\/artyplan\/\",\"https:\/\/www.linkedin.com\/company\/artyplan\"],\"description\":\"Artyplan \u00e9s una empresa especialitzada en producci\u00f3 gr\u00e0fica i comunicaci\u00f3 visual amb 60 anys dexperi\u00e8ncia. Oferim solucions integrals d'impressi\u00f3 en gran format, PLV i retail, gesti\u00f3 d'esdeveniments i fires, disseny i fabricaci\u00f3 a mida, log\u00edstica i serveis d'instal\u00b7laci\u00f3 a tot el territori. Treballem per a marques, ag\u00e8ncies, espais comercials i institucions que necessiten un partner fiable per desenvolupar campanyes de m\u00e0rqueting, projectes de retail i accions de branding o m\u00e0rqueting. Combinem tecnologia avan\u00e7ada d\u00b4impressi\u00f3 digital, un equip expert i una gesti\u00f3 completa de projectes per garantir qualitat, agilitat i resultats a mida per a cada client. Disposem de plataformes B2B que faciliten als nostres clients la gesti\u00f3 de les comandes de materials impresos aix\u00ed com la log\u00edstica dels mateixos.\",\"email\":\"info@artyplan.com\",\"telephone\":\"+34 93 200 87 99\",\"legalName\":\"Artyplan S.L.\",\"vatID\":\"B61963229\",\"numberOfEmployees\":{\"@type\":\"QuantitativeValue\",\"minValue\":\"51\",\"maxValue\":\"200\"}},{\"@type\":\"Person\",\"@id\":\"https:\/\/artyplan.com\/ca\/#\/schema\/person\/0ef19accced432bc277b8d5248cd2cc0\",\"name\":\"Sergio Triguero\",\"image\":{\"@type\":\"ImageObject\",\"inLanguage\":\"ca\",\"@id\":\"https:\/\/artyplan.com\/ca\/#\/schema\/person\/image\/\",\"url\":\"https:\/\/secure.gravatar.com\/avatar\/c742a95811ffbc635a3d111ab446f278cce576575d14970fd5d56e17580c3f23?s=96&d=mm&r=g\",\"contentUrl\":\"https:\/\/secure.gravatar.com\/avatar\/c742a95811ffbc635a3d111ab446f278cce576575d14970fd5d56e17580c3f23?s=96&d=mm&r=g\",\"caption\":\"Sergio Triguero\"}}]}<\/script>\n<!-- \/ Yoast SEO Premium plugin. -->","yoast_head_json":{"title":"Artyplan: Col\u00b7laboradors en l'Aplec dels Ateneus 2024 | Artyplan","description":"Artyplan va col\u00b7laborar en la trobada dels Ateneus, organitzat per la Federaci\u00f3 d'Ateneus de Catalunya, que va celebrar la cultura catalana.","robots":{"index":"index","follow":"follow","max-snippet":"max-snippet:-1","max-image-preview":"max-image-preview:large","max-video-preview":"max-video-preview:-1"},"canonical":"https:\/\/artyplan.com\/ca\/blog\/artyplan-collaboradors-en-aplec-dels-ateneus-2024\/","og_locale":"ca_ES","og_type":"article","og_title":"Artyplan: Col\u00b7laboradors en l'Aplec dels Ateneus 2024","og_description":"Artyplan va col\u00b7laborar en la trobada dels Ateneus, organitzat per la Federaci\u00f3 d'Ateneus de Catalunya, que va celebrar la cultura catalana.","og_url":"https:\/\/artyplan.com\/ca\/blog\/artyplan-collaboradors-en-aplec-dels-ateneus-2024\/","og_site_name":"Artyplan","article_publisher":"https:\/\/www.facebook.com\/artyplan","article_published_time":"2024-06-13T22:00:00+00:00","article_modified_time":"2025-09-07T14:20:18+00:00","og_image":[{"width":1920,"height":600,"url":"https:\/\/artyplan.com\/wp-content\/uploads\/2025\/09\/aplec-blog-min.jpg","type":"image\/jpeg"}],"author":"Sergio Triguero","twitter_card":"summary_large_image","twitter_misc":{"Escrit per":"Sergio Triguero","Temps estimat de lectura":"1 minut"},"schema":{"@context":"https:\/\/schema.org","@graph":[{"@type":"Article","@id":"https:\/\/artyplan.com\/ca\/blog\/artyplan-collaboradors-en-aplec-dels-ateneus-2024\/#article","isPartOf":{"@id":"https:\/\/artyplan.com\/ca\/blog\/artyplan-collaboradors-en-aplec-dels-ateneus-2024\/"},"author":{"name":"Sergio Triguero","@id":"https:\/\/artyplan.com\/ca\/#\/schema\/person\/0ef19accced432bc277b8d5248cd2cc0"},"headline":"Artyplan: Col\u00b7laboradors en l&#8217;Aplec dels Ateneus 2024","datePublished":"2024-06-13T22:00:00+00:00","dateModified":"2025-09-07T14:20:18+00:00","mainEntityOfPage":{"@id":"https:\/\/artyplan.com\/ca\/blog\/artyplan-collaboradors-en-aplec-dels-ateneus-2024\/"},"wordCount":302,"publisher":{"@id":"https:\/\/artyplan.com\/ca\/#organization"},"image":{"@id":"https:\/\/artyplan.com\/ca\/blog\/artyplan-collaboradors-en-aplec-dels-ateneus-2024\/#primaryimage"},"thumbnailUrl":"https:\/\/artyplan.com\/wp-content\/uploads\/2025\/09\/aplec-blog-min.jpg","articleSection":["Noticias","Noticies"],"inLanguage":"ca"},{"@type":"WebPage","@id":"https:\/\/artyplan.com\/ca\/blog\/artyplan-collaboradors-en-aplec-dels-ateneus-2024\/","url":"https:\/\/artyplan.com\/ca\/blog\/artyplan-collaboradors-en-aplec-dels-ateneus-2024\/","name":"Artyplan: Col\u00b7laboradors en l'Aplec dels Ateneus 2024 | Artyplan","isPartOf":{"@id":"https:\/\/artyplan.com\/ca\/#website"},"primaryImageOfPage":{"@id":"https:\/\/artyplan.com\/ca\/blog\/artyplan-collaboradors-en-aplec-dels-ateneus-2024\/#primaryimage"},"image":{"@id":"https:\/\/artyplan.com\/ca\/blog\/artyplan-collaboradors-en-aplec-dels-ateneus-2024\/#primaryimage"},"thumbnailUrl":"https:\/\/artyplan.com\/wp-content\/uploads\/2025\/09\/aplec-blog-min.jpg","datePublished":"2024-06-13T22:00:00+00:00","dateModified":"2025-09-07T14:20:18+00:00","description":"Artyplan va col\u00b7laborar en la trobada dels Ateneus, organitzat per la Federaci\u00f3 d'Ateneus de Catalunya, que va celebrar la cultura catalana.","breadcrumb":{"@id":"https:\/\/artyplan.com\/ca\/blog\/artyplan-collaboradors-en-aplec-dels-ateneus-2024\/#breadcrumb"},"inLanguage":"ca","potentialAction":[{"@type":"ReadAction","target":["https:\/\/artyplan.com\/ca\/blog\/artyplan-collaboradors-en-aplec-dels-ateneus-2024\/"]}]},{"@type":"ImageObject","inLanguage":"ca","@id":"https:\/\/artyplan.com\/ca\/blog\/artyplan-collaboradors-en-aplec-dels-ateneus-2024\/#primaryimage","url":"https:\/\/artyplan.com\/wp-content\/uploads\/2025\/09\/aplec-blog-min.jpg","contentUrl":"https:\/\/artyplan.com\/wp-content\/uploads\/2025\/09\/aplec-blog-min.jpg","width":1920,"height":600,"caption":"ateneos de catalu\u00f1a|aplec ateneus"},{"@type":"BreadcrumbList","@id":"https:\/\/artyplan.com\/ca\/blog\/artyplan-collaboradors-en-aplec-dels-ateneus-2024\/#breadcrumb","itemListElement":[{"@type":"ListItem","position":1,"name":"Artyplan","item":"https:\/\/artyplan.com\/ca\/"},{"@type":"ListItem","position":2,"name":"Artyplan: Col\u00b7laboradors en l&#8217;Aplec dels Ateneus 2024"}]},{"@type":"WebSite","@id":"https:\/\/artyplan.com\/ca\/#website","url":"https:\/\/artyplan.com\/ca\/","name":"Artyplan","description":"","publisher":{"@id":"https:\/\/artyplan.com\/ca\/#organization"},"potentialAction":[{"@type":"SearchAction","target":{"@type":"EntryPoint","urlTemplate":"https:\/\/artyplan.com\/ca\/?s={search_term_string}"},"query-input":{"@type":"PropertyValueSpecification","valueRequired":true,"valueName":"search_term_string"}}],"inLanguage":"ca"},{"@type":"Organization","@id":"https:\/\/artyplan.com\/ca\/#organization","name":"Artyplan","url":"https:\/\/artyplan.com\/ca\/","logo":{"@type":"ImageObject","inLanguage":"ca","@id":"https:\/\/artyplan.com\/ca\/#\/schema\/logo\/image\/","url":"https:\/\/artyplan.com\/wp-content\/uploads\/2025\/12\/Logo-artyplan-690x690-1.png","contentUrl":"https:\/\/artyplan.com\/wp-content\/uploads\/2025\/12\/Logo-artyplan-690x690-1.png","width":690,"height":690,"caption":"Artyplan"},"image":{"@id":"https:\/\/artyplan.com\/ca\/#\/schema\/logo\/image\/"},"sameAs":["https:\/\/www.facebook.com\/artyplan","https:\/\/www.instagram.com\/artyplan\/","https:\/\/www.linkedin.com\/company\/artyplan"],"description":"Artyplan \u00e9s una empresa especialitzada en producci\u00f3 gr\u00e0fica i comunicaci\u00f3 visual amb 60 anys dexperi\u00e8ncia. Oferim solucions integrals d'impressi\u00f3 en gran format, PLV i retail, gesti\u00f3 d'esdeveniments i fires, disseny i fabricaci\u00f3 a mida, log\u00edstica i serveis d'instal\u00b7laci\u00f3 a tot el territori. Treballem per a marques, ag\u00e8ncies, espais comercials i institucions que necessiten un partner fiable per desenvolupar campanyes de m\u00e0rqueting, projectes de retail i accions de branding o m\u00e0rqueting. Combinem tecnologia avan\u00e7ada d\u00b4impressi\u00f3 digital, un equip expert i una gesti\u00f3 completa de projectes per garantir qualitat, agilitat i resultats a mida per a cada client. Disposem de plataformes B2B que faciliten als nostres clients la gesti\u00f3 de les comandes de materials impresos aix\u00ed com la log\u00edstica dels mateixos.","email":"info@artyplan.com","telephone":"+34 93 200 87 99","legalName":"Artyplan S.L.","vatID":"B61963229","numberOfEmployees":{"@type":"QuantitativeValue","minValue":"51","maxValue":"200"}},{"@type":"Person","@id":"https:\/\/artyplan.com\/ca\/#\/schema\/person\/0ef19accced432bc277b8d5248cd2cc0","name":"Sergio Triguero","image":{"@type":"ImageObject","inLanguage":"ca","@id":"https:\/\/artyplan.com\/ca\/#\/schema\/person\/image\/","url":"https:\/\/secure.gravatar.com\/avatar\/c742a95811ffbc635a3d111ab446f278cce576575d14970fd5d56e17580c3f23?s=96&d=mm&r=g","contentUrl":"https:\/\/secure.gravatar.com\/avatar\/c742a95811ffbc635a3d111ab446f278cce576575d14970fd5d56e17580c3f23?s=96&d=mm&r=g","caption":"Sergio Triguero"}}]}},"_links":{"self":[{"href":"https:\/\/artyplan.com\/ca\/wp-json\/wp\/v2\/posts\/5892","targetHints":{"allow":["GET"]}}],"collection":[{"href":"https:\/\/artyplan.com\/ca\/wp-json\/wp\/v2\/posts"}],"about":[{"href":"https:\/\/artyplan.com\/ca\/wp-json\/wp\/v2\/types\/post"}],"author":[{"embeddable":true,"href":"https:\/\/artyplan.com\/ca\/wp-json\/wp\/v2\/users\/3"}],"replies":[{"embeddable":true,"href":"https:\/\/artyplan.com\/ca\/wp-json\/wp\/v2\/comments?post=5892"}],"version-history":[{"count":7,"href":"https:\/\/artyplan.com\/ca\/wp-json\/wp\/v2\/posts\/5892\/revisions"}],"predecessor-version":[{"id":7961,"href":"https:\/\/artyplan.com\/ca\/wp-json\/wp\/v2\/posts\/5892\/revisions\/7961"}],"wp:featuredmedia":[{"embeddable":true,"href":"https:\/\/artyplan.com\/ca\/wp-json\/wp\/v2\/media\/7422"}],"wp:attachment":[{"href":"https:\/\/artyplan.com\/ca\/wp-json\/wp\/v2\/media?parent=5892"}],"wp:term":[{"taxonomy":"category","embeddable":true,"href":"https:\/\/artyplan.com\/ca\/wp-json\/wp\/v2\/categories?post=5892"},{"taxonomy":"post_tag","embeddable":true,"href":"https:\/\/artyplan.com\/ca\/wp-json\/wp\/v2\/tags?post=5892"}],"curies":[{"name":"wp","href":"https:\/\/api.w.org\/{rel}","templated":true}]}}