{"id":5918,"date":"2024-06-25T00:00:00","date_gmt":"2024-06-24T22:00:00","guid":{"rendered":"https:\/\/preweb.artyplan.com\/sin-categorizar\/ignasi-pietx-ceo-dartyplan-nou-president-de-comertia\/"},"modified":"2025-09-07T16:20:37","modified_gmt":"2025-09-07T14:20:37","slug":"ignasi-pietx-ceo-dartyplan-nou-president-de-comertia","status":"publish","type":"post","link":"https:\/\/artyplan.com\/ca\/blog\/ignasi-pietx-ceo-dartyplan-nou-president-de-comertia\/","title":{"rendered":"Ignasi Pietx, CEO d\u2019Artyplan, nou president de Comertia"},"content":{"rendered":"<p>Anunciem que el nostre Director General, Ignasi Pietx, ha estat nomenat president de <a href=\"https:\/\/www.comertia.net\/\">Comertia<\/a>, l\u2019associaci\u00f3 d&#8217;empreses familiars del sector retail a Catalunya. Aquest nomenament, realitzat durant l&#8217;assemblea general de socis a Barcelona, reflecteix la dedicaci\u00f3 i comprom\u00eds que Ignasi ha demostrat al llarg de la seva traject\u00f2ria.<\/p>\n<p>Comertia \u00e9s una associaci\u00f3 que agrupa 59 empreses, representant 120 marques comercials amb 4.500 punts de venda. Aquestes empreses generen 40,000 llocs de treball directes i tenen una facturaci\u00f3 anual de 9,000 milions d&#8217;euros.<\/p>\n<h2><strong>Un lideratge comprom\u00e8s amb el futur del sector retail<\/strong><\/h2>\n<p>Ignasi Pietx, Director General d\u2019Artyplan des de 1993, ha participat activament en diferents \u00e0mbits empresarials. Ha estat Vicepresident de Comertia, membre \u00a0de Femcat, conseller del C4T Tourism Business &amp; Planning i soci del Cercle d\u2019Economia. Economista de formaci\u00f3, va comen\u00e7ar la seva carrera com a Director General de T\u00e8xtil TC.<\/p>\n<p>Sota la seva direcci\u00f3, Artyplan ha crescut de manera significativa, convertint-se en un referent en el sector. L&#8217;elecci\u00f3 d&#8217;Ignasi com a president de Comertia \u00e9s un reconeixement a la seva capacitat de lideratge i la seva visi\u00f3 per al futur del retail.<\/p>\n<h2><strong>Objectius i propostes<\/strong><\/h2>\n<p>En el seu nou rol, Ignasi Pietx treballar\u00e0 en diversos \u00e0mbits clau per al desenvolupament del sector retail. Entre els seus principals objectius es troben:<\/p>\n<ul>\n<li><strong>Enfortiment del creixement org\u00e0nic i activitat entre els socis de Comertia:<\/strong> Increment de forma significativa dels socis de Comertia, sobretot a tot al territori de Catalunya. Potenciar l\u2019activitat i les relacions dins de\u00a0 Comertia<\/li>\n<li><strong>Formaci\u00f3 i talent\u00a0<\/strong>\u00a0Promoure la formaci\u00f3 cont\u00ednua i la gesti\u00f3 del talent dins del sector, assegurant que les empreses familiars comptin amb professionals ben preparats per afrontar els reptes actuals.<\/li>\n<li><strong>Innovaci\u00f3 i aliances institucionals:<\/strong>\u00a0Impulsar la innovaci\u00f3 mitjan\u00e7ant noves tecnologies i models de negoci, aix\u00ed com establir aliances estrat\u00e8giques amb institucions i resta d\u2019associacions que donin suport al sector.<\/li>\n<li><strong>Fiscalitat justa i reducci\u00f3 de burocr\u00e0cia:<\/strong>\u00a0Advocant per una fiscalitat m\u00e9s equitativa i la simplificaci\u00f3 dels tr\u00e0mits burocr\u00e0tics, per tal de facilitar el creixement i la competitivitat de les empreses del sector retail.<\/li>\n<li><strong>Comertia Joves<\/strong>.\u00a0Potenciar la incorporaci\u00f3 i professionalitzaci\u00f3 de les noves generacions en les empreses familiars per millorar la transici\u00f3 i el canvi generacional.<\/li>\n<\/ul>\n<p>Volem felicitar el nostre CEO, Ignasi Pietx, per aquest nomenament i expressar la nostra confian\u00e7a que, sota el seu lideratge, Comertia aconseguir\u00e0 nous \u00e8xits que beneficiaran tota la comunitat empresarial catalana.<\/p>\n","protected":false},"excerpt":{"rendered":"<p>Anunciem que el nostre Director General, Ignasi Pietx, ha estat nomenat president de Comertia, l\u2019associaci\u00f3 d&#8217;empreses familiars del sector retail a Catalunya. Aquest nomenament, realitzat durant l&#8217;assemblea general de socis a Barcelona, reflecteix la dedicaci\u00f3 i comprom\u00eds que Ignasi ha demostrat al llarg de la seva traject\u00f2ria. Comertia \u00e9s una associaci\u00f3 que agrupa 59 empreses, [&hellip;]<\/p>\n","protected":false},"author":3,"featured_media":5917,"comment_status":"closed","ping_status":"closed","sticky":false,"template":"","format":"standard","meta":{"footnotes":""},"categories":[54,1],"tags":[],"class_list":["post-5918","post","type-post","status-publish","format-standard","has-post-thumbnail","hentry","category-noticies-ca","category-sense-categoritzar"],"yoast_head":"<!-- This site is optimized with the Yoast SEO Premium plugin v26.5 (Yoast SEO v26.5) - https:\/\/yoast.com\/wordpress\/plugins\/seo\/ -->\n<title>Ignasi Pietx, CEO d\u2019Artyplan, nou president de Comertia | Artyplan<\/title>\n<meta name=\"description\" content=\"Ignasi Pietx, nomenat president de Comertia, associaci\u00f3 d&#039;empreses retail a Catalunya. Coneix propostes pel creixement del sector.\" \/>\n<meta name=\"robots\" content=\"index, follow, max-snippet:-1, max-image-preview:large, max-video-preview:-1\" \/>\n<link rel=\"canonical\" href=\"https:\/\/artyplan.com\/ca\/blog\/ignasi-pietx-ceo-dartyplan-nou-president-de-comertia\/\" \/>\n<meta property=\"og:locale\" content=\"ca_ES\" \/>\n<meta property=\"og:type\" content=\"article\" \/>\n<meta property=\"og:title\" content=\"Ignasi Pietx, CEO d\u2019Artyplan, nou president de Comertia\" \/>\n<meta property=\"og:description\" content=\"Ignasi Pietx, nomenat president de Comertia, associaci\u00f3 d&#039;empreses retail a Catalunya. Coneix propostes pel creixement del sector.\" \/>\n<meta property=\"og:url\" content=\"https:\/\/artyplan.com\/ca\/blog\/ignasi-pietx-ceo-dartyplan-nou-president-de-comertia\/\" \/>\n<meta property=\"og:site_name\" content=\"Artyplan\" \/>\n<meta property=\"article:publisher\" content=\"https:\/\/www.facebook.com\/artyplan\" \/>\n<meta property=\"article:published_time\" content=\"2024-06-24T22:00:00+00:00\" \/>\n<meta property=\"article:modified_time\" content=\"2025-09-07T14:20:37+00:00\" \/>\n<meta property=\"og:image\" content=\"https:\/\/artyplan.com\/wp-content\/uploads\/2025\/09\/ignasi-pietx-president-de-comertia-1.png\" \/>\n\t<meta property=\"og:image:width\" content=\"1920\" \/>\n\t<meta property=\"og:image:height\" content=\"600\" \/>\n\t<meta property=\"og:image:type\" content=\"image\/png\" \/>\n<meta name=\"author\" content=\"Sergio Triguero\" \/>\n<meta name=\"twitter:card\" content=\"summary_large_image\" \/>\n<meta name=\"twitter:label1\" content=\"Escrit per\" \/>\n\t<meta name=\"twitter:data1\" content=\"Sergio Triguero\" \/>\n\t<meta name=\"twitter:label2\" content=\"Temps estimat de lectura\" \/>\n\t<meta name=\"twitter:data2\" content=\"2 minuts\" \/>\n<script type=\"application\/ld+json\" class=\"yoast-schema-graph\">{\"@context\":\"https:\/\/schema.org\",\"@graph\":[{\"@type\":\"Article\",\"@id\":\"https:\/\/artyplan.com\/ca\/blog\/ignasi-pietx-ceo-dartyplan-nou-president-de-comertia\/#article\",\"isPartOf\":{\"@id\":\"https:\/\/artyplan.com\/ca\/blog\/ignasi-pietx-ceo-dartyplan-nou-president-de-comertia\/\"},\"author\":{\"name\":\"Sergio Triguero\",\"@id\":\"https:\/\/artyplan.com\/ca\/#\/schema\/person\/0ef19accced432bc277b8d5248cd2cc0\"},\"headline\":\"Ignasi Pietx, CEO d\u2019Artyplan, nou president de Comertia\",\"datePublished\":\"2024-06-24T22:00:00+00:00\",\"dateModified\":\"2025-09-07T14:20:37+00:00\",\"mainEntityOfPage\":{\"@id\":\"https:\/\/artyplan.com\/ca\/blog\/ignasi-pietx-ceo-dartyplan-nou-president-de-comertia\/\"},\"wordCount\":418,\"publisher\":{\"@id\":\"https:\/\/artyplan.com\/ca\/#organization\"},\"image\":{\"@id\":\"https:\/\/artyplan.com\/ca\/blog\/ignasi-pietx-ceo-dartyplan-nou-president-de-comertia\/#primaryimage\"},\"thumbnailUrl\":\"https:\/\/artyplan.com\/wp-content\/uploads\/2025\/09\/ignasi-pietx-president-de-comertia-1.png\",\"articleSection\":[\"Noticies\",\"Sense-categoritzar\"],\"inLanguage\":\"ca\"},{\"@type\":\"WebPage\",\"@id\":\"https:\/\/artyplan.com\/ca\/blog\/ignasi-pietx-ceo-dartyplan-nou-president-de-comertia\/\",\"url\":\"https:\/\/artyplan.com\/ca\/blog\/ignasi-pietx-ceo-dartyplan-nou-president-de-comertia\/\",\"name\":\"Ignasi Pietx, CEO d\u2019Artyplan, nou president de Comertia | Artyplan\",\"isPartOf\":{\"@id\":\"https:\/\/artyplan.com\/ca\/#website\"},\"primaryImageOfPage\":{\"@id\":\"https:\/\/artyplan.com\/ca\/blog\/ignasi-pietx-ceo-dartyplan-nou-president-de-comertia\/#primaryimage\"},\"image\":{\"@id\":\"https:\/\/artyplan.com\/ca\/blog\/ignasi-pietx-ceo-dartyplan-nou-president-de-comertia\/#primaryimage\"},\"thumbnailUrl\":\"https:\/\/artyplan.com\/wp-content\/uploads\/2025\/09\/ignasi-pietx-president-de-comertia-1.png\",\"datePublished\":\"2024-06-24T22:00:00+00:00\",\"dateModified\":\"2025-09-07T14:20:37+00:00\",\"description\":\"Ignasi Pietx, nomenat president de Comertia, associaci\u00f3 d'empreses retail a Catalunya. Coneix propostes pel creixement del sector.\",\"breadcrumb\":{\"@id\":\"https:\/\/artyplan.com\/ca\/blog\/ignasi-pietx-ceo-dartyplan-nou-president-de-comertia\/#breadcrumb\"},\"inLanguage\":\"ca\",\"potentialAction\":[{\"@type\":\"ReadAction\",\"target\":[\"https:\/\/artyplan.com\/ca\/blog\/ignasi-pietx-ceo-dartyplan-nou-president-de-comertia\/\"]}]},{\"@type\":\"ImageObject\",\"inLanguage\":\"ca\",\"@id\":\"https:\/\/artyplan.com\/ca\/blog\/ignasi-pietx-ceo-dartyplan-nou-president-de-comertia\/#primaryimage\",\"url\":\"https:\/\/artyplan.com\/wp-content\/uploads\/2025\/09\/ignasi-pietx-president-de-comertia-1.png\",\"contentUrl\":\"https:\/\/artyplan.com\/wp-content\/uploads\/2025\/09\/ignasi-pietx-president-de-comertia-1.png\",\"width\":1920,\"height\":600,\"caption\":\"ignasi pietx president comertia\"},{\"@type\":\"BreadcrumbList\",\"@id\":\"https:\/\/artyplan.com\/ca\/blog\/ignasi-pietx-ceo-dartyplan-nou-president-de-comertia\/#breadcrumb\",\"itemListElement\":[{\"@type\":\"ListItem\",\"position\":1,\"name\":\"Artyplan\",\"item\":\"https:\/\/artyplan.com\/ca\/\"},{\"@type\":\"ListItem\",\"position\":2,\"name\":\"Ignasi Pietx, CEO d\u2019Artyplan, nou president de Comertia\"}]},{\"@type\":\"WebSite\",\"@id\":\"https:\/\/artyplan.com\/ca\/#website\",\"url\":\"https:\/\/artyplan.com\/ca\/\",\"name\":\"Artyplan\",\"description\":\"\",\"publisher\":{\"@id\":\"https:\/\/artyplan.com\/ca\/#organization\"},\"potentialAction\":[{\"@type\":\"SearchAction\",\"target\":{\"@type\":\"EntryPoint\",\"urlTemplate\":\"https:\/\/artyplan.com\/ca\/?s={search_term_string}\"},\"query-input\":{\"@type\":\"PropertyValueSpecification\",\"valueRequired\":true,\"valueName\":\"search_term_string\"}}],\"inLanguage\":\"ca\"},{\"@type\":\"Organization\",\"@id\":\"https:\/\/artyplan.com\/ca\/#organization\",\"name\":\"Artyplan\",\"url\":\"https:\/\/artyplan.com\/ca\/\",\"logo\":{\"@type\":\"ImageObject\",\"inLanguage\":\"ca\",\"@id\":\"https:\/\/artyplan.com\/ca\/#\/schema\/logo\/image\/\",\"url\":\"https:\/\/artyplan.com\/wp-content\/uploads\/2025\/12\/Logo-artyplan-690x690-1.png\",\"contentUrl\":\"https:\/\/artyplan.com\/wp-content\/uploads\/2025\/12\/Logo-artyplan-690x690-1.png\",\"width\":690,\"height\":690,\"caption\":\"Artyplan\"},\"image\":{\"@id\":\"https:\/\/artyplan.com\/ca\/#\/schema\/logo\/image\/\"},\"sameAs\":[\"https:\/\/www.facebook.com\/artyplan\",\"https:\/\/www.instagram.com\/artyplan\/\",\"https:\/\/www.linkedin.com\/company\/artyplan\"],\"description\":\"Artyplan \u00e9s una empresa especialitzada en producci\u00f3 gr\u00e0fica i comunicaci\u00f3 visual amb 60 anys dexperi\u00e8ncia. Oferim solucions integrals d'impressi\u00f3 en gran format, PLV i retail, gesti\u00f3 d'esdeveniments i fires, disseny i fabricaci\u00f3 a mida, log\u00edstica i serveis d'instal\u00b7laci\u00f3 a tot el territori. Treballem per a marques, ag\u00e8ncies, espais comercials i institucions que necessiten un partner fiable per desenvolupar campanyes de m\u00e0rqueting, projectes de retail i accions de branding o m\u00e0rqueting. Combinem tecnologia avan\u00e7ada d\u00b4impressi\u00f3 digital, un equip expert i una gesti\u00f3 completa de projectes per garantir qualitat, agilitat i resultats a mida per a cada client. Disposem de plataformes B2B que faciliten als nostres clients la gesti\u00f3 de les comandes de materials impresos aix\u00ed com la log\u00edstica dels mateixos.\",\"email\":\"info@artyplan.com\",\"telephone\":\"+34 93 200 87 99\",\"legalName\":\"Artyplan S.L.\",\"vatID\":\"B61963229\",\"numberOfEmployees\":{\"@type\":\"QuantitativeValue\",\"minValue\":\"51\",\"maxValue\":\"200\"}},{\"@type\":\"Person\",\"@id\":\"https:\/\/artyplan.com\/ca\/#\/schema\/person\/0ef19accced432bc277b8d5248cd2cc0\",\"name\":\"Sergio Triguero\",\"image\":{\"@type\":\"ImageObject\",\"inLanguage\":\"ca\",\"@id\":\"https:\/\/artyplan.com\/ca\/#\/schema\/person\/image\/\",\"url\":\"https:\/\/secure.gravatar.com\/avatar\/c742a95811ffbc635a3d111ab446f278cce576575d14970fd5d56e17580c3f23?s=96&d=mm&r=g\",\"contentUrl\":\"https:\/\/secure.gravatar.com\/avatar\/c742a95811ffbc635a3d111ab446f278cce576575d14970fd5d56e17580c3f23?s=96&d=mm&r=g\",\"caption\":\"Sergio Triguero\"}}]}<\/script>\n<!-- \/ Yoast SEO Premium plugin. -->","yoast_head_json":{"title":"Ignasi Pietx, CEO d\u2019Artyplan, nou president de Comertia | Artyplan","description":"Ignasi Pietx, nomenat president de Comertia, associaci\u00f3 d'empreses retail a Catalunya. Coneix propostes pel creixement del sector.","robots":{"index":"index","follow":"follow","max-snippet":"max-snippet:-1","max-image-preview":"max-image-preview:large","max-video-preview":"max-video-preview:-1"},"canonical":"https:\/\/artyplan.com\/ca\/blog\/ignasi-pietx-ceo-dartyplan-nou-president-de-comertia\/","og_locale":"ca_ES","og_type":"article","og_title":"Ignasi Pietx, CEO d\u2019Artyplan, nou president de Comertia","og_description":"Ignasi Pietx, nomenat president de Comertia, associaci\u00f3 d'empreses retail a Catalunya. Coneix propostes pel creixement del sector.","og_url":"https:\/\/artyplan.com\/ca\/blog\/ignasi-pietx-ceo-dartyplan-nou-president-de-comertia\/","og_site_name":"Artyplan","article_publisher":"https:\/\/www.facebook.com\/artyplan","article_published_time":"2024-06-24T22:00:00+00:00","article_modified_time":"2025-09-07T14:20:37+00:00","og_image":[{"width":1920,"height":600,"url":"https:\/\/artyplan.com\/wp-content\/uploads\/2025\/09\/ignasi-pietx-president-de-comertia-1.png","type":"image\/png"}],"author":"Sergio Triguero","twitter_card":"summary_large_image","twitter_misc":{"Escrit per":"Sergio Triguero","Temps estimat de lectura":"2 minuts"},"schema":{"@context":"https:\/\/schema.org","@graph":[{"@type":"Article","@id":"https:\/\/artyplan.com\/ca\/blog\/ignasi-pietx-ceo-dartyplan-nou-president-de-comertia\/#article","isPartOf":{"@id":"https:\/\/artyplan.com\/ca\/blog\/ignasi-pietx-ceo-dartyplan-nou-president-de-comertia\/"},"author":{"name":"Sergio Triguero","@id":"https:\/\/artyplan.com\/ca\/#\/schema\/person\/0ef19accced432bc277b8d5248cd2cc0"},"headline":"Ignasi Pietx, CEO d\u2019Artyplan, nou president de Comertia","datePublished":"2024-06-24T22:00:00+00:00","dateModified":"2025-09-07T14:20:37+00:00","mainEntityOfPage":{"@id":"https:\/\/artyplan.com\/ca\/blog\/ignasi-pietx-ceo-dartyplan-nou-president-de-comertia\/"},"wordCount":418,"publisher":{"@id":"https:\/\/artyplan.com\/ca\/#organization"},"image":{"@id":"https:\/\/artyplan.com\/ca\/blog\/ignasi-pietx-ceo-dartyplan-nou-president-de-comertia\/#primaryimage"},"thumbnailUrl":"https:\/\/artyplan.com\/wp-content\/uploads\/2025\/09\/ignasi-pietx-president-de-comertia-1.png","articleSection":["Noticies","Sense-categoritzar"],"inLanguage":"ca"},{"@type":"WebPage","@id":"https:\/\/artyplan.com\/ca\/blog\/ignasi-pietx-ceo-dartyplan-nou-president-de-comertia\/","url":"https:\/\/artyplan.com\/ca\/blog\/ignasi-pietx-ceo-dartyplan-nou-president-de-comertia\/","name":"Ignasi Pietx, CEO d\u2019Artyplan, nou president de Comertia | Artyplan","isPartOf":{"@id":"https:\/\/artyplan.com\/ca\/#website"},"primaryImageOfPage":{"@id":"https:\/\/artyplan.com\/ca\/blog\/ignasi-pietx-ceo-dartyplan-nou-president-de-comertia\/#primaryimage"},"image":{"@id":"https:\/\/artyplan.com\/ca\/blog\/ignasi-pietx-ceo-dartyplan-nou-president-de-comertia\/#primaryimage"},"thumbnailUrl":"https:\/\/artyplan.com\/wp-content\/uploads\/2025\/09\/ignasi-pietx-president-de-comertia-1.png","datePublished":"2024-06-24T22:00:00+00:00","dateModified":"2025-09-07T14:20:37+00:00","description":"Ignasi Pietx, nomenat president de Comertia, associaci\u00f3 d'empreses retail a Catalunya. Coneix propostes pel creixement del sector.","breadcrumb":{"@id":"https:\/\/artyplan.com\/ca\/blog\/ignasi-pietx-ceo-dartyplan-nou-president-de-comertia\/#breadcrumb"},"inLanguage":"ca","potentialAction":[{"@type":"ReadAction","target":["https:\/\/artyplan.com\/ca\/blog\/ignasi-pietx-ceo-dartyplan-nou-president-de-comertia\/"]}]},{"@type":"ImageObject","inLanguage":"ca","@id":"https:\/\/artyplan.com\/ca\/blog\/ignasi-pietx-ceo-dartyplan-nou-president-de-comertia\/#primaryimage","url":"https:\/\/artyplan.com\/wp-content\/uploads\/2025\/09\/ignasi-pietx-president-de-comertia-1.png","contentUrl":"https:\/\/artyplan.com\/wp-content\/uploads\/2025\/09\/ignasi-pietx-president-de-comertia-1.png","width":1920,"height":600,"caption":"ignasi pietx president comertia"},{"@type":"BreadcrumbList","@id":"https:\/\/artyplan.com\/ca\/blog\/ignasi-pietx-ceo-dartyplan-nou-president-de-comertia\/#breadcrumb","itemListElement":[{"@type":"ListItem","position":1,"name":"Artyplan","item":"https:\/\/artyplan.com\/ca\/"},{"@type":"ListItem","position":2,"name":"Ignasi Pietx, CEO d\u2019Artyplan, nou president de Comertia"}]},{"@type":"WebSite","@id":"https:\/\/artyplan.com\/ca\/#website","url":"https:\/\/artyplan.com\/ca\/","name":"Artyplan","description":"","publisher":{"@id":"https:\/\/artyplan.com\/ca\/#organization"},"potentialAction":[{"@type":"SearchAction","target":{"@type":"EntryPoint","urlTemplate":"https:\/\/artyplan.com\/ca\/?s={search_term_string}"},"query-input":{"@type":"PropertyValueSpecification","valueRequired":true,"valueName":"search_term_string"}}],"inLanguage":"ca"},{"@type":"Organization","@id":"https:\/\/artyplan.com\/ca\/#organization","name":"Artyplan","url":"https:\/\/artyplan.com\/ca\/","logo":{"@type":"ImageObject","inLanguage":"ca","@id":"https:\/\/artyplan.com\/ca\/#\/schema\/logo\/image\/","url":"https:\/\/artyplan.com\/wp-content\/uploads\/2025\/12\/Logo-artyplan-690x690-1.png","contentUrl":"https:\/\/artyplan.com\/wp-content\/uploads\/2025\/12\/Logo-artyplan-690x690-1.png","width":690,"height":690,"caption":"Artyplan"},"image":{"@id":"https:\/\/artyplan.com\/ca\/#\/schema\/logo\/image\/"},"sameAs":["https:\/\/www.facebook.com\/artyplan","https:\/\/www.instagram.com\/artyplan\/","https:\/\/www.linkedin.com\/company\/artyplan"],"description":"Artyplan \u00e9s una empresa especialitzada en producci\u00f3 gr\u00e0fica i comunicaci\u00f3 visual amb 60 anys dexperi\u00e8ncia. Oferim solucions integrals d'impressi\u00f3 en gran format, PLV i retail, gesti\u00f3 d'esdeveniments i fires, disseny i fabricaci\u00f3 a mida, log\u00edstica i serveis d'instal\u00b7laci\u00f3 a tot el territori. Treballem per a marques, ag\u00e8ncies, espais comercials i institucions que necessiten un partner fiable per desenvolupar campanyes de m\u00e0rqueting, projectes de retail i accions de branding o m\u00e0rqueting. Combinem tecnologia avan\u00e7ada d\u00b4impressi\u00f3 digital, un equip expert i una gesti\u00f3 completa de projectes per garantir qualitat, agilitat i resultats a mida per a cada client. Disposem de plataformes B2B que faciliten als nostres clients la gesti\u00f3 de les comandes de materials impresos aix\u00ed com la log\u00edstica dels mateixos.","email":"info@artyplan.com","telephone":"+34 93 200 87 99","legalName":"Artyplan S.L.","vatID":"B61963229","numberOfEmployees":{"@type":"QuantitativeValue","minValue":"51","maxValue":"200"}},{"@type":"Person","@id":"https:\/\/artyplan.com\/ca\/#\/schema\/person\/0ef19accced432bc277b8d5248cd2cc0","name":"Sergio Triguero","image":{"@type":"ImageObject","inLanguage":"ca","@id":"https:\/\/artyplan.com\/ca\/#\/schema\/person\/image\/","url":"https:\/\/secure.gravatar.com\/avatar\/c742a95811ffbc635a3d111ab446f278cce576575d14970fd5d56e17580c3f23?s=96&d=mm&r=g","contentUrl":"https:\/\/secure.gravatar.com\/avatar\/c742a95811ffbc635a3d111ab446f278cce576575d14970fd5d56e17580c3f23?s=96&d=mm&r=g","caption":"Sergio Triguero"}}]}},"_links":{"self":[{"href":"https:\/\/artyplan.com\/ca\/wp-json\/wp\/v2\/posts\/5918","targetHints":{"allow":["GET"]}}],"collection":[{"href":"https:\/\/artyplan.com\/ca\/wp-json\/wp\/v2\/posts"}],"about":[{"href":"https:\/\/artyplan.com\/ca\/wp-json\/wp\/v2\/types\/post"}],"author":[{"embeddable":true,"href":"https:\/\/artyplan.com\/ca\/wp-json\/wp\/v2\/users\/3"}],"replies":[{"embeddable":true,"href":"https:\/\/artyplan.com\/ca\/wp-json\/wp\/v2\/comments?post=5918"}],"version-history":[{"count":1,"href":"https:\/\/artyplan.com\/ca\/wp-json\/wp\/v2\/posts\/5918\/revisions"}],"predecessor-version":[{"id":6758,"href":"https:\/\/artyplan.com\/ca\/wp-json\/wp\/v2\/posts\/5918\/revisions\/6758"}],"wp:featuredmedia":[{"embeddable":true,"href":"https:\/\/artyplan.com\/ca\/wp-json\/wp\/v2\/media\/5917"}],"wp:attachment":[{"href":"https:\/\/artyplan.com\/ca\/wp-json\/wp\/v2\/media?parent=5918"}],"wp:term":[{"taxonomy":"category","embeddable":true,"href":"https:\/\/artyplan.com\/ca\/wp-json\/wp\/v2\/categories?post=5918"},{"taxonomy":"post_tag","embeddable":true,"href":"https:\/\/artyplan.com\/ca\/wp-json\/wp\/v2\/tags?post=5918"}],"curies":[{"name":"wp","href":"https:\/\/api.w.org\/{rel}","templated":true}]}}