{"id":5923,"date":"2024-07-01T00:00:00","date_gmt":"2024-06-30T22:00:00","guid":{"rendered":"https:\/\/preweb.artyplan.com\/sin-categorizar\/adhesius-ecologics-leleccio-sostenible-per-al-teu-negoci\/"},"modified":"2025-12-16T12:36:30","modified_gmt":"2025-12-16T10:36:30","slug":"adhesius-ecologics-leleccio-sostenible-per-al-teu-negoci","status":"publish","type":"post","link":"https:\/\/artyplan.com\/ca\/blog\/adhesius-ecologics-leleccio-sostenible-per-al-teu-negoci\/","title":{"rendered":"Adhesius ecol\u00f2gics: l&#8217;elecci\u00f3 sostenible per al teu negoci"},"content":{"rendered":"<p>En un m\u00f3n cada vegada m\u00e9s conscient de la sostenibilitat, les empreses busquen constantment maneres de reduir el seu impacte ambiental. Una de les \u00e0rees que ha vist avan\u00e7os significatius \u00e9s la dels adhesius utilitzats en la impressi\u00f3.<\/p>\n<p>Els adhesius ecol\u00f2gics s&#8217;estan convertint en una opci\u00f3 popular per a les empreses que desitgen mantenir el seu comprom\u00eds amb el medi ambient sense sacrificar la qualitat dels seus productes.<\/p>\n<h2>Beneficis dels adhesius ecol\u00f2gics<\/h2>\n<p>Els adhesius ecol\u00f2gics redueixen emissions de\u00a0COVs, millorant la qualitat de l&#8217;aire i la salut. Asseguren major seguretat en reduir l&#8217;exposici\u00f3 a subst\u00e0ncies nocives, complint normatives ambientals i enfortint la sostenibilitat empresarial.<\/p>\n<ul>\n<li>\n<h3>Reducci\u00f3 d&#8217;emissions de compostos org\u00e0nics vol\u00e0tils (COVs)<\/h3>\n<\/li>\n<\/ul>\n<p>Els adhesius tradicionals sovint alliberen\u00a0COVs, que poden contribuir a la contaminaci\u00f3 de l&#8217;aire i afectar la salut humana. Els adhesius ecol\u00f2gics emeten nivells significativament m\u00e9s baixos de\u00a0COVs, millorant la qualitat de l&#8217;aire en el medi ambient.<\/p>\n<ul>\n<li>\n<h3>Seguretat per als treballadors<\/h3>\n<\/li>\n<\/ul>\n<p>L&#8217;\u00fas d&#8217;adhesius ecol\u00f2gics redueix l&#8217;exposici\u00f3 dels empleats a subst\u00e0ncies qu\u00edmiques nocives. Aix\u00f2 no sols millora la salut i el benestar del personal, sin\u00f3 que tamb\u00e9 pot reduir costos relacionats amb la salut i la seguretat laboral.<\/p>\n<ul>\n<li>\n<h3>Compliment normatiu<\/h3>\n<\/li>\n<\/ul>\n<p>Les regulacions ambientals estan augmentant a tot el m\u00f3n, i l&#8217;\u00fas d&#8217;adhesius ecol\u00f2gics pot ajudar les empreses a complir amb les normatives actuals i futures. Aix\u00f2 no sols evita possibles sancions, sin\u00f3 que tamb\u00e9 posiciona a l&#8217;empresa com un l\u00edder en sostenibilitat.<\/p>\n<h2>Beneficis dels adhesius impresos<\/h2>\n<p>Els adhesius impresos ofereixen una \u00e0mplia varietat de formats i materials, ideals per a diferents aplicacions des de petites etiquetes fins a grans adhesius per a finestres, tots amb alta durabilitat. Utilitzem tecnologia d&#8217;impressi\u00f3 avan\u00e7ada per a colors intensos i detalls precisos en qualsevol disseny.<\/p>\n<ul>\n<li>\n<h3>Varietat de formats i materials<\/h3>\n<\/li>\n<\/ul>\n<p>Oferim adhesius en una \u00e0mplia gamma de formes i mides, des de petites etiquetes fins a grans adhesius per a finestres. Entenem que la durabilitat \u00e9s crucial. Per aix\u00f2, utilitzem materials de la m\u00e9s alta qualitat que garanteixen que els teus adhesius resistiran el pas del temps i les condicions m\u00e9s exigents.<\/p>\n<p>Utilitzem materials d&#8217;alta qualitat que asseguren la durabilitat dels teus adhesius. Sigui per a \u00fas en interiors o exteriors, els nostres adhesius estan dissenyats per a resistir el desgast, la humitat i l&#8217;exposici\u00f3 a la llum solar, mantenint la seva aparen\u00e7a i adher\u00e8ncia per molt de temps.<\/p>\n<ul>\n<li>\n<h3>Impressi\u00f3 de precisi\u00f3<\/h3>\n<\/li>\n<\/ul>\n<p>La nostra tecnologia d&#8217;impressi\u00f3 avan\u00e7ada assegura que cada adhesiu surti amb colors intensos i detalls n\u00edtids. Sigui un disseny simple o una imatge complexa, els nostres equips d&#8217;\u00faltima generaci\u00f3 proporcionen resultats impecables.<\/p>\n<h2>Aplicacions pr\u00e0ctiques dels adhesius ecol\u00f2gics<\/h2>\n<p>Els adhesius personalitzats s\u00f3n perfectes per a una varietat d&#8217;aplicacions, incloent-hi:<\/p>\n<figure id=\"attachment_12662\" aria-describedby=\"caption-attachment-12662\" style=\"width: 200px\" class=\"wp-caption alignright\"><img fetchpriority=\"high\" decoding=\"async\" class=\"size-medium wp-image-12662\" src=\"https:\/\/preweb.artyplan.com\/wp-content\/uploads\/2025\/09\/impresion-etiqueta-ecologica-scaled.jpg\" alt=\"\" width=\"200\" height=\"300\" \/><figcaption id=\"caption-attachment-12662\" class=\"wp-caption-text\">Foto de Alex Lvrs en Unsplash<\/figcaption><\/figure>\n<ul>\n<li><strong>Etiquetes de productes<\/strong>: Ideals per a aliments, begudes, cosm\u00e8tics i qualsevol altre producte que necessiti una presentaci\u00f3 professional.<\/li>\n<li><strong>Publicitat i m\u00e0rqueting<\/strong>: Distribueix adhesius promocionals com a part de la teva estrat\u00e8gia de m\u00e0rqueting per a atreure a m\u00e9s clients.<\/li>\n<li><strong>Publicitat en exteriors<\/strong>: Perfectes per a tanques publicit\u00e0ries, aparadors i vehicles, proporcionant una visibilitat massiva.<\/li>\n<li><a href=\"http:\/\/artyplan.com\/ca\/productes-impressio\/serveis-dimpressio-de-gran-format\/interiorisme\/\" target=\"_blank\" rel=\"noopener\"><strong>Decoraci\u00f3 interior<\/strong><\/a>: \u00datils per a decorar parets d&#8217;oficines, botigues i esdeveniments, creant ambients impactants i memorables.<\/li>\n<li><strong>Senyalitzaci\u00f3 i direcci\u00f3<\/strong>: Ideals per a senyalitzaci\u00f3 en grans esdeveniments, fires i exposicions, guiant efica\u00e7ment als visitants.<\/li>\n<\/ul>\n<p>Ens enorgulleix oferir opcions sostenibles sense comprometre la qualitat. Els adhesius ecol\u00f2gics estan fets amb materials reciclables i tintes a base d&#8217;aigua, ajudant-te a reduir la teva petjada de carboni i a promoure una imatge de marca responsable.<\/p>\n<p>El nostre equip d&#8217;atenci\u00f3 al client est\u00e0 sempre disponible per a ajudar-te en cada pas del cam\u00ed, assegurant que obtinguis exactament el que necessites.<\/p>\n","protected":false},"excerpt":{"rendered":"<p>En un m\u00f3n cada vegada m\u00e9s conscient de la sostenibilitat, les empreses busquen constantment maneres de reduir el seu impacte ambiental. Una de les \u00e0rees que ha vist avan\u00e7os significatius \u00e9s la dels adhesius utilitzats en la impressi\u00f3. Els adhesius ecol\u00f2gics s&#8217;estan convertint en una opci\u00f3 popular per a les empreses que desitgen mantenir el [&hellip;]<\/p>\n","protected":false},"author":3,"featured_media":7443,"comment_status":"closed","ping_status":"closed","sticky":false,"template":"","format":"standard","meta":{"footnotes":""},"categories":[52,36,35,54],"tags":[],"class_list":["post-5923","post","type-post","status-publish","format-standard","has-post-thumbnail","hentry","category-ecologic-ca","category-ecologico","category-noticias","category-noticies-ca"],"yoast_head":"<!-- This site is optimized with the Yoast SEO Premium plugin v26.5 (Yoast SEO v26.5) - https:\/\/yoast.com\/wordpress\/plugins\/seo\/ -->\n<title>Adhesius ecol\u00f2gics: l&#039;elecci\u00f3 sostenible per al teu negoci | Artyplan<\/title>\n<meta name=\"description\" content=\"Els adhesius ecol\u00f2gics estan revolucionant la ind\u00fastria de la impressi\u00f3 i millorant la seva sostenibilitat sense comprometre la qualitat.\" \/>\n<meta name=\"robots\" content=\"index, follow, max-snippet:-1, max-image-preview:large, max-video-preview:-1\" \/>\n<link rel=\"canonical\" href=\"https:\/\/artyplan.com\/ca\/blog\/adhesius-ecologics-leleccio-sostenible-per-al-teu-negoci\/\" \/>\n<meta property=\"og:locale\" content=\"ca_ES\" \/>\n<meta property=\"og:type\" content=\"article\" \/>\n<meta property=\"og:title\" content=\"Adhesius ecol\u00f2gics: l&#039;elecci\u00f3 sostenible per al teu negoci\" \/>\n<meta property=\"og:description\" content=\"Els adhesius ecol\u00f2gics estan revolucionant la ind\u00fastria de la impressi\u00f3 i millorant la seva sostenibilitat sense comprometre la qualitat.\" \/>\n<meta property=\"og:url\" content=\"https:\/\/artyplan.com\/ca\/blog\/adhesius-ecologics-leleccio-sostenible-per-al-teu-negoci\/\" \/>\n<meta property=\"og:site_name\" content=\"Artyplan\" \/>\n<meta property=\"article:publisher\" content=\"https:\/\/www.facebook.com\/artyplan\" \/>\n<meta property=\"article:published_time\" content=\"2024-06-30T22:00:00+00:00\" \/>\n<meta property=\"article:modified_time\" content=\"2025-12-16T10:36:30+00:00\" \/>\n<meta property=\"og:image\" content=\"https:\/\/artyplan.com\/wp-content\/uploads\/2025\/09\/adhesivos-eco-blog.jpg\" \/>\n\t<meta property=\"og:image:width\" content=\"1920\" \/>\n\t<meta property=\"og:image:height\" content=\"600\" \/>\n\t<meta property=\"og:image:type\" content=\"image\/jpeg\" \/>\n<meta name=\"author\" content=\"Sergio Triguero\" \/>\n<meta name=\"twitter:card\" content=\"summary_large_image\" \/>\n<meta name=\"twitter:label1\" content=\"Escrit per\" \/>\n\t<meta name=\"twitter:data1\" content=\"Sergio Triguero\" \/>\n\t<meta name=\"twitter:label2\" content=\"Temps estimat de lectura\" \/>\n\t<meta name=\"twitter:data2\" content=\"4 minuts\" \/>\n<script type=\"application\/ld+json\" class=\"yoast-schema-graph\">{\"@context\":\"https:\/\/schema.org\",\"@graph\":[{\"@type\":\"Article\",\"@id\":\"https:\/\/artyplan.com\/ca\/blog\/adhesius-ecologics-leleccio-sostenible-per-al-teu-negoci\/#article\",\"isPartOf\":{\"@id\":\"https:\/\/artyplan.com\/ca\/blog\/adhesius-ecologics-leleccio-sostenible-per-al-teu-negoci\/\"},\"author\":{\"name\":\"Sergio Triguero\",\"@id\":\"https:\/\/artyplan.com\/ca\/#\/schema\/person\/0ef19accced432bc277b8d5248cd2cc0\"},\"headline\":\"Adhesius ecol\u00f2gics: l&#8217;elecci\u00f3 sostenible per al teu negoci\",\"datePublished\":\"2024-06-30T22:00:00+00:00\",\"dateModified\":\"2025-12-16T10:36:30+00:00\",\"mainEntityOfPage\":{\"@id\":\"https:\/\/artyplan.com\/ca\/blog\/adhesius-ecologics-leleccio-sostenible-per-al-teu-negoci\/\"},\"wordCount\":666,\"publisher\":{\"@id\":\"https:\/\/artyplan.com\/ca\/#organization\"},\"image\":{\"@id\":\"https:\/\/artyplan.com\/ca\/blog\/adhesius-ecologics-leleccio-sostenible-per-al-teu-negoci\/#primaryimage\"},\"thumbnailUrl\":\"https:\/\/artyplan.com\/wp-content\/uploads\/2025\/09\/adhesivos-eco-blog.jpg\",\"articleSection\":[\"Ecol\u00f2gic\",\"Ecol\u00f3gico\",\"Noticias\",\"Noticies\"],\"inLanguage\":\"ca\"},{\"@type\":\"WebPage\",\"@id\":\"https:\/\/artyplan.com\/ca\/blog\/adhesius-ecologics-leleccio-sostenible-per-al-teu-negoci\/\",\"url\":\"https:\/\/artyplan.com\/ca\/blog\/adhesius-ecologics-leleccio-sostenible-per-al-teu-negoci\/\",\"name\":\"Adhesius ecol\u00f2gics: l'elecci\u00f3 sostenible per al teu negoci | Artyplan\",\"isPartOf\":{\"@id\":\"https:\/\/artyplan.com\/ca\/#website\"},\"primaryImageOfPage\":{\"@id\":\"https:\/\/artyplan.com\/ca\/blog\/adhesius-ecologics-leleccio-sostenible-per-al-teu-negoci\/#primaryimage\"},\"image\":{\"@id\":\"https:\/\/artyplan.com\/ca\/blog\/adhesius-ecologics-leleccio-sostenible-per-al-teu-negoci\/#primaryimage\"},\"thumbnailUrl\":\"https:\/\/artyplan.com\/wp-content\/uploads\/2025\/09\/adhesivos-eco-blog.jpg\",\"datePublished\":\"2024-06-30T22:00:00+00:00\",\"dateModified\":\"2025-12-16T10:36:30+00:00\",\"description\":\"Els adhesius ecol\u00f2gics estan revolucionant la ind\u00fastria de la impressi\u00f3 i millorant la seva sostenibilitat sense comprometre la qualitat.\",\"breadcrumb\":{\"@id\":\"https:\/\/artyplan.com\/ca\/blog\/adhesius-ecologics-leleccio-sostenible-per-al-teu-negoci\/#breadcrumb\"},\"inLanguage\":\"ca\",\"potentialAction\":[{\"@type\":\"ReadAction\",\"target\":[\"https:\/\/artyplan.com\/ca\/blog\/adhesius-ecologics-leleccio-sostenible-per-al-teu-negoci\/\"]}]},{\"@type\":\"ImageObject\",\"inLanguage\":\"ca\",\"@id\":\"https:\/\/artyplan.com\/ca\/blog\/adhesius-ecologics-leleccio-sostenible-per-al-teu-negoci\/#primaryimage\",\"url\":\"https:\/\/artyplan.com\/wp-content\/uploads\/2025\/09\/adhesivos-eco-blog.jpg\",\"contentUrl\":\"https:\/\/artyplan.com\/wp-content\/uploads\/2025\/09\/adhesivos-eco-blog.jpg\",\"width\":1920,\"height\":600,\"caption\":\"adhesivos eco|impresi\u00f3n etiqueta ecol\u00f3gica\"},{\"@type\":\"BreadcrumbList\",\"@id\":\"https:\/\/artyplan.com\/ca\/blog\/adhesius-ecologics-leleccio-sostenible-per-al-teu-negoci\/#breadcrumb\",\"itemListElement\":[{\"@type\":\"ListItem\",\"position\":1,\"name\":\"Artyplan\",\"item\":\"https:\/\/artyplan.com\/ca\/\"},{\"@type\":\"ListItem\",\"position\":2,\"name\":\"Adhesius ecol\u00f2gics: l&#8217;elecci\u00f3 sostenible per al teu negoci\"}]},{\"@type\":\"WebSite\",\"@id\":\"https:\/\/artyplan.com\/ca\/#website\",\"url\":\"https:\/\/artyplan.com\/ca\/\",\"name\":\"Artyplan\",\"description\":\"\",\"publisher\":{\"@id\":\"https:\/\/artyplan.com\/ca\/#organization\"},\"potentialAction\":[{\"@type\":\"SearchAction\",\"target\":{\"@type\":\"EntryPoint\",\"urlTemplate\":\"https:\/\/artyplan.com\/ca\/?s={search_term_string}\"},\"query-input\":{\"@type\":\"PropertyValueSpecification\",\"valueRequired\":true,\"valueName\":\"search_term_string\"}}],\"inLanguage\":\"ca\"},{\"@type\":\"Organization\",\"@id\":\"https:\/\/artyplan.com\/ca\/#organization\",\"name\":\"Artyplan\",\"url\":\"https:\/\/artyplan.com\/ca\/\",\"logo\":{\"@type\":\"ImageObject\",\"inLanguage\":\"ca\",\"@id\":\"https:\/\/artyplan.com\/ca\/#\/schema\/logo\/image\/\",\"url\":\"https:\/\/artyplan.com\/wp-content\/uploads\/2025\/12\/Logo-artyplan-690x690-1.png\",\"contentUrl\":\"https:\/\/artyplan.com\/wp-content\/uploads\/2025\/12\/Logo-artyplan-690x690-1.png\",\"width\":690,\"height\":690,\"caption\":\"Artyplan\"},\"image\":{\"@id\":\"https:\/\/artyplan.com\/ca\/#\/schema\/logo\/image\/\"},\"sameAs\":[\"https:\/\/www.facebook.com\/artyplan\",\"https:\/\/www.instagram.com\/artyplan\/\",\"https:\/\/www.linkedin.com\/company\/artyplan\"],\"description\":\"Artyplan \u00e9s una empresa especialitzada en producci\u00f3 gr\u00e0fica i comunicaci\u00f3 visual amb 60 anys dexperi\u00e8ncia. Oferim solucions integrals d'impressi\u00f3 en gran format, PLV i retail, gesti\u00f3 d'esdeveniments i fires, disseny i fabricaci\u00f3 a mida, log\u00edstica i serveis d'instal\u00b7laci\u00f3 a tot el territori. Treballem per a marques, ag\u00e8ncies, espais comercials i institucions que necessiten un partner fiable per desenvolupar campanyes de m\u00e0rqueting, projectes de retail i accions de branding o m\u00e0rqueting. Combinem tecnologia avan\u00e7ada d\u00b4impressi\u00f3 digital, un equip expert i una gesti\u00f3 completa de projectes per garantir qualitat, agilitat i resultats a mida per a cada client. Disposem de plataformes B2B que faciliten als nostres clients la gesti\u00f3 de les comandes de materials impresos aix\u00ed com la log\u00edstica dels mateixos.\",\"email\":\"info@artyplan.com\",\"telephone\":\"+34 93 200 87 99\",\"legalName\":\"Artyplan S.L.\",\"vatID\":\"B61963229\",\"numberOfEmployees\":{\"@type\":\"QuantitativeValue\",\"minValue\":\"51\",\"maxValue\":\"200\"}},{\"@type\":\"Person\",\"@id\":\"https:\/\/artyplan.com\/ca\/#\/schema\/person\/0ef19accced432bc277b8d5248cd2cc0\",\"name\":\"Sergio Triguero\",\"image\":{\"@type\":\"ImageObject\",\"inLanguage\":\"ca\",\"@id\":\"https:\/\/artyplan.com\/ca\/#\/schema\/person\/image\/\",\"url\":\"https:\/\/secure.gravatar.com\/avatar\/c742a95811ffbc635a3d111ab446f278cce576575d14970fd5d56e17580c3f23?s=96&d=mm&r=g\",\"contentUrl\":\"https:\/\/secure.gravatar.com\/avatar\/c742a95811ffbc635a3d111ab446f278cce576575d14970fd5d56e17580c3f23?s=96&d=mm&r=g\",\"caption\":\"Sergio Triguero\"}}]}<\/script>\n<!-- \/ Yoast SEO Premium plugin. -->","yoast_head_json":{"title":"Adhesius ecol\u00f2gics: l'elecci\u00f3 sostenible per al teu negoci | Artyplan","description":"Els adhesius ecol\u00f2gics estan revolucionant la ind\u00fastria de la impressi\u00f3 i millorant la seva sostenibilitat sense comprometre la qualitat.","robots":{"index":"index","follow":"follow","max-snippet":"max-snippet:-1","max-image-preview":"max-image-preview:large","max-video-preview":"max-video-preview:-1"},"canonical":"https:\/\/artyplan.com\/ca\/blog\/adhesius-ecologics-leleccio-sostenible-per-al-teu-negoci\/","og_locale":"ca_ES","og_type":"article","og_title":"Adhesius ecol\u00f2gics: l'elecci\u00f3 sostenible per al teu negoci","og_description":"Els adhesius ecol\u00f2gics estan revolucionant la ind\u00fastria de la impressi\u00f3 i millorant la seva sostenibilitat sense comprometre la qualitat.","og_url":"https:\/\/artyplan.com\/ca\/blog\/adhesius-ecologics-leleccio-sostenible-per-al-teu-negoci\/","og_site_name":"Artyplan","article_publisher":"https:\/\/www.facebook.com\/artyplan","article_published_time":"2024-06-30T22:00:00+00:00","article_modified_time":"2025-12-16T10:36:30+00:00","og_image":[{"width":1920,"height":600,"url":"https:\/\/artyplan.com\/wp-content\/uploads\/2025\/09\/adhesivos-eco-blog.jpg","type":"image\/jpeg"}],"author":"Sergio Triguero","twitter_card":"summary_large_image","twitter_misc":{"Escrit per":"Sergio Triguero","Temps estimat de lectura":"4 minuts"},"schema":{"@context":"https:\/\/schema.org","@graph":[{"@type":"Article","@id":"https:\/\/artyplan.com\/ca\/blog\/adhesius-ecologics-leleccio-sostenible-per-al-teu-negoci\/#article","isPartOf":{"@id":"https:\/\/artyplan.com\/ca\/blog\/adhesius-ecologics-leleccio-sostenible-per-al-teu-negoci\/"},"author":{"name":"Sergio Triguero","@id":"https:\/\/artyplan.com\/ca\/#\/schema\/person\/0ef19accced432bc277b8d5248cd2cc0"},"headline":"Adhesius ecol\u00f2gics: l&#8217;elecci\u00f3 sostenible per al teu negoci","datePublished":"2024-06-30T22:00:00+00:00","dateModified":"2025-12-16T10:36:30+00:00","mainEntityOfPage":{"@id":"https:\/\/artyplan.com\/ca\/blog\/adhesius-ecologics-leleccio-sostenible-per-al-teu-negoci\/"},"wordCount":666,"publisher":{"@id":"https:\/\/artyplan.com\/ca\/#organization"},"image":{"@id":"https:\/\/artyplan.com\/ca\/blog\/adhesius-ecologics-leleccio-sostenible-per-al-teu-negoci\/#primaryimage"},"thumbnailUrl":"https:\/\/artyplan.com\/wp-content\/uploads\/2025\/09\/adhesivos-eco-blog.jpg","articleSection":["Ecol\u00f2gic","Ecol\u00f3gico","Noticias","Noticies"],"inLanguage":"ca"},{"@type":"WebPage","@id":"https:\/\/artyplan.com\/ca\/blog\/adhesius-ecologics-leleccio-sostenible-per-al-teu-negoci\/","url":"https:\/\/artyplan.com\/ca\/blog\/adhesius-ecologics-leleccio-sostenible-per-al-teu-negoci\/","name":"Adhesius ecol\u00f2gics: l'elecci\u00f3 sostenible per al teu negoci | Artyplan","isPartOf":{"@id":"https:\/\/artyplan.com\/ca\/#website"},"primaryImageOfPage":{"@id":"https:\/\/artyplan.com\/ca\/blog\/adhesius-ecologics-leleccio-sostenible-per-al-teu-negoci\/#primaryimage"},"image":{"@id":"https:\/\/artyplan.com\/ca\/blog\/adhesius-ecologics-leleccio-sostenible-per-al-teu-negoci\/#primaryimage"},"thumbnailUrl":"https:\/\/artyplan.com\/wp-content\/uploads\/2025\/09\/adhesivos-eco-blog.jpg","datePublished":"2024-06-30T22:00:00+00:00","dateModified":"2025-12-16T10:36:30+00:00","description":"Els adhesius ecol\u00f2gics estan revolucionant la ind\u00fastria de la impressi\u00f3 i millorant la seva sostenibilitat sense comprometre la qualitat.","breadcrumb":{"@id":"https:\/\/artyplan.com\/ca\/blog\/adhesius-ecologics-leleccio-sostenible-per-al-teu-negoci\/#breadcrumb"},"inLanguage":"ca","potentialAction":[{"@type":"ReadAction","target":["https:\/\/artyplan.com\/ca\/blog\/adhesius-ecologics-leleccio-sostenible-per-al-teu-negoci\/"]}]},{"@type":"ImageObject","inLanguage":"ca","@id":"https:\/\/artyplan.com\/ca\/blog\/adhesius-ecologics-leleccio-sostenible-per-al-teu-negoci\/#primaryimage","url":"https:\/\/artyplan.com\/wp-content\/uploads\/2025\/09\/adhesivos-eco-blog.jpg","contentUrl":"https:\/\/artyplan.com\/wp-content\/uploads\/2025\/09\/adhesivos-eco-blog.jpg","width":1920,"height":600,"caption":"adhesivos eco|impresi\u00f3n etiqueta ecol\u00f3gica"},{"@type":"BreadcrumbList","@id":"https:\/\/artyplan.com\/ca\/blog\/adhesius-ecologics-leleccio-sostenible-per-al-teu-negoci\/#breadcrumb","itemListElement":[{"@type":"ListItem","position":1,"name":"Artyplan","item":"https:\/\/artyplan.com\/ca\/"},{"@type":"ListItem","position":2,"name":"Adhesius ecol\u00f2gics: l&#8217;elecci\u00f3 sostenible per al teu negoci"}]},{"@type":"WebSite","@id":"https:\/\/artyplan.com\/ca\/#website","url":"https:\/\/artyplan.com\/ca\/","name":"Artyplan","description":"","publisher":{"@id":"https:\/\/artyplan.com\/ca\/#organization"},"potentialAction":[{"@type":"SearchAction","target":{"@type":"EntryPoint","urlTemplate":"https:\/\/artyplan.com\/ca\/?s={search_term_string}"},"query-input":{"@type":"PropertyValueSpecification","valueRequired":true,"valueName":"search_term_string"}}],"inLanguage":"ca"},{"@type":"Organization","@id":"https:\/\/artyplan.com\/ca\/#organization","name":"Artyplan","url":"https:\/\/artyplan.com\/ca\/","logo":{"@type":"ImageObject","inLanguage":"ca","@id":"https:\/\/artyplan.com\/ca\/#\/schema\/logo\/image\/","url":"https:\/\/artyplan.com\/wp-content\/uploads\/2025\/12\/Logo-artyplan-690x690-1.png","contentUrl":"https:\/\/artyplan.com\/wp-content\/uploads\/2025\/12\/Logo-artyplan-690x690-1.png","width":690,"height":690,"caption":"Artyplan"},"image":{"@id":"https:\/\/artyplan.com\/ca\/#\/schema\/logo\/image\/"},"sameAs":["https:\/\/www.facebook.com\/artyplan","https:\/\/www.instagram.com\/artyplan\/","https:\/\/www.linkedin.com\/company\/artyplan"],"description":"Artyplan \u00e9s una empresa especialitzada en producci\u00f3 gr\u00e0fica i comunicaci\u00f3 visual amb 60 anys dexperi\u00e8ncia. Oferim solucions integrals d'impressi\u00f3 en gran format, PLV i retail, gesti\u00f3 d'esdeveniments i fires, disseny i fabricaci\u00f3 a mida, log\u00edstica i serveis d'instal\u00b7laci\u00f3 a tot el territori. Treballem per a marques, ag\u00e8ncies, espais comercials i institucions que necessiten un partner fiable per desenvolupar campanyes de m\u00e0rqueting, projectes de retail i accions de branding o m\u00e0rqueting. Combinem tecnologia avan\u00e7ada d\u00b4impressi\u00f3 digital, un equip expert i una gesti\u00f3 completa de projectes per garantir qualitat, agilitat i resultats a mida per a cada client. Disposem de plataformes B2B que faciliten als nostres clients la gesti\u00f3 de les comandes de materials impresos aix\u00ed com la log\u00edstica dels mateixos.","email":"info@artyplan.com","telephone":"+34 93 200 87 99","legalName":"Artyplan S.L.","vatID":"B61963229","numberOfEmployees":{"@type":"QuantitativeValue","minValue":"51","maxValue":"200"}},{"@type":"Person","@id":"https:\/\/artyplan.com\/ca\/#\/schema\/person\/0ef19accced432bc277b8d5248cd2cc0","name":"Sergio Triguero","image":{"@type":"ImageObject","inLanguage":"ca","@id":"https:\/\/artyplan.com\/ca\/#\/schema\/person\/image\/","url":"https:\/\/secure.gravatar.com\/avatar\/c742a95811ffbc635a3d111ab446f278cce576575d14970fd5d56e17580c3f23?s=96&d=mm&r=g","contentUrl":"https:\/\/secure.gravatar.com\/avatar\/c742a95811ffbc635a3d111ab446f278cce576575d14970fd5d56e17580c3f23?s=96&d=mm&r=g","caption":"Sergio Triguero"}}]}},"_links":{"self":[{"href":"https:\/\/artyplan.com\/ca\/wp-json\/wp\/v2\/posts\/5923","targetHints":{"allow":["GET"]}}],"collection":[{"href":"https:\/\/artyplan.com\/ca\/wp-json\/wp\/v2\/posts"}],"about":[{"href":"https:\/\/artyplan.com\/ca\/wp-json\/wp\/v2\/types\/post"}],"author":[{"embeddable":true,"href":"https:\/\/artyplan.com\/ca\/wp-json\/wp\/v2\/users\/3"}],"replies":[{"embeddable":true,"href":"https:\/\/artyplan.com\/ca\/wp-json\/wp\/v2\/comments?post=5923"}],"version-history":[{"count":7,"href":"https:\/\/artyplan.com\/ca\/wp-json\/wp\/v2\/posts\/5923\/revisions"}],"predecessor-version":[{"id":7977,"href":"https:\/\/artyplan.com\/ca\/wp-json\/wp\/v2\/posts\/5923\/revisions\/7977"}],"wp:featuredmedia":[{"embeddable":true,"href":"https:\/\/artyplan.com\/ca\/wp-json\/wp\/v2\/media\/7443"}],"wp:attachment":[{"href":"https:\/\/artyplan.com\/ca\/wp-json\/wp\/v2\/media?parent=5923"}],"wp:term":[{"taxonomy":"category","embeddable":true,"href":"https:\/\/artyplan.com\/ca\/wp-json\/wp\/v2\/categories?post=5923"},{"taxonomy":"post_tag","embeddable":true,"href":"https:\/\/artyplan.com\/ca\/wp-json\/wp\/v2\/tags?post=5923"}],"curies":[{"name":"wp","href":"https:\/\/api.w.org\/{rel}","templated":true}]}}