{"id":5940,"date":"2024-07-15T00:00:00","date_gmt":"2024-07-14T22:00:00","guid":{"rendered":"https:\/\/preweb.artyplan.com\/sin-categorizar\/estrategies-de-branding-a-traves-de-lembalatge\/"},"modified":"2025-12-16T12:36:25","modified_gmt":"2025-12-16T10:36:25","slug":"estrategies-de-branding-a-traves-de-lembalatge","status":"publish","type":"post","link":"https:\/\/artyplan.com\/ca\/blog\/estrategies-de-branding-a-traves-de-lembalatge\/","title":{"rendered":"Estrat\u00e8gies de br\u00e0nding a trav\u00e9s de l&#8217;embalatge"},"content":{"rendered":"<p>L&#8217;embalatge, \u00e9s molt m\u00e9s que una simple protecci\u00f3 per als productes. S&#8217;ha convertit en una poderosa eina de br\u00e0nding que pot diferenciar a una marca dels seus competidors, millorar la percepci\u00f3 del client i fomentar la lleialtat a la marca. Aqu\u00ed explorem algunes estrat\u00e8gies clau per a utilitzar l&#8217;embalatge com una eina efica\u00e7 de br\u00e0nding.<\/p>\n<h2>Disseny consistent en la identitat de marca<\/h2>\n<p>El disseny de l&#8217;embalatge ha de reflectir la identitat visual de la marca. Aix\u00f2 inclou l&#8217;\u00fas de colors, tipografia, i elements gr\u00e0fics que siguin coherents amb el logo i la imatge corporativa. La consist\u00e8ncia en el disseny ajuda a crear una percepci\u00f3 s\u00f2lida i recognoscible de la marca en la ment del consumidor.<\/p>\n<p><strong>Exemple:<\/strong><\/p>\n<p>La marca de luxe\u00a0Chanel\u00a0mant\u00e9 una paleta de colors blanc i negre en els seus envasos, la qual cosa transmet eleg\u00e0ncia i sofisticaci\u00f3, alineant-se amb la seva identitat de marca.<\/p>\n<h2>Funcionalitat i experi\u00e8ncia d&#8217;usuari<\/h2>\n<p>L&#8217;embalatge ha de ser funcional i f\u00e0cil d&#8217;usar. Per\u00f2 m\u00e9s enll\u00e0 d&#8217;aix\u00f2, ha de proporcionar una experi\u00e8ncia memorable al client. Aix\u00f2 pot aconseguir-se a trav\u00e9s de detalls com un f\u00e0cil acc\u00e9s al producte, tancaments reutilitzables, o fins i tot una presentaci\u00f3 que sorprengui i delit a l&#8217;usuari.<\/p>\n<p><strong>Exemple:<\/strong><\/p>\n<p>Apple \u00e9s coneguda per les seves caixes minimalistes i ben dissenyades, que no sols protegeixen el producte, sin\u00f3 que tamb\u00e9 ofereixen una experi\u00e8ncia de desempaquetat que augmenta l&#8217;emoci\u00f3 del consumidor.<\/p>\n<h2>Sostenibilitat i responsabilitat social<\/h2>\n<p>Cada vegada m\u00e9s consumidors valoren les pr\u00e0ctiques sostenibles. L&#8217;\u00fas de materials reciclables o biodegradables i la reducci\u00f3 de desaprofitaments en l&#8217;embalatge poden millorar la imatge d&#8217;una marca, atraient a consumidors conscients del medi ambient.<\/p>\n<p><strong>Exemple:<\/strong><\/p>\n<p>Marques com \u00a0utilitzen materials reciclats en el seu embalatge, alineant-se amb els seus valors de sostenibilitat i responsabilitat ambiental.<\/p>\n<h2>Personalitzaci\u00f3<\/h2>\n<p>La personalitzaci\u00f3 de l&#8217;embalatge pot fer que els clients se sentin especials i valorats. Aix\u00f2 pot aconseguir-se a trav\u00e9s d&#8217;etiquetes amb noms personalitzats, missatges \u00fanics, o fins i tot dissenys exclusius per a ocasions especials.<\/p>\n<p><strong>Exemple:<\/strong><\/p>\n<p>Coca-Cola va llan\u00e7ar una campanya d&#8217;etiquetes personalitzades amb noms, la qual cosa va augmentar significativament les seves vendes en connectar emocionalment amb els consumidors.<\/p>\n<h2>Hist\u00f2ries i narratives<\/h2>\n<p>L&#8217;embalatge pot ser una plataforma per a contar la hist\u00f2ria de la marca o del producte. Incloure detalls sobre l&#8217;origen del producte, el seu proc\u00e9s de fabricaci\u00f3, o els valors de l&#8217;empresa pot crear una connexi\u00f3 emocional amb el consumidor.<\/p>\n<p><strong>Exemple:<\/strong><\/p>\n<p>Ben &amp; Jerry\u2019s utilitza el seu embalatge per a contar hist\u00f2ries sobre els seus sabors, ingredients i pr\u00e0ctiques \u00e8tiques, creant un vincle m\u00e9s profund amb els seus clients.<\/p>\n<h2>Casos d&#8217;\u00e8xit<\/h2>\n<p><img fetchpriority=\"high\" decoding=\"async\" class=\"size-medium wp-image-13778 alignleft\" src=\"https:\/\/preweb.artyplan.com\/wp-content\/uploads\/2025\/09\/Packaging-tiffanyco-300x200.jpg\" alt=\"packaging tiffany&amp;co\" width=\"300\" height=\"200\" \/><\/p>\n<p><strong>Tiffany &amp; Co.<\/strong><br \/>\nL&#8217;ic\u00f2nic color blau de\u00a0Tiffany\u00a0&amp;\u00a0Co. \u00e9s reconegut mundialment. La seva caixa blava amb cinta blanca no sols protegeix la joieria sin\u00f3 que tamb\u00e9 s&#8217;ha convertit en un s\u00edmbol de luxe i exclusivitat.<\/p>\n<p><strong>Apple<\/strong><br \/>\nApple ha dominat l&#8217;experi\u00e8ncia de desempaquetat amb un embalatge net i minimalista que reflecteix la simplicitat i l&#8217;eleg\u00e0ncia dels seus productes, generant una experi\u00e8ncia memorable per a l&#8217;usuari.<\/p>\n<p><strong>Nespresso<\/strong><br \/>\nNespresso utilitza un embalatge sofisticat i reutilitzable que reflecteix la seva imatge\u00a0premium. A m\u00e9s, el seu sistema de reciclatge de c\u00e0psules ressona amb consumidors preocupats pel medi ambient.<\/p>\n<p><strong>Glossier<\/strong><br \/>\nLa marca de bellesa\u00a0Glossier\u00a0envia els seus productes en bosses roses reutilitzables amb un disseny senzill per\u00f2 modern. Aquesta presentaci\u00f3 minimalista i l&#8217;experi\u00e8ncia de desempaquetat han ajudat a construir una base de clients lleials i entusiastes.<\/p>\n<p>En conclusi\u00f3, <a href=\"http:\/\/artyplan.com\/ca\/productes-impressio\/packaging\/\" target=\"_blank\" rel=\"noopener\">l&#8217;embalatge<\/a> \u00e9s una extensi\u00f3 vital de la marca i una eina clau en l&#8217;estrat\u00e8gia de br\u00e0nding. En combinar disseny atractiu, funcionalitat, sostenibilitat, personalitzaci\u00f3, narratives i innovaci\u00f3, les empreses poden crear una connexi\u00f3 m\u00e9s profunda i duradora amb els seus consumidors.<\/p>\n","protected":false},"excerpt":{"rendered":"<p>L&#8217;embalatge, \u00e9s molt m\u00e9s que una simple protecci\u00f3 per als productes. S&#8217;ha convertit en una poderosa eina de br\u00e0nding que pot diferenciar a una marca dels seus competidors, millorar la percepci\u00f3 del client i fomentar la lleialtat a la marca. Aqu\u00ed explorem algunes estrat\u00e8gies clau per a utilitzar l&#8217;embalatge com una eina efica\u00e7 de br\u00e0nding. [&hellip;]<\/p>\n","protected":false},"author":3,"featured_media":7456,"comment_status":"closed","ping_status":"closed","sticky":false,"template":"","format":"standard","meta":{"footnotes":""},"categories":[52,36,35,54],"tags":[],"class_list":["post-5940","post","type-post","status-publish","format-standard","has-post-thumbnail","hentry","category-ecologic-ca","category-ecologico","category-noticias","category-noticies-ca"],"yoast_head":"<!-- This site is optimized with the Yoast SEO Premium plugin v26.5 (Yoast SEO v26.5) - https:\/\/yoast.com\/wordpress\/plugins\/seo\/ -->\n<title>Estrat\u00e8gies de br\u00e0nding a trav\u00e9s de l&#039;embalatge | Artyplan<\/title>\n<meta name=\"description\" content=\"Apr\u00e8n com l&#039;embalatge \u00e9s una eina poderosa en l&#039;estrat\u00e8gia de br\u00e0nding, combinant disseny, sostenibilitat i personalitzaci\u00f3.\" \/>\n<meta name=\"robots\" content=\"index, follow, max-snippet:-1, max-image-preview:large, max-video-preview:-1\" \/>\n<link rel=\"canonical\" href=\"https:\/\/artyplan.com\/ca\/blog\/estrategies-de-branding-a-traves-de-lembalatge\/\" \/>\n<meta property=\"og:locale\" content=\"ca_ES\" \/>\n<meta property=\"og:type\" content=\"article\" \/>\n<meta property=\"og:title\" content=\"Estrat\u00e8gies de br\u00e0nding a trav\u00e9s de l&#039;embalatge\" \/>\n<meta property=\"og:description\" content=\"Apr\u00e8n com l&#039;embalatge \u00e9s una eina poderosa en l&#039;estrat\u00e8gia de br\u00e0nding, combinant disseny, sostenibilitat i personalitzaci\u00f3.\" \/>\n<meta property=\"og:url\" content=\"https:\/\/artyplan.com\/ca\/blog\/estrategies-de-branding-a-traves-de-lembalatge\/\" \/>\n<meta property=\"og:site_name\" content=\"Artyplan\" \/>\n<meta property=\"article:publisher\" content=\"https:\/\/www.facebook.com\/artyplan\" \/>\n<meta property=\"article:published_time\" content=\"2024-07-14T22:00:00+00:00\" \/>\n<meta property=\"article:modified_time\" content=\"2025-12-16T10:36:25+00:00\" \/>\n<meta property=\"og:image\" content=\"https:\/\/artyplan.com\/wp-content\/uploads\/2025\/09\/packaging-nespresso-1.jpg\" \/>\n\t<meta property=\"og:image:width\" content=\"1920\" \/>\n\t<meta property=\"og:image:height\" content=\"600\" \/>\n\t<meta property=\"og:image:type\" content=\"image\/jpeg\" \/>\n<meta name=\"author\" content=\"Sergio Triguero\" \/>\n<meta name=\"twitter:card\" content=\"summary_large_image\" \/>\n<meta name=\"twitter:label1\" content=\"Escrit per\" \/>\n\t<meta name=\"twitter:data1\" content=\"Sergio Triguero\" \/>\n\t<meta name=\"twitter:label2\" content=\"Temps estimat de lectura\" \/>\n\t<meta name=\"twitter:data2\" content=\"4 minuts\" \/>\n<script type=\"application\/ld+json\" class=\"yoast-schema-graph\">{\"@context\":\"https:\/\/schema.org\",\"@graph\":[{\"@type\":\"Article\",\"@id\":\"https:\/\/artyplan.com\/ca\/blog\/estrategies-de-branding-a-traves-de-lembalatge\/#article\",\"isPartOf\":{\"@id\":\"https:\/\/artyplan.com\/ca\/blog\/estrategies-de-branding-a-traves-de-lembalatge\/\"},\"author\":{\"name\":\"Sergio Triguero\",\"@id\":\"https:\/\/artyplan.com\/ca\/#\/schema\/person\/0ef19accced432bc277b8d5248cd2cc0\"},\"headline\":\"Estrat\u00e8gies de br\u00e0nding a trav\u00e9s de l&#8217;embalatge\",\"datePublished\":\"2024-07-14T22:00:00+00:00\",\"dateModified\":\"2025-12-16T10:36:25+00:00\",\"mainEntityOfPage\":{\"@id\":\"https:\/\/artyplan.com\/ca\/blog\/estrategies-de-branding-a-traves-de-lembalatge\/\"},\"wordCount\":676,\"publisher\":{\"@id\":\"https:\/\/artyplan.com\/ca\/#organization\"},\"image\":{\"@id\":\"https:\/\/artyplan.com\/ca\/blog\/estrategies-de-branding-a-traves-de-lembalatge\/#primaryimage\"},\"thumbnailUrl\":\"https:\/\/artyplan.com\/wp-content\/uploads\/2025\/09\/packaging-nespresso-1.jpg\",\"articleSection\":[\"Ecol\u00f2gic\",\"Ecol\u00f3gico\",\"Noticias\",\"Noticies\"],\"inLanguage\":\"ca\"},{\"@type\":\"WebPage\",\"@id\":\"https:\/\/artyplan.com\/ca\/blog\/estrategies-de-branding-a-traves-de-lembalatge\/\",\"url\":\"https:\/\/artyplan.com\/ca\/blog\/estrategies-de-branding-a-traves-de-lembalatge\/\",\"name\":\"Estrat\u00e8gies de br\u00e0nding a trav\u00e9s de l'embalatge | Artyplan\",\"isPartOf\":{\"@id\":\"https:\/\/artyplan.com\/ca\/#website\"},\"primaryImageOfPage\":{\"@id\":\"https:\/\/artyplan.com\/ca\/blog\/estrategies-de-branding-a-traves-de-lembalatge\/#primaryimage\"},\"image\":{\"@id\":\"https:\/\/artyplan.com\/ca\/blog\/estrategies-de-branding-a-traves-de-lembalatge\/#primaryimage\"},\"thumbnailUrl\":\"https:\/\/artyplan.com\/wp-content\/uploads\/2025\/09\/packaging-nespresso-1.jpg\",\"datePublished\":\"2024-07-14T22:00:00+00:00\",\"dateModified\":\"2025-12-16T10:36:25+00:00\",\"description\":\"Apr\u00e8n com l'embalatge \u00e9s una eina poderosa en l'estrat\u00e8gia de br\u00e0nding, combinant disseny, sostenibilitat i personalitzaci\u00f3.\",\"breadcrumb\":{\"@id\":\"https:\/\/artyplan.com\/ca\/blog\/estrategies-de-branding-a-traves-de-lembalatge\/#breadcrumb\"},\"inLanguage\":\"ca\",\"potentialAction\":[{\"@type\":\"ReadAction\",\"target\":[\"https:\/\/artyplan.com\/ca\/blog\/estrategies-de-branding-a-traves-de-lembalatge\/\"]}]},{\"@type\":\"ImageObject\",\"inLanguage\":\"ca\",\"@id\":\"https:\/\/artyplan.com\/ca\/blog\/estrategies-de-branding-a-traves-de-lembalatge\/#primaryimage\",\"url\":\"https:\/\/artyplan.com\/wp-content\/uploads\/2025\/09\/packaging-nespresso-1.jpg\",\"contentUrl\":\"https:\/\/artyplan.com\/wp-content\/uploads\/2025\/09\/packaging-nespresso-1.jpg\",\"width\":1920,\"height\":600,\"caption\":\"packaging nespresso|packaging tiffany&co|\"},{\"@type\":\"BreadcrumbList\",\"@id\":\"https:\/\/artyplan.com\/ca\/blog\/estrategies-de-branding-a-traves-de-lembalatge\/#breadcrumb\",\"itemListElement\":[{\"@type\":\"ListItem\",\"position\":1,\"name\":\"Artyplan\",\"item\":\"https:\/\/artyplan.com\/ca\/\"},{\"@type\":\"ListItem\",\"position\":2,\"name\":\"Estrat\u00e8gies de br\u00e0nding a trav\u00e9s de l&#8217;embalatge\"}]},{\"@type\":\"WebSite\",\"@id\":\"https:\/\/artyplan.com\/ca\/#website\",\"url\":\"https:\/\/artyplan.com\/ca\/\",\"name\":\"Artyplan\",\"description\":\"\",\"publisher\":{\"@id\":\"https:\/\/artyplan.com\/ca\/#organization\"},\"potentialAction\":[{\"@type\":\"SearchAction\",\"target\":{\"@type\":\"EntryPoint\",\"urlTemplate\":\"https:\/\/artyplan.com\/ca\/?s={search_term_string}\"},\"query-input\":{\"@type\":\"PropertyValueSpecification\",\"valueRequired\":true,\"valueName\":\"search_term_string\"}}],\"inLanguage\":\"ca\"},{\"@type\":\"Organization\",\"@id\":\"https:\/\/artyplan.com\/ca\/#organization\",\"name\":\"Artyplan\",\"url\":\"https:\/\/artyplan.com\/ca\/\",\"logo\":{\"@type\":\"ImageObject\",\"inLanguage\":\"ca\",\"@id\":\"https:\/\/artyplan.com\/ca\/#\/schema\/logo\/image\/\",\"url\":\"https:\/\/artyplan.com\/wp-content\/uploads\/2025\/12\/Logo-artyplan-690x690-1.png\",\"contentUrl\":\"https:\/\/artyplan.com\/wp-content\/uploads\/2025\/12\/Logo-artyplan-690x690-1.png\",\"width\":690,\"height\":690,\"caption\":\"Artyplan\"},\"image\":{\"@id\":\"https:\/\/artyplan.com\/ca\/#\/schema\/logo\/image\/\"},\"sameAs\":[\"https:\/\/www.facebook.com\/artyplan\",\"https:\/\/www.instagram.com\/artyplan\/\",\"https:\/\/www.linkedin.com\/company\/artyplan\"],\"description\":\"Artyplan \u00e9s una empresa especialitzada en producci\u00f3 gr\u00e0fica i comunicaci\u00f3 visual amb 60 anys dexperi\u00e8ncia. Oferim solucions integrals d'impressi\u00f3 en gran format, PLV i retail, gesti\u00f3 d'esdeveniments i fires, disseny i fabricaci\u00f3 a mida, log\u00edstica i serveis d'instal\u00b7laci\u00f3 a tot el territori. Treballem per a marques, ag\u00e8ncies, espais comercials i institucions que necessiten un partner fiable per desenvolupar campanyes de m\u00e0rqueting, projectes de retail i accions de branding o m\u00e0rqueting. Combinem tecnologia avan\u00e7ada d\u00b4impressi\u00f3 digital, un equip expert i una gesti\u00f3 completa de projectes per garantir qualitat, agilitat i resultats a mida per a cada client. Disposem de plataformes B2B que faciliten als nostres clients la gesti\u00f3 de les comandes de materials impresos aix\u00ed com la log\u00edstica dels mateixos.\",\"email\":\"info@artyplan.com\",\"telephone\":\"+34 93 200 87 99\",\"legalName\":\"Artyplan S.L.\",\"vatID\":\"B61963229\",\"numberOfEmployees\":{\"@type\":\"QuantitativeValue\",\"minValue\":\"51\",\"maxValue\":\"200\"}},{\"@type\":\"Person\",\"@id\":\"https:\/\/artyplan.com\/ca\/#\/schema\/person\/0ef19accced432bc277b8d5248cd2cc0\",\"name\":\"Sergio Triguero\",\"image\":{\"@type\":\"ImageObject\",\"inLanguage\":\"ca\",\"@id\":\"https:\/\/artyplan.com\/ca\/#\/schema\/person\/image\/\",\"url\":\"https:\/\/secure.gravatar.com\/avatar\/c742a95811ffbc635a3d111ab446f278cce576575d14970fd5d56e17580c3f23?s=96&d=mm&r=g\",\"contentUrl\":\"https:\/\/secure.gravatar.com\/avatar\/c742a95811ffbc635a3d111ab446f278cce576575d14970fd5d56e17580c3f23?s=96&d=mm&r=g\",\"caption\":\"Sergio Triguero\"}}]}<\/script>\n<!-- \/ Yoast SEO Premium plugin. -->","yoast_head_json":{"title":"Estrat\u00e8gies de br\u00e0nding a trav\u00e9s de l'embalatge | Artyplan","description":"Apr\u00e8n com l'embalatge \u00e9s una eina poderosa en l'estrat\u00e8gia de br\u00e0nding, combinant disseny, sostenibilitat i personalitzaci\u00f3.","robots":{"index":"index","follow":"follow","max-snippet":"max-snippet:-1","max-image-preview":"max-image-preview:large","max-video-preview":"max-video-preview:-1"},"canonical":"https:\/\/artyplan.com\/ca\/blog\/estrategies-de-branding-a-traves-de-lembalatge\/","og_locale":"ca_ES","og_type":"article","og_title":"Estrat\u00e8gies de br\u00e0nding a trav\u00e9s de l'embalatge","og_description":"Apr\u00e8n com l'embalatge \u00e9s una eina poderosa en l'estrat\u00e8gia de br\u00e0nding, combinant disseny, sostenibilitat i personalitzaci\u00f3.","og_url":"https:\/\/artyplan.com\/ca\/blog\/estrategies-de-branding-a-traves-de-lembalatge\/","og_site_name":"Artyplan","article_publisher":"https:\/\/www.facebook.com\/artyplan","article_published_time":"2024-07-14T22:00:00+00:00","article_modified_time":"2025-12-16T10:36:25+00:00","og_image":[{"width":1920,"height":600,"url":"https:\/\/artyplan.com\/wp-content\/uploads\/2025\/09\/packaging-nespresso-1.jpg","type":"image\/jpeg"}],"author":"Sergio Triguero","twitter_card":"summary_large_image","twitter_misc":{"Escrit per":"Sergio Triguero","Temps estimat de lectura":"4 minuts"},"schema":{"@context":"https:\/\/schema.org","@graph":[{"@type":"Article","@id":"https:\/\/artyplan.com\/ca\/blog\/estrategies-de-branding-a-traves-de-lembalatge\/#article","isPartOf":{"@id":"https:\/\/artyplan.com\/ca\/blog\/estrategies-de-branding-a-traves-de-lembalatge\/"},"author":{"name":"Sergio Triguero","@id":"https:\/\/artyplan.com\/ca\/#\/schema\/person\/0ef19accced432bc277b8d5248cd2cc0"},"headline":"Estrat\u00e8gies de br\u00e0nding a trav\u00e9s de l&#8217;embalatge","datePublished":"2024-07-14T22:00:00+00:00","dateModified":"2025-12-16T10:36:25+00:00","mainEntityOfPage":{"@id":"https:\/\/artyplan.com\/ca\/blog\/estrategies-de-branding-a-traves-de-lembalatge\/"},"wordCount":676,"publisher":{"@id":"https:\/\/artyplan.com\/ca\/#organization"},"image":{"@id":"https:\/\/artyplan.com\/ca\/blog\/estrategies-de-branding-a-traves-de-lembalatge\/#primaryimage"},"thumbnailUrl":"https:\/\/artyplan.com\/wp-content\/uploads\/2025\/09\/packaging-nespresso-1.jpg","articleSection":["Ecol\u00f2gic","Ecol\u00f3gico","Noticias","Noticies"],"inLanguage":"ca"},{"@type":"WebPage","@id":"https:\/\/artyplan.com\/ca\/blog\/estrategies-de-branding-a-traves-de-lembalatge\/","url":"https:\/\/artyplan.com\/ca\/blog\/estrategies-de-branding-a-traves-de-lembalatge\/","name":"Estrat\u00e8gies de br\u00e0nding a trav\u00e9s de l'embalatge | Artyplan","isPartOf":{"@id":"https:\/\/artyplan.com\/ca\/#website"},"primaryImageOfPage":{"@id":"https:\/\/artyplan.com\/ca\/blog\/estrategies-de-branding-a-traves-de-lembalatge\/#primaryimage"},"image":{"@id":"https:\/\/artyplan.com\/ca\/blog\/estrategies-de-branding-a-traves-de-lembalatge\/#primaryimage"},"thumbnailUrl":"https:\/\/artyplan.com\/wp-content\/uploads\/2025\/09\/packaging-nespresso-1.jpg","datePublished":"2024-07-14T22:00:00+00:00","dateModified":"2025-12-16T10:36:25+00:00","description":"Apr\u00e8n com l'embalatge \u00e9s una eina poderosa en l'estrat\u00e8gia de br\u00e0nding, combinant disseny, sostenibilitat i personalitzaci\u00f3.","breadcrumb":{"@id":"https:\/\/artyplan.com\/ca\/blog\/estrategies-de-branding-a-traves-de-lembalatge\/#breadcrumb"},"inLanguage":"ca","potentialAction":[{"@type":"ReadAction","target":["https:\/\/artyplan.com\/ca\/blog\/estrategies-de-branding-a-traves-de-lembalatge\/"]}]},{"@type":"ImageObject","inLanguage":"ca","@id":"https:\/\/artyplan.com\/ca\/blog\/estrategies-de-branding-a-traves-de-lembalatge\/#primaryimage","url":"https:\/\/artyplan.com\/wp-content\/uploads\/2025\/09\/packaging-nespresso-1.jpg","contentUrl":"https:\/\/artyplan.com\/wp-content\/uploads\/2025\/09\/packaging-nespresso-1.jpg","width":1920,"height":600,"caption":"packaging nespresso|packaging tiffany&co|"},{"@type":"BreadcrumbList","@id":"https:\/\/artyplan.com\/ca\/blog\/estrategies-de-branding-a-traves-de-lembalatge\/#breadcrumb","itemListElement":[{"@type":"ListItem","position":1,"name":"Artyplan","item":"https:\/\/artyplan.com\/ca\/"},{"@type":"ListItem","position":2,"name":"Estrat\u00e8gies de br\u00e0nding a trav\u00e9s de l&#8217;embalatge"}]},{"@type":"WebSite","@id":"https:\/\/artyplan.com\/ca\/#website","url":"https:\/\/artyplan.com\/ca\/","name":"Artyplan","description":"","publisher":{"@id":"https:\/\/artyplan.com\/ca\/#organization"},"potentialAction":[{"@type":"SearchAction","target":{"@type":"EntryPoint","urlTemplate":"https:\/\/artyplan.com\/ca\/?s={search_term_string}"},"query-input":{"@type":"PropertyValueSpecification","valueRequired":true,"valueName":"search_term_string"}}],"inLanguage":"ca"},{"@type":"Organization","@id":"https:\/\/artyplan.com\/ca\/#organization","name":"Artyplan","url":"https:\/\/artyplan.com\/ca\/","logo":{"@type":"ImageObject","inLanguage":"ca","@id":"https:\/\/artyplan.com\/ca\/#\/schema\/logo\/image\/","url":"https:\/\/artyplan.com\/wp-content\/uploads\/2025\/12\/Logo-artyplan-690x690-1.png","contentUrl":"https:\/\/artyplan.com\/wp-content\/uploads\/2025\/12\/Logo-artyplan-690x690-1.png","width":690,"height":690,"caption":"Artyplan"},"image":{"@id":"https:\/\/artyplan.com\/ca\/#\/schema\/logo\/image\/"},"sameAs":["https:\/\/www.facebook.com\/artyplan","https:\/\/www.instagram.com\/artyplan\/","https:\/\/www.linkedin.com\/company\/artyplan"],"description":"Artyplan \u00e9s una empresa especialitzada en producci\u00f3 gr\u00e0fica i comunicaci\u00f3 visual amb 60 anys dexperi\u00e8ncia. Oferim solucions integrals d'impressi\u00f3 en gran format, PLV i retail, gesti\u00f3 d'esdeveniments i fires, disseny i fabricaci\u00f3 a mida, log\u00edstica i serveis d'instal\u00b7laci\u00f3 a tot el territori. Treballem per a marques, ag\u00e8ncies, espais comercials i institucions que necessiten un partner fiable per desenvolupar campanyes de m\u00e0rqueting, projectes de retail i accions de branding o m\u00e0rqueting. Combinem tecnologia avan\u00e7ada d\u00b4impressi\u00f3 digital, un equip expert i una gesti\u00f3 completa de projectes per garantir qualitat, agilitat i resultats a mida per a cada client. Disposem de plataformes B2B que faciliten als nostres clients la gesti\u00f3 de les comandes de materials impresos aix\u00ed com la log\u00edstica dels mateixos.","email":"info@artyplan.com","telephone":"+34 93 200 87 99","legalName":"Artyplan S.L.","vatID":"B61963229","numberOfEmployees":{"@type":"QuantitativeValue","minValue":"51","maxValue":"200"}},{"@type":"Person","@id":"https:\/\/artyplan.com\/ca\/#\/schema\/person\/0ef19accced432bc277b8d5248cd2cc0","name":"Sergio Triguero","image":{"@type":"ImageObject","inLanguage":"ca","@id":"https:\/\/artyplan.com\/ca\/#\/schema\/person\/image\/","url":"https:\/\/secure.gravatar.com\/avatar\/c742a95811ffbc635a3d111ab446f278cce576575d14970fd5d56e17580c3f23?s=96&d=mm&r=g","contentUrl":"https:\/\/secure.gravatar.com\/avatar\/c742a95811ffbc635a3d111ab446f278cce576575d14970fd5d56e17580c3f23?s=96&d=mm&r=g","caption":"Sergio Triguero"}}]}},"_links":{"self":[{"href":"https:\/\/artyplan.com\/ca\/wp-json\/wp\/v2\/posts\/5940","targetHints":{"allow":["GET"]}}],"collection":[{"href":"https:\/\/artyplan.com\/ca\/wp-json\/wp\/v2\/posts"}],"about":[{"href":"https:\/\/artyplan.com\/ca\/wp-json\/wp\/v2\/types\/post"}],"author":[{"embeddable":true,"href":"https:\/\/artyplan.com\/ca\/wp-json\/wp\/v2\/users\/3"}],"replies":[{"embeddable":true,"href":"https:\/\/artyplan.com\/ca\/wp-json\/wp\/v2\/comments?post=5940"}],"version-history":[{"count":7,"href":"https:\/\/artyplan.com\/ca\/wp-json\/wp\/v2\/posts\/5940\/revisions"}],"predecessor-version":[{"id":7987,"href":"https:\/\/artyplan.com\/ca\/wp-json\/wp\/v2\/posts\/5940\/revisions\/7987"}],"wp:featuredmedia":[{"embeddable":true,"href":"https:\/\/artyplan.com\/ca\/wp-json\/wp\/v2\/media\/7456"}],"wp:attachment":[{"href":"https:\/\/artyplan.com\/ca\/wp-json\/wp\/v2\/media?parent=5940"}],"wp:term":[{"taxonomy":"category","embeddable":true,"href":"https:\/\/artyplan.com\/ca\/wp-json\/wp\/v2\/categories?post=5940"},{"taxonomy":"post_tag","embeddable":true,"href":"https:\/\/artyplan.com\/ca\/wp-json\/wp\/v2\/tags?post=5940"}],"curies":[{"name":"wp","href":"https:\/\/api.w.org\/{rel}","templated":true}]}}