{"id":5946,"date":"2024-07-22T00:00:00","date_gmt":"2024-07-21T22:00:00","guid":{"rendered":"https:\/\/preweb.artyplan.com\/sin-categorizar\/limpacte-de-la-digitalitzacio-en-el-medi-ambient\/"},"modified":"2025-12-16T12:36:17","modified_gmt":"2025-12-16T10:36:17","slug":"limpacte-de-la-digitalitzacio-en-el-medi-ambient","status":"publish","type":"post","link":"https:\/\/artyplan.com\/ca\/blog\/limpacte-de-la-digitalitzacio-en-el-medi-ambient\/","title":{"rendered":"L&#8217;impacte de la digitalitzaci\u00f3 en el medi ambient"},"content":{"rendered":"<p>Cada vegada som m\u00e9s conscients de la necessitat de cuidar el medi ambient, i les empreses busquen maneres innovadores de reduir la seva petjada ecol\u00f2gica i adoptar pr\u00e0ctiques m\u00e9s sostenibles. La digitalitzaci\u00f3 de documents no sols representa un avan\u00e7 tecnol\u00f2gic, sin\u00f3 tamb\u00e9 una estrat\u00e8gia efectiva per a millorar la sostenibilitat empresarial. A continuaci\u00f3, explorem com la digitalitzaci\u00f3 de documents pot contribuir a un futur m\u00e9s verd i responsable.<\/p>\n<ul>\n<li><strong>Reducci\u00f3 d&#8217;\u00fas de paper i residus<\/strong><\/li>\n<\/ul>\n<p>Un dels impactes m\u00e9s directes de la digitalitzaci\u00f3 \u00e9s la dr\u00e0stica reducci\u00f3 en el consum de paper. Les empreses que opten per digitalitzar els seus documents poden reduir significativament la quantitat de paper que utilitzen, la qual cosa es tradueix en menys arbres talats i una menor demanda de processos industrials associats amb la producci\u00f3 de paper.<\/p>\n<p>En disminuir l&#8217;\u00fas de paper, les empreses tamb\u00e9 redueixen la generaci\u00f3 de residus.<\/p>\n<ul>\n<li><strong>Estalvi energ\u00e8tic<img fetchpriority=\"high\" decoding=\"async\" class=\"size-medium wp-image-13749 alignright\" src=\"https:\/\/preweb.artyplan.com\/wp-content\/uploads\/2025\/09\/ahorro-energetico-300x225.jpg\" alt=\"ahorro energetico\" width=\"300\" height=\"225\" \/><\/strong><\/li>\n<\/ul>\n<p>La gesti\u00f3 digital de documents elimina la necessitat de grans espais climatitzats per a emmagatzemar arxius f\u00edsics, la qual cosa al seu torn redueix el consum d&#8217;energia associat amb la calefacci\u00f3, ventilaci\u00f3 i aire condicionat.<\/p>\n<ul>\n<li><strong>Disminuci\u00f3 de la petjada de carboni<\/strong><\/li>\n<\/ul>\n<p>El transport de documents f\u00edsics ja sigui entre oficines o per a enviament a clients i socis, contribueix a l&#8217;emissi\u00f3 de gasos d&#8217;efecte d&#8217;hivernacle. La digitalitzaci\u00f3 permet la transfer\u00e8ncia instant\u00e0nia de documents a trav\u00e9s de correus electr\u00f2nics, serveis en el n\u00favol i altres mitjans digitals, reduint aix\u00ed la necessitat de transport i la petjada de carboni associada. Aquest canvi no sols \u00e9s m\u00e9s r\u00e0pid i eficient, sin\u00f3 tamb\u00e9 m\u00e9s amigable amb el medi ambient.<\/p>\n<ul>\n<li><strong>Foment del reciclatge i la reutilitzaci\u00f3<\/strong><\/li>\n<\/ul>\n<p>Moltes empreses que adopten la digitalitzaci\u00f3 tamb\u00e9 implementen pol\u00edtiques de reciclatge m\u00e9s efectives. Els sistemes de gesti\u00f3 de documents digitals poden incloure funcions per al reciclatge segur d&#8217;arxius obsolets, assegurant que les dades sensibles s&#8217;eliminin de manera adequada i sostenible. A m\u00e9s, els documents digitals poden ser reutilitzats i compartits sense necessitat de generar noves c\u00f2pies f\u00edsiques, promovent una cultura de reutilitzaci\u00f3 en lloc de desaprofitament.<\/p>\n<h2>Compliment amb normatives ambientals<\/h2>\n<p>L&#8217;adopci\u00f3 de pr\u00e0ctiques sostenibles a trav\u00e9s de la digitalitzaci\u00f3 tamb\u00e9 pot ajudar les empreses a complir amb normatives i est\u00e0ndards ambientals. Moltes regulacions ara requereixen la reducci\u00f3 de residus i la implementaci\u00f3 de pol\u00edtiques ecol\u00f2giques. La digitalitzaci\u00f3 facilita el compliment d&#8217;aquestes normatives en reduir l&#8217;\u00fas de recursos naturals i la generaci\u00f3 de residus, i en millorar la tra\u00e7abilitat i transpar\u00e8ncia de les pr\u00e0ctiques empresarials.<\/p>\n<h2>Millora de la Responsabilitat Social Corporativa<\/h2>\n<p>Finalment, la digitalitzaci\u00f3 de documents la digitalitzaci\u00f3 de documents no sols representa una oportunitat per a millorar l&#8217;efici\u00e8ncia operativa de les empreses, sin\u00f3 que tamb\u00e9 exerceix un paper crucial en la millora de la seva Responsabilitat Social Corporativa (RSC). En un m\u00f3n on els consumidors i els socis comercials valoren cada vegada m\u00e9s les pr\u00e0ctiques sostenibles i \u00e8tiques, l&#8217;adopci\u00f3 de la digitalitzaci\u00f3 com a part integral d&#8217;una estrat\u00e8gia de sostenibilitat pot tenir un impacte significatiu en la reputaci\u00f3 i el posicionament de l&#8217;empresa en el mercat.<\/p>\n<ol>\n<li><strong>Transpar\u00e8ncia i acc\u00e9s a la informaci\u00f3<\/strong>: La digitalitzaci\u00f3 de documents permet una gesti\u00f3 m\u00e9s transparent i accessible de la informaci\u00f3 empresarial. Els documents digitals s\u00f3n m\u00e9s f\u00e0cils de compartir de manera segura i r\u00e0pida, la qual cosa millora la comunicaci\u00f3 tant interna com externa.<\/li>\n<li><strong>Reducci\u00f3 de la petjada ambiental<\/strong>: Com es va esmentar anteriorment, la digitalitzaci\u00f3 de documents contribueix a la reducci\u00f3 de l&#8217;\u00fas de paper i minimitza la generaci\u00f3 de residus f\u00edsics. Aquests esfor\u00e7os per a reduir l&#8217;impacte ambiental no sols s\u00f3n valorats pels consumidors conscients del medi ambient, sin\u00f3 que tamb\u00e9 reflecteixen un comprom\u00eds tangible amb la sostenibilitat. Les empreses que adopten pr\u00e0ctiques sostenibles com la digitalitzaci\u00f3 estan m\u00e9s ben posicionades per a atreure i retenir clients que comparteixen aquests valors.<\/li>\n<li><strong>Innovaci\u00f3 i lideratge sectorial<\/strong>: Ser pioner en la implementaci\u00f3 de tecnologies sostenibles com la digitalitzaci\u00f3 de documents pot diferenciar a una empresa en el seu sector. La innovaci\u00f3 en pr\u00e0ctiques empresarials sostenibles no sols pot generar avantatges competitius significatius, sin\u00f3 que tamb\u00e9 posiciona a l&#8217;empresa com a l\u00edder en responsabilitat social i ambiental. Aix\u00f2 no sols atreu a clients i socis compromesos amb la sostenibilitat, sin\u00f3 que tamb\u00e9 inspira a altres empreses a seguir l&#8217;exemple, promovent un canvi positiu en tota la ind\u00fastria.<\/li>\n<li><strong>Enfortiment de relacions amb stakeholders<\/strong>: Implementar la digitalitzaci\u00f3 com a part d&#8217;una estrat\u00e8gia de RSC no sols millora la relaci\u00f3 amb els clients i socis comercials, sin\u00f3 que tamb\u00e9 enforteix els lla\u00e7os amb empleats, prove\u00efdors i la comunitat en general. Els empleats se senten orgullosos de treballar per a una empresa que valora la sostenibilitat, la qual cosa pot augmentar la moral i la retenci\u00f3 del talent. De la mateixa manera, els prove\u00efdors que comparteixen els mateixos valors estan m\u00e9s inclinats a col\u00b7laborar amb empreses que prioritzen la responsabilitat social i ambiental.<\/li>\n<\/ol>\n<p>La <a href=\"http:\/\/artyplan.com\/ca\/serveis\/digitalitzacio-i-gestio-documental\/\" target=\"_blank\" rel=\"noopener\">digitalitzaci\u00f3 de documents<\/a> no sols ofereix beneficis en termes d&#8217;efici\u00e8ncia operativa i estalvi de costos, sin\u00f3 que tamb\u00e9 representa una oportunitat significativa per a millorar la sostenibilitat empresarial. Adoptar la digitalitzaci\u00f3 de documents \u00e9s un pas estrat\u00e8gic que pot tenir un impacte positiu tant en el medi ambient com en la competitivitat i reputaci\u00f3 de l&#8217;empresa.<\/p>\n","protected":false},"excerpt":{"rendered":"<p>Cada vegada som m\u00e9s conscients de la necessitat de cuidar el medi ambient, i les empreses busquen maneres innovadores de reduir la seva petjada ecol\u00f2gica i adoptar pr\u00e0ctiques m\u00e9s sostenibles. La digitalitzaci\u00f3 de documents no sols representa un avan\u00e7 tecnol\u00f2gic, sin\u00f3 tamb\u00e9 una estrat\u00e8gia efectiva per a millorar la sostenibilitat empresarial. A continuaci\u00f3, explorem com [&hellip;]<\/p>\n","protected":false},"author":3,"featured_media":7461,"comment_status":"closed","ping_status":"closed","sticky":false,"template":"","format":"standard","meta":{"footnotes":""},"categories":[52,36,35],"tags":[],"class_list":["post-5946","post","type-post","status-publish","format-standard","has-post-thumbnail","hentry","category-ecologic-ca","category-ecologico","category-noticias"],"yoast_head":"<!-- This site is optimized with the Yoast SEO Premium plugin v26.5 (Yoast SEO v26.5) - https:\/\/yoast.com\/wordpress\/plugins\/seo\/ -->\n<title>L&#039;impacte de la digitalitzaci\u00f3 en el medi ambient | Artyplan<\/title>\n<meta name=\"description\" content=\"La digitalitzaci\u00f3 de documents no sols impulsa l&#039;efici\u00e8ncia empresarial, sin\u00f3 que redueix dr\u00e0sticament l&#039;impacte en el medi ambient.\" \/>\n<meta name=\"robots\" content=\"index, follow, max-snippet:-1, max-image-preview:large, max-video-preview:-1\" \/>\n<link rel=\"canonical\" href=\"https:\/\/artyplan.com\/ca\/blog\/limpacte-de-la-digitalitzacio-en-el-medi-ambient\/\" \/>\n<meta property=\"og:locale\" content=\"ca_ES\" \/>\n<meta property=\"og:type\" content=\"article\" \/>\n<meta property=\"og:title\" content=\"L&#039;impacte de la digitalitzaci\u00f3 en el medi ambient\" \/>\n<meta property=\"og:description\" content=\"La digitalitzaci\u00f3 de documents no sols impulsa l&#039;efici\u00e8ncia empresarial, sin\u00f3 que redueix dr\u00e0sticament l&#039;impacte en el medi ambient.\" \/>\n<meta property=\"og:url\" content=\"https:\/\/artyplan.com\/ca\/blog\/limpacte-de-la-digitalitzacio-en-el-medi-ambient\/\" \/>\n<meta property=\"og:site_name\" content=\"Artyplan\" \/>\n<meta property=\"article:publisher\" content=\"https:\/\/www.facebook.com\/artyplan\" \/>\n<meta property=\"article:published_time\" content=\"2024-07-21T22:00:00+00:00\" \/>\n<meta property=\"article:modified_time\" content=\"2025-12-16T10:36:17+00:00\" \/>\n<meta property=\"og:image\" content=\"https:\/\/artyplan.com\/wp-content\/uploads\/2025\/09\/digitalizacion-sostenible-blog-1.jpg\" \/>\n\t<meta property=\"og:image:width\" content=\"1920\" \/>\n\t<meta property=\"og:image:height\" content=\"600\" \/>\n\t<meta property=\"og:image:type\" content=\"image\/jpeg\" \/>\n<meta name=\"author\" content=\"Sergio Triguero\" \/>\n<meta name=\"twitter:card\" content=\"summary_large_image\" \/>\n<meta name=\"twitter:label1\" content=\"Escrit per\" \/>\n\t<meta name=\"twitter:data1\" content=\"Sergio Triguero\" \/>\n\t<meta name=\"twitter:label2\" content=\"Temps estimat de lectura\" \/>\n\t<meta name=\"twitter:data2\" content=\"5 minuts\" \/>\n<script type=\"application\/ld+json\" class=\"yoast-schema-graph\">{\"@context\":\"https:\/\/schema.org\",\"@graph\":[{\"@type\":\"Article\",\"@id\":\"https:\/\/artyplan.com\/ca\/blog\/limpacte-de-la-digitalitzacio-en-el-medi-ambient\/#article\",\"isPartOf\":{\"@id\":\"https:\/\/artyplan.com\/ca\/blog\/limpacte-de-la-digitalitzacio-en-el-medi-ambient\/\"},\"author\":{\"name\":\"Sergio Triguero\",\"@id\":\"https:\/\/artyplan.com\/ca\/#\/schema\/person\/0ef19accced432bc277b8d5248cd2cc0\"},\"headline\":\"L&#8217;impacte de la digitalitzaci\u00f3 en el medi ambient\",\"datePublished\":\"2024-07-21T22:00:00+00:00\",\"dateModified\":\"2025-12-16T10:36:17+00:00\",\"mainEntityOfPage\":{\"@id\":\"https:\/\/artyplan.com\/ca\/blog\/limpacte-de-la-digitalitzacio-en-el-medi-ambient\/\"},\"wordCount\":941,\"publisher\":{\"@id\":\"https:\/\/artyplan.com\/ca\/#organization\"},\"image\":{\"@id\":\"https:\/\/artyplan.com\/ca\/blog\/limpacte-de-la-digitalitzacio-en-el-medi-ambient\/#primaryimage\"},\"thumbnailUrl\":\"https:\/\/artyplan.com\/wp-content\/uploads\/2025\/09\/digitalizacion-sostenible-blog-1.jpg\",\"articleSection\":[\"Ecol\u00f2gic\",\"Ecol\u00f3gico\",\"Noticias\"],\"inLanguage\":\"ca\"},{\"@type\":\"WebPage\",\"@id\":\"https:\/\/artyplan.com\/ca\/blog\/limpacte-de-la-digitalitzacio-en-el-medi-ambient\/\",\"url\":\"https:\/\/artyplan.com\/ca\/blog\/limpacte-de-la-digitalitzacio-en-el-medi-ambient\/\",\"name\":\"L'impacte de la digitalitzaci\u00f3 en el medi ambient | Artyplan\",\"isPartOf\":{\"@id\":\"https:\/\/artyplan.com\/ca\/#website\"},\"primaryImageOfPage\":{\"@id\":\"https:\/\/artyplan.com\/ca\/blog\/limpacte-de-la-digitalitzacio-en-el-medi-ambient\/#primaryimage\"},\"image\":{\"@id\":\"https:\/\/artyplan.com\/ca\/blog\/limpacte-de-la-digitalitzacio-en-el-medi-ambient\/#primaryimage\"},\"thumbnailUrl\":\"https:\/\/artyplan.com\/wp-content\/uploads\/2025\/09\/digitalizacion-sostenible-blog-1.jpg\",\"datePublished\":\"2024-07-21T22:00:00+00:00\",\"dateModified\":\"2025-12-16T10:36:17+00:00\",\"description\":\"La digitalitzaci\u00f3 de documents no sols impulsa l'efici\u00e8ncia empresarial, sin\u00f3 que redueix dr\u00e0sticament l'impacte en el medi ambient.\",\"breadcrumb\":{\"@id\":\"https:\/\/artyplan.com\/ca\/blog\/limpacte-de-la-digitalitzacio-en-el-medi-ambient\/#breadcrumb\"},\"inLanguage\":\"ca\",\"potentialAction\":[{\"@type\":\"ReadAction\",\"target\":[\"https:\/\/artyplan.com\/ca\/blog\/limpacte-de-la-digitalitzacio-en-el-medi-ambient\/\"]}]},{\"@type\":\"ImageObject\",\"inLanguage\":\"ca\",\"@id\":\"https:\/\/artyplan.com\/ca\/blog\/limpacte-de-la-digitalitzacio-en-el-medi-ambient\/#primaryimage\",\"url\":\"https:\/\/artyplan.com\/wp-content\/uploads\/2025\/09\/digitalizacion-sostenible-blog-1.jpg\",\"contentUrl\":\"https:\/\/artyplan.com\/wp-content\/uploads\/2025\/09\/digitalizacion-sostenible-blog-1.jpg\",\"width\":1920,\"height\":600,\"caption\":\"digitalizaci\u00f3n y medio ambiente|digitalitzaci\u00f3 i medi ambient|ahorro energetico\"},{\"@type\":\"BreadcrumbList\",\"@id\":\"https:\/\/artyplan.com\/ca\/blog\/limpacte-de-la-digitalitzacio-en-el-medi-ambient\/#breadcrumb\",\"itemListElement\":[{\"@type\":\"ListItem\",\"position\":1,\"name\":\"Artyplan\",\"item\":\"https:\/\/artyplan.com\/ca\/\"},{\"@type\":\"ListItem\",\"position\":2,\"name\":\"L&#8217;impacte de la digitalitzaci\u00f3 en el medi ambient\"}]},{\"@type\":\"WebSite\",\"@id\":\"https:\/\/artyplan.com\/ca\/#website\",\"url\":\"https:\/\/artyplan.com\/ca\/\",\"name\":\"Artyplan\",\"description\":\"\",\"publisher\":{\"@id\":\"https:\/\/artyplan.com\/ca\/#organization\"},\"potentialAction\":[{\"@type\":\"SearchAction\",\"target\":{\"@type\":\"EntryPoint\",\"urlTemplate\":\"https:\/\/artyplan.com\/ca\/?s={search_term_string}\"},\"query-input\":{\"@type\":\"PropertyValueSpecification\",\"valueRequired\":true,\"valueName\":\"search_term_string\"}}],\"inLanguage\":\"ca\"},{\"@type\":\"Organization\",\"@id\":\"https:\/\/artyplan.com\/ca\/#organization\",\"name\":\"Artyplan\",\"url\":\"https:\/\/artyplan.com\/ca\/\",\"logo\":{\"@type\":\"ImageObject\",\"inLanguage\":\"ca\",\"@id\":\"https:\/\/artyplan.com\/ca\/#\/schema\/logo\/image\/\",\"url\":\"https:\/\/artyplan.com\/wp-content\/uploads\/2025\/12\/Logo-artyplan-690x690-1.png\",\"contentUrl\":\"https:\/\/artyplan.com\/wp-content\/uploads\/2025\/12\/Logo-artyplan-690x690-1.png\",\"width\":690,\"height\":690,\"caption\":\"Artyplan\"},\"image\":{\"@id\":\"https:\/\/artyplan.com\/ca\/#\/schema\/logo\/image\/\"},\"sameAs\":[\"https:\/\/www.facebook.com\/artyplan\",\"https:\/\/www.instagram.com\/artyplan\/\",\"https:\/\/www.linkedin.com\/company\/artyplan\"],\"description\":\"Artyplan \u00e9s una empresa especialitzada en producci\u00f3 gr\u00e0fica i comunicaci\u00f3 visual amb 60 anys dexperi\u00e8ncia. Oferim solucions integrals d'impressi\u00f3 en gran format, PLV i retail, gesti\u00f3 d'esdeveniments i fires, disseny i fabricaci\u00f3 a mida, log\u00edstica i serveis d'instal\u00b7laci\u00f3 a tot el territori. Treballem per a marques, ag\u00e8ncies, espais comercials i institucions que necessiten un partner fiable per desenvolupar campanyes de m\u00e0rqueting, projectes de retail i accions de branding o m\u00e0rqueting. Combinem tecnologia avan\u00e7ada d\u00b4impressi\u00f3 digital, un equip expert i una gesti\u00f3 completa de projectes per garantir qualitat, agilitat i resultats a mida per a cada client. Disposem de plataformes B2B que faciliten als nostres clients la gesti\u00f3 de les comandes de materials impresos aix\u00ed com la log\u00edstica dels mateixos.\",\"email\":\"info@artyplan.com\",\"telephone\":\"+34 93 200 87 99\",\"legalName\":\"Artyplan S.L.\",\"vatID\":\"B61963229\",\"numberOfEmployees\":{\"@type\":\"QuantitativeValue\",\"minValue\":\"51\",\"maxValue\":\"200\"}},{\"@type\":\"Person\",\"@id\":\"https:\/\/artyplan.com\/ca\/#\/schema\/person\/0ef19accced432bc277b8d5248cd2cc0\",\"name\":\"Sergio Triguero\",\"image\":{\"@type\":\"ImageObject\",\"inLanguage\":\"ca\",\"@id\":\"https:\/\/artyplan.com\/ca\/#\/schema\/person\/image\/\",\"url\":\"https:\/\/secure.gravatar.com\/avatar\/c742a95811ffbc635a3d111ab446f278cce576575d14970fd5d56e17580c3f23?s=96&d=mm&r=g\",\"contentUrl\":\"https:\/\/secure.gravatar.com\/avatar\/c742a95811ffbc635a3d111ab446f278cce576575d14970fd5d56e17580c3f23?s=96&d=mm&r=g\",\"caption\":\"Sergio Triguero\"}}]}<\/script>\n<!-- \/ Yoast SEO Premium plugin. -->","yoast_head_json":{"title":"L'impacte de la digitalitzaci\u00f3 en el medi ambient | Artyplan","description":"La digitalitzaci\u00f3 de documents no sols impulsa l'efici\u00e8ncia empresarial, sin\u00f3 que redueix dr\u00e0sticament l'impacte en el medi ambient.","robots":{"index":"index","follow":"follow","max-snippet":"max-snippet:-1","max-image-preview":"max-image-preview:large","max-video-preview":"max-video-preview:-1"},"canonical":"https:\/\/artyplan.com\/ca\/blog\/limpacte-de-la-digitalitzacio-en-el-medi-ambient\/","og_locale":"ca_ES","og_type":"article","og_title":"L'impacte de la digitalitzaci\u00f3 en el medi ambient","og_description":"La digitalitzaci\u00f3 de documents no sols impulsa l'efici\u00e8ncia empresarial, sin\u00f3 que redueix dr\u00e0sticament l'impacte en el medi ambient.","og_url":"https:\/\/artyplan.com\/ca\/blog\/limpacte-de-la-digitalitzacio-en-el-medi-ambient\/","og_site_name":"Artyplan","article_publisher":"https:\/\/www.facebook.com\/artyplan","article_published_time":"2024-07-21T22:00:00+00:00","article_modified_time":"2025-12-16T10:36:17+00:00","og_image":[{"width":1920,"height":600,"url":"https:\/\/artyplan.com\/wp-content\/uploads\/2025\/09\/digitalizacion-sostenible-blog-1.jpg","type":"image\/jpeg"}],"author":"Sergio Triguero","twitter_card":"summary_large_image","twitter_misc":{"Escrit per":"Sergio Triguero","Temps estimat de lectura":"5 minuts"},"schema":{"@context":"https:\/\/schema.org","@graph":[{"@type":"Article","@id":"https:\/\/artyplan.com\/ca\/blog\/limpacte-de-la-digitalitzacio-en-el-medi-ambient\/#article","isPartOf":{"@id":"https:\/\/artyplan.com\/ca\/blog\/limpacte-de-la-digitalitzacio-en-el-medi-ambient\/"},"author":{"name":"Sergio Triguero","@id":"https:\/\/artyplan.com\/ca\/#\/schema\/person\/0ef19accced432bc277b8d5248cd2cc0"},"headline":"L&#8217;impacte de la digitalitzaci\u00f3 en el medi ambient","datePublished":"2024-07-21T22:00:00+00:00","dateModified":"2025-12-16T10:36:17+00:00","mainEntityOfPage":{"@id":"https:\/\/artyplan.com\/ca\/blog\/limpacte-de-la-digitalitzacio-en-el-medi-ambient\/"},"wordCount":941,"publisher":{"@id":"https:\/\/artyplan.com\/ca\/#organization"},"image":{"@id":"https:\/\/artyplan.com\/ca\/blog\/limpacte-de-la-digitalitzacio-en-el-medi-ambient\/#primaryimage"},"thumbnailUrl":"https:\/\/artyplan.com\/wp-content\/uploads\/2025\/09\/digitalizacion-sostenible-blog-1.jpg","articleSection":["Ecol\u00f2gic","Ecol\u00f3gico","Noticias"],"inLanguage":"ca"},{"@type":"WebPage","@id":"https:\/\/artyplan.com\/ca\/blog\/limpacte-de-la-digitalitzacio-en-el-medi-ambient\/","url":"https:\/\/artyplan.com\/ca\/blog\/limpacte-de-la-digitalitzacio-en-el-medi-ambient\/","name":"L'impacte de la digitalitzaci\u00f3 en el medi ambient | Artyplan","isPartOf":{"@id":"https:\/\/artyplan.com\/ca\/#website"},"primaryImageOfPage":{"@id":"https:\/\/artyplan.com\/ca\/blog\/limpacte-de-la-digitalitzacio-en-el-medi-ambient\/#primaryimage"},"image":{"@id":"https:\/\/artyplan.com\/ca\/blog\/limpacte-de-la-digitalitzacio-en-el-medi-ambient\/#primaryimage"},"thumbnailUrl":"https:\/\/artyplan.com\/wp-content\/uploads\/2025\/09\/digitalizacion-sostenible-blog-1.jpg","datePublished":"2024-07-21T22:00:00+00:00","dateModified":"2025-12-16T10:36:17+00:00","description":"La digitalitzaci\u00f3 de documents no sols impulsa l'efici\u00e8ncia empresarial, sin\u00f3 que redueix dr\u00e0sticament l'impacte en el medi ambient.","breadcrumb":{"@id":"https:\/\/artyplan.com\/ca\/blog\/limpacte-de-la-digitalitzacio-en-el-medi-ambient\/#breadcrumb"},"inLanguage":"ca","potentialAction":[{"@type":"ReadAction","target":["https:\/\/artyplan.com\/ca\/blog\/limpacte-de-la-digitalitzacio-en-el-medi-ambient\/"]}]},{"@type":"ImageObject","inLanguage":"ca","@id":"https:\/\/artyplan.com\/ca\/blog\/limpacte-de-la-digitalitzacio-en-el-medi-ambient\/#primaryimage","url":"https:\/\/artyplan.com\/wp-content\/uploads\/2025\/09\/digitalizacion-sostenible-blog-1.jpg","contentUrl":"https:\/\/artyplan.com\/wp-content\/uploads\/2025\/09\/digitalizacion-sostenible-blog-1.jpg","width":1920,"height":600,"caption":"digitalizaci\u00f3n y medio ambiente|digitalitzaci\u00f3 i medi ambient|ahorro energetico"},{"@type":"BreadcrumbList","@id":"https:\/\/artyplan.com\/ca\/blog\/limpacte-de-la-digitalitzacio-en-el-medi-ambient\/#breadcrumb","itemListElement":[{"@type":"ListItem","position":1,"name":"Artyplan","item":"https:\/\/artyplan.com\/ca\/"},{"@type":"ListItem","position":2,"name":"L&#8217;impacte de la digitalitzaci\u00f3 en el medi ambient"}]},{"@type":"WebSite","@id":"https:\/\/artyplan.com\/ca\/#website","url":"https:\/\/artyplan.com\/ca\/","name":"Artyplan","description":"","publisher":{"@id":"https:\/\/artyplan.com\/ca\/#organization"},"potentialAction":[{"@type":"SearchAction","target":{"@type":"EntryPoint","urlTemplate":"https:\/\/artyplan.com\/ca\/?s={search_term_string}"},"query-input":{"@type":"PropertyValueSpecification","valueRequired":true,"valueName":"search_term_string"}}],"inLanguage":"ca"},{"@type":"Organization","@id":"https:\/\/artyplan.com\/ca\/#organization","name":"Artyplan","url":"https:\/\/artyplan.com\/ca\/","logo":{"@type":"ImageObject","inLanguage":"ca","@id":"https:\/\/artyplan.com\/ca\/#\/schema\/logo\/image\/","url":"https:\/\/artyplan.com\/wp-content\/uploads\/2025\/12\/Logo-artyplan-690x690-1.png","contentUrl":"https:\/\/artyplan.com\/wp-content\/uploads\/2025\/12\/Logo-artyplan-690x690-1.png","width":690,"height":690,"caption":"Artyplan"},"image":{"@id":"https:\/\/artyplan.com\/ca\/#\/schema\/logo\/image\/"},"sameAs":["https:\/\/www.facebook.com\/artyplan","https:\/\/www.instagram.com\/artyplan\/","https:\/\/www.linkedin.com\/company\/artyplan"],"description":"Artyplan \u00e9s una empresa especialitzada en producci\u00f3 gr\u00e0fica i comunicaci\u00f3 visual amb 60 anys dexperi\u00e8ncia. Oferim solucions integrals d'impressi\u00f3 en gran format, PLV i retail, gesti\u00f3 d'esdeveniments i fires, disseny i fabricaci\u00f3 a mida, log\u00edstica i serveis d'instal\u00b7laci\u00f3 a tot el territori. Treballem per a marques, ag\u00e8ncies, espais comercials i institucions que necessiten un partner fiable per desenvolupar campanyes de m\u00e0rqueting, projectes de retail i accions de branding o m\u00e0rqueting. Combinem tecnologia avan\u00e7ada d\u00b4impressi\u00f3 digital, un equip expert i una gesti\u00f3 completa de projectes per garantir qualitat, agilitat i resultats a mida per a cada client. Disposem de plataformes B2B que faciliten als nostres clients la gesti\u00f3 de les comandes de materials impresos aix\u00ed com la log\u00edstica dels mateixos.","email":"info@artyplan.com","telephone":"+34 93 200 87 99","legalName":"Artyplan S.L.","vatID":"B61963229","numberOfEmployees":{"@type":"QuantitativeValue","minValue":"51","maxValue":"200"}},{"@type":"Person","@id":"https:\/\/artyplan.com\/ca\/#\/schema\/person\/0ef19accced432bc277b8d5248cd2cc0","name":"Sergio Triguero","image":{"@type":"ImageObject","inLanguage":"ca","@id":"https:\/\/artyplan.com\/ca\/#\/schema\/person\/image\/","url":"https:\/\/secure.gravatar.com\/avatar\/c742a95811ffbc635a3d111ab446f278cce576575d14970fd5d56e17580c3f23?s=96&d=mm&r=g","contentUrl":"https:\/\/secure.gravatar.com\/avatar\/c742a95811ffbc635a3d111ab446f278cce576575d14970fd5d56e17580c3f23?s=96&d=mm&r=g","caption":"Sergio Triguero"}}]}},"_links":{"self":[{"href":"https:\/\/artyplan.com\/ca\/wp-json\/wp\/v2\/posts\/5946","targetHints":{"allow":["GET"]}}],"collection":[{"href":"https:\/\/artyplan.com\/ca\/wp-json\/wp\/v2\/posts"}],"about":[{"href":"https:\/\/artyplan.com\/ca\/wp-json\/wp\/v2\/types\/post"}],"author":[{"embeddable":true,"href":"https:\/\/artyplan.com\/ca\/wp-json\/wp\/v2\/users\/3"}],"replies":[{"embeddable":true,"href":"https:\/\/artyplan.com\/ca\/wp-json\/wp\/v2\/comments?post=5946"}],"version-history":[{"count":7,"href":"https:\/\/artyplan.com\/ca\/wp-json\/wp\/v2\/posts\/5946\/revisions"}],"predecessor-version":[{"id":7991,"href":"https:\/\/artyplan.com\/ca\/wp-json\/wp\/v2\/posts\/5946\/revisions\/7991"}],"wp:featuredmedia":[{"embeddable":true,"href":"https:\/\/artyplan.com\/ca\/wp-json\/wp\/v2\/media\/7461"}],"wp:attachment":[{"href":"https:\/\/artyplan.com\/ca\/wp-json\/wp\/v2\/media?parent=5946"}],"wp:term":[{"taxonomy":"category","embeddable":true,"href":"https:\/\/artyplan.com\/ca\/wp-json\/wp\/v2\/categories?post=5946"},{"taxonomy":"post_tag","embeddable":true,"href":"https:\/\/artyplan.com\/ca\/wp-json\/wp\/v2\/tags?post=5946"}],"curies":[{"name":"wp","href":"https:\/\/api.w.org\/{rel}","templated":true}]}}