{"id":5977,"date":"2024-09-20T00:00:00","date_gmt":"2024-09-19T22:00:00","guid":{"rendered":"https:\/\/preweb.artyplan.com\/sin-categorizar\/idees-de-decoracio-per-a-punt-de-venda-durant-black-friday\/"},"modified":"2026-01-30T11:48:58","modified_gmt":"2026-01-30T09:48:58","slug":"idees-de-decoracio-per-a-punt-de-venda-durant-black-friday","status":"publish","type":"post","link":"https:\/\/artyplan.com\/ca\/blog\/idees-de-decoracio-per-a-punt-de-venda-durant-black-friday\/","title":{"rendered":"Decoraci\u00f3 de punt de venda per al Black Friday"},"content":{"rendered":"<div class=\"traductor-textarea form-group\">\n<div class=\"textarea-desti col-xs-12 col-sm-6\">\n<div class=\"form-control second-textarea\">\n<p>Les empreses es preparen per a una de les \u00e8poques m\u00e9s intenses de l&#8217;any quant a vendes. Black Friday i Cyber Monday s\u00f3n una oportunitat estrat\u00e8gica no sols per a augmentar ingressos, sin\u00f3 tamb\u00e9 per a enfortir la visibilitat de marca.<\/p>\n<p>Entenem la import\u00e0ncia d&#8217;un punt de venda ben organitzat i visualment atractiu, especialment en dates com\u00a0Black\u00a0Friday. A continuaci\u00f3, t&#8217;expliquem com els serveis d&#8217;impressi\u00f3 poden impulsar les teves vendes i visibilitat durant aquesta temporada.<\/p>\n<h2>Per qu\u00e8 \u00e9s clau el material impr\u00e8s per a\u00a0Black\u00a0Friday?<\/h2>\n<p>Encara que el m\u00e0rqueting digital \u00e9s essencial, el material impr\u00e8s continua sent una eina clau en \u00e8poques d&#8217;alta compet\u00e8ncia com\u00a0Black\u00a0Friday. Aqu\u00ed et deixem algunes raons per les quals hauries de considerar els serveis d&#8217;impressi\u00f3 per a les teves campanyes:<\/p>\n<ul>\n<li>\n<h4>Genera impacte visual<\/h4>\n<\/li>\n<\/ul>\n<p>El material impr\u00e8s, com a flyers, cat\u00e0legs o cartells, pot ser una excel\u00b7lent manera de destacar ofertes i promocions de Black Friday. En estar f\u00edsicament present en mans del client, \u00e9s m\u00e9s dif\u00edcil d&#8217;ignorar.<\/p>\n<ul>\n<li>\n<h4>Refor\u00e7a la teva pres\u00e8ncia local<\/h4>\n<\/li>\n<\/ul>\n<p>Si tens una botiga f\u00edsica, comptar amb material impr\u00e8s t&#8217;ajuda a captar l&#8217;atenci\u00f3 de les persones que passen a prop. Un disseny cridaner en els teus aparadors, per exemple, pot ser decisiu per a atreure m\u00e9s tr\u00e0nsit a la teva botiga durant aquests dies.<\/p>\n<ul>\n<li>\n<h4>Dona suport a la teva estrat\u00e8gia omnicanal<\/h4>\n<\/li>\n<\/ul>\n<p>Combinar el millor del m\u00e0rqueting en l\u00ednia i offline \u00e9s una estrat\u00e8gia intel\u00b7ligent. Pots usar flyers o targetes impreses amb codis QR que portin directament a la teva botiga en l\u00ednia o a promocions exclusives.<\/p>\n<ul>\n<li>\n<h4>Augmenta la confian\u00e7a en la teva marca<\/h4>\n<\/li>\n<\/ul>\n<p>Un cat\u00e0leg o fullet ben dissenyat refor\u00e7a la imatge de professionalitat de la teva empresa. En una data tan competitiva com\u00a0Black\u00a0Friday, transmetre confian\u00e7a pot marcar la difer\u00e8ncia per a convertir visites en vendes.<\/p>\n<h2>Productes d&#8217;impressi\u00f3 per a les teves campanyes de Black Friday<\/h2>\n<p>Aquests s\u00f3n alguns dels materials impresos que pots necessitar per a destacar durant aquest moment de l&#8217;any:<\/p>\n<ul>\n<li>\n<h4>Roll-ups i b\u00e0ners personalitzats<\/h4>\n<\/li>\n<\/ul>\n<p>Els<a href=\"http:\/\/artyplan.com\/ca\/productes-impressio\/packaging\/packaging-promocional\/roll-ups-i-banners\/\"> roll-ups<\/a> s\u00f3n la soluci\u00f3 perfecta per a promocionar les teves ofertes en el punt de venda. Aquests elements publicitaris port\u00e0tils s\u00f3n f\u00e0cils d&#8217;instal\u00b7lar i poden col\u00b7locar-se estrat\u00e8gicament prop de les promocions especials, entrades o caixes registradores, ajudant a guiar al client cap a les ofertes.<\/p>\n<ul>\n<li>\n<h4>Cartells i p\u00f2sters promocionals<\/h4>\n<\/li>\n<\/ul>\n<p>Una de les primeres coses que els clients noten en entrar a una botiga s\u00f3n els cartells. Invertir en cartells de gran format i b\u00e0ners ben dissenyats pot augmentar significativament la visibilitat dels teus productes en promoci\u00f3. Col\u00b7loca aquests materials estrat\u00e8gicament a la teva botiga per a guiar als clients cap a les teves millors ofertes.<\/p>\n<p>Aquests cartells poden col\u00b7locar-se en vitrines, entrades o en seccions espec\u00edfiques de la botiga per a maximitzar el seu impacte.<\/p>\n<p><img fetchpriority=\"high\" decoding=\"async\" class=\"wp-image-13657 aligncenter\" src=\"https:\/\/preweb.artyplan.com\/wp-content\/uploads\/2025\/09\/Cartel-black-friday-1-300x118.jpeg\" alt=\"cartel black friday\" width=\"534\" height=\"210\" \/><\/p>\n<h2><\/h2>\n<ul>\n<li>\n<h4>Flyers i fullets<\/h4>\n<\/li>\n<\/ul>\n<p>Els<a href=\"http:\/\/artyplan.com\/ca\/productes-impressio\/packaging\/packaging-promocional\/roll-ups-i-banners\/\"> flyers<\/a> s\u00f3n una eina cl\u00e0ssica per\u00f2 efectiva per a comunicar les teves ofertes de Black Friday. Col\u00b7loca&#8217;ls en les entrades de la teva botiga, distribueix-los en esdeveniments o inclou-los en les comandes en l\u00ednia. Un disseny cridaner i un missatge clar poden ser l&#8217;empenta necess\u00e0ria per a convertir a un visitant en un client.<\/p>\n<ul>\n<li>\n<h4>Etiquetes i adhesius promocionals<\/h4>\n<\/li>\n<\/ul>\n<p>Les etiquetes personalitzades s\u00f3n una excel\u00b7lent manera de marcar clarament els productes en oferta. Poden incloure detalls sobre el descompte, la durada de l&#8217;oferta i altres missatges clau, ajudant els clients a identificar r\u00e0pidament les millors promocions en cada secci\u00f3 de la botiga.<\/p>\n<p>Els adhesius tamb\u00e9 poden utilitzar-se per a embolicar productes o com una forma creativa d&#8217;embalatge.<\/p>\n<ul>\n<li>\n<h4>Cat\u00e0legs impresos<\/h4>\n<\/li>\n<\/ul>\n<p>En la temporada de\u00a0Black\u00a0Friday\u00a02024, un <a href=\"http:\/\/artyplan.com\/ca\/productes-impressio\/serveis-dimpressio-de-petit-format\/impressio-comercial\/fulletons\/\" target=\"_blank\" rel=\"noopener\">cat\u00e0leg ben dissenyat<\/a> pot ser el teu millor aliat per a captar l&#8217;atenci\u00f3 dels teus clients i fomentar les vendes. No es tracta nom\u00e9s de llistar productes; es tracta de crear una experi\u00e8ncia visual que destaqui les teves ofertes i promocions de manera efectiva.<\/p>\n<ul>\n<li>\n<h4>Material per a aparadors<\/h4>\n<\/li>\n<\/ul>\n<p>L&#8217;aparador \u00e9s la primera impressi\u00f3 que els clients tenen de la teva botiga. Amb materials impresos com a vinils adhesius o cartells cridaners, pots atreure l&#8217;atenci\u00f3 des de l&#8217;exterior i despertar l&#8217;inter\u00e8s dels transe\u00fcnts perqu\u00e8 entrin a la teva botiga i descobreixin les teves ofertes.<\/p>\n<ul>\n<li>\n<h4>Targetes de visita i de fidelitat<\/h4>\n<\/li>\n<\/ul>\n<p>En aquesta \u00e8poca de compres intensives, atreure els clients perqu\u00e8 tornin \u00e9s fonamental. Les<a href=\"http:\/\/artyplan.com\/ca\/productes-impressio\/serveis-dimpressio-de-petit-format\/papereria-corporativa\/targetes\/\"> targetes de visita i de fidelitat<\/a> impreses poden ajudar-te a connectar amb ells a llarg termini. Durant\u00a0Black\u00a0Friday, considera oferir targetes de descompte per a futures compres, la qual cosa incentivar\u00e0 als clients a tornar.<\/p>\n<h2>Estrat\u00e8gies per a aprofitar al m\u00e0xim el\u00a0Black\u00a0Friday\u00a0amb material impr\u00e8s<\/h2>\n<div class=\"traductor-textarea form-group\">\n<div class=\"textarea-desti col-xs-12 col-sm-6\">\n<div class=\"form-control second-textarea\">Per a aprofitar al m\u00e0xim el potencial del Black Friday amb material impr\u00e8s, \u00e9s fonamental tenir en compte algunes estrat\u00e8gies clau. Segueix aquests consells perqu\u00e8 el teu Black Friday sigui un \u00e8xit rotund.<\/div>\n<\/div>\n<\/div>\n<ul>\n<li>\n<h4>Planifica amb antelaci\u00f3<\/h4>\n<\/li>\n<\/ul>\n<p>Les campanyes de\u00a0Black\u00a0Friday\u00a0requereixen temps i organitzaci\u00f3. Dissenyar, imprimir i distribuir el teu material a temps \u00e9s clau. Recomanem comen\u00e7ar a treballar en les teves peces impreses almenys un mes abans de l&#8217;esdeveniment.<\/p>\n<ul>\n<li>\n<h4>Optimitza el disseny<\/h4>\n<\/li>\n<\/ul>\n<p>Assegura&#8217;t que els teus materials impresos siguin cridaners i f\u00e0cils de llegir. Un disseny sobrecarregat o poc clar pot diluir el teu missatge. Utilitza colors que ressaltin i assegura&#8217;t que l&#8217;oferta i l&#8217;anomenat a l&#8217;acci\u00f3 estiguin ben visibles.<\/p>\n<ul>\n<li>\n<h4>Inclou promocions limitades<\/h4>\n<\/li>\n<\/ul>\n<p>Aprofita la urg\u00e8ncia que genera\u00a0Black\u00a0Friday\u00a0incloent terminis curts per a les teves ofertes en els materials impresos. Frases com &#8220;Nom\u00e9s per\u00a0Black\u00a0Friday&#8221;\u00a0o &#8220;V\u00e0lid fins a esgotar exist\u00e8ncies&#8221; poden generar aquest impuls de compra tan desitjat.<\/p>\n<ul>\n<li>\n<h4>Coordina amb la teva estrat\u00e8gia digital<\/h4>\n<\/li>\n<\/ul>\n<p>Aprofita les oportunitats omnicanal de\u00a0Black\u00a0Friday. Col\u00b7loca codis\u00a0QR\u00a0en els teus cartells o fullets que dirigeixin als clients a promocions en l\u00ednia o complementin la seva experi\u00e8ncia de compra amb informaci\u00f3 addicional.<\/p>\n<h2>Materials d&#8217;impressi\u00f3 ecol\u00f2gics per a\u00a0Black\u00a0Friday<\/h2>\n<p>La sostenibilitat ja no \u00e9s nom\u00e9s una tend\u00e8ncia, \u00e9s una necessitat. Optar per materials d&#8217;impressi\u00f3 reciclats o reciclables no sols ajuda a reduir l&#8217;impacte ambiental del teu negoci, sin\u00f3 que tamb\u00e9 et posiciona com una empresa conscient i responsable. Cerca prove\u00efdors que ofereixin paper reciclat i tintes ecol\u00f2giques, que minimitzin l&#8217;\u00fas de productes qu\u00edmics nocius i redueixin el consum de recursos naturals.<\/p>\n<p>Opta per solucions d&#8217;embalatge ecol\u00f2giques que siguin tant funcionals com atractives. Les caixes de cart\u00f3 reciclat, les bosses reutilitzables i els envasos biodegradables no sols redueixen l&#8217;impacte ambiental, sin\u00f3 que tamb\u00e9 afegeixen un valor percebut als teus productes.<\/p>\n<h3>Promociona el teu comprom\u00eds amb el medi ambient<\/h3>\n<p>No oblidis comunicar el teu comprom\u00eds amb la sostenibilitat als teus clients. Utilitza els teus materials d&#8217;impressi\u00f3 per a informar-los sobre les iniciatives ecol\u00f2giques que has adoptat. Un petit missatge en els teus fullets o un b\u00e0ner a la teva botiga pot ser suficient per a mostrar als teus clients que la teva empresa est\u00e0 fent la seva part per a cuidar el planeta.<\/p>\n<p>L&#8217;\u00e8xit en\u00a0Black\u00a0Friday\u00a0dep\u00e8n de molts factors, per\u00f2 un punt de venda ben dissenyat i amb material impr\u00e8s d&#8217;alta qualitat pot marcar la difer\u00e8ncia entre una campanya reeixida i una oportunitat perduda. Des de cartells cridaners fins a senyalitzaci\u00f3 efica\u00e7, som aqu\u00ed per a ajudar-te a optimitzar la teva botiga i fer que les teves promocions destaquin enfront de la compet\u00e8ncia.<\/p>\n<p>Est\u00e0s llest per a fer que aquest Black Friday sigui el millor de tots? Contacta amb nosaltres per a descobrir com podem ajudar-te a imprimir les teves idees i fer-les realitat de manera ecol\u00f2gica i efectiva!<\/p>\n<\/div>\n<\/div>\n<\/div>\n","protected":false},"excerpt":{"rendered":"<p>Les empreses es preparen per a una de les \u00e8poques m\u00e9s intenses de l&#8217;any quant a vendes. Black Friday i Cyber Monday s\u00f3n una oportunitat estrat\u00e8gica no sols per a augmentar ingressos, sin\u00f3 tamb\u00e9 per a enfortir la visibilitat de marca. Entenem la import\u00e0ncia d&#8217;un punt de venda ben organitzat i visualment atractiu, especialment en [&hellip;]<\/p>\n","protected":false},"author":3,"featured_media":7484,"comment_status":"closed","ping_status":"closed","sticky":false,"template":"","format":"standard","meta":{"footnotes":""},"categories":[52,36,35],"tags":[],"class_list":["post-5977","post","type-post","status-publish","format-standard","has-post-thumbnail","hentry","category-ecologic-ca","category-ecologico","category-noticias"],"yoast_head":"<!-- This site is optimized with the Yoast SEO Premium plugin v26.5 (Yoast SEO v26.5) - https:\/\/yoast.com\/wordpress\/plugins\/seo\/ -->\n<title>Decoraci\u00f3 de punt de venda per al Black Friday<\/title>\n<meta name=\"description\" content=\"Un material impr\u00e8s ben dissenyat atreu clients i refor\u00e7a la teva marca durant Black Friday. Prepara&#039;t per a destacar amb solucions ecol\u00f2giques.\" \/>\n<meta name=\"robots\" content=\"index, follow, max-snippet:-1, max-image-preview:large, max-video-preview:-1\" \/>\n<link rel=\"canonical\" href=\"https:\/\/artyplan.com\/ca\/blog\/idees-de-decoracio-per-a-punt-de-venda-durant-black-friday\/\" \/>\n<meta property=\"og:locale\" content=\"ca_ES\" \/>\n<meta property=\"og:type\" content=\"article\" \/>\n<meta property=\"og:title\" content=\"Decoraci\u00f3 de punt de venda per al Black Friday\" \/>\n<meta property=\"og:description\" content=\"Un material impr\u00e8s ben dissenyat atreu clients i refor\u00e7a la teva marca durant Black Friday. Prepara&#039;t per a destacar amb solucions ecol\u00f2giques.\" \/>\n<meta property=\"og:url\" content=\"https:\/\/artyplan.com\/ca\/blog\/idees-de-decoracio-per-a-punt-de-venda-durant-black-friday\/\" \/>\n<meta property=\"og:site_name\" content=\"Artyplan\" \/>\n<meta property=\"article:publisher\" content=\"https:\/\/www.facebook.com\/artyplan\" \/>\n<meta property=\"article:published_time\" content=\"2024-09-19T22:00:00+00:00\" \/>\n<meta property=\"article:modified_time\" content=\"2026-01-30T09:48:58+00:00\" \/>\n<meta property=\"og:image\" content=\"https:\/\/artyplan.com\/wp-content\/uploads\/2025\/09\/blog-black-friday-2024.jpg\" \/>\n\t<meta property=\"og:image:width\" content=\"1920\" \/>\n\t<meta property=\"og:image:height\" content=\"600\" \/>\n\t<meta property=\"og:image:type\" content=\"image\/jpeg\" \/>\n<meta name=\"author\" content=\"Sergio Triguero\" \/>\n<meta name=\"twitter:card\" content=\"summary_large_image\" \/>\n<meta name=\"twitter:label1\" content=\"Escrit per\" \/>\n\t<meta name=\"twitter:data1\" content=\"Sergio Triguero\" \/>\n\t<meta name=\"twitter:label2\" content=\"Temps estimat de lectura\" \/>\n\t<meta name=\"twitter:data2\" content=\"6 minuts\" \/>\n<script type=\"application\/ld+json\" class=\"yoast-schema-graph\">{\"@context\":\"https:\/\/schema.org\",\"@graph\":[{\"@type\":\"Article\",\"@id\":\"https:\/\/artyplan.com\/ca\/blog\/idees-de-decoracio-per-a-punt-de-venda-durant-black-friday\/#article\",\"isPartOf\":{\"@id\":\"https:\/\/artyplan.com\/ca\/blog\/idees-de-decoracio-per-a-punt-de-venda-durant-black-friday\/\"},\"author\":{\"name\":\"Sergio Triguero\",\"@id\":\"https:\/\/artyplan.com\/ca\/#\/schema\/person\/0ef19accced432bc277b8d5248cd2cc0\"},\"headline\":\"Decoraci\u00f3 de punt de venda per al Black Friday\",\"datePublished\":\"2024-09-19T22:00:00+00:00\",\"dateModified\":\"2026-01-30T09:48:58+00:00\",\"mainEntityOfPage\":{\"@id\":\"https:\/\/artyplan.com\/ca\/blog\/idees-de-decoracio-per-a-punt-de-venda-durant-black-friday\/\"},\"wordCount\":1355,\"publisher\":{\"@id\":\"https:\/\/artyplan.com\/ca\/#organization\"},\"image\":{\"@id\":\"https:\/\/artyplan.com\/ca\/blog\/idees-de-decoracio-per-a-punt-de-venda-durant-black-friday\/#primaryimage\"},\"thumbnailUrl\":\"https:\/\/artyplan.com\/wp-content\/uploads\/2025\/09\/blog-black-friday-2024.jpg\",\"articleSection\":[\"Ecol\u00f2gic\",\"Ecol\u00f3gico\",\"Noticias\"],\"inLanguage\":\"ca\"},{\"@type\":\"WebPage\",\"@id\":\"https:\/\/artyplan.com\/ca\/blog\/idees-de-decoracio-per-a-punt-de-venda-durant-black-friday\/\",\"url\":\"https:\/\/artyplan.com\/ca\/blog\/idees-de-decoracio-per-a-punt-de-venda-durant-black-friday\/\",\"name\":\"Decoraci\u00f3 de punt de venda per al Black Friday\",\"isPartOf\":{\"@id\":\"https:\/\/artyplan.com\/ca\/#website\"},\"primaryImageOfPage\":{\"@id\":\"https:\/\/artyplan.com\/ca\/blog\/idees-de-decoracio-per-a-punt-de-venda-durant-black-friday\/#primaryimage\"},\"image\":{\"@id\":\"https:\/\/artyplan.com\/ca\/blog\/idees-de-decoracio-per-a-punt-de-venda-durant-black-friday\/#primaryimage\"},\"thumbnailUrl\":\"https:\/\/artyplan.com\/wp-content\/uploads\/2025\/09\/blog-black-friday-2024.jpg\",\"datePublished\":\"2024-09-19T22:00:00+00:00\",\"dateModified\":\"2026-01-30T09:48:58+00:00\",\"description\":\"Un material impr\u00e8s ben dissenyat atreu clients i refor\u00e7a la teva marca durant Black Friday. Prepara't per a destacar amb solucions ecol\u00f2giques.\",\"breadcrumb\":{\"@id\":\"https:\/\/artyplan.com\/ca\/blog\/idees-de-decoracio-per-a-punt-de-venda-durant-black-friday\/#breadcrumb\"},\"inLanguage\":\"ca\",\"potentialAction\":[{\"@type\":\"ReadAction\",\"target\":[\"https:\/\/artyplan.com\/ca\/blog\/idees-de-decoracio-per-a-punt-de-venda-durant-black-friday\/\"]}]},{\"@type\":\"ImageObject\",\"inLanguage\":\"ca\",\"@id\":\"https:\/\/artyplan.com\/ca\/blog\/idees-de-decoracio-per-a-punt-de-venda-durant-black-friday\/#primaryimage\",\"url\":\"https:\/\/artyplan.com\/wp-content\/uploads\/2025\/09\/blog-black-friday-2024.jpg\",\"contentUrl\":\"https:\/\/artyplan.com\/wp-content\/uploads\/2025\/09\/blog-black-friday-2024.jpg\",\"width\":1920,\"height\":600,\"caption\":\"black friday 2024|Black friday cartel||Black Friday cartel||cartel black friday\"},{\"@type\":\"BreadcrumbList\",\"@id\":\"https:\/\/artyplan.com\/ca\/blog\/idees-de-decoracio-per-a-punt-de-venda-durant-black-friday\/#breadcrumb\",\"itemListElement\":[{\"@type\":\"ListItem\",\"position\":1,\"name\":\"Artyplan\",\"item\":\"https:\/\/artyplan.com\/ca\/\"},{\"@type\":\"ListItem\",\"position\":2,\"name\":\"Decoraci\u00f3 de punt de venda per al Black Friday\"}]},{\"@type\":\"WebSite\",\"@id\":\"https:\/\/artyplan.com\/ca\/#website\",\"url\":\"https:\/\/artyplan.com\/ca\/\",\"name\":\"Artyplan\",\"description\":\"\",\"publisher\":{\"@id\":\"https:\/\/artyplan.com\/ca\/#organization\"},\"potentialAction\":[{\"@type\":\"SearchAction\",\"target\":{\"@type\":\"EntryPoint\",\"urlTemplate\":\"https:\/\/artyplan.com\/ca\/?s={search_term_string}\"},\"query-input\":{\"@type\":\"PropertyValueSpecification\",\"valueRequired\":true,\"valueName\":\"search_term_string\"}}],\"inLanguage\":\"ca\"},{\"@type\":\"Organization\",\"@id\":\"https:\/\/artyplan.com\/ca\/#organization\",\"name\":\"Artyplan\",\"url\":\"https:\/\/artyplan.com\/ca\/\",\"logo\":{\"@type\":\"ImageObject\",\"inLanguage\":\"ca\",\"@id\":\"https:\/\/artyplan.com\/ca\/#\/schema\/logo\/image\/\",\"url\":\"https:\/\/artyplan.com\/wp-content\/uploads\/2025\/12\/Logo-artyplan-690x690-1.png\",\"contentUrl\":\"https:\/\/artyplan.com\/wp-content\/uploads\/2025\/12\/Logo-artyplan-690x690-1.png\",\"width\":690,\"height\":690,\"caption\":\"Artyplan\"},\"image\":{\"@id\":\"https:\/\/artyplan.com\/ca\/#\/schema\/logo\/image\/\"},\"sameAs\":[\"https:\/\/www.facebook.com\/artyplan\",\"https:\/\/www.instagram.com\/artyplan\/\",\"https:\/\/www.linkedin.com\/company\/artyplan\"],\"description\":\"Artyplan \u00e9s una empresa especialitzada en producci\u00f3 gr\u00e0fica i comunicaci\u00f3 visual amb 60 anys dexperi\u00e8ncia. Oferim solucions integrals d'impressi\u00f3 en gran format, PLV i retail, gesti\u00f3 d'esdeveniments i fires, disseny i fabricaci\u00f3 a mida, log\u00edstica i serveis d'instal\u00b7laci\u00f3 a tot el territori. Treballem per a marques, ag\u00e8ncies, espais comercials i institucions que necessiten un partner fiable per desenvolupar campanyes de m\u00e0rqueting, projectes de retail i accions de branding o m\u00e0rqueting. Combinem tecnologia avan\u00e7ada d\u00b4impressi\u00f3 digital, un equip expert i una gesti\u00f3 completa de projectes per garantir qualitat, agilitat i resultats a mida per a cada client. Disposem de plataformes B2B que faciliten als nostres clients la gesti\u00f3 de les comandes de materials impresos aix\u00ed com la log\u00edstica dels mateixos.\",\"email\":\"info@artyplan.com\",\"telephone\":\"+34 93 200 87 99\",\"legalName\":\"Artyplan S.L.\",\"vatID\":\"B61963229\",\"numberOfEmployees\":{\"@type\":\"QuantitativeValue\",\"minValue\":\"51\",\"maxValue\":\"200\"}},{\"@type\":\"Person\",\"@id\":\"https:\/\/artyplan.com\/ca\/#\/schema\/person\/0ef19accced432bc277b8d5248cd2cc0\",\"name\":\"Sergio Triguero\",\"image\":{\"@type\":\"ImageObject\",\"inLanguage\":\"ca\",\"@id\":\"https:\/\/artyplan.com\/ca\/#\/schema\/person\/image\/\",\"url\":\"https:\/\/secure.gravatar.com\/avatar\/c742a95811ffbc635a3d111ab446f278cce576575d14970fd5d56e17580c3f23?s=96&d=mm&r=g\",\"contentUrl\":\"https:\/\/secure.gravatar.com\/avatar\/c742a95811ffbc635a3d111ab446f278cce576575d14970fd5d56e17580c3f23?s=96&d=mm&r=g\",\"caption\":\"Sergio Triguero\"}}]}<\/script>\n<!-- \/ Yoast SEO Premium plugin. -->","yoast_head_json":{"title":"Decoraci\u00f3 de punt de venda per al Black Friday","description":"Un material impr\u00e8s ben dissenyat atreu clients i refor\u00e7a la teva marca durant Black Friday. Prepara't per a destacar amb solucions ecol\u00f2giques.","robots":{"index":"index","follow":"follow","max-snippet":"max-snippet:-1","max-image-preview":"max-image-preview:large","max-video-preview":"max-video-preview:-1"},"canonical":"https:\/\/artyplan.com\/ca\/blog\/idees-de-decoracio-per-a-punt-de-venda-durant-black-friday\/","og_locale":"ca_ES","og_type":"article","og_title":"Decoraci\u00f3 de punt de venda per al Black Friday","og_description":"Un material impr\u00e8s ben dissenyat atreu clients i refor\u00e7a la teva marca durant Black Friday. Prepara't per a destacar amb solucions ecol\u00f2giques.","og_url":"https:\/\/artyplan.com\/ca\/blog\/idees-de-decoracio-per-a-punt-de-venda-durant-black-friday\/","og_site_name":"Artyplan","article_publisher":"https:\/\/www.facebook.com\/artyplan","article_published_time":"2024-09-19T22:00:00+00:00","article_modified_time":"2026-01-30T09:48:58+00:00","og_image":[{"width":1920,"height":600,"url":"https:\/\/artyplan.com\/wp-content\/uploads\/2025\/09\/blog-black-friday-2024.jpg","type":"image\/jpeg"}],"author":"Sergio Triguero","twitter_card":"summary_large_image","twitter_misc":{"Escrit per":"Sergio Triguero","Temps estimat de lectura":"6 minuts"},"schema":{"@context":"https:\/\/schema.org","@graph":[{"@type":"Article","@id":"https:\/\/artyplan.com\/ca\/blog\/idees-de-decoracio-per-a-punt-de-venda-durant-black-friday\/#article","isPartOf":{"@id":"https:\/\/artyplan.com\/ca\/blog\/idees-de-decoracio-per-a-punt-de-venda-durant-black-friday\/"},"author":{"name":"Sergio Triguero","@id":"https:\/\/artyplan.com\/ca\/#\/schema\/person\/0ef19accced432bc277b8d5248cd2cc0"},"headline":"Decoraci\u00f3 de punt de venda per al Black Friday","datePublished":"2024-09-19T22:00:00+00:00","dateModified":"2026-01-30T09:48:58+00:00","mainEntityOfPage":{"@id":"https:\/\/artyplan.com\/ca\/blog\/idees-de-decoracio-per-a-punt-de-venda-durant-black-friday\/"},"wordCount":1355,"publisher":{"@id":"https:\/\/artyplan.com\/ca\/#organization"},"image":{"@id":"https:\/\/artyplan.com\/ca\/blog\/idees-de-decoracio-per-a-punt-de-venda-durant-black-friday\/#primaryimage"},"thumbnailUrl":"https:\/\/artyplan.com\/wp-content\/uploads\/2025\/09\/blog-black-friday-2024.jpg","articleSection":["Ecol\u00f2gic","Ecol\u00f3gico","Noticias"],"inLanguage":"ca"},{"@type":"WebPage","@id":"https:\/\/artyplan.com\/ca\/blog\/idees-de-decoracio-per-a-punt-de-venda-durant-black-friday\/","url":"https:\/\/artyplan.com\/ca\/blog\/idees-de-decoracio-per-a-punt-de-venda-durant-black-friday\/","name":"Decoraci\u00f3 de punt de venda per al Black Friday","isPartOf":{"@id":"https:\/\/artyplan.com\/ca\/#website"},"primaryImageOfPage":{"@id":"https:\/\/artyplan.com\/ca\/blog\/idees-de-decoracio-per-a-punt-de-venda-durant-black-friday\/#primaryimage"},"image":{"@id":"https:\/\/artyplan.com\/ca\/blog\/idees-de-decoracio-per-a-punt-de-venda-durant-black-friday\/#primaryimage"},"thumbnailUrl":"https:\/\/artyplan.com\/wp-content\/uploads\/2025\/09\/blog-black-friday-2024.jpg","datePublished":"2024-09-19T22:00:00+00:00","dateModified":"2026-01-30T09:48:58+00:00","description":"Un material impr\u00e8s ben dissenyat atreu clients i refor\u00e7a la teva marca durant Black Friday. Prepara't per a destacar amb solucions ecol\u00f2giques.","breadcrumb":{"@id":"https:\/\/artyplan.com\/ca\/blog\/idees-de-decoracio-per-a-punt-de-venda-durant-black-friday\/#breadcrumb"},"inLanguage":"ca","potentialAction":[{"@type":"ReadAction","target":["https:\/\/artyplan.com\/ca\/blog\/idees-de-decoracio-per-a-punt-de-venda-durant-black-friday\/"]}]},{"@type":"ImageObject","inLanguage":"ca","@id":"https:\/\/artyplan.com\/ca\/blog\/idees-de-decoracio-per-a-punt-de-venda-durant-black-friday\/#primaryimage","url":"https:\/\/artyplan.com\/wp-content\/uploads\/2025\/09\/blog-black-friday-2024.jpg","contentUrl":"https:\/\/artyplan.com\/wp-content\/uploads\/2025\/09\/blog-black-friday-2024.jpg","width":1920,"height":600,"caption":"black friday 2024|Black friday cartel||Black Friday cartel||cartel black friday"},{"@type":"BreadcrumbList","@id":"https:\/\/artyplan.com\/ca\/blog\/idees-de-decoracio-per-a-punt-de-venda-durant-black-friday\/#breadcrumb","itemListElement":[{"@type":"ListItem","position":1,"name":"Artyplan","item":"https:\/\/artyplan.com\/ca\/"},{"@type":"ListItem","position":2,"name":"Decoraci\u00f3 de punt de venda per al Black Friday"}]},{"@type":"WebSite","@id":"https:\/\/artyplan.com\/ca\/#website","url":"https:\/\/artyplan.com\/ca\/","name":"Artyplan","description":"","publisher":{"@id":"https:\/\/artyplan.com\/ca\/#organization"},"potentialAction":[{"@type":"SearchAction","target":{"@type":"EntryPoint","urlTemplate":"https:\/\/artyplan.com\/ca\/?s={search_term_string}"},"query-input":{"@type":"PropertyValueSpecification","valueRequired":true,"valueName":"search_term_string"}}],"inLanguage":"ca"},{"@type":"Organization","@id":"https:\/\/artyplan.com\/ca\/#organization","name":"Artyplan","url":"https:\/\/artyplan.com\/ca\/","logo":{"@type":"ImageObject","inLanguage":"ca","@id":"https:\/\/artyplan.com\/ca\/#\/schema\/logo\/image\/","url":"https:\/\/artyplan.com\/wp-content\/uploads\/2025\/12\/Logo-artyplan-690x690-1.png","contentUrl":"https:\/\/artyplan.com\/wp-content\/uploads\/2025\/12\/Logo-artyplan-690x690-1.png","width":690,"height":690,"caption":"Artyplan"},"image":{"@id":"https:\/\/artyplan.com\/ca\/#\/schema\/logo\/image\/"},"sameAs":["https:\/\/www.facebook.com\/artyplan","https:\/\/www.instagram.com\/artyplan\/","https:\/\/www.linkedin.com\/company\/artyplan"],"description":"Artyplan \u00e9s una empresa especialitzada en producci\u00f3 gr\u00e0fica i comunicaci\u00f3 visual amb 60 anys dexperi\u00e8ncia. Oferim solucions integrals d'impressi\u00f3 en gran format, PLV i retail, gesti\u00f3 d'esdeveniments i fires, disseny i fabricaci\u00f3 a mida, log\u00edstica i serveis d'instal\u00b7laci\u00f3 a tot el territori. Treballem per a marques, ag\u00e8ncies, espais comercials i institucions que necessiten un partner fiable per desenvolupar campanyes de m\u00e0rqueting, projectes de retail i accions de branding o m\u00e0rqueting. Combinem tecnologia avan\u00e7ada d\u00b4impressi\u00f3 digital, un equip expert i una gesti\u00f3 completa de projectes per garantir qualitat, agilitat i resultats a mida per a cada client. Disposem de plataformes B2B que faciliten als nostres clients la gesti\u00f3 de les comandes de materials impresos aix\u00ed com la log\u00edstica dels mateixos.","email":"info@artyplan.com","telephone":"+34 93 200 87 99","legalName":"Artyplan S.L.","vatID":"B61963229","numberOfEmployees":{"@type":"QuantitativeValue","minValue":"51","maxValue":"200"}},{"@type":"Person","@id":"https:\/\/artyplan.com\/ca\/#\/schema\/person\/0ef19accced432bc277b8d5248cd2cc0","name":"Sergio Triguero","image":{"@type":"ImageObject","inLanguage":"ca","@id":"https:\/\/artyplan.com\/ca\/#\/schema\/person\/image\/","url":"https:\/\/secure.gravatar.com\/avatar\/c742a95811ffbc635a3d111ab446f278cce576575d14970fd5d56e17580c3f23?s=96&d=mm&r=g","contentUrl":"https:\/\/secure.gravatar.com\/avatar\/c742a95811ffbc635a3d111ab446f278cce576575d14970fd5d56e17580c3f23?s=96&d=mm&r=g","caption":"Sergio Triguero"}}]}},"_links":{"self":[{"href":"https:\/\/artyplan.com\/ca\/wp-json\/wp\/v2\/posts\/5977","targetHints":{"allow":["GET"]}}],"collection":[{"href":"https:\/\/artyplan.com\/ca\/wp-json\/wp\/v2\/posts"}],"about":[{"href":"https:\/\/artyplan.com\/ca\/wp-json\/wp\/v2\/types\/post"}],"author":[{"embeddable":true,"href":"https:\/\/artyplan.com\/ca\/wp-json\/wp\/v2\/users\/3"}],"replies":[{"embeddable":true,"href":"https:\/\/artyplan.com\/ca\/wp-json\/wp\/v2\/comments?post=5977"}],"version-history":[{"count":8,"href":"https:\/\/artyplan.com\/ca\/wp-json\/wp\/v2\/posts\/5977\/revisions"}],"predecessor-version":[{"id":13560,"href":"https:\/\/artyplan.com\/ca\/wp-json\/wp\/v2\/posts\/5977\/revisions\/13560"}],"wp:featuredmedia":[{"embeddable":true,"href":"https:\/\/artyplan.com\/ca\/wp-json\/wp\/v2\/media\/7484"}],"wp:attachment":[{"href":"https:\/\/artyplan.com\/ca\/wp-json\/wp\/v2\/media?parent=5977"}],"wp:term":[{"taxonomy":"category","embeddable":true,"href":"https:\/\/artyplan.com\/ca\/wp-json\/wp\/v2\/categories?post=5977"},{"taxonomy":"post_tag","embeddable":true,"href":"https:\/\/artyplan.com\/ca\/wp-json\/wp\/v2\/tags?post=5977"}],"curies":[{"name":"wp","href":"https:\/\/api.w.org\/{rel}","templated":true}]}}