{"id":5998,"date":"2024-10-14T00:00:00","date_gmt":"2024-10-13T22:00:00","guid":{"rendered":"https:\/\/preweb.artyplan.com\/sin-categorizar\/limpacte-de-lembalatge-sostenible-en-el-medi-ambient\/"},"modified":"2026-02-04T11:06:01","modified_gmt":"2026-02-04T09:06:01","slug":"limpacte-de-lembalatge-sostenible-en-el-medi-ambient","status":"publish","type":"post","link":"https:\/\/artyplan.com\/ca\/blog\/limpacte-de-lembalatge-sostenible-en-el-medi-ambient\/","title":{"rendered":"L&#8217;impacte de l&#8217;Embalatge sostenible en el medi ambient"},"content":{"rendered":"<p>La sostenibilitat s&#8217;ha convertit en un tema central en l&#8217;\u00e0mbit de l&#8217;embalatge, impulsada per la creixent preocupaci\u00f3 pel medi ambient i les demandes dels consumidors.<\/p>\n<p>L&#8217;embalatge sostenible es refereix l&#8217;\u00fas de materials i processos que s\u00f3n amigables amb el medi ambient. Aix\u00f2 inclou l&#8217;\u00fas de materials reciclables, biodegradables o compostables, aix\u00ed com la implementaci\u00f3 de processos de producci\u00f3 que redueixin la petjada de carboni.<\/p>\n<p>A continuaci\u00f3, analitzem com l&#8217;embalatge sostenible pot marcar una difer\u00e8ncia real en la protecci\u00f3 del medi ambient.<\/p>\n<h3>Reducci\u00f3 de residus<img fetchpriority=\"high\" decoding=\"async\" class=\"size-medium wp-image-13639 alignright\" src=\"https:\/\/preweb.artyplan.com\/wp-content\/uploads\/2025\/09\/packaging-eco-scaled.jpg\" alt=\"packaging ecol\u00f3gico\" width=\"300\" height=\"200\" \/><\/h3>\n<p>L&#8217;embalatge convencional, fabricat sovint amb pl\u00e0stics no biodegradables, \u00e9s responsable d&#8217;una gran quantitat de residus que acaben en abocadors i oceans, afectant greument els ecosistemes. Els embalatges sostenibles, en estar fets de materials f\u00e0cilment reciclables com a cart\u00f3, paper Kraft o biopl\u00e0stics, ajuden a reduir significativament el volum de residus, fomentant una economia circular on els recursos es reutilitzen en lloc de rebutjar-se.<\/p>\n<h3>Disminuci\u00f3 de la petjada de carboni<\/h3>\n<p>La fabricaci\u00f3 d&#8217;envasos pl\u00e0stics requereix una quantitat considerable d&#8217;energia i la crema de combustibles f\u00f2ssils, la qual cosa genera grans quantitats d&#8217;emissions de CO\u2082. En canvi, l&#8217;embalatge sostenible, elaborat a partir de materials reciclats o biodegradables, redueix el consum energ\u00e8tic i les emissions contaminants durant la seva producci\u00f3. A m\u00e9s, optar per prove\u00efdors locals de materials sostenibles disminueix la necessitat de transport, la qual cosa contribueix a una menor petjada de carboni.<\/p>\n<h3>Conservaci\u00f3 de recursos naturals<\/h3>\n<p>L&#8217;\u00fas de materials reciclats en l&#8217;embalatge sostenible permet reduir la depend\u00e8ncia dels recursos naturals verges, com el petroli i els arbres. Materials com el paper reciclat o els biopl\u00e0stics derivats de plantes no sols eviten l&#8217;explotaci\u00f3 excessiva dels recursos, sin\u00f3 que tamb\u00e9 promouen la conservaci\u00f3 de la biodiversitat i la protecci\u00f3 dels h\u00e0bitats naturals.<\/p>\n<h3>Millora de la imatge corporativa<\/h3>\n<p>Cada vegada m\u00e9s, els consumidors valoren les marques que s&#8217;alineen amb els seus principis \u00e8tics i ambientals. L&#8217;\u00fas d&#8217;embalatge sostenible no sols contribueix a la preservaci\u00f3 del medi ambient, sin\u00f3 que tamb\u00e9 millora la reputaci\u00f3 de les empreses davant els consumidors conscients. Aquelles organitzacions que opten per pr\u00e0ctiques sostenibles en tots els seus processos, incl\u00f2s l&#8217;embalatge, s\u00f3n percebudes com a responsables i compromeses, la qual cosa augmenta la seva competitivitat en el mercat.<\/p>\n<p>Les marques que adopten un enfocament sostenible poden millorar la seva imatge davant els consumidors.<\/p>\n<p><em>&#8220;Un 66% dels consumidors afirma que estan disposats a pagar m\u00e9s per productes de marques que demostren un comprom\u00eds real amb la sostenibilitat\u200b&#8221;.<\/em><\/p>\n<h3>Reducci\u00f3 de costos<\/h3>\n<p>A pesar que la inversi\u00f3 inicial en embalatge sostenible pot ser major, a llarg termini, les empreses poden experimentar estalvis significatius. Aix\u00f2 es deu a la reducci\u00f3 de costos associats amb la gesti\u00f3 de residus i a la millora en l&#8217;efici\u00e8ncia de la producci\u00f3 i la log\u00edstica. A m\u00e9s, les empreses que adopten pr\u00e0ctiques sostenibles poden beneficiar-se d&#8217;incentius fiscals i altres suports governamentals\u200b<\/p>\n<h3>Innovaci\u00f3 i noves tecnologies<\/h3>\n<p>L&#8217;embalatge sostenible no sols \u00e9s una alternativa ecol\u00f2gica, sin\u00f3 que tamb\u00e9 impulsa la innovaci\u00f3 en el desenvolupament de nous materials i tecnologies. Avan\u00e7os com els biopl\u00e0stics, els envasos comestibles o les tintes ecol\u00f2giques permeten que el disseny i la producci\u00f3 d&#8217;envasos siguin cada vegada m\u00e9s eficients i respectuosos amb el medi ambient. Aquests avan\u00e7os no sols beneficien al planeta, sin\u00f3 que tamb\u00e9 obren noves oportunitats de negoci per a les empreses que aposten per la sostenibilitat.<\/p>\n<h3>Compliment de normatives ambientals<\/h3>\n<p>Amb la creixent pressi\u00f3 dels governs i organitzacions internacionals per a reduir la contaminaci\u00f3 i protegir el medi ambient, moltes empreses es veuen obligades a adaptar els seus processos per a complir amb les normatives ambientals. L&#8217;embalatge sostenible facilita aquest compliment, evitant sancions i enfortint el comprom\u00eds de les empreses amb la sostenibilitat.<\/p>\n<h3>Contribuci\u00f3 a l&#8217;economia circular<\/h3>\n<p>En optar per materials reciclables i dissenys que facilitin la reutilitzaci\u00f3, les empreses poden participar activament en l&#8217;economia circular, on els productes i materials es mantenen en \u00fas durant la major part del temps.<\/p>\n<h2>Estrat\u00e8gies per a Implementar un embalatge sostenible<\/h2>\n<p>En un m\u00f3n cada vegada m\u00e9s conscient de l&#8217;impacte ambiental, l&#8217;embalatge sostenible s&#8217;ha convertit en un element essencial per a les empreses que busquen alinear-se amb les expectatives dels consumidors i contribuir a la conservaci\u00f3 del medi ambient. Adoptar un enfocament sostenible no sols beneficia al planeta, sin\u00f3 que tamb\u00e9 pot millorar la imatge de la marca i augmentar la lleialtat del client.<\/p>\n<h3>Selecci\u00f3 de materials sostenibles<\/h3>\n<p>Una de les estrat\u00e8gies m\u00e9s efectives per a un embalatge sostenible \u00e9s l&#8217;elecci\u00f3 de materials. Optar per opcions reciclables, biodegradables o compostables redueix l&#8217;impacte ambiental. Per exemple, utilitzar cart\u00f3 reciclat o pl\u00e0stics biodegradables ajuda a minimitzar la generaci\u00f3 de residus i fomenta pr\u00e0ctiques de reciclatge entre els consumidors\u200b.<\/p>\n<h3>Disseny eficient<\/h3>\n<p>El disseny de l&#8217;embalatge juga un paper crucial en la seva sostenibilitat. Crear envasos que utilitzin menys material i que siguin f\u00e0cils d&#8217;obrir i reciclar pot reduir significativament el desaprofitament. A m\u00e9s, un disseny que faciliti la reutilitzaci\u00f3 de l&#8217;env\u00e0s tamb\u00e9 contribueix a un enfocament m\u00e9s sostenible\u200b.<\/p>\n<h3>Optimitzaci\u00f3 de la cadena de subministrament<\/h3>\n<p>Integrar estrat\u00e8gies de sostenibilitat en la cadena de subministrament \u00e9s essencial. Aix\u00f2 pot incloure la selecci\u00f3 de prove\u00efdors que utilitzin pr\u00e0ctiques sostenibles i l&#8217;\u00fas de transport eficient per a reduir la petjada de carboni. Implementar un enfocament de cicle de vida per a avaluar l&#8217;impacte de cada etapa de la producci\u00f3 i distribuci\u00f3 pot ajudar a identificar \u00e0rees de millora\u200b.<\/p>\n<h3>Educaci\u00f3 i conscienciaci\u00f3<\/h3>\n<p>Educar als consumidors sobre la import\u00e0ncia de l&#8217;embalatge sostenible \u00e9s vital. Incloure informaci\u00f3 en els envasos sobre com reciclar o reutilitzar pot motivar als consumidors a participar activament en pr\u00e0ctiques sostenibles. A m\u00e9s, compartir els esfor\u00e7os de l&#8217;empresa en sostenibilitat a trav\u00e9s de les xarxes socials i altres canals pot enfortir la connexi\u00f3 amb els clients\u200b.<\/p>\n<h3>Innovaci\u00f3 i tecnologia<\/h3>\n<p>La innovaci\u00f3 \u00e9s clau per a avan\u00e7ar cap a un embalatge sostenible. Les empreses poden investigar i desenvolupar nous materials que siguin m\u00e9s respectuosos amb el medi ambient i explorar tecnologies que optimitzin el proc\u00e9s de producci\u00f3. Per exemple, l&#8217;\u00fas d&#8217;impressi\u00f3 digital i t\u00e8cniques de disseny innovadores pot reduir el desaprofitament i millorar l&#8217;efici\u00e8ncia\u200b<\/p>\n<p><a href=\"http:\/\/artyplan.com\/ca\/productes-impressio\/packaging\/packaging-de-producte-i-mostraris\/\" target=\"_blank\" rel=\"noopener\">L&#8217;embalatge sostenible<\/a> no \u00e9s nom\u00e9s una tend\u00e8ncia passatgera, sin\u00f3 una necessitat urgent per a protegir el nostre entorn. Les empreses que adopten pr\u00e0ctiques m\u00e9s respectuoses amb el medi ambient no sols contribueixen a la preservaci\u00f3 del planeta, sin\u00f3 que tamb\u00e9 guanyen la confian\u00e7a i lleialtat de consumidors cada vegada m\u00e9s conscients. En un m\u00f3n on la sostenibilitat \u00e9s clau, l&#8217;embalatge sostenible es posiciona com una inversi\u00f3 essencial per al futur.<\/p>\n","protected":false},"excerpt":{"rendered":"<p>La sostenibilitat s&#8217;ha convertit en un tema central en l&#8217;\u00e0mbit de l&#8217;embalatge, impulsada per la creixent preocupaci\u00f3 pel medi ambient i les demandes dels consumidors. L&#8217;embalatge sostenible es refereix l&#8217;\u00fas de materials i processos que s\u00f3n amigables amb el medi ambient. Aix\u00f2 inclou l&#8217;\u00fas de materials reciclables, biodegradables o compostables, aix\u00ed com la implementaci\u00f3 de [&hellip;]<\/p>\n","protected":false},"author":3,"featured_media":7489,"comment_status":"closed","ping_status":"closed","sticky":false,"template":"","format":"standard","meta":{"footnotes":""},"categories":[52,36,35],"tags":[],"class_list":["post-5998","post","type-post","status-publish","format-standard","has-post-thumbnail","hentry","category-ecologic-ca","category-ecologico","category-noticias"],"yoast_head":"<!-- This site is optimized with the Yoast SEO Premium plugin v26.5 (Yoast SEO v26.5) - https:\/\/yoast.com\/wordpress\/plugins\/seo\/ -->\n<title>L&#039;impacte de l&#039;Embalatge sostenible en el medi ambient | Artyplan<\/title>\n<meta name=\"description\" content=\"Analitzem l\u2019impacte de l\u2019embalatge sostenible en el medi ambient i la seva aportaci\u00f3 a la imatge de marca.\" \/>\n<meta name=\"robots\" content=\"index, follow, max-snippet:-1, max-image-preview:large, max-video-preview:-1\" \/>\n<link rel=\"canonical\" href=\"https:\/\/artyplan.com\/ca\/blog\/limpacte-de-lembalatge-sostenible-en-el-medi-ambient\/\" \/>\n<meta property=\"og:locale\" content=\"ca_ES\" \/>\n<meta property=\"og:type\" content=\"article\" \/>\n<meta property=\"og:title\" content=\"L&#039;impacte de l&#039;Embalatge sostenible en el medi ambient\" \/>\n<meta property=\"og:description\" content=\"Analitzem l\u2019impacte de l\u2019embalatge sostenible en el medi ambient i la seva aportaci\u00f3 a la imatge de marca.\" \/>\n<meta property=\"og:url\" content=\"https:\/\/artyplan.com\/ca\/blog\/limpacte-de-lembalatge-sostenible-en-el-medi-ambient\/\" \/>\n<meta property=\"og:site_name\" content=\"Artyplan\" \/>\n<meta property=\"article:publisher\" content=\"https:\/\/www.facebook.com\/artyplan\" \/>\n<meta property=\"article:published_time\" content=\"2024-10-13T22:00:00+00:00\" \/>\n<meta property=\"article:modified_time\" content=\"2026-02-04T09:06:01+00:00\" \/>\n<meta property=\"og:image\" content=\"https:\/\/artyplan.com\/wp-content\/uploads\/2025\/09\/blog-packaging-sostenible.jpg\" \/>\n\t<meta property=\"og:image:width\" content=\"1920\" \/>\n\t<meta property=\"og:image:height\" content=\"600\" \/>\n\t<meta property=\"og:image:type\" content=\"image\/jpeg\" \/>\n<meta name=\"author\" content=\"Sergio Triguero\" \/>\n<meta name=\"twitter:card\" content=\"summary_large_image\" \/>\n<meta name=\"twitter:label1\" content=\"Escrit per\" \/>\n\t<meta name=\"twitter:data1\" content=\"Sergio Triguero\" \/>\n\t<meta name=\"twitter:label2\" content=\"Temps estimat de lectura\" \/>\n\t<meta name=\"twitter:data2\" content=\"6 minuts\" \/>\n<script type=\"application\/ld+json\" class=\"yoast-schema-graph\">{\"@context\":\"https:\/\/schema.org\",\"@graph\":[{\"@type\":\"Article\",\"@id\":\"https:\/\/artyplan.com\/ca\/blog\/limpacte-de-lembalatge-sostenible-en-el-medi-ambient\/#article\",\"isPartOf\":{\"@id\":\"https:\/\/artyplan.com\/ca\/blog\/limpacte-de-lembalatge-sostenible-en-el-medi-ambient\/\"},\"author\":{\"name\":\"Sergio Triguero\",\"@id\":\"https:\/\/artyplan.com\/ca\/#\/schema\/person\/0ef19accced432bc277b8d5248cd2cc0\"},\"headline\":\"L&#8217;impacte de l&#8217;Embalatge sostenible en el medi ambient\",\"datePublished\":\"2024-10-13T22:00:00+00:00\",\"dateModified\":\"2026-02-04T09:06:01+00:00\",\"mainEntityOfPage\":{\"@id\":\"https:\/\/artyplan.com\/ca\/blog\/limpacte-de-lembalatge-sostenible-en-el-medi-ambient\/\"},\"wordCount\":1177,\"publisher\":{\"@id\":\"https:\/\/artyplan.com\/ca\/#organization\"},\"image\":{\"@id\":\"https:\/\/artyplan.com\/ca\/blog\/limpacte-de-lembalatge-sostenible-en-el-medi-ambient\/#primaryimage\"},\"thumbnailUrl\":\"https:\/\/artyplan.com\/wp-content\/uploads\/2025\/09\/blog-packaging-sostenible.jpg\",\"articleSection\":[\"Ecol\u00f2gic\",\"Ecol\u00f3gico\",\"Noticias\"],\"inLanguage\":\"ca\"},{\"@type\":\"WebPage\",\"@id\":\"https:\/\/artyplan.com\/ca\/blog\/limpacte-de-lembalatge-sostenible-en-el-medi-ambient\/\",\"url\":\"https:\/\/artyplan.com\/ca\/blog\/limpacte-de-lembalatge-sostenible-en-el-medi-ambient\/\",\"name\":\"L'impacte de l'Embalatge sostenible en el medi ambient | Artyplan\",\"isPartOf\":{\"@id\":\"https:\/\/artyplan.com\/ca\/#website\"},\"primaryImageOfPage\":{\"@id\":\"https:\/\/artyplan.com\/ca\/blog\/limpacte-de-lembalatge-sostenible-en-el-medi-ambient\/#primaryimage\"},\"image\":{\"@id\":\"https:\/\/artyplan.com\/ca\/blog\/limpacte-de-lembalatge-sostenible-en-el-medi-ambient\/#primaryimage\"},\"thumbnailUrl\":\"https:\/\/artyplan.com\/wp-content\/uploads\/2025\/09\/blog-packaging-sostenible.jpg\",\"datePublished\":\"2024-10-13T22:00:00+00:00\",\"dateModified\":\"2026-02-04T09:06:01+00:00\",\"description\":\"Analitzem l\u2019impacte de l\u2019embalatge sostenible en el medi ambient i la seva aportaci\u00f3 a la imatge de marca.\",\"breadcrumb\":{\"@id\":\"https:\/\/artyplan.com\/ca\/blog\/limpacte-de-lembalatge-sostenible-en-el-medi-ambient\/#breadcrumb\"},\"inLanguage\":\"ca\",\"potentialAction\":[{\"@type\":\"ReadAction\",\"target\":[\"https:\/\/artyplan.com\/ca\/blog\/limpacte-de-lembalatge-sostenible-en-el-medi-ambient\/\"]}]},{\"@type\":\"ImageObject\",\"inLanguage\":\"ca\",\"@id\":\"https:\/\/artyplan.com\/ca\/blog\/limpacte-de-lembalatge-sostenible-en-el-medi-ambient\/#primaryimage\",\"url\":\"https:\/\/artyplan.com\/wp-content\/uploads\/2025\/09\/blog-packaging-sostenible.jpg\",\"contentUrl\":\"https:\/\/artyplan.com\/wp-content\/uploads\/2025\/09\/blog-packaging-sostenible.jpg\",\"width\":1920,\"height\":600,\"caption\":\"packaging sostenible|packaging ecol\u00f3gico\"},{\"@type\":\"BreadcrumbList\",\"@id\":\"https:\/\/artyplan.com\/ca\/blog\/limpacte-de-lembalatge-sostenible-en-el-medi-ambient\/#breadcrumb\",\"itemListElement\":[{\"@type\":\"ListItem\",\"position\":1,\"name\":\"Artyplan\",\"item\":\"https:\/\/artyplan.com\/ca\/\"},{\"@type\":\"ListItem\",\"position\":2,\"name\":\"L&#8217;impacte de l&#8217;Embalatge sostenible en el medi ambient\"}]},{\"@type\":\"WebSite\",\"@id\":\"https:\/\/artyplan.com\/ca\/#website\",\"url\":\"https:\/\/artyplan.com\/ca\/\",\"name\":\"Artyplan\",\"description\":\"\",\"publisher\":{\"@id\":\"https:\/\/artyplan.com\/ca\/#organization\"},\"potentialAction\":[{\"@type\":\"SearchAction\",\"target\":{\"@type\":\"EntryPoint\",\"urlTemplate\":\"https:\/\/artyplan.com\/ca\/?s={search_term_string}\"},\"query-input\":{\"@type\":\"PropertyValueSpecification\",\"valueRequired\":true,\"valueName\":\"search_term_string\"}}],\"inLanguage\":\"ca\"},{\"@type\":\"Organization\",\"@id\":\"https:\/\/artyplan.com\/ca\/#organization\",\"name\":\"Artyplan\",\"url\":\"https:\/\/artyplan.com\/ca\/\",\"logo\":{\"@type\":\"ImageObject\",\"inLanguage\":\"ca\",\"@id\":\"https:\/\/artyplan.com\/ca\/#\/schema\/logo\/image\/\",\"url\":\"https:\/\/artyplan.com\/wp-content\/uploads\/2025\/12\/Logo-artyplan-690x690-1.png\",\"contentUrl\":\"https:\/\/artyplan.com\/wp-content\/uploads\/2025\/12\/Logo-artyplan-690x690-1.png\",\"width\":690,\"height\":690,\"caption\":\"Artyplan\"},\"image\":{\"@id\":\"https:\/\/artyplan.com\/ca\/#\/schema\/logo\/image\/\"},\"sameAs\":[\"https:\/\/www.facebook.com\/artyplan\",\"https:\/\/www.instagram.com\/artyplan\/\",\"https:\/\/www.linkedin.com\/company\/artyplan\"],\"description\":\"Artyplan \u00e9s una empresa especialitzada en producci\u00f3 gr\u00e0fica i comunicaci\u00f3 visual amb 60 anys dexperi\u00e8ncia. Oferim solucions integrals d'impressi\u00f3 en gran format, PLV i retail, gesti\u00f3 d'esdeveniments i fires, disseny i fabricaci\u00f3 a mida, log\u00edstica i serveis d'instal\u00b7laci\u00f3 a tot el territori. Treballem per a marques, ag\u00e8ncies, espais comercials i institucions que necessiten un partner fiable per desenvolupar campanyes de m\u00e0rqueting, projectes de retail i accions de branding o m\u00e0rqueting. Combinem tecnologia avan\u00e7ada d\u00b4impressi\u00f3 digital, un equip expert i una gesti\u00f3 completa de projectes per garantir qualitat, agilitat i resultats a mida per a cada client. Disposem de plataformes B2B que faciliten als nostres clients la gesti\u00f3 de les comandes de materials impresos aix\u00ed com la log\u00edstica dels mateixos.\",\"email\":\"info@artyplan.com\",\"telephone\":\"+34 93 200 87 99\",\"legalName\":\"Artyplan S.L.\",\"vatID\":\"B61963229\",\"numberOfEmployees\":{\"@type\":\"QuantitativeValue\",\"minValue\":\"51\",\"maxValue\":\"200\"}},{\"@type\":\"Person\",\"@id\":\"https:\/\/artyplan.com\/ca\/#\/schema\/person\/0ef19accced432bc277b8d5248cd2cc0\",\"name\":\"Sergio Triguero\",\"image\":{\"@type\":\"ImageObject\",\"inLanguage\":\"ca\",\"@id\":\"https:\/\/artyplan.com\/ca\/#\/schema\/person\/image\/\",\"url\":\"https:\/\/secure.gravatar.com\/avatar\/c742a95811ffbc635a3d111ab446f278cce576575d14970fd5d56e17580c3f23?s=96&d=mm&r=g\",\"contentUrl\":\"https:\/\/secure.gravatar.com\/avatar\/c742a95811ffbc635a3d111ab446f278cce576575d14970fd5d56e17580c3f23?s=96&d=mm&r=g\",\"caption\":\"Sergio Triguero\"}}]}<\/script>\n<!-- \/ Yoast SEO Premium plugin. -->","yoast_head_json":{"title":"L'impacte de l'Embalatge sostenible en el medi ambient | Artyplan","description":"Analitzem l\u2019impacte de l\u2019embalatge sostenible en el medi ambient i la seva aportaci\u00f3 a la imatge de marca.","robots":{"index":"index","follow":"follow","max-snippet":"max-snippet:-1","max-image-preview":"max-image-preview:large","max-video-preview":"max-video-preview:-1"},"canonical":"https:\/\/artyplan.com\/ca\/blog\/limpacte-de-lembalatge-sostenible-en-el-medi-ambient\/","og_locale":"ca_ES","og_type":"article","og_title":"L'impacte de l'Embalatge sostenible en el medi ambient","og_description":"Analitzem l\u2019impacte de l\u2019embalatge sostenible en el medi ambient i la seva aportaci\u00f3 a la imatge de marca.","og_url":"https:\/\/artyplan.com\/ca\/blog\/limpacte-de-lembalatge-sostenible-en-el-medi-ambient\/","og_site_name":"Artyplan","article_publisher":"https:\/\/www.facebook.com\/artyplan","article_published_time":"2024-10-13T22:00:00+00:00","article_modified_time":"2026-02-04T09:06:01+00:00","og_image":[{"width":1920,"height":600,"url":"https:\/\/artyplan.com\/wp-content\/uploads\/2025\/09\/blog-packaging-sostenible.jpg","type":"image\/jpeg"}],"author":"Sergio Triguero","twitter_card":"summary_large_image","twitter_misc":{"Escrit per":"Sergio Triguero","Temps estimat de lectura":"6 minuts"},"schema":{"@context":"https:\/\/schema.org","@graph":[{"@type":"Article","@id":"https:\/\/artyplan.com\/ca\/blog\/limpacte-de-lembalatge-sostenible-en-el-medi-ambient\/#article","isPartOf":{"@id":"https:\/\/artyplan.com\/ca\/blog\/limpacte-de-lembalatge-sostenible-en-el-medi-ambient\/"},"author":{"name":"Sergio Triguero","@id":"https:\/\/artyplan.com\/ca\/#\/schema\/person\/0ef19accced432bc277b8d5248cd2cc0"},"headline":"L&#8217;impacte de l&#8217;Embalatge sostenible en el medi ambient","datePublished":"2024-10-13T22:00:00+00:00","dateModified":"2026-02-04T09:06:01+00:00","mainEntityOfPage":{"@id":"https:\/\/artyplan.com\/ca\/blog\/limpacte-de-lembalatge-sostenible-en-el-medi-ambient\/"},"wordCount":1177,"publisher":{"@id":"https:\/\/artyplan.com\/ca\/#organization"},"image":{"@id":"https:\/\/artyplan.com\/ca\/blog\/limpacte-de-lembalatge-sostenible-en-el-medi-ambient\/#primaryimage"},"thumbnailUrl":"https:\/\/artyplan.com\/wp-content\/uploads\/2025\/09\/blog-packaging-sostenible.jpg","articleSection":["Ecol\u00f2gic","Ecol\u00f3gico","Noticias"],"inLanguage":"ca"},{"@type":"WebPage","@id":"https:\/\/artyplan.com\/ca\/blog\/limpacte-de-lembalatge-sostenible-en-el-medi-ambient\/","url":"https:\/\/artyplan.com\/ca\/blog\/limpacte-de-lembalatge-sostenible-en-el-medi-ambient\/","name":"L'impacte de l'Embalatge sostenible en el medi ambient | Artyplan","isPartOf":{"@id":"https:\/\/artyplan.com\/ca\/#website"},"primaryImageOfPage":{"@id":"https:\/\/artyplan.com\/ca\/blog\/limpacte-de-lembalatge-sostenible-en-el-medi-ambient\/#primaryimage"},"image":{"@id":"https:\/\/artyplan.com\/ca\/blog\/limpacte-de-lembalatge-sostenible-en-el-medi-ambient\/#primaryimage"},"thumbnailUrl":"https:\/\/artyplan.com\/wp-content\/uploads\/2025\/09\/blog-packaging-sostenible.jpg","datePublished":"2024-10-13T22:00:00+00:00","dateModified":"2026-02-04T09:06:01+00:00","description":"Analitzem l\u2019impacte de l\u2019embalatge sostenible en el medi ambient i la seva aportaci\u00f3 a la imatge de marca.","breadcrumb":{"@id":"https:\/\/artyplan.com\/ca\/blog\/limpacte-de-lembalatge-sostenible-en-el-medi-ambient\/#breadcrumb"},"inLanguage":"ca","potentialAction":[{"@type":"ReadAction","target":["https:\/\/artyplan.com\/ca\/blog\/limpacte-de-lembalatge-sostenible-en-el-medi-ambient\/"]}]},{"@type":"ImageObject","inLanguage":"ca","@id":"https:\/\/artyplan.com\/ca\/blog\/limpacte-de-lembalatge-sostenible-en-el-medi-ambient\/#primaryimage","url":"https:\/\/artyplan.com\/wp-content\/uploads\/2025\/09\/blog-packaging-sostenible.jpg","contentUrl":"https:\/\/artyplan.com\/wp-content\/uploads\/2025\/09\/blog-packaging-sostenible.jpg","width":1920,"height":600,"caption":"packaging sostenible|packaging ecol\u00f3gico"},{"@type":"BreadcrumbList","@id":"https:\/\/artyplan.com\/ca\/blog\/limpacte-de-lembalatge-sostenible-en-el-medi-ambient\/#breadcrumb","itemListElement":[{"@type":"ListItem","position":1,"name":"Artyplan","item":"https:\/\/artyplan.com\/ca\/"},{"@type":"ListItem","position":2,"name":"L&#8217;impacte de l&#8217;Embalatge sostenible en el medi ambient"}]},{"@type":"WebSite","@id":"https:\/\/artyplan.com\/ca\/#website","url":"https:\/\/artyplan.com\/ca\/","name":"Artyplan","description":"","publisher":{"@id":"https:\/\/artyplan.com\/ca\/#organization"},"potentialAction":[{"@type":"SearchAction","target":{"@type":"EntryPoint","urlTemplate":"https:\/\/artyplan.com\/ca\/?s={search_term_string}"},"query-input":{"@type":"PropertyValueSpecification","valueRequired":true,"valueName":"search_term_string"}}],"inLanguage":"ca"},{"@type":"Organization","@id":"https:\/\/artyplan.com\/ca\/#organization","name":"Artyplan","url":"https:\/\/artyplan.com\/ca\/","logo":{"@type":"ImageObject","inLanguage":"ca","@id":"https:\/\/artyplan.com\/ca\/#\/schema\/logo\/image\/","url":"https:\/\/artyplan.com\/wp-content\/uploads\/2025\/12\/Logo-artyplan-690x690-1.png","contentUrl":"https:\/\/artyplan.com\/wp-content\/uploads\/2025\/12\/Logo-artyplan-690x690-1.png","width":690,"height":690,"caption":"Artyplan"},"image":{"@id":"https:\/\/artyplan.com\/ca\/#\/schema\/logo\/image\/"},"sameAs":["https:\/\/www.facebook.com\/artyplan","https:\/\/www.instagram.com\/artyplan\/","https:\/\/www.linkedin.com\/company\/artyplan"],"description":"Artyplan \u00e9s una empresa especialitzada en producci\u00f3 gr\u00e0fica i comunicaci\u00f3 visual amb 60 anys dexperi\u00e8ncia. Oferim solucions integrals d'impressi\u00f3 en gran format, PLV i retail, gesti\u00f3 d'esdeveniments i fires, disseny i fabricaci\u00f3 a mida, log\u00edstica i serveis d'instal\u00b7laci\u00f3 a tot el territori. Treballem per a marques, ag\u00e8ncies, espais comercials i institucions que necessiten un partner fiable per desenvolupar campanyes de m\u00e0rqueting, projectes de retail i accions de branding o m\u00e0rqueting. Combinem tecnologia avan\u00e7ada d\u00b4impressi\u00f3 digital, un equip expert i una gesti\u00f3 completa de projectes per garantir qualitat, agilitat i resultats a mida per a cada client. Disposem de plataformes B2B que faciliten als nostres clients la gesti\u00f3 de les comandes de materials impresos aix\u00ed com la log\u00edstica dels mateixos.","email":"info@artyplan.com","telephone":"+34 93 200 87 99","legalName":"Artyplan S.L.","vatID":"B61963229","numberOfEmployees":{"@type":"QuantitativeValue","minValue":"51","maxValue":"200"}},{"@type":"Person","@id":"https:\/\/artyplan.com\/ca\/#\/schema\/person\/0ef19accced432bc277b8d5248cd2cc0","name":"Sergio Triguero","image":{"@type":"ImageObject","inLanguage":"ca","@id":"https:\/\/artyplan.com\/ca\/#\/schema\/person\/image\/","url":"https:\/\/secure.gravatar.com\/avatar\/c742a95811ffbc635a3d111ab446f278cce576575d14970fd5d56e17580c3f23?s=96&d=mm&r=g","contentUrl":"https:\/\/secure.gravatar.com\/avatar\/c742a95811ffbc635a3d111ab446f278cce576575d14970fd5d56e17580c3f23?s=96&d=mm&r=g","caption":"Sergio Triguero"}}]}},"_links":{"self":[{"href":"https:\/\/artyplan.com\/ca\/wp-json\/wp\/v2\/posts\/5998","targetHints":{"allow":["GET"]}}],"collection":[{"href":"https:\/\/artyplan.com\/ca\/wp-json\/wp\/v2\/posts"}],"about":[{"href":"https:\/\/artyplan.com\/ca\/wp-json\/wp\/v2\/types\/post"}],"author":[{"embeddable":true,"href":"https:\/\/artyplan.com\/ca\/wp-json\/wp\/v2\/users\/3"}],"replies":[{"embeddable":true,"href":"https:\/\/artyplan.com\/ca\/wp-json\/wp\/v2\/comments?post=5998"}],"version-history":[{"count":7,"href":"https:\/\/artyplan.com\/ca\/wp-json\/wp\/v2\/posts\/5998\/revisions"}],"predecessor-version":[{"id":8018,"href":"https:\/\/artyplan.com\/ca\/wp-json\/wp\/v2\/posts\/5998\/revisions\/8018"}],"wp:featuredmedia":[{"embeddable":true,"href":"https:\/\/artyplan.com\/ca\/wp-json\/wp\/v2\/media\/7489"}],"wp:attachment":[{"href":"https:\/\/artyplan.com\/ca\/wp-json\/wp\/v2\/media?parent=5998"}],"wp:term":[{"taxonomy":"category","embeddable":true,"href":"https:\/\/artyplan.com\/ca\/wp-json\/wp\/v2\/categories?post=5998"},{"taxonomy":"post_tag","embeddable":true,"href":"https:\/\/artyplan.com\/ca\/wp-json\/wp\/v2\/tags?post=5998"}],"curies":[{"name":"wp","href":"https:\/\/api.w.org\/{rel}","templated":true}]}}