{"id":6004,"date":"2024-10-21T00:00:00","date_gmt":"2024-10-20T22:00:00","guid":{"rendered":"https:\/\/preweb.artyplan.com\/sin-categorizar\/digitalitzacio-i-gestio-documental-en-ladministracio-publica\/"},"modified":"2026-01-30T12:16:07","modified_gmt":"2026-01-30T10:16:07","slug":"digitalitzacio-i-gestio-documental-en-ladministracio-publica","status":"publish","type":"post","link":"https:\/\/artyplan.com\/ca\/blog\/digitalitzacio-i-gestio-documental-en-ladministracio-publica\/","title":{"rendered":"Digitalitzaci\u00f3 i gesti\u00f3 documental a l\u2019Administraci\u00f3"},"content":{"rendered":"<p>En els \u00faltims anys, la digitalitzaci\u00f3 s&#8217;ha convertit en un pilar essencial en la transformaci\u00f3 de l&#8217;administraci\u00f3 p\u00fablica. L&#8217;adopci\u00f3 de tecnologies avan\u00e7ades ha perm\u00e8s a les institucions governamentals optimitzar els seus processos, millorar la gesti\u00f3 documental i, en \u00faltima inst\u00e0ncia, oferir millors serveis als ciutadans. En aquest article, explorem com la digitalitzaci\u00f3 est\u00e0 revolucionant la gesti\u00f3 documental en l&#8217;administraci\u00f3 p\u00fablica, i els beneficis que porta amb si.<\/p>\n<h2>La import\u00e0ncia de la digitalitzaci\u00f3 en l&#8217;administraci\u00f3 p\u00fablica<\/h2>\n<p>L&#8217;objectiu principal de la digitalitzaci\u00f3 en l&#8217;administraci\u00f3 p\u00fablica \u00e9s transformar els processos tradicionals basats en el paper en fluxos de treball electr\u00f2nics que puguin ser gestionats de manera m\u00e9s eficient. A difer\u00e8ncia dels processos manuals, que poden ser lents i propensos a errors, la digitalitzaci\u00f3 permet un acc\u00e9s r\u00e0pid i segur als documents i dades, facilitant la presa de decisions i millorant el servei als ciutadans.<\/p>\n<p>A m\u00e9s, aquest proc\u00e9s \u00e9s vital per a fer front als desafiaments d&#8217;un m\u00f3n cada vegada m\u00e9s interconnectat i digitalitzat. Els ciutadans i empreses esperen interaccions m\u00e9s \u00e0gils i eficients amb l&#8217;administraci\u00f3 p\u00fablica, i la digitalitzaci\u00f3 \u00e9s el cam\u00ed per a aconseguir-lo.<\/p>\n<h2>Gesti\u00f3 documental: el cor de la digitalitzaci\u00f3<\/h2>\n<p>La gesti\u00f3 documental es refereix al conjunt de pr\u00e0ctiques i tecnologies utilitzades per a manejar documents electr\u00f2nics i en paper al llarg del seu cicle de vida: des de la seva creaci\u00f3 i emmagatzematge, fins al seu arxiu o destrucci\u00f3. En l&#8217;administraci\u00f3 p\u00fablica, on la quantitat de documents generats di\u00e0riament \u00e9s immensa, la digitalitzaci\u00f3 de la gesti\u00f3 documental es presenta com una soluci\u00f3 per a enfrontar els reptes d&#8217;emmagatzematge, seguretat i acc\u00e9s a la informaci\u00f3.<\/p>\n<h2>Beneficis de la digitalitzaci\u00f3 per a l&#8217;administraci\u00f3 p\u00fablica<\/h2>\n<p>La digitalitzaci\u00f3 dels documents en l&#8217;administraci\u00f3 p\u00fablica ofereix una \u00e0mplia gamma de beneficis que impacten tant als ciutadans com als propis empleats p\u00fablics<\/p>\n<h3>Acc\u00e9s m\u00e9s r\u00e0pid i eficient a la informaci\u00f3<\/h3>\n<p>Una dels principals avantatges d&#8217;una bona gesti\u00f3 documental \u00e9s la possibilitat d&#8217;accedir de manera \u00e0gil a la informaci\u00f3 rellevant. En l&#8217;administraci\u00f3 p\u00fablica, on els expedients poden contenir gran quantitat d&#8217;informaci\u00f3 cr\u00edtica, la capacitat de recuperar documents de manera r\u00e0pida pot millorar considerablement els temps de resposta a les sol\u00b7licituds dels ciutadans i a les gestions internes.<\/p>\n<h3>Augment de la transpar\u00e8ncia i la rendici\u00f3 de comptes<\/h3>\n<p>La correcta gesti\u00f3 de documents permet a les administracions p\u00fabliques assegurar que la informaci\u00f3 est\u00e0 disponible per a auditories, revisions i processos de control, la qual cosa contribueix a la transpar\u00e8ncia i rendici\u00f3 de comptes. Els organismes poden demostrar de manera clara i precisa les decisions que prenen i el compliment de la normativa vigent.<\/p>\n<h3>Reducci\u00f3 de costos<\/h3>\n<p>En eliminar o reduir dr\u00e0sticament l&#8217;\u00fas del paper, l&#8217;administraci\u00f3 p\u00fablica pot reduir costos operatius associats a l&#8217;emmagatzematge f\u00edsic de documents, compra de material i manteniment d&#8217;arxius. La digitalitzaci\u00f3 tamb\u00e9 redueix els temps de resposta en la tramitaci\u00f3 d&#8217;expedients i sol\u00b7licituds, optimitzant els recursos humans.<\/p>\n<p>A m\u00e9s, en automatitzar uns certs processos, com la classificaci\u00f3 i arxiu de documents, es disminueixen els errors humans i es millora la productivitat.<\/p>\n<h3>Major seguretat i control<\/h3>\n<p>La digitalitzaci\u00f3 permet implementar mesures de seguretat m\u00e9s estrictes per a protegir la informaci\u00f3 sensible i confidencial. Els documents digitals poden ser encriptats i emmagatzemats en servidors segurs, i l&#8217;acc\u00e9s a aquests arxius pot ser controlat mitjan\u00e7ant permisos espec\u00edfics. A m\u00e9s, es pot realitzar un seguiment de qui accedeix, modifica o elimina informaci\u00f3 i quan, la qual cosa facilita el compliment de les normatives sobre protecci\u00f3 de dades.<\/p>\n<h4>Sostenibilitat i reducci\u00f3 de la petjada ambiental<\/h4>\n<p>La gesti\u00f3 documental, en promoure la digitalitzaci\u00f3 dels documents i la reducci\u00f3 de l&#8217;\u00fas de paper, contribueix directament als objectius de sostenibilitat. Les administracions p\u00fabliques que implementen sistemes de gesti\u00f3 documental digital redueixen considerablement el consum de recursos naturals, com el paper, i disminueixen les emissions de carboni relacionades amb la producci\u00f3, transport i emmagatzematge de documents f\u00edsics.<\/p>\n<p>En adoptar pr\u00e0ctiques sostenibles com la digitalitzaci\u00f3, els governs tamb\u00e9 donen exemple a la societat quant a la responsabilitat ecol\u00f2gica.<\/p>\n<h2>Desafiaments en la implementaci\u00f3 de la digitalitzaci\u00f3<\/h2>\n<p>Tradicionalment, la gesti\u00f3 documental en l&#8217;\u00e0mbit p\u00fablic ha estat una tasca laboriosa i propensa a errors, amb grans volums d&#8217;arxius en paper emmagatzemats en prestatgeries, la qual cosa dificulta la cerca i recuperaci\u00f3 r\u00e0pida de la informaci\u00f3. Aix\u00f2 no sols alenteix els processos administratius, sin\u00f3 que tamb\u00e9 genera problemes d&#8217;espai i augmenta el risc de p\u00e8rdua o deterioraci\u00f3 de documents importants.<\/p>\n<h3>Resist\u00e8ncia al canvi<\/h3>\n<p>L&#8217;administraci\u00f3 p\u00fablica, amb els seus procediments arrelats i la cultura de l&#8217;\u00fas de paper, pot mostrar resist\u00e8ncia a l&#8217;adopci\u00f3 de noves tecnologies. Per a aix\u00f2, \u00e9s important oferir programes de formaci\u00f3 cont\u00ednua i acompanyament durant la transici\u00f3.<\/p>\n<p>La comunicaci\u00f3 clara i la demostraci\u00f3 dels beneficis s\u00f3n claus per a aconseguir una adopci\u00f3 reeixida.<\/p>\n<h3>Inversi\u00f3 inicial<\/h3>\n<p>La implementaci\u00f3 de sistemes digitals i plataformes de gesti\u00f3 documental requereix una inversi\u00f3 significativa en infraestructura tecnol\u00f2gica i formaci\u00f3 del personal.<\/p>\n<p>No obstant aix\u00f2, aquest cost inicial es veu compensat a llarg termini pels estalvis en espai, temps i recursos. \u00c9s important que les administracions planifiquin acuradament la transici\u00f3 i busquin solucions escalables que s&#8217;adaptin a les seves necessitats i pressupost.<\/p>\n<h3>Seguretat de la informaci\u00f3<\/h3>\n<p>En digitalitzar els documents i emmagatzemar-los en sistemes electr\u00f2nics, la protecci\u00f3 de les dades es converteix en una prioritat. Les administracions p\u00fabliques manegen informaci\u00f3 sensible que ha d&#8217;estar protegida contra possibles bretxes de seguretat. La implementaci\u00f3 de mesures de ciberseguretat, com el xifratge de dades i el control d&#8217;accessos, \u00e9s essencial per a garantir que la informaci\u00f3 estigui segura.<\/p>\n<h3>Preservaci\u00f3 a llarg termini<\/h3>\n<p>L&#8217;administraci\u00f3 p\u00fablica est\u00e0 obligada a conservar uns certs documents durant llargs per\u00edodes de temps, la qual cosa planteja desafiaments en termes de la preservaci\u00f3 d&#8217;arxius digitals. \u00c9s important adoptar solucions d&#8217;emmagatzematge que garanteixin la integritat i accessibilitat dels documents a llarg termini, a m\u00e9s de realitzar c\u00f2pies de seguretat regulars.<\/p>\n<p>La <a href=\"http:\/\/artyplan.com\/ca\/serveis\/digitalitzacio-i-gestio-documental\/\" target=\"_blank\" rel=\"noopener\">digitalitzaci\u00f3 i la gesti\u00f3 documental <\/a>representen una oportunitat \u00fanica perqu\u00e8 l&#8217;administraci\u00f3 p\u00fablica optimitzi els seus processos, redueixi costos i ofereixi millors serveis als ciutadans. Malgrat els desafiaments, el cam\u00ed cap a una administraci\u00f3 p\u00fablica m\u00e9s eficient, transparent i sostenible passa inevitablement per l&#8217;adopci\u00f3 de tecnologies digitals. Implementar estrat\u00e8gies de digitalitzaci\u00f3 no sols \u00e9s un imperatiu per a la modernitzaci\u00f3 de les institucions, sin\u00f3 tamb\u00e9 una manera de garantir que estiguin millor preparades per a enfrontar els reptes del futur.<\/p>\n","protected":false},"excerpt":{"rendered":"<p>En els \u00faltims anys, la digitalitzaci\u00f3 s&#8217;ha convertit en un pilar essencial en la transformaci\u00f3 de l&#8217;administraci\u00f3 p\u00fablica. L&#8217;adopci\u00f3 de tecnologies avan\u00e7ades ha perm\u00e8s a les institucions governamentals optimitzar els seus processos, millorar la gesti\u00f3 documental i, en \u00faltima inst\u00e0ncia, oferir millors serveis als ciutadans. En aquest article, explorem com la digitalitzaci\u00f3 est\u00e0 revolucionant la [&hellip;]<\/p>\n","protected":false},"author":3,"featured_media":6003,"comment_status":"closed","ping_status":"closed","sticky":false,"template":"","format":"standard","meta":{"footnotes":""},"categories":[54,1],"tags":[],"class_list":["post-6004","post","type-post","status-publish","format-standard","has-post-thumbnail","hentry","category-noticies-ca","category-sense-categoritzar"],"yoast_head":"<!-- This site is optimized with the Yoast SEO Premium plugin v26.5 (Yoast SEO v26.5) - https:\/\/yoast.com\/wordpress\/plugins\/seo\/ -->\n<title>Digitalitzaci\u00f3 i gesti\u00f3 documental a l\u2019Administraci\u00f3<\/title>\n<meta name=\"description\" content=\"Coneix els desafiaments i oportunitats de la gesti\u00f3 documental en l&#039;administraci\u00f3 p\u00fablica per a aconseguir ser m\u00e9s eficient amb la ciutadania.\" \/>\n<meta name=\"robots\" content=\"index, follow, max-snippet:-1, max-image-preview:large, max-video-preview:-1\" \/>\n<link rel=\"canonical\" href=\"https:\/\/artyplan.com\/ca\/blog\/digitalitzacio-i-gestio-documental-en-ladministracio-publica\/\" \/>\n<meta property=\"og:locale\" content=\"ca_ES\" \/>\n<meta property=\"og:type\" content=\"article\" \/>\n<meta property=\"og:title\" content=\"Digitalitzaci\u00f3 i gesti\u00f3 documental a l\u2019Administraci\u00f3\" \/>\n<meta property=\"og:description\" content=\"Coneix els desafiaments i oportunitats de la gesti\u00f3 documental en l&#039;administraci\u00f3 p\u00fablica per a aconseguir ser m\u00e9s eficient amb la ciutadania.\" \/>\n<meta property=\"og:url\" content=\"https:\/\/artyplan.com\/ca\/blog\/digitalitzacio-i-gestio-documental-en-ladministracio-publica\/\" \/>\n<meta property=\"og:site_name\" content=\"Artyplan\" \/>\n<meta property=\"article:publisher\" content=\"https:\/\/www.facebook.com\/artyplan\" \/>\n<meta property=\"article:published_time\" content=\"2024-10-20T22:00:00+00:00\" \/>\n<meta property=\"article:modified_time\" content=\"2026-01-30T10:16:07+00:00\" \/>\n<meta property=\"og:image\" content=\"https:\/\/artyplan.com\/wp-content\/uploads\/2025\/09\/blog-digitalizacion-admnisitracio-publica.png\" \/>\n\t<meta property=\"og:image:width\" content=\"1920\" \/>\n\t<meta property=\"og:image:height\" content=\"600\" \/>\n\t<meta property=\"og:image:type\" content=\"image\/png\" \/>\n<meta name=\"author\" content=\"Sergio Triguero\" \/>\n<meta name=\"twitter:card\" content=\"summary_large_image\" \/>\n<meta name=\"twitter:label1\" content=\"Escrit per\" \/>\n\t<meta name=\"twitter:data1\" content=\"Sergio Triguero\" \/>\n\t<meta name=\"twitter:label2\" content=\"Temps estimat de lectura\" \/>\n\t<meta name=\"twitter:data2\" content=\"1 minut\" \/>\n<script type=\"application\/ld+json\" class=\"yoast-schema-graph\">{\"@context\":\"https:\/\/schema.org\",\"@graph\":[{\"@type\":\"Article\",\"@id\":\"https:\/\/artyplan.com\/ca\/blog\/digitalitzacio-i-gestio-documental-en-ladministracio-publica\/#article\",\"isPartOf\":{\"@id\":\"https:\/\/artyplan.com\/ca\/blog\/digitalitzacio-i-gestio-documental-en-ladministracio-publica\/\"},\"author\":{\"name\":\"Sergio Triguero\",\"@id\":\"https:\/\/artyplan.com\/ca\/#\/schema\/person\/0ef19accced432bc277b8d5248cd2cc0\"},\"headline\":\"Digitalitzaci\u00f3 i gesti\u00f3 documental a l\u2019Administraci\u00f3\",\"datePublished\":\"2024-10-20T22:00:00+00:00\",\"dateModified\":\"2026-01-30T10:16:07+00:00\",\"mainEntityOfPage\":{\"@id\":\"https:\/\/artyplan.com\/ca\/blog\/digitalitzacio-i-gestio-documental-en-ladministracio-publica\/\"},\"wordCount\":1151,\"publisher\":{\"@id\":\"https:\/\/artyplan.com\/ca\/#organization\"},\"image\":{\"@id\":\"https:\/\/artyplan.com\/ca\/blog\/digitalitzacio-i-gestio-documental-en-ladministracio-publica\/#primaryimage\"},\"thumbnailUrl\":\"https:\/\/artyplan.com\/wp-content\/uploads\/2025\/09\/blog-digitalizacion-admnisitracio-publica.png\",\"articleSection\":[\"Noticies\",\"Sense-categoritzar\"],\"inLanguage\":\"ca\"},{\"@type\":\"WebPage\",\"@id\":\"https:\/\/artyplan.com\/ca\/blog\/digitalitzacio-i-gestio-documental-en-ladministracio-publica\/\",\"url\":\"https:\/\/artyplan.com\/ca\/blog\/digitalitzacio-i-gestio-documental-en-ladministracio-publica\/\",\"name\":\"Digitalitzaci\u00f3 i gesti\u00f3 documental a l\u2019Administraci\u00f3\",\"isPartOf\":{\"@id\":\"https:\/\/artyplan.com\/ca\/#website\"},\"primaryImageOfPage\":{\"@id\":\"https:\/\/artyplan.com\/ca\/blog\/digitalitzacio-i-gestio-documental-en-ladministracio-publica\/#primaryimage\"},\"image\":{\"@id\":\"https:\/\/artyplan.com\/ca\/blog\/digitalitzacio-i-gestio-documental-en-ladministracio-publica\/#primaryimage\"},\"thumbnailUrl\":\"https:\/\/artyplan.com\/wp-content\/uploads\/2025\/09\/blog-digitalizacion-admnisitracio-publica.png\",\"datePublished\":\"2024-10-20T22:00:00+00:00\",\"dateModified\":\"2026-01-30T10:16:07+00:00\",\"description\":\"Coneix els desafiaments i oportunitats de la gesti\u00f3 documental en l'administraci\u00f3 p\u00fablica per a aconseguir ser m\u00e9s eficient amb la ciutadania.\",\"breadcrumb\":{\"@id\":\"https:\/\/artyplan.com\/ca\/blog\/digitalitzacio-i-gestio-documental-en-ladministracio-publica\/#breadcrumb\"},\"inLanguage\":\"ca\",\"potentialAction\":[{\"@type\":\"ReadAction\",\"target\":[\"https:\/\/artyplan.com\/ca\/blog\/digitalitzacio-i-gestio-documental-en-ladministracio-publica\/\"]}]},{\"@type\":\"ImageObject\",\"inLanguage\":\"ca\",\"@id\":\"https:\/\/artyplan.com\/ca\/blog\/digitalitzacio-i-gestio-documental-en-ladministracio-publica\/#primaryimage\",\"url\":\"https:\/\/artyplan.com\/wp-content\/uploads\/2025\/09\/blog-digitalizacion-admnisitracio-publica.png\",\"contentUrl\":\"https:\/\/artyplan.com\/wp-content\/uploads\/2025\/09\/blog-digitalizacion-admnisitracio-publica.png\",\"width\":1920,\"height\":600,\"caption\":\"digitalizaci\u00f3n administraci\u00f3n publica|digitalizaci\u00f3n administraci\u00f3n p\u00fablica\"},{\"@type\":\"BreadcrumbList\",\"@id\":\"https:\/\/artyplan.com\/ca\/blog\/digitalitzacio-i-gestio-documental-en-ladministracio-publica\/#breadcrumb\",\"itemListElement\":[{\"@type\":\"ListItem\",\"position\":1,\"name\":\"Artyplan\",\"item\":\"https:\/\/artyplan.com\/ca\/\"},{\"@type\":\"ListItem\",\"position\":2,\"name\":\"Digitalitzaci\u00f3 i gesti\u00f3 documental a l\u2019Administraci\u00f3\"}]},{\"@type\":\"WebSite\",\"@id\":\"https:\/\/artyplan.com\/ca\/#website\",\"url\":\"https:\/\/artyplan.com\/ca\/\",\"name\":\"Artyplan\",\"description\":\"\",\"publisher\":{\"@id\":\"https:\/\/artyplan.com\/ca\/#organization\"},\"potentialAction\":[{\"@type\":\"SearchAction\",\"target\":{\"@type\":\"EntryPoint\",\"urlTemplate\":\"https:\/\/artyplan.com\/ca\/?s={search_term_string}\"},\"query-input\":{\"@type\":\"PropertyValueSpecification\",\"valueRequired\":true,\"valueName\":\"search_term_string\"}}],\"inLanguage\":\"ca\"},{\"@type\":\"Organization\",\"@id\":\"https:\/\/artyplan.com\/ca\/#organization\",\"name\":\"Artyplan\",\"url\":\"https:\/\/artyplan.com\/ca\/\",\"logo\":{\"@type\":\"ImageObject\",\"inLanguage\":\"ca\",\"@id\":\"https:\/\/artyplan.com\/ca\/#\/schema\/logo\/image\/\",\"url\":\"https:\/\/artyplan.com\/wp-content\/uploads\/2025\/12\/Logo-artyplan-690x690-1.png\",\"contentUrl\":\"https:\/\/artyplan.com\/wp-content\/uploads\/2025\/12\/Logo-artyplan-690x690-1.png\",\"width\":690,\"height\":690,\"caption\":\"Artyplan\"},\"image\":{\"@id\":\"https:\/\/artyplan.com\/ca\/#\/schema\/logo\/image\/\"},\"sameAs\":[\"https:\/\/www.facebook.com\/artyplan\",\"https:\/\/www.instagram.com\/artyplan\/\",\"https:\/\/www.linkedin.com\/company\/artyplan\"],\"description\":\"Artyplan \u00e9s una empresa especialitzada en producci\u00f3 gr\u00e0fica i comunicaci\u00f3 visual amb 60 anys dexperi\u00e8ncia. Oferim solucions integrals d'impressi\u00f3 en gran format, PLV i retail, gesti\u00f3 d'esdeveniments i fires, disseny i fabricaci\u00f3 a mida, log\u00edstica i serveis d'instal\u00b7laci\u00f3 a tot el territori. Treballem per a marques, ag\u00e8ncies, espais comercials i institucions que necessiten un partner fiable per desenvolupar campanyes de m\u00e0rqueting, projectes de retail i accions de branding o m\u00e0rqueting. Combinem tecnologia avan\u00e7ada d\u00b4impressi\u00f3 digital, un equip expert i una gesti\u00f3 completa de projectes per garantir qualitat, agilitat i resultats a mida per a cada client. Disposem de plataformes B2B que faciliten als nostres clients la gesti\u00f3 de les comandes de materials impresos aix\u00ed com la log\u00edstica dels mateixos.\",\"email\":\"info@artyplan.com\",\"telephone\":\"+34 93 200 87 99\",\"legalName\":\"Artyplan S.L.\",\"vatID\":\"B61963229\",\"numberOfEmployees\":{\"@type\":\"QuantitativeValue\",\"minValue\":\"51\",\"maxValue\":\"200\"}},{\"@type\":\"Person\",\"@id\":\"https:\/\/artyplan.com\/ca\/#\/schema\/person\/0ef19accced432bc277b8d5248cd2cc0\",\"name\":\"Sergio Triguero\",\"image\":{\"@type\":\"ImageObject\",\"inLanguage\":\"ca\",\"@id\":\"https:\/\/artyplan.com\/ca\/#\/schema\/person\/image\/\",\"url\":\"https:\/\/secure.gravatar.com\/avatar\/c742a95811ffbc635a3d111ab446f278cce576575d14970fd5d56e17580c3f23?s=96&d=mm&r=g\",\"contentUrl\":\"https:\/\/secure.gravatar.com\/avatar\/c742a95811ffbc635a3d111ab446f278cce576575d14970fd5d56e17580c3f23?s=96&d=mm&r=g\",\"caption\":\"Sergio Triguero\"}}]}<\/script>\n<!-- \/ Yoast SEO Premium plugin. -->","yoast_head_json":{"title":"Digitalitzaci\u00f3 i gesti\u00f3 documental a l\u2019Administraci\u00f3","description":"Coneix els desafiaments i oportunitats de la gesti\u00f3 documental en l'administraci\u00f3 p\u00fablica per a aconseguir ser m\u00e9s eficient amb la ciutadania.","robots":{"index":"index","follow":"follow","max-snippet":"max-snippet:-1","max-image-preview":"max-image-preview:large","max-video-preview":"max-video-preview:-1"},"canonical":"https:\/\/artyplan.com\/ca\/blog\/digitalitzacio-i-gestio-documental-en-ladministracio-publica\/","og_locale":"ca_ES","og_type":"article","og_title":"Digitalitzaci\u00f3 i gesti\u00f3 documental a l\u2019Administraci\u00f3","og_description":"Coneix els desafiaments i oportunitats de la gesti\u00f3 documental en l'administraci\u00f3 p\u00fablica per a aconseguir ser m\u00e9s eficient amb la ciutadania.","og_url":"https:\/\/artyplan.com\/ca\/blog\/digitalitzacio-i-gestio-documental-en-ladministracio-publica\/","og_site_name":"Artyplan","article_publisher":"https:\/\/www.facebook.com\/artyplan","article_published_time":"2024-10-20T22:00:00+00:00","article_modified_time":"2026-01-30T10:16:07+00:00","og_image":[{"width":1920,"height":600,"url":"https:\/\/artyplan.com\/wp-content\/uploads\/2025\/09\/blog-digitalizacion-admnisitracio-publica.png","type":"image\/png"}],"author":"Sergio Triguero","twitter_card":"summary_large_image","twitter_misc":{"Escrit per":"Sergio Triguero","Temps estimat de lectura":"1 minut"},"schema":{"@context":"https:\/\/schema.org","@graph":[{"@type":"Article","@id":"https:\/\/artyplan.com\/ca\/blog\/digitalitzacio-i-gestio-documental-en-ladministracio-publica\/#article","isPartOf":{"@id":"https:\/\/artyplan.com\/ca\/blog\/digitalitzacio-i-gestio-documental-en-ladministracio-publica\/"},"author":{"name":"Sergio Triguero","@id":"https:\/\/artyplan.com\/ca\/#\/schema\/person\/0ef19accced432bc277b8d5248cd2cc0"},"headline":"Digitalitzaci\u00f3 i gesti\u00f3 documental a l\u2019Administraci\u00f3","datePublished":"2024-10-20T22:00:00+00:00","dateModified":"2026-01-30T10:16:07+00:00","mainEntityOfPage":{"@id":"https:\/\/artyplan.com\/ca\/blog\/digitalitzacio-i-gestio-documental-en-ladministracio-publica\/"},"wordCount":1151,"publisher":{"@id":"https:\/\/artyplan.com\/ca\/#organization"},"image":{"@id":"https:\/\/artyplan.com\/ca\/blog\/digitalitzacio-i-gestio-documental-en-ladministracio-publica\/#primaryimage"},"thumbnailUrl":"https:\/\/artyplan.com\/wp-content\/uploads\/2025\/09\/blog-digitalizacion-admnisitracio-publica.png","articleSection":["Noticies","Sense-categoritzar"],"inLanguage":"ca"},{"@type":"WebPage","@id":"https:\/\/artyplan.com\/ca\/blog\/digitalitzacio-i-gestio-documental-en-ladministracio-publica\/","url":"https:\/\/artyplan.com\/ca\/blog\/digitalitzacio-i-gestio-documental-en-ladministracio-publica\/","name":"Digitalitzaci\u00f3 i gesti\u00f3 documental a l\u2019Administraci\u00f3","isPartOf":{"@id":"https:\/\/artyplan.com\/ca\/#website"},"primaryImageOfPage":{"@id":"https:\/\/artyplan.com\/ca\/blog\/digitalitzacio-i-gestio-documental-en-ladministracio-publica\/#primaryimage"},"image":{"@id":"https:\/\/artyplan.com\/ca\/blog\/digitalitzacio-i-gestio-documental-en-ladministracio-publica\/#primaryimage"},"thumbnailUrl":"https:\/\/artyplan.com\/wp-content\/uploads\/2025\/09\/blog-digitalizacion-admnisitracio-publica.png","datePublished":"2024-10-20T22:00:00+00:00","dateModified":"2026-01-30T10:16:07+00:00","description":"Coneix els desafiaments i oportunitats de la gesti\u00f3 documental en l'administraci\u00f3 p\u00fablica per a aconseguir ser m\u00e9s eficient amb la ciutadania.","breadcrumb":{"@id":"https:\/\/artyplan.com\/ca\/blog\/digitalitzacio-i-gestio-documental-en-ladministracio-publica\/#breadcrumb"},"inLanguage":"ca","potentialAction":[{"@type":"ReadAction","target":["https:\/\/artyplan.com\/ca\/blog\/digitalitzacio-i-gestio-documental-en-ladministracio-publica\/"]}]},{"@type":"ImageObject","inLanguage":"ca","@id":"https:\/\/artyplan.com\/ca\/blog\/digitalitzacio-i-gestio-documental-en-ladministracio-publica\/#primaryimage","url":"https:\/\/artyplan.com\/wp-content\/uploads\/2025\/09\/blog-digitalizacion-admnisitracio-publica.png","contentUrl":"https:\/\/artyplan.com\/wp-content\/uploads\/2025\/09\/blog-digitalizacion-admnisitracio-publica.png","width":1920,"height":600,"caption":"digitalizaci\u00f3n administraci\u00f3n publica|digitalizaci\u00f3n administraci\u00f3n p\u00fablica"},{"@type":"BreadcrumbList","@id":"https:\/\/artyplan.com\/ca\/blog\/digitalitzacio-i-gestio-documental-en-ladministracio-publica\/#breadcrumb","itemListElement":[{"@type":"ListItem","position":1,"name":"Artyplan","item":"https:\/\/artyplan.com\/ca\/"},{"@type":"ListItem","position":2,"name":"Digitalitzaci\u00f3 i gesti\u00f3 documental a l\u2019Administraci\u00f3"}]},{"@type":"WebSite","@id":"https:\/\/artyplan.com\/ca\/#website","url":"https:\/\/artyplan.com\/ca\/","name":"Artyplan","description":"","publisher":{"@id":"https:\/\/artyplan.com\/ca\/#organization"},"potentialAction":[{"@type":"SearchAction","target":{"@type":"EntryPoint","urlTemplate":"https:\/\/artyplan.com\/ca\/?s={search_term_string}"},"query-input":{"@type":"PropertyValueSpecification","valueRequired":true,"valueName":"search_term_string"}}],"inLanguage":"ca"},{"@type":"Organization","@id":"https:\/\/artyplan.com\/ca\/#organization","name":"Artyplan","url":"https:\/\/artyplan.com\/ca\/","logo":{"@type":"ImageObject","inLanguage":"ca","@id":"https:\/\/artyplan.com\/ca\/#\/schema\/logo\/image\/","url":"https:\/\/artyplan.com\/wp-content\/uploads\/2025\/12\/Logo-artyplan-690x690-1.png","contentUrl":"https:\/\/artyplan.com\/wp-content\/uploads\/2025\/12\/Logo-artyplan-690x690-1.png","width":690,"height":690,"caption":"Artyplan"},"image":{"@id":"https:\/\/artyplan.com\/ca\/#\/schema\/logo\/image\/"},"sameAs":["https:\/\/www.facebook.com\/artyplan","https:\/\/www.instagram.com\/artyplan\/","https:\/\/www.linkedin.com\/company\/artyplan"],"description":"Artyplan \u00e9s una empresa especialitzada en producci\u00f3 gr\u00e0fica i comunicaci\u00f3 visual amb 60 anys dexperi\u00e8ncia. Oferim solucions integrals d'impressi\u00f3 en gran format, PLV i retail, gesti\u00f3 d'esdeveniments i fires, disseny i fabricaci\u00f3 a mida, log\u00edstica i serveis d'instal\u00b7laci\u00f3 a tot el territori. Treballem per a marques, ag\u00e8ncies, espais comercials i institucions que necessiten un partner fiable per desenvolupar campanyes de m\u00e0rqueting, projectes de retail i accions de branding o m\u00e0rqueting. Combinem tecnologia avan\u00e7ada d\u00b4impressi\u00f3 digital, un equip expert i una gesti\u00f3 completa de projectes per garantir qualitat, agilitat i resultats a mida per a cada client. Disposem de plataformes B2B que faciliten als nostres clients la gesti\u00f3 de les comandes de materials impresos aix\u00ed com la log\u00edstica dels mateixos.","email":"info@artyplan.com","telephone":"+34 93 200 87 99","legalName":"Artyplan S.L.","vatID":"B61963229","numberOfEmployees":{"@type":"QuantitativeValue","minValue":"51","maxValue":"200"}},{"@type":"Person","@id":"https:\/\/artyplan.com\/ca\/#\/schema\/person\/0ef19accced432bc277b8d5248cd2cc0","name":"Sergio Triguero","image":{"@type":"ImageObject","inLanguage":"ca","@id":"https:\/\/artyplan.com\/ca\/#\/schema\/person\/image\/","url":"https:\/\/secure.gravatar.com\/avatar\/c742a95811ffbc635a3d111ab446f278cce576575d14970fd5d56e17580c3f23?s=96&d=mm&r=g","contentUrl":"https:\/\/secure.gravatar.com\/avatar\/c742a95811ffbc635a3d111ab446f278cce576575d14970fd5d56e17580c3f23?s=96&d=mm&r=g","caption":"Sergio Triguero"}}]}},"_links":{"self":[{"href":"https:\/\/artyplan.com\/ca\/wp-json\/wp\/v2\/posts\/6004","targetHints":{"allow":["GET"]}}],"collection":[{"href":"https:\/\/artyplan.com\/ca\/wp-json\/wp\/v2\/posts"}],"about":[{"href":"https:\/\/artyplan.com\/ca\/wp-json\/wp\/v2\/types\/post"}],"author":[{"embeddable":true,"href":"https:\/\/artyplan.com\/ca\/wp-json\/wp\/v2\/users\/3"}],"replies":[{"embeddable":true,"href":"https:\/\/artyplan.com\/ca\/wp-json\/wp\/v2\/comments?post=6004"}],"version-history":[{"count":2,"href":"https:\/\/artyplan.com\/ca\/wp-json\/wp\/v2\/posts\/6004\/revisions"}],"predecessor-version":[{"id":13589,"href":"https:\/\/artyplan.com\/ca\/wp-json\/wp\/v2\/posts\/6004\/revisions\/13589"}],"wp:featuredmedia":[{"embeddable":true,"href":"https:\/\/artyplan.com\/ca\/wp-json\/wp\/v2\/media\/6003"}],"wp:attachment":[{"href":"https:\/\/artyplan.com\/ca\/wp-json\/wp\/v2\/media?parent=6004"}],"wp:term":[{"taxonomy":"category","embeddable":true,"href":"https:\/\/artyplan.com\/ca\/wp-json\/wp\/v2\/categories?post=6004"},{"taxonomy":"post_tag","embeddable":true,"href":"https:\/\/artyplan.com\/ca\/wp-json\/wp\/v2\/tags?post=6004"}],"curies":[{"name":"wp","href":"https:\/\/api.w.org\/{rel}","templated":true}]}}