{"id":6011,"date":"2024-10-28T00:00:00","date_gmt":"2024-10-27T22:00:00","guid":{"rendered":"https:\/\/preweb.artyplan.com\/sin-categorizar\/impressio-per-a-hostaleria-i-turisme-potencia-la-teva-estrategia-al-nadal\/"},"modified":"2025-09-07T16:22:16","modified_gmt":"2025-09-07T14:22:16","slug":"impressio-per-a-hostaleria-i-turisme-potencia-la-teva-estrategia-al-nadal","status":"publish","type":"post","link":"https:\/\/artyplan.com\/ca\/blog\/impressio-per-a-hostaleria-i-turisme-potencia-la-teva-estrategia-al-nadal\/","title":{"rendered":"Impressi\u00f3 per a Hostaleria i Turisme: Pot\u00e8ncia la teva estrat\u00e8gia al Nadal"},"content":{"rendered":"<p>El Nadal \u00e9s un temps m\u00e0gic, on cada detall es t\u00e9 en compte i les emocions ja estan presents. Per a les empreses del sector tur\u00edstic i hostaler, \u00e9s l&#8217;oportunitat ideal de sorprendre els seus clients i crear moments que es quedin en la seva mem\u00f2ria. En aquest sentit, els serveis d&#8217;una impremta durant el Nadal juguen un paper clau per a destacar el teu negoci i captar l&#8217;atenci\u00f3 dels teus clients.<\/p>\n<p>A continuaci\u00f3, et presentem algunes idees sobre com pots aprofitar la impressi\u00f3 per a potenciar la teva estrat\u00e8gia nadalenca.<\/p>\n<h2>Personalitzaci\u00f3 en l&#8217;experi\u00e8ncia del client<\/h2>\n<p>La personalitzaci\u00f3 pot marcar la difer\u00e8ncia entre una experi\u00e8ncia ordin\u00e0ria i una extraordin\u00e0ria. Durant la temporada nadalenca, petits detalls impresos poden tenir un gran impacte.<\/p>\n<ul>\n<li><strong>Targetes de benvinguda personalitzades<\/strong><\/li>\n<\/ul>\n<p>Sabies que un simple gest pot convertir una estada en quelcom memorable? Imagina als teus clients trobant una targeta de benvinguda personalitzada amb el seu nom i un missatge nadalenc.<\/p>\n<p><strong>Tip\u00a0nadalenc!<\/strong>: Personalitza les targetes amb il\u00b7lustracions nadalenques locals o mapes de punts tur\u00edstics perqu\u00e8 els clients puguin explorar la ciutat amb esperit nadalenc.<\/p>\n<ul>\n<li><strong>Men\u00fas i cartes nadalenques<\/strong><\/li>\n<\/ul>\n<p>Si tens un restaurant o bar, els men\u00fas tem\u00e0tics s\u00f3n indispensables. Ofereix als teus clients una experi\u00e8ncia gurmet nadalenca amb cartes impreses en alta qualitat que reflecteixin els teus millors plats i begudes de temporada. Pots afegir acabats especials com a laminat brillants o estampats en or per a donar-li un toc m\u00e9s festiu.<\/p>\n<p><strong>Suggeriment m\u00e0gic<\/strong>: Incorpora un &#8220;missatge sorpresa&#8221; en cada men\u00fa, com una hist\u00f2ria nadalenca o un brindis especial, que faci que els teus clients sentin la m\u00e0gia des del primer moment.<\/p>\n<h2><strong>Targetes de fidelitzaci\u00f3 i felicitaci\u00f3<\/strong><\/h2>\n<p>Les <a href=\"http:\/\/artyplan.com\/ca\/productes-impressio\/serveis-dimpressio-de-petit-format\/papereria-corporativa\/targetes\/\" target=\"_blank\" rel=\"noopener\">targetes personalitzades<\/a> s\u00f3n una forma excel\u00b7lent de connectar amb els teus clients. Considera enviar targetes de felicitaci\u00f3 juntament amb comandes o en el teu local. Tamb\u00e9 pots implementar targetes de fidelitzaci\u00f3 per a premiar als teus clients habituals:<\/p>\n<ul>\n<li><strong>Targetes de fidelitzaci\u00f3<\/strong><\/li>\n<\/ul>\n<p>Perfectes per a incentivar el retorn dels teus clients amb ofertes exclusives per a futures visites.<\/p>\n<ul>\n<li>\n<h3>Targetes de felicitaci\u00f3 corporatives<\/h3>\n<\/li>\n<\/ul>\n<p>Perfectes per a enviar als teus prove\u00efdors o clients VIP, refor\u00e7ant la relaci\u00f3 i creant un impacte positiu.<\/p>\n<h2>Publicitat impresa per a esdeveniments i promocions<\/h2>\n<p>Durant les festes, moltes empreses del sector tur\u00edstic i d&#8217;hostaleria organitzen esdeveniments i promocions especials. Aquests necessiten difusi\u00f3, i res millor que fer-ho a trav\u00e9s de:<\/p>\n<ul>\n<li><strong>Cartells i flyers promocionals<\/strong><img fetchpriority=\"high\" decoding=\"async\" class=\"size-medium wp-image-13302 alignright\" style=\"font-size: 16px;\" src=\"https:\/\/preweb.artyplan.com\/wp-content\/uploads\/2025\/09\/a-board-navidad-1-scaled.jpeg\" alt=\"cartel navidad\" width=\"300\" height=\"200\" \/><\/li>\n<\/ul>\n<p>Ja sigui que promocionis un sopar especial de Nit de Nadal, paquets de cap d&#8217;any o esdeveniments tem\u00e0tics, els cartells i <a href=\"http:\/\/artyplan.com\/ca\/productes-impressio\/serveis-dimpressio-de-petit-format\/impressio-comercial\/fulletons\/\" target=\"_blank\" rel=\"noopener\">flyers<\/a> s\u00f3n eines ideals per a captar l&#8217;atenci\u00f3. Col\u00b7loca&#8217;ls en llocs estrat\u00e8gics com a entrades, \u00e0rees comunes o punts tur\u00edstics pr\u00f2xims.<\/p>\n<p><strong>Inspiraci\u00f3 visual<\/strong>: Usa tipografies grans i elegants en colors daurats, platejats o vermells profunds, perqu\u00e8 els teus fulls de m\u00e0 i cartells transmetin luxe i celebraci\u00f3 des de lluny.<\/p>\n<ul>\n<li><strong>Roll ups i b\u00e0ners<\/strong><\/li>\n<\/ul>\n<p>Per a destacar les teves ofertes a recepcions d&#8217;hotels, restaurants o esdeveniments especials, els roll ups i b\u00e0ners s\u00f3n una excel\u00b7lent opci\u00f3. S\u00f3n f\u00e0cils de muntar i desmuntar, i a m\u00e9s es poden reutilitzar en futures ocasions.<\/p>\n<p><strong>Dada visual!:<\/strong> Utilitza colors vius, gr\u00e0fics nadalencs i tipografies modernes per a captar mirades a l&#8217;instant.<\/p>\n<p><img decoding=\"async\" class=\"size-medium wp-image-13306 aligncenter\" src=\"https:\/\/preweb.artyplan.com\/wp-content\/uploads\/2025\/09\/Roll-up-navidad-1-scaled.jpeg\" alt=\"roll up navidad\" width=\"300\" height=\"168\" \/><\/p>\n<h2>Vinils i Senyal\u00edstica: Decora i facilita la navegaci\u00f3<\/h2>\n<p>Durant Nadal, molts establiments reben una aflu\u00e8ncia de nous clients, per la qual cosa la senyalitzaci\u00f3 clara i atractiva \u00e9s essencial. Amb vinils decoratius i senyal\u00edstica personalitzada, pots crear un ambient acollidor alhora que facilites la circulaci\u00f3 dins del teu local.<\/p>\n<ul>\n<li><strong>Vinils decoratius<\/strong><\/li>\n<\/ul>\n<p>Dona-li vida a les teves finestres o parets amb <a href=\"http:\/\/artyplan.com\/ca\/productes-impressio\/serveis-dimpressio-de-gran-format\/vinils-impres\/\" target=\"_blank\" rel=\"noopener\">vinils adhesius<\/a> nadalencs. Aquests vinils no sols aporten un ambient festiu, sin\u00f3 que tamb\u00e9 s\u00f3n f\u00e0cils d&#8217;aplicar i retirar, per la qual cosa pots renovar el teu espai de manera flexible sense realitzar grans inversions.<\/p>\n<ul>\n<li><strong>Impressi\u00f3 de posters i murals<\/strong><\/li>\n<\/ul>\n<p>Els\u00a0posters\u00a0o murals de gran format s\u00f3n perfectes per a decorar zones \u00e0mplies, com a salons, halls o \u00e0rees de restaurant. Tria dissenys nadalencs que s&#8217;aline\u00efn amb l&#8217;est\u00e8tica de la teva marca i crea un entorn que convidi als clients a gaudir de la temporada.<\/p>\n<ul>\n<li><strong>Senyalitzaci\u00f3 interior<\/strong><\/li>\n<\/ul>\n<p>Elegant i clara que gui\u00ef als teus clients cap a les seves taules o zones clau com el bar o el bufet.<\/p>\n<p><strong>Idea<\/strong>: Crea una \u201cparet dels desitjos\u201d amb un mural impr\u00e8s on els clients puguin escriure els seus desitjos nadalencs. Un detall interactiu que mai oblidaran!<\/p>\n<h2>Regals corporatius i Marxandatge<\/h2>\n<p>El Nadal \u00e9s tamb\u00e9 una excel\u00b7lent oportunitat per a fidelizar als teus clients amb regals personalitzats.<\/p>\n<ul>\n<li><strong>Calendaris<\/strong><img decoding=\"async\" class=\"size-medium wp-image-13304 alignright\" src=\"https:\/\/preweb.artyplan.com\/wp-content\/uploads\/2025\/09\/Calendario-navidad-1-scaled.jpeg\" alt=\"calendario navidad\" width=\"300\" height=\"209\" \/><\/li>\n<\/ul>\n<p>Crea calendaris personalitzats amb fotos i cites especials. S\u00f3n un regal pr\u00e0ctic que pot ser gaudit tot l&#8217;any.<\/p>\n<ul>\n<li><strong>Bol\u00edgrafs<\/strong><\/li>\n<\/ul>\n<p>Un bol\u00edgraf elegant amb el nom del teu client gravat \u00e9s un regal sofisticat que sempre ser\u00e0 ben rebut.<\/p>\n<ul>\n<li><strong>Clauer personalitzat<\/strong><\/li>\n<\/ul>\n<p>Un clauer \u00fanic pot ser un recordatori constant de la teva relaci\u00f3 comercial, mantenint la teva marca sempre visible.<\/p>\n<ul>\n<li><strong>Postals nadalenques corporatives<\/strong><\/li>\n<\/ul>\n<p>Enviar una postal personalitzada amb el logo del teu negoci \u00e9s un detall que els clients recordaran.<\/p>\n<p>Si ofereixes productes locals o regals nadalencs, l&#8217;embalatge i les etiquetes personalitzades s\u00f3n clau. Tria empaquetatges atractius que reflecteixin l&#8217;esperit de Nadal i assegura&#8217;t que la teva marca sigui present en cada detall. Des de cistelles nadalenques fins a productes exclusius, un bon empaquetatge fa tota la difer\u00e8ncia.<\/p>\n<p><strong>Toc especial<\/strong>: Inclou missatges escrits a m\u00e0 en les postals o afegeix elements naturals com a branques de pi a l&#8217;embalatge per a donar-li un aire m\u00e9s artesanal i aut\u00e8ntic.<\/p>\n<h2>Sotagots, Estovalles Individuals i tovallons<\/h2>\n<p>La personalitzaci\u00f3 de petits detalls com els sotagots, estovalles individuals i tovallons \u00e9s clau per a crear una experi\u00e8ncia coherent i memorable per als teus clients. Amb ells, no sols reforces la teva marca, sin\u00f3 que tamb\u00e9 afegeixes un toc de professionalitat a cada aspecte del teu negoci.<\/p>\n<ul>\n<li><strong>Sotagots impresos amb el teu logo i missatges publicitaris<\/strong><\/li>\n<\/ul>\n<p>Una manera pr\u00e0ctica de fer br\u00e0nding mentre cuides el teu mobiliari.<\/p>\n<ul>\n<li><strong>Estovalles individuals personalitzables<\/strong><\/li>\n<\/ul>\n<p>Poden incloure des del men\u00fa del dia fins a promocions especials, tot amb un disseny cridaner que capti l&#8217;atenci\u00f3 dels teus clients.<\/p>\n<ul>\n<li><strong>Tovallons impresos<\/strong><\/li>\n<\/ul>\n<p>Amb la teva imatge corporativa, un petit detall que marca la difer\u00e8ncia.<\/p>\n<h2>Sostenibilitat en impressi\u00f3 Nadalenca<\/h2>\n<p>Cada vegada m\u00e9s clients valoren les pr\u00e0ctiques sostenibles, especialment en el sector tur\u00edstic. Pots optar per solucions d&#8217;impressi\u00f3 respectuoses amb el medi ambient que no sacrifiquin la qualitat.<\/p>\n<ul>\n<li><strong>Paper reciclat i tintes ecol\u00f2giques<\/strong><\/li>\n<\/ul>\n<p>Oferim opcions d&#8217;impressi\u00f3 sostenible, com l&#8217;\u00fas de paper reciclat i tintes ecol\u00f2giques, que permeten reduir l&#8217;impacte ambiental. Aquesta \u00e9s una excel\u00b7lent oportunitat perqu\u00e8 el teu negoci s&#8217;aline\u00ef amb els valors de sostenibilitat, alguna cosa que els clients actuals valoren especialment.<\/p>\n<p>Nadal \u00e9s una oportunitat \u00fanica per a destacar el teu negoci i oferir una experi\u00e8ncia memorable als teus clients. Ja sigui a trav\u00e9s de la personalitzaci\u00f3 de targetes, la promoci\u00f3 d&#8217;esdeveniments amb materials impresos o la decoraci\u00f3 dels teus espais, els nostres serveis d&#8217;impressi\u00f3 estan dissenyats per a ajudar-te a treure el m\u00e0xim profit d&#8217;aquesta temporada festiva.<\/p>\n<p>Llest per a fer el seg\u00fcent pas? Contacta&#8217;ns avui mateix i t&#8217;ajudarem a planificar la teva estrat\u00e8gia d&#8217;impressi\u00f3 nadalenca. Junts farem que el teu negoci brilli aquest Nadal<\/p>\n","protected":false},"excerpt":{"rendered":"<p>El Nadal \u00e9s un temps m\u00e0gic, on cada detall es t\u00e9 en compte i les emocions ja estan presents. Per a les empreses del sector tur\u00edstic i hostaler, \u00e9s l&#8217;oportunitat ideal de sorprendre els seus clients i crear moments que es quedin en la seva mem\u00f2ria. En aquest sentit, els serveis d&#8217;una impremta durant el [&hellip;]<\/p>\n","protected":false},"author":3,"featured_media":7505,"comment_status":"closed","ping_status":"closed","sticky":false,"template":"","format":"standard","meta":{"footnotes":""},"categories":[35,54],"tags":[],"class_list":["post-6011","post","type-post","status-publish","format-standard","has-post-thumbnail","hentry","category-noticias","category-noticies-ca"],"yoast_head":"<!-- This site is optimized with the Yoast SEO Premium plugin v26.5 (Yoast SEO v26.5) - https:\/\/yoast.com\/wordpress\/plugins\/seo\/ -->\n<title>Impressi\u00f3 per a Hostaleria i Turisme durant el Nadal | Artyplan<\/title>\n<meta name=\"description\" content=\"Pot\u00e8ncia el teu negoci tur\u00edstic i hostaler per Nadal amb impressi\u00f3 personalitzada. Targetes i men\u00fas tem\u00e0tics o vinils decoratius i regals.\" \/>\n<meta name=\"robots\" content=\"index, follow, max-snippet:-1, max-image-preview:large, max-video-preview:-1\" \/>\n<link rel=\"canonical\" href=\"https:\/\/artyplan.com\/ca\/blog\/impressio-per-a-hostaleria-i-turisme-potencia-la-teva-estrategia-al-nadal\/\" \/>\n<meta property=\"og:locale\" content=\"ca_ES\" \/>\n<meta property=\"og:type\" content=\"article\" \/>\n<meta property=\"og:title\" content=\"Impressi\u00f3 per a Hostaleria i Turisme: Pot\u00e8ncia la teva estrat\u00e8gia al Nadal\" \/>\n<meta property=\"og:description\" content=\"Pot\u00e8ncia el teu negoci tur\u00edstic i hostaler per Nadal amb impressi\u00f3 personalitzada. Targetes i men\u00fas tem\u00e0tics o vinils decoratius i regals.\" \/>\n<meta property=\"og:url\" content=\"https:\/\/artyplan.com\/ca\/blog\/impressio-per-a-hostaleria-i-turisme-potencia-la-teva-estrategia-al-nadal\/\" \/>\n<meta property=\"og:site_name\" content=\"Artyplan\" \/>\n<meta property=\"article:publisher\" content=\"https:\/\/www.facebook.com\/artyplan\" \/>\n<meta property=\"article:published_time\" content=\"2024-10-27T22:00:00+00:00\" \/>\n<meta property=\"article:modified_time\" content=\"2025-09-07T14:22:16+00:00\" \/>\n<meta property=\"og:image\" content=\"https:\/\/artyplan.com\/wp-content\/uploads\/2025\/09\/menu-navidad-carta-1.png\" \/>\n\t<meta property=\"og:image:width\" content=\"1920\" \/>\n\t<meta property=\"og:image:height\" content=\"600\" \/>\n\t<meta property=\"og:image:type\" content=\"image\/png\" \/>\n<meta name=\"author\" content=\"Sergio Triguero\" \/>\n<meta name=\"twitter:card\" content=\"summary_large_image\" \/>\n<meta name=\"twitter:label1\" content=\"Escrit per\" \/>\n\t<meta name=\"twitter:data1\" content=\"Sergio Triguero\" \/>\n\t<meta name=\"twitter:label2\" content=\"Temps estimat de lectura\" \/>\n\t<meta name=\"twitter:data2\" content=\"6 minuts\" \/>\n<script type=\"application\/ld+json\" class=\"yoast-schema-graph\">{\"@context\":\"https:\/\/schema.org\",\"@graph\":[{\"@type\":\"Article\",\"@id\":\"https:\/\/artyplan.com\/ca\/blog\/impressio-per-a-hostaleria-i-turisme-potencia-la-teva-estrategia-al-nadal\/#article\",\"isPartOf\":{\"@id\":\"https:\/\/artyplan.com\/ca\/blog\/impressio-per-a-hostaleria-i-turisme-potencia-la-teva-estrategia-al-nadal\/\"},\"author\":{\"name\":\"Sergio Triguero\",\"@id\":\"https:\/\/artyplan.com\/ca\/#\/schema\/person\/0ef19accced432bc277b8d5248cd2cc0\"},\"headline\":\"Impressi\u00f3 per a Hostaleria i Turisme: Pot\u00e8ncia la teva estrat\u00e8gia al Nadal\",\"datePublished\":\"2024-10-27T22:00:00+00:00\",\"dateModified\":\"2025-09-07T14:22:16+00:00\",\"mainEntityOfPage\":{\"@id\":\"https:\/\/artyplan.com\/ca\/blog\/impressio-per-a-hostaleria-i-turisme-potencia-la-teva-estrategia-al-nadal\/\"},\"wordCount\":1281,\"publisher\":{\"@id\":\"https:\/\/artyplan.com\/ca\/#organization\"},\"image\":{\"@id\":\"https:\/\/artyplan.com\/ca\/blog\/impressio-per-a-hostaleria-i-turisme-potencia-la-teva-estrategia-al-nadal\/#primaryimage\"},\"thumbnailUrl\":\"https:\/\/artyplan.com\/wp-content\/uploads\/2025\/09\/menu-navidad-carta-1.png\",\"articleSection\":[\"Noticias\",\"Noticies\"],\"inLanguage\":\"ca\"},{\"@type\":\"WebPage\",\"@id\":\"https:\/\/artyplan.com\/ca\/blog\/impressio-per-a-hostaleria-i-turisme-potencia-la-teva-estrategia-al-nadal\/\",\"url\":\"https:\/\/artyplan.com\/ca\/blog\/impressio-per-a-hostaleria-i-turisme-potencia-la-teva-estrategia-al-nadal\/\",\"name\":\"Impressi\u00f3 per a Hostaleria i Turisme durant el Nadal | Artyplan\",\"isPartOf\":{\"@id\":\"https:\/\/artyplan.com\/ca\/#website\"},\"primaryImageOfPage\":{\"@id\":\"https:\/\/artyplan.com\/ca\/blog\/impressio-per-a-hostaleria-i-turisme-potencia-la-teva-estrategia-al-nadal\/#primaryimage\"},\"image\":{\"@id\":\"https:\/\/artyplan.com\/ca\/blog\/impressio-per-a-hostaleria-i-turisme-potencia-la-teva-estrategia-al-nadal\/#primaryimage\"},\"thumbnailUrl\":\"https:\/\/artyplan.com\/wp-content\/uploads\/2025\/09\/menu-navidad-carta-1.png\",\"datePublished\":\"2024-10-27T22:00:00+00:00\",\"dateModified\":\"2025-09-07T14:22:16+00:00\",\"description\":\"Pot\u00e8ncia el teu negoci tur\u00edstic i hostaler per Nadal amb impressi\u00f3 personalitzada. Targetes i men\u00fas tem\u00e0tics o vinils decoratius i regals.\",\"breadcrumb\":{\"@id\":\"https:\/\/artyplan.com\/ca\/blog\/impressio-per-a-hostaleria-i-turisme-potencia-la-teva-estrategia-al-nadal\/#breadcrumb\"},\"inLanguage\":\"ca\",\"potentialAction\":[{\"@type\":\"ReadAction\",\"target\":[\"https:\/\/artyplan.com\/ca\/blog\/impressio-per-a-hostaleria-i-turisme-potencia-la-teva-estrategia-al-nadal\/\"]}]},{\"@type\":\"ImageObject\",\"inLanguage\":\"ca\",\"@id\":\"https:\/\/artyplan.com\/ca\/blog\/impressio-per-a-hostaleria-i-turisme-potencia-la-teva-estrategia-al-nadal\/#primaryimage\",\"url\":\"https:\/\/artyplan.com\/wp-content\/uploads\/2025\/09\/menu-navidad-carta-1.png\",\"contentUrl\":\"https:\/\/artyplan.com\/wp-content\/uploads\/2025\/09\/menu-navidad-carta-1.png\",\"width\":1920,\"height\":600,\"caption\":\"menu navidad carta|cartel navidad|calendario navidad|roll up navidad\"},{\"@type\":\"BreadcrumbList\",\"@id\":\"https:\/\/artyplan.com\/ca\/blog\/impressio-per-a-hostaleria-i-turisme-potencia-la-teva-estrategia-al-nadal\/#breadcrumb\",\"itemListElement\":[{\"@type\":\"ListItem\",\"position\":1,\"name\":\"Artyplan\",\"item\":\"https:\/\/artyplan.com\/ca\/\"},{\"@type\":\"ListItem\",\"position\":2,\"name\":\"Impressi\u00f3 per a Hostaleria i Turisme: Pot\u00e8ncia la teva estrat\u00e8gia al Nadal\"}]},{\"@type\":\"WebSite\",\"@id\":\"https:\/\/artyplan.com\/ca\/#website\",\"url\":\"https:\/\/artyplan.com\/ca\/\",\"name\":\"Artyplan\",\"description\":\"\",\"publisher\":{\"@id\":\"https:\/\/artyplan.com\/ca\/#organization\"},\"potentialAction\":[{\"@type\":\"SearchAction\",\"target\":{\"@type\":\"EntryPoint\",\"urlTemplate\":\"https:\/\/artyplan.com\/ca\/?s={search_term_string}\"},\"query-input\":{\"@type\":\"PropertyValueSpecification\",\"valueRequired\":true,\"valueName\":\"search_term_string\"}}],\"inLanguage\":\"ca\"},{\"@type\":\"Organization\",\"@id\":\"https:\/\/artyplan.com\/ca\/#organization\",\"name\":\"Artyplan\",\"url\":\"https:\/\/artyplan.com\/ca\/\",\"logo\":{\"@type\":\"ImageObject\",\"inLanguage\":\"ca\",\"@id\":\"https:\/\/artyplan.com\/ca\/#\/schema\/logo\/image\/\",\"url\":\"https:\/\/artyplan.com\/wp-content\/uploads\/2025\/12\/Logo-artyplan-690x690-1.png\",\"contentUrl\":\"https:\/\/artyplan.com\/wp-content\/uploads\/2025\/12\/Logo-artyplan-690x690-1.png\",\"width\":690,\"height\":690,\"caption\":\"Artyplan\"},\"image\":{\"@id\":\"https:\/\/artyplan.com\/ca\/#\/schema\/logo\/image\/\"},\"sameAs\":[\"https:\/\/www.facebook.com\/artyplan\",\"https:\/\/www.instagram.com\/artyplan\/\",\"https:\/\/www.linkedin.com\/company\/artyplan\"],\"description\":\"Artyplan \u00e9s una empresa especialitzada en producci\u00f3 gr\u00e0fica i comunicaci\u00f3 visual amb 60 anys dexperi\u00e8ncia. Oferim solucions integrals d'impressi\u00f3 en gran format, PLV i retail, gesti\u00f3 d'esdeveniments i fires, disseny i fabricaci\u00f3 a mida, log\u00edstica i serveis d'instal\u00b7laci\u00f3 a tot el territori. Treballem per a marques, ag\u00e8ncies, espais comercials i institucions que necessiten un partner fiable per desenvolupar campanyes de m\u00e0rqueting, projectes de retail i accions de branding o m\u00e0rqueting. Combinem tecnologia avan\u00e7ada d\u00b4impressi\u00f3 digital, un equip expert i una gesti\u00f3 completa de projectes per garantir qualitat, agilitat i resultats a mida per a cada client. Disposem de plataformes B2B que faciliten als nostres clients la gesti\u00f3 de les comandes de materials impresos aix\u00ed com la log\u00edstica dels mateixos.\",\"email\":\"info@artyplan.com\",\"telephone\":\"+34 93 200 87 99\",\"legalName\":\"Artyplan S.L.\",\"vatID\":\"B61963229\",\"numberOfEmployees\":{\"@type\":\"QuantitativeValue\",\"minValue\":\"51\",\"maxValue\":\"200\"}},{\"@type\":\"Person\",\"@id\":\"https:\/\/artyplan.com\/ca\/#\/schema\/person\/0ef19accced432bc277b8d5248cd2cc0\",\"name\":\"Sergio Triguero\",\"image\":{\"@type\":\"ImageObject\",\"inLanguage\":\"ca\",\"@id\":\"https:\/\/artyplan.com\/ca\/#\/schema\/person\/image\/\",\"url\":\"https:\/\/secure.gravatar.com\/avatar\/c742a95811ffbc635a3d111ab446f278cce576575d14970fd5d56e17580c3f23?s=96&d=mm&r=g\",\"contentUrl\":\"https:\/\/secure.gravatar.com\/avatar\/c742a95811ffbc635a3d111ab446f278cce576575d14970fd5d56e17580c3f23?s=96&d=mm&r=g\",\"caption\":\"Sergio Triguero\"}}]}<\/script>\n<!-- \/ Yoast SEO Premium plugin. -->","yoast_head_json":{"title":"Impressi\u00f3 per a Hostaleria i Turisme durant el Nadal | Artyplan","description":"Pot\u00e8ncia el teu negoci tur\u00edstic i hostaler per Nadal amb impressi\u00f3 personalitzada. Targetes i men\u00fas tem\u00e0tics o vinils decoratius i regals.","robots":{"index":"index","follow":"follow","max-snippet":"max-snippet:-1","max-image-preview":"max-image-preview:large","max-video-preview":"max-video-preview:-1"},"canonical":"https:\/\/artyplan.com\/ca\/blog\/impressio-per-a-hostaleria-i-turisme-potencia-la-teva-estrategia-al-nadal\/","og_locale":"ca_ES","og_type":"article","og_title":"Impressi\u00f3 per a Hostaleria i Turisme: Pot\u00e8ncia la teva estrat\u00e8gia al Nadal","og_description":"Pot\u00e8ncia el teu negoci tur\u00edstic i hostaler per Nadal amb impressi\u00f3 personalitzada. Targetes i men\u00fas tem\u00e0tics o vinils decoratius i regals.","og_url":"https:\/\/artyplan.com\/ca\/blog\/impressio-per-a-hostaleria-i-turisme-potencia-la-teva-estrategia-al-nadal\/","og_site_name":"Artyplan","article_publisher":"https:\/\/www.facebook.com\/artyplan","article_published_time":"2024-10-27T22:00:00+00:00","article_modified_time":"2025-09-07T14:22:16+00:00","og_image":[{"width":1920,"height":600,"url":"https:\/\/artyplan.com\/wp-content\/uploads\/2025\/09\/menu-navidad-carta-1.png","type":"image\/png"}],"author":"Sergio Triguero","twitter_card":"summary_large_image","twitter_misc":{"Escrit per":"Sergio Triguero","Temps estimat de lectura":"6 minuts"},"schema":{"@context":"https:\/\/schema.org","@graph":[{"@type":"Article","@id":"https:\/\/artyplan.com\/ca\/blog\/impressio-per-a-hostaleria-i-turisme-potencia-la-teva-estrategia-al-nadal\/#article","isPartOf":{"@id":"https:\/\/artyplan.com\/ca\/blog\/impressio-per-a-hostaleria-i-turisme-potencia-la-teva-estrategia-al-nadal\/"},"author":{"name":"Sergio Triguero","@id":"https:\/\/artyplan.com\/ca\/#\/schema\/person\/0ef19accced432bc277b8d5248cd2cc0"},"headline":"Impressi\u00f3 per a Hostaleria i Turisme: Pot\u00e8ncia la teva estrat\u00e8gia al Nadal","datePublished":"2024-10-27T22:00:00+00:00","dateModified":"2025-09-07T14:22:16+00:00","mainEntityOfPage":{"@id":"https:\/\/artyplan.com\/ca\/blog\/impressio-per-a-hostaleria-i-turisme-potencia-la-teva-estrategia-al-nadal\/"},"wordCount":1281,"publisher":{"@id":"https:\/\/artyplan.com\/ca\/#organization"},"image":{"@id":"https:\/\/artyplan.com\/ca\/blog\/impressio-per-a-hostaleria-i-turisme-potencia-la-teva-estrategia-al-nadal\/#primaryimage"},"thumbnailUrl":"https:\/\/artyplan.com\/wp-content\/uploads\/2025\/09\/menu-navidad-carta-1.png","articleSection":["Noticias","Noticies"],"inLanguage":"ca"},{"@type":"WebPage","@id":"https:\/\/artyplan.com\/ca\/blog\/impressio-per-a-hostaleria-i-turisme-potencia-la-teva-estrategia-al-nadal\/","url":"https:\/\/artyplan.com\/ca\/blog\/impressio-per-a-hostaleria-i-turisme-potencia-la-teva-estrategia-al-nadal\/","name":"Impressi\u00f3 per a Hostaleria i Turisme durant el Nadal | Artyplan","isPartOf":{"@id":"https:\/\/artyplan.com\/ca\/#website"},"primaryImageOfPage":{"@id":"https:\/\/artyplan.com\/ca\/blog\/impressio-per-a-hostaleria-i-turisme-potencia-la-teva-estrategia-al-nadal\/#primaryimage"},"image":{"@id":"https:\/\/artyplan.com\/ca\/blog\/impressio-per-a-hostaleria-i-turisme-potencia-la-teva-estrategia-al-nadal\/#primaryimage"},"thumbnailUrl":"https:\/\/artyplan.com\/wp-content\/uploads\/2025\/09\/menu-navidad-carta-1.png","datePublished":"2024-10-27T22:00:00+00:00","dateModified":"2025-09-07T14:22:16+00:00","description":"Pot\u00e8ncia el teu negoci tur\u00edstic i hostaler per Nadal amb impressi\u00f3 personalitzada. Targetes i men\u00fas tem\u00e0tics o vinils decoratius i regals.","breadcrumb":{"@id":"https:\/\/artyplan.com\/ca\/blog\/impressio-per-a-hostaleria-i-turisme-potencia-la-teva-estrategia-al-nadal\/#breadcrumb"},"inLanguage":"ca","potentialAction":[{"@type":"ReadAction","target":["https:\/\/artyplan.com\/ca\/blog\/impressio-per-a-hostaleria-i-turisme-potencia-la-teva-estrategia-al-nadal\/"]}]},{"@type":"ImageObject","inLanguage":"ca","@id":"https:\/\/artyplan.com\/ca\/blog\/impressio-per-a-hostaleria-i-turisme-potencia-la-teva-estrategia-al-nadal\/#primaryimage","url":"https:\/\/artyplan.com\/wp-content\/uploads\/2025\/09\/menu-navidad-carta-1.png","contentUrl":"https:\/\/artyplan.com\/wp-content\/uploads\/2025\/09\/menu-navidad-carta-1.png","width":1920,"height":600,"caption":"menu navidad carta|cartel navidad|calendario navidad|roll up navidad"},{"@type":"BreadcrumbList","@id":"https:\/\/artyplan.com\/ca\/blog\/impressio-per-a-hostaleria-i-turisme-potencia-la-teva-estrategia-al-nadal\/#breadcrumb","itemListElement":[{"@type":"ListItem","position":1,"name":"Artyplan","item":"https:\/\/artyplan.com\/ca\/"},{"@type":"ListItem","position":2,"name":"Impressi\u00f3 per a Hostaleria i Turisme: Pot\u00e8ncia la teva estrat\u00e8gia al Nadal"}]},{"@type":"WebSite","@id":"https:\/\/artyplan.com\/ca\/#website","url":"https:\/\/artyplan.com\/ca\/","name":"Artyplan","description":"","publisher":{"@id":"https:\/\/artyplan.com\/ca\/#organization"},"potentialAction":[{"@type":"SearchAction","target":{"@type":"EntryPoint","urlTemplate":"https:\/\/artyplan.com\/ca\/?s={search_term_string}"},"query-input":{"@type":"PropertyValueSpecification","valueRequired":true,"valueName":"search_term_string"}}],"inLanguage":"ca"},{"@type":"Organization","@id":"https:\/\/artyplan.com\/ca\/#organization","name":"Artyplan","url":"https:\/\/artyplan.com\/ca\/","logo":{"@type":"ImageObject","inLanguage":"ca","@id":"https:\/\/artyplan.com\/ca\/#\/schema\/logo\/image\/","url":"https:\/\/artyplan.com\/wp-content\/uploads\/2025\/12\/Logo-artyplan-690x690-1.png","contentUrl":"https:\/\/artyplan.com\/wp-content\/uploads\/2025\/12\/Logo-artyplan-690x690-1.png","width":690,"height":690,"caption":"Artyplan"},"image":{"@id":"https:\/\/artyplan.com\/ca\/#\/schema\/logo\/image\/"},"sameAs":["https:\/\/www.facebook.com\/artyplan","https:\/\/www.instagram.com\/artyplan\/","https:\/\/www.linkedin.com\/company\/artyplan"],"description":"Artyplan \u00e9s una empresa especialitzada en producci\u00f3 gr\u00e0fica i comunicaci\u00f3 visual amb 60 anys dexperi\u00e8ncia. Oferim solucions integrals d'impressi\u00f3 en gran format, PLV i retail, gesti\u00f3 d'esdeveniments i fires, disseny i fabricaci\u00f3 a mida, log\u00edstica i serveis d'instal\u00b7laci\u00f3 a tot el territori. Treballem per a marques, ag\u00e8ncies, espais comercials i institucions que necessiten un partner fiable per desenvolupar campanyes de m\u00e0rqueting, projectes de retail i accions de branding o m\u00e0rqueting. Combinem tecnologia avan\u00e7ada d\u00b4impressi\u00f3 digital, un equip expert i una gesti\u00f3 completa de projectes per garantir qualitat, agilitat i resultats a mida per a cada client. Disposem de plataformes B2B que faciliten als nostres clients la gesti\u00f3 de les comandes de materials impresos aix\u00ed com la log\u00edstica dels mateixos.","email":"info@artyplan.com","telephone":"+34 93 200 87 99","legalName":"Artyplan S.L.","vatID":"B61963229","numberOfEmployees":{"@type":"QuantitativeValue","minValue":"51","maxValue":"200"}},{"@type":"Person","@id":"https:\/\/artyplan.com\/ca\/#\/schema\/person\/0ef19accced432bc277b8d5248cd2cc0","name":"Sergio Triguero","image":{"@type":"ImageObject","inLanguage":"ca","@id":"https:\/\/artyplan.com\/ca\/#\/schema\/person\/image\/","url":"https:\/\/secure.gravatar.com\/avatar\/c742a95811ffbc635a3d111ab446f278cce576575d14970fd5d56e17580c3f23?s=96&d=mm&r=g","contentUrl":"https:\/\/secure.gravatar.com\/avatar\/c742a95811ffbc635a3d111ab446f278cce576575d14970fd5d56e17580c3f23?s=96&d=mm&r=g","caption":"Sergio Triguero"}}]}},"_links":{"self":[{"href":"https:\/\/artyplan.com\/ca\/wp-json\/wp\/v2\/posts\/6011","targetHints":{"allow":["GET"]}}],"collection":[{"href":"https:\/\/artyplan.com\/ca\/wp-json\/wp\/v2\/posts"}],"about":[{"href":"https:\/\/artyplan.com\/ca\/wp-json\/wp\/v2\/types\/post"}],"author":[{"embeddable":true,"href":"https:\/\/artyplan.com\/ca\/wp-json\/wp\/v2\/users\/3"}],"replies":[{"embeddable":true,"href":"https:\/\/artyplan.com\/ca\/wp-json\/wp\/v2\/comments?post=6011"}],"version-history":[{"count":7,"href":"https:\/\/artyplan.com\/ca\/wp-json\/wp\/v2\/posts\/6011\/revisions"}],"predecessor-version":[{"id":8024,"href":"https:\/\/artyplan.com\/ca\/wp-json\/wp\/v2\/posts\/6011\/revisions\/8024"}],"wp:featuredmedia":[{"embeddable":true,"href":"https:\/\/artyplan.com\/ca\/wp-json\/wp\/v2\/media\/7505"}],"wp:attachment":[{"href":"https:\/\/artyplan.com\/ca\/wp-json\/wp\/v2\/media?parent=6011"}],"wp:term":[{"taxonomy":"category","embeddable":true,"href":"https:\/\/artyplan.com\/ca\/wp-json\/wp\/v2\/categories?post=6011"},{"taxonomy":"post_tag","embeddable":true,"href":"https:\/\/artyplan.com\/ca\/wp-json\/wp\/v2\/tags?post=6011"}],"curies":[{"name":"wp","href":"https:\/\/api.w.org\/{rel}","templated":true}]}}