{"id":6027,"date":"2024-11-11T00:00:00","date_gmt":"2024-11-10T22:00:00","guid":{"rendered":"https:\/\/preweb.artyplan.com\/sin-categorizar\/levolucio-del-packaging-en-lera-de-lecommerce\/"},"modified":"2025-09-07T16:22:25","modified_gmt":"2025-09-07T14:22:25","slug":"levolucio-del-packaging-en-lera-de-lecommerce","status":"publish","type":"post","link":"https:\/\/artyplan.com\/ca\/blog\/levolucio-del-packaging-en-lera-de-lecommerce\/","title":{"rendered":"L&#8217;evoluci\u00f3 del Packaging en l&#8217;era de l&#8217;Ecommerce"},"content":{"rendered":"<p>L&#8217;explosi\u00f3 del comer\u00e7 electr\u00f2nic ha transformat la nostra manera de consumir i, amb aix\u00f2, les exig\u00e8ncies del packaging a l&#8217;ecommerce que protegeix, promociona i lliurament els productes que comprem en l\u00ednia. La forma en qu\u00e8 un producte arriba a les mans del client t\u00e9 un gran impacte en la seva percepci\u00f3 de la marca, el seu nivell de satisfacci\u00f3 i en la seva decisi\u00f3 de comprar. Ara \u00e9s una eina estrat\u00e8gica de m\u00e0rqueting, una oportunitat de comunicaci\u00f3 de marca i un indicador de sostenibilitat.<\/p>\n<p>A continuaci\u00f3, explorem com est\u00e0 canviant el packaging al comer\u00e7 electr\u00f2nic, amb dades i estad\u00edstiques que demostren el seu impacte en el mercat i en les decisions dels consumidors.<\/p>\n<h2>El Boom del comer\u00e7 electr\u00f2nic en els 2000: Canvis al packaging<\/h2>\n<p>Amb el nou mil\u00b7lenni va arribar un creixement exponencial del comer\u00e7 electr\u00f2nic. Els consumidors van comen\u00e7ar a comprar m\u00e9s i variats productes en l\u00ednia, la qual cosa va impulsar a les empreses a millorar les seves estrat\u00e8gies d&#8217;enviament i packaging. La funcionalitat del packaging es va ampliar per a garantir que els productes arribessin en perfectes condicions i, al mateix temps, optimitzar els costos de transport i emmagatzematge.<\/p>\n<p>L&#8217;embalatge va comen\u00e7ar a dissenyar-se espec\u00edficament per al comer\u00e7 electr\u00f2nic, pensant en la protecci\u00f3 de productes fr\u00e0gils i en un transport eficient. Segons dades de\u00a0DS\u00a0Smith, en aquesta etapa inicial, l&#8217;embalatge comer\u00e7 electr\u00f2nic se centrava en complir requisits log\u00edstics, per\u00f2 encara mancava d&#8217;una est\u00e8tica pensada per al consumidor.<\/p>\n<h2>Un creixement exponencial en comer\u00e7 electr\u00f2nic i el seu impacte en l&#8217;embalatge<\/h2>\n<p>Amb el comer\u00e7 electr\u00f2nic creixent a un ritme accelerat, l&#8217;embalatge ha de satisfer la demanda en quantitat i qualitat. Segons un estudi de\u00a0Statista, les vendes globals de comer\u00e7 electr\u00f2nic van aconseguir els <strong>5.2 bilions de d\u00f2lars en 2023,<\/strong> i es preveu que arribin a<strong> 8.1 bilions en 2026<\/strong>. Aquest auge ha portat a una demanda major d&#8217;embalatge dissenyats espec\u00edficament per a la venda en l\u00ednia.<\/p>\n<p>Un estudi de Smithers estima que el mercat d&#8217;embalatge per a comer\u00e7 electr\u00f2nic creixer\u00e0 a un ritme anual del<strong> 14.3% <\/strong>fins a 2028, impulsat per l&#8217;expansi\u00f3 de compres en l\u00ednia i les expectatives dels consumidors sobre empaquetatges atractius i sostenibles.<\/p>\n<h2>La import\u00e0ncia del Unboxing en l&#8217;experi\u00e8ncia del client<\/h2>\n<p><img fetchpriority=\"high\" decoding=\"async\" class=\"wp-image-13399 size-medium alignright\" src=\"https:\/\/preweb.artyplan.com\/wp-content\/uploads\/2025\/09\/packaging-ecommerce-1-scaled.jpeg\" alt=\"packaging ecommerce\" width=\"300\" height=\"200\" \/><\/p>\n<p>El\u00a0unboxing\u00a0s&#8217;ha convertit en un fenomen clau en xarxes socials, amb el <strong>62% dels compradors<\/strong> <strong>afirmant que l&#8217;experi\u00e8ncia de\u00a0unboxing\u00a0influeix en les seves decisions<\/strong> de compra futures (Dotcom\u00a0Distribution). La mateixa enquesta indica que un <strong>40% dels consumidors<\/strong> <strong>estaria disposat a realitzar una nova compra<\/strong> si l&#8217;experi\u00e8ncia de\u00a0unboxing\u00a0va ser positiva.<\/p>\n<p>Un embalatge ben dissenyat genera emoci\u00f3 i expectatives, convertint l&#8217;acte d&#8217;obrir el producte en un moment especial. Aquesta tend\u00e8ncia ha impulsat a les marques a invertir en embalatge atractius i personalitzables. En convertir-ho en una experi\u00e8ncia visual i emocional, les marques poden enfortir la lleialtat del client i fomentar el &#8220;boca a boca&#8221; digital, especialment entre els consumidors m\u00e9s joves.<\/p>\n<p>De fet, els v\u00eddeos de\u00a0unboxing\u00a0han guanyat gran popularitat en plataformes com YouTube, Instagram o\u00a0TikTok, sent un canal de m\u00e0rqueting efectiu que genera visibilitat org\u00e0nica per a les marques.<\/p>\n<h2>Disseny minimalista: Embalatge simples i funcionals<\/h2>\n<p>Les marques estan optant per un disseny minimalista i funcional, que faciliti el reciclatge i redueixi l&#8217;\u00fas de materials innecessaris. Aquest enfocament no sols ajuda a reduir costos de producci\u00f3, sin\u00f3<\/p>\n<p>que tamb\u00e9 respon a la prefer\u00e8ncia dels consumidors per embalatge simples i f\u00e0cils de rebutjar o reutilitzar.<\/p>\n<p>Empreses com Apple han liderat aquesta tend\u00e8ncia, dissenyant amb l\u00ednies netes i materials d&#8217;alta qualitat, on cada element t\u00e9 una funci\u00f3 clara. Aquest tipus d&#8217;embalatge aconsegueix un equilibri entre est\u00e8tica i sostenibilitat, a m\u00e9s de transmetre els valors de la marca de manera simple i efectiva.<\/p>\n<p>En el futur, \u00e9s probable que m\u00e9s empreses apostin per embalatge compactes i sense adorns excessius, que protegeixin el producte sense comprometre el medi ambient.<\/p>\n<h2>Personalitzaci\u00f3: Un potent diferenciador<\/h2>\n<p>Una altra tend\u00e8ncia que ha marcat l&#8217;evoluci\u00f3 de l&#8217;embalatge en els \u00faltims anys \u00e9s la personalitzaci\u00f3. Els consumidors d&#8217;avui dia busquen productes que s&#8217;ajustin als seus gustos i necessitats, i l&#8217;embalatge no \u00e9s una excepci\u00f3. Les marques estan oferint opcions de personalitzaci\u00f3, des del disseny de l&#8217;embalatge fins al missatge que s&#8217;inclou en ell.<\/p>\n<p>La personalitzaci\u00f3 en l&#8217;embalatge \u00e9s una estrat\u00e8gia en auge. D&#8217;acord amb l&#8217;estudi de\u00a0<a href=\"https:\/\/www.deloitte.com\/es\/es.html\" target=\"_blank\" rel=\"noopener\">Deloitte<\/a>, <strong>el 36% dels consumidors est\u00e0 disposat a pagar m\u00e9s per productes amb embalatge personalitzats<\/strong>. Aquesta tend\u00e8ncia va m\u00e9s enll\u00e0 d&#8217;afegir un logotip o color corporatiu; es tracta de brindar al consumidor un embalatge que ressoni amb els seus valors i prefer\u00e8ncies personals, millorant la connexi\u00f3 emocional amb la marca.<\/p>\n<p>Mitjan\u00e7ant impressi\u00f3 digital i tecnologia avan\u00e7ada, les empreses poden ara adaptar el disseny i els missatges dels seus embalatge a audi\u00e8ncies espec\u00edfiques o fins i tot a cada consumidor. Empreses com Coca-Cola i Nespresso han estat pioneres en personalitzaci\u00f3, i avui dia el comer\u00e7 electr\u00f2nic adopta aquesta tend\u00e8ncia per a oferir un embalatge que expliqui una hist\u00f2ria i es converteixi en part de l&#8217;experi\u00e8ncia de compra.<\/p>\n<h2>Innovaci\u00f3 tecnol\u00f2gica: Noves maneres de connectar amb el client<\/h2>\n<p>Una tend\u00e8ncia creixent \u00e9s l&#8217;\u00fas d&#8217;<strong>etiquetes intel\u00b7ligents<\/strong>, com els codis\u00a0QR\u00a0o la tecnologia\u00a0NFC, que permet al consumidor escanejar l&#8217;embalatge i accedir a informaci\u00f3 addicional sobre el producte, recomanacions d&#8217;\u00fas o fins i tot ofertes exclusives. Segons un informe de <a href=\"https:\/\/www.grandviewresearch.com\/\" target=\"_blank\" rel=\"noopener\">Grand\u00a0View\u00a0Research<\/a>, el mercat d&#8217;etiquetes intel\u00b7ligents <strong>creixer\u00e0 a un ritme anual del 21.4% fins a 2028<\/strong>, impulsat en gran part per la seva integraci\u00f3 en l&#8217;embalatge de comer\u00e7 electr\u00f2nic.<\/p>\n<p>Aquesta tecnologia permet a les marques diferenciar-se i crear una experi\u00e8ncia d&#8217;usuari interactiva, augmentant el\u00a0engagement\u00a0i millorant la satisfacci\u00f3 del client.<\/p>\n<h2>Fidelitzaci\u00f3: L&#8217;Embalatge com a eina de retenci\u00f3<\/h2>\n<p>Un bon embalatge no sols ajuda a atreure clients, sin\u00f3 que tamb\u00e9 pot convertir-los en compradors recurrents.<\/p>\n<p>Quan el packaging ofereix una experi\u00e8ncia \u00fanica, funcional i alineada amb els valors de la marca, els consumidors tendeixen a recordar l&#8217;experi\u00e8ncia i a associar sentiments positius amb la marca. Aix\u00f2 augmenta les probabilitats que es converteixin en promotors i que comparteixin la seva experi\u00e8ncia en xarxes socials, amb amics o fam\u00edlia, a m\u00e9s de que tornin per a futures compres.<\/p>\n<h2>Sostenibilitat i Economia Circular: Una exig\u00e8ncia del consumidor<\/h2>\n<p>La sostenibilitat s&#8217;ha convertit en una prioritat, especialment en l&#8217;embalatge per a comer\u00e7 electr\u00f2nic. Segons\u00a0<a href=\"https:\/\/www.mckinsey.com\/es\/overview\" target=\"_blank\" rel=\"noopener\">McKinsey<\/a>, el <strong>60% dels consumidors a tot el m\u00f3n considera que la sostenibilita<\/strong>t \u00e9s un factor important en les seves decisions de compra. El<strong> 73% preferiria un embalatge<\/strong> menys volumin\u00f3s i que utilitzi<strong> materials reciclables<\/strong> o biodegradables. A m\u00e9s, reduir l&#8217;\u00fas de pl\u00e0stics, les empreses estan experimentant amb tecnologies que permeten dissenyar embalatge reutilitzables o retornables, promovent un model d&#8217;economia circular.<\/p>\n<p>Un informe de\u00a0Trivium\u00a0Embalatge mostra que el <strong>67% dels compradors de comer\u00e7 electr\u00f2nic<\/strong> estan disposats a pagar m\u00e9s per productes de marques que utilitzen embalatges sostenibles, la qual cosa indica un canvi en les prioritats del consumidor i una oportunitat per a les marques d&#8217;enfortir el seu comprom\u00eds ambiental i reduir la petjada de carboni.<\/p>\n<p>La transformaci\u00f3 de <a href=\"http:\/\/artyplan.com\/ca\/productes-impressio\/packaging\/\" target=\"_blank\" rel=\"noopener\">l&#8217;embalatge en el comer\u00e7 electr\u00f2nic<\/a> continuar\u00e0 impulsada per les exig\u00e8ncies del consumidor i per innovacions tecnol\u00f2giques, i les empreses que aconsegueixin adaptar el seu embalatge a aquestes demandes podran destacar-se en un mercat i crear aliances amb prove\u00efdors d&#8217;embalatge responsables ser\u00e0 cada vegada m\u00e9s competitiu.<\/p>\n","protected":false},"excerpt":{"rendered":"<p>L&#8217;explosi\u00f3 del comer\u00e7 electr\u00f2nic ha transformat la nostra manera de consumir i, amb aix\u00f2, les exig\u00e8ncies del packaging a l&#8217;ecommerce que protegeix, promociona i lliurament els productes que comprem en l\u00ednia. La forma en qu\u00e8 un producte arriba a les mans del client t\u00e9 un gran impacte en la seva percepci\u00f3 de la marca, el [&hellip;]<\/p>\n","protected":false},"author":3,"featured_media":7515,"comment_status":"closed","ping_status":"closed","sticky":false,"template":"","format":"standard","meta":{"footnotes":""},"categories":[1],"tags":[],"class_list":["post-6027","post","type-post","status-publish","format-standard","has-post-thumbnail","hentry","category-sense-categoritzar"],"yoast_head":"<!-- This site is optimized with the Yoast SEO Premium plugin v26.5 (Yoast SEO v26.5) - https:\/\/yoast.com\/wordpress\/plugins\/seo\/ -->\n<title>L&#039;evoluci\u00f3 del Packaging en l&#039;era de l&#039;Ecommerce | Artyplan<\/title>\n<meta name=\"description\" content=\"L&#039; ecommerce ha revolucionat l&#039;embalatge: des del unboxing fins a la sostenibilitat. \u00c9s clau per a experi\u00e8ncia i fidelitzaci\u00f3 del client.\" \/>\n<meta name=\"robots\" content=\"index, follow, max-snippet:-1, max-image-preview:large, max-video-preview:-1\" \/>\n<link rel=\"canonical\" href=\"https:\/\/artyplan.com\/ca\/blog\/levolucio-del-packaging-en-lera-de-lecommerce\/\" \/>\n<meta property=\"og:locale\" content=\"ca_ES\" \/>\n<meta property=\"og:type\" content=\"article\" \/>\n<meta property=\"og:title\" content=\"L&#039;evoluci\u00f3 del Packaging en l&#039;era de l&#039;Ecommerce\" \/>\n<meta property=\"og:description\" content=\"L&#039; ecommerce ha revolucionat l&#039;embalatge: des del unboxing fins a la sostenibilitat. \u00c9s clau per a experi\u00e8ncia i fidelitzaci\u00f3 del client.\" \/>\n<meta property=\"og:url\" content=\"https:\/\/artyplan.com\/ca\/blog\/levolucio-del-packaging-en-lera-de-lecommerce\/\" \/>\n<meta property=\"og:site_name\" content=\"Artyplan\" \/>\n<meta property=\"article:publisher\" content=\"https:\/\/www.facebook.com\/artyplan\" \/>\n<meta property=\"article:published_time\" content=\"2024-11-10T22:00:00+00:00\" \/>\n<meta property=\"article:modified_time\" content=\"2025-09-07T14:22:25+00:00\" \/>\n<meta property=\"og:image\" content=\"https:\/\/artyplan.com\/wp-content\/uploads\/2025\/09\/packaging-ecommerce-blog-1.png\" \/>\n\t<meta property=\"og:image:width\" content=\"1920\" \/>\n\t<meta property=\"og:image:height\" content=\"600\" \/>\n\t<meta property=\"og:image:type\" content=\"image\/png\" \/>\n<meta name=\"author\" content=\"Sergio Triguero\" \/>\n<meta name=\"twitter:card\" content=\"summary_large_image\" \/>\n<meta name=\"twitter:label1\" content=\"Escrit per\" \/>\n\t<meta name=\"twitter:data1\" content=\"Sergio Triguero\" \/>\n\t<meta name=\"twitter:label2\" content=\"Temps estimat de lectura\" \/>\n\t<meta name=\"twitter:data2\" content=\"6 minuts\" \/>\n<script type=\"application\/ld+json\" class=\"yoast-schema-graph\">{\"@context\":\"https:\/\/schema.org\",\"@graph\":[{\"@type\":\"Article\",\"@id\":\"https:\/\/artyplan.com\/ca\/blog\/levolucio-del-packaging-en-lera-de-lecommerce\/#article\",\"isPartOf\":{\"@id\":\"https:\/\/artyplan.com\/ca\/blog\/levolucio-del-packaging-en-lera-de-lecommerce\/\"},\"author\":{\"name\":\"Sergio Triguero\",\"@id\":\"https:\/\/artyplan.com\/ca\/#\/schema\/person\/0ef19accced432bc277b8d5248cd2cc0\"},\"headline\":\"L&#8217;evoluci\u00f3 del Packaging en l&#8217;era de l&#8217;Ecommerce\",\"datePublished\":\"2024-11-10T22:00:00+00:00\",\"dateModified\":\"2025-09-07T14:22:25+00:00\",\"mainEntityOfPage\":{\"@id\":\"https:\/\/artyplan.com\/ca\/blog\/levolucio-del-packaging-en-lera-de-lecommerce\/\"},\"wordCount\":1327,\"publisher\":{\"@id\":\"https:\/\/artyplan.com\/ca\/#organization\"},\"image\":{\"@id\":\"https:\/\/artyplan.com\/ca\/blog\/levolucio-del-packaging-en-lera-de-lecommerce\/#primaryimage\"},\"thumbnailUrl\":\"https:\/\/artyplan.com\/wp-content\/uploads\/2025\/09\/packaging-ecommerce-blog-1.png\",\"articleSection\":[\"Sense-categoritzar\"],\"inLanguage\":\"ca\"},{\"@type\":\"WebPage\",\"@id\":\"https:\/\/artyplan.com\/ca\/blog\/levolucio-del-packaging-en-lera-de-lecommerce\/\",\"url\":\"https:\/\/artyplan.com\/ca\/blog\/levolucio-del-packaging-en-lera-de-lecommerce\/\",\"name\":\"L'evoluci\u00f3 del Packaging en l'era de l'Ecommerce | Artyplan\",\"isPartOf\":{\"@id\":\"https:\/\/artyplan.com\/ca\/#website\"},\"primaryImageOfPage\":{\"@id\":\"https:\/\/artyplan.com\/ca\/blog\/levolucio-del-packaging-en-lera-de-lecommerce\/#primaryimage\"},\"image\":{\"@id\":\"https:\/\/artyplan.com\/ca\/blog\/levolucio-del-packaging-en-lera-de-lecommerce\/#primaryimage\"},\"thumbnailUrl\":\"https:\/\/artyplan.com\/wp-content\/uploads\/2025\/09\/packaging-ecommerce-blog-1.png\",\"datePublished\":\"2024-11-10T22:00:00+00:00\",\"dateModified\":\"2025-09-07T14:22:25+00:00\",\"description\":\"L' ecommerce ha revolucionat l'embalatge: des del unboxing fins a la sostenibilitat. \u00c9s clau per a experi\u00e8ncia i fidelitzaci\u00f3 del client.\",\"breadcrumb\":{\"@id\":\"https:\/\/artyplan.com\/ca\/blog\/levolucio-del-packaging-en-lera-de-lecommerce\/#breadcrumb\"},\"inLanguage\":\"ca\",\"potentialAction\":[{\"@type\":\"ReadAction\",\"target\":[\"https:\/\/artyplan.com\/ca\/blog\/levolucio-del-packaging-en-lera-de-lecommerce\/\"]}]},{\"@type\":\"ImageObject\",\"inLanguage\":\"ca\",\"@id\":\"https:\/\/artyplan.com\/ca\/blog\/levolucio-del-packaging-en-lera-de-lecommerce\/#primaryimage\",\"url\":\"https:\/\/artyplan.com\/wp-content\/uploads\/2025\/09\/packaging-ecommerce-blog-1.png\",\"contentUrl\":\"https:\/\/artyplan.com\/wp-content\/uploads\/2025\/09\/packaging-ecommerce-blog-1.png\",\"width\":1920,\"height\":600,\"caption\":\"packaging ecommerce|packaging ecommerce\"},{\"@type\":\"BreadcrumbList\",\"@id\":\"https:\/\/artyplan.com\/ca\/blog\/levolucio-del-packaging-en-lera-de-lecommerce\/#breadcrumb\",\"itemListElement\":[{\"@type\":\"ListItem\",\"position\":1,\"name\":\"Artyplan\",\"item\":\"https:\/\/artyplan.com\/ca\/\"},{\"@type\":\"ListItem\",\"position\":2,\"name\":\"L&#8217;evoluci\u00f3 del Packaging en l&#8217;era de l&#8217;Ecommerce\"}]},{\"@type\":\"WebSite\",\"@id\":\"https:\/\/artyplan.com\/ca\/#website\",\"url\":\"https:\/\/artyplan.com\/ca\/\",\"name\":\"Artyplan\",\"description\":\"\",\"publisher\":{\"@id\":\"https:\/\/artyplan.com\/ca\/#organization\"},\"potentialAction\":[{\"@type\":\"SearchAction\",\"target\":{\"@type\":\"EntryPoint\",\"urlTemplate\":\"https:\/\/artyplan.com\/ca\/?s={search_term_string}\"},\"query-input\":{\"@type\":\"PropertyValueSpecification\",\"valueRequired\":true,\"valueName\":\"search_term_string\"}}],\"inLanguage\":\"ca\"},{\"@type\":\"Organization\",\"@id\":\"https:\/\/artyplan.com\/ca\/#organization\",\"name\":\"Artyplan\",\"url\":\"https:\/\/artyplan.com\/ca\/\",\"logo\":{\"@type\":\"ImageObject\",\"inLanguage\":\"ca\",\"@id\":\"https:\/\/artyplan.com\/ca\/#\/schema\/logo\/image\/\",\"url\":\"https:\/\/artyplan.com\/wp-content\/uploads\/2025\/12\/Logo-artyplan-690x690-1.png\",\"contentUrl\":\"https:\/\/artyplan.com\/wp-content\/uploads\/2025\/12\/Logo-artyplan-690x690-1.png\",\"width\":690,\"height\":690,\"caption\":\"Artyplan\"},\"image\":{\"@id\":\"https:\/\/artyplan.com\/ca\/#\/schema\/logo\/image\/\"},\"sameAs\":[\"https:\/\/www.facebook.com\/artyplan\",\"https:\/\/www.instagram.com\/artyplan\/\",\"https:\/\/www.linkedin.com\/company\/artyplan\"],\"description\":\"Artyplan \u00e9s una empresa especialitzada en producci\u00f3 gr\u00e0fica i comunicaci\u00f3 visual amb 60 anys dexperi\u00e8ncia. Oferim solucions integrals d'impressi\u00f3 en gran format, PLV i retail, gesti\u00f3 d'esdeveniments i fires, disseny i fabricaci\u00f3 a mida, log\u00edstica i serveis d'instal\u00b7laci\u00f3 a tot el territori. Treballem per a marques, ag\u00e8ncies, espais comercials i institucions que necessiten un partner fiable per desenvolupar campanyes de m\u00e0rqueting, projectes de retail i accions de branding o m\u00e0rqueting. Combinem tecnologia avan\u00e7ada d\u00b4impressi\u00f3 digital, un equip expert i una gesti\u00f3 completa de projectes per garantir qualitat, agilitat i resultats a mida per a cada client. Disposem de plataformes B2B que faciliten als nostres clients la gesti\u00f3 de les comandes de materials impresos aix\u00ed com la log\u00edstica dels mateixos.\",\"email\":\"info@artyplan.com\",\"telephone\":\"+34 93 200 87 99\",\"legalName\":\"Artyplan S.L.\",\"vatID\":\"B61963229\",\"numberOfEmployees\":{\"@type\":\"QuantitativeValue\",\"minValue\":\"51\",\"maxValue\":\"200\"}},{\"@type\":\"Person\",\"@id\":\"https:\/\/artyplan.com\/ca\/#\/schema\/person\/0ef19accced432bc277b8d5248cd2cc0\",\"name\":\"Sergio Triguero\",\"image\":{\"@type\":\"ImageObject\",\"inLanguage\":\"ca\",\"@id\":\"https:\/\/artyplan.com\/ca\/#\/schema\/person\/image\/\",\"url\":\"https:\/\/secure.gravatar.com\/avatar\/c742a95811ffbc635a3d111ab446f278cce576575d14970fd5d56e17580c3f23?s=96&d=mm&r=g\",\"contentUrl\":\"https:\/\/secure.gravatar.com\/avatar\/c742a95811ffbc635a3d111ab446f278cce576575d14970fd5d56e17580c3f23?s=96&d=mm&r=g\",\"caption\":\"Sergio Triguero\"}}]}<\/script>\n<!-- \/ Yoast SEO Premium plugin. -->","yoast_head_json":{"title":"L'evoluci\u00f3 del Packaging en l'era de l'Ecommerce | Artyplan","description":"L' ecommerce ha revolucionat l'embalatge: des del unboxing fins a la sostenibilitat. \u00c9s clau per a experi\u00e8ncia i fidelitzaci\u00f3 del client.","robots":{"index":"index","follow":"follow","max-snippet":"max-snippet:-1","max-image-preview":"max-image-preview:large","max-video-preview":"max-video-preview:-1"},"canonical":"https:\/\/artyplan.com\/ca\/blog\/levolucio-del-packaging-en-lera-de-lecommerce\/","og_locale":"ca_ES","og_type":"article","og_title":"L'evoluci\u00f3 del Packaging en l'era de l'Ecommerce","og_description":"L' ecommerce ha revolucionat l'embalatge: des del unboxing fins a la sostenibilitat. \u00c9s clau per a experi\u00e8ncia i fidelitzaci\u00f3 del client.","og_url":"https:\/\/artyplan.com\/ca\/blog\/levolucio-del-packaging-en-lera-de-lecommerce\/","og_site_name":"Artyplan","article_publisher":"https:\/\/www.facebook.com\/artyplan","article_published_time":"2024-11-10T22:00:00+00:00","article_modified_time":"2025-09-07T14:22:25+00:00","og_image":[{"width":1920,"height":600,"url":"https:\/\/artyplan.com\/wp-content\/uploads\/2025\/09\/packaging-ecommerce-blog-1.png","type":"image\/png"}],"author":"Sergio Triguero","twitter_card":"summary_large_image","twitter_misc":{"Escrit per":"Sergio Triguero","Temps estimat de lectura":"6 minuts"},"schema":{"@context":"https:\/\/schema.org","@graph":[{"@type":"Article","@id":"https:\/\/artyplan.com\/ca\/blog\/levolucio-del-packaging-en-lera-de-lecommerce\/#article","isPartOf":{"@id":"https:\/\/artyplan.com\/ca\/blog\/levolucio-del-packaging-en-lera-de-lecommerce\/"},"author":{"name":"Sergio Triguero","@id":"https:\/\/artyplan.com\/ca\/#\/schema\/person\/0ef19accced432bc277b8d5248cd2cc0"},"headline":"L&#8217;evoluci\u00f3 del Packaging en l&#8217;era de l&#8217;Ecommerce","datePublished":"2024-11-10T22:00:00+00:00","dateModified":"2025-09-07T14:22:25+00:00","mainEntityOfPage":{"@id":"https:\/\/artyplan.com\/ca\/blog\/levolucio-del-packaging-en-lera-de-lecommerce\/"},"wordCount":1327,"publisher":{"@id":"https:\/\/artyplan.com\/ca\/#organization"},"image":{"@id":"https:\/\/artyplan.com\/ca\/blog\/levolucio-del-packaging-en-lera-de-lecommerce\/#primaryimage"},"thumbnailUrl":"https:\/\/artyplan.com\/wp-content\/uploads\/2025\/09\/packaging-ecommerce-blog-1.png","articleSection":["Sense-categoritzar"],"inLanguage":"ca"},{"@type":"WebPage","@id":"https:\/\/artyplan.com\/ca\/blog\/levolucio-del-packaging-en-lera-de-lecommerce\/","url":"https:\/\/artyplan.com\/ca\/blog\/levolucio-del-packaging-en-lera-de-lecommerce\/","name":"L'evoluci\u00f3 del Packaging en l'era de l'Ecommerce | Artyplan","isPartOf":{"@id":"https:\/\/artyplan.com\/ca\/#website"},"primaryImageOfPage":{"@id":"https:\/\/artyplan.com\/ca\/blog\/levolucio-del-packaging-en-lera-de-lecommerce\/#primaryimage"},"image":{"@id":"https:\/\/artyplan.com\/ca\/blog\/levolucio-del-packaging-en-lera-de-lecommerce\/#primaryimage"},"thumbnailUrl":"https:\/\/artyplan.com\/wp-content\/uploads\/2025\/09\/packaging-ecommerce-blog-1.png","datePublished":"2024-11-10T22:00:00+00:00","dateModified":"2025-09-07T14:22:25+00:00","description":"L' ecommerce ha revolucionat l'embalatge: des del unboxing fins a la sostenibilitat. \u00c9s clau per a experi\u00e8ncia i fidelitzaci\u00f3 del client.","breadcrumb":{"@id":"https:\/\/artyplan.com\/ca\/blog\/levolucio-del-packaging-en-lera-de-lecommerce\/#breadcrumb"},"inLanguage":"ca","potentialAction":[{"@type":"ReadAction","target":["https:\/\/artyplan.com\/ca\/blog\/levolucio-del-packaging-en-lera-de-lecommerce\/"]}]},{"@type":"ImageObject","inLanguage":"ca","@id":"https:\/\/artyplan.com\/ca\/blog\/levolucio-del-packaging-en-lera-de-lecommerce\/#primaryimage","url":"https:\/\/artyplan.com\/wp-content\/uploads\/2025\/09\/packaging-ecommerce-blog-1.png","contentUrl":"https:\/\/artyplan.com\/wp-content\/uploads\/2025\/09\/packaging-ecommerce-blog-1.png","width":1920,"height":600,"caption":"packaging ecommerce|packaging ecommerce"},{"@type":"BreadcrumbList","@id":"https:\/\/artyplan.com\/ca\/blog\/levolucio-del-packaging-en-lera-de-lecommerce\/#breadcrumb","itemListElement":[{"@type":"ListItem","position":1,"name":"Artyplan","item":"https:\/\/artyplan.com\/ca\/"},{"@type":"ListItem","position":2,"name":"L&#8217;evoluci\u00f3 del Packaging en l&#8217;era de l&#8217;Ecommerce"}]},{"@type":"WebSite","@id":"https:\/\/artyplan.com\/ca\/#website","url":"https:\/\/artyplan.com\/ca\/","name":"Artyplan","description":"","publisher":{"@id":"https:\/\/artyplan.com\/ca\/#organization"},"potentialAction":[{"@type":"SearchAction","target":{"@type":"EntryPoint","urlTemplate":"https:\/\/artyplan.com\/ca\/?s={search_term_string}"},"query-input":{"@type":"PropertyValueSpecification","valueRequired":true,"valueName":"search_term_string"}}],"inLanguage":"ca"},{"@type":"Organization","@id":"https:\/\/artyplan.com\/ca\/#organization","name":"Artyplan","url":"https:\/\/artyplan.com\/ca\/","logo":{"@type":"ImageObject","inLanguage":"ca","@id":"https:\/\/artyplan.com\/ca\/#\/schema\/logo\/image\/","url":"https:\/\/artyplan.com\/wp-content\/uploads\/2025\/12\/Logo-artyplan-690x690-1.png","contentUrl":"https:\/\/artyplan.com\/wp-content\/uploads\/2025\/12\/Logo-artyplan-690x690-1.png","width":690,"height":690,"caption":"Artyplan"},"image":{"@id":"https:\/\/artyplan.com\/ca\/#\/schema\/logo\/image\/"},"sameAs":["https:\/\/www.facebook.com\/artyplan","https:\/\/www.instagram.com\/artyplan\/","https:\/\/www.linkedin.com\/company\/artyplan"],"description":"Artyplan \u00e9s una empresa especialitzada en producci\u00f3 gr\u00e0fica i comunicaci\u00f3 visual amb 60 anys dexperi\u00e8ncia. Oferim solucions integrals d'impressi\u00f3 en gran format, PLV i retail, gesti\u00f3 d'esdeveniments i fires, disseny i fabricaci\u00f3 a mida, log\u00edstica i serveis d'instal\u00b7laci\u00f3 a tot el territori. Treballem per a marques, ag\u00e8ncies, espais comercials i institucions que necessiten un partner fiable per desenvolupar campanyes de m\u00e0rqueting, projectes de retail i accions de branding o m\u00e0rqueting. Combinem tecnologia avan\u00e7ada d\u00b4impressi\u00f3 digital, un equip expert i una gesti\u00f3 completa de projectes per garantir qualitat, agilitat i resultats a mida per a cada client. Disposem de plataformes B2B que faciliten als nostres clients la gesti\u00f3 de les comandes de materials impresos aix\u00ed com la log\u00edstica dels mateixos.","email":"info@artyplan.com","telephone":"+34 93 200 87 99","legalName":"Artyplan S.L.","vatID":"B61963229","numberOfEmployees":{"@type":"QuantitativeValue","minValue":"51","maxValue":"200"}},{"@type":"Person","@id":"https:\/\/artyplan.com\/ca\/#\/schema\/person\/0ef19accced432bc277b8d5248cd2cc0","name":"Sergio Triguero","image":{"@type":"ImageObject","inLanguage":"ca","@id":"https:\/\/artyplan.com\/ca\/#\/schema\/person\/image\/","url":"https:\/\/secure.gravatar.com\/avatar\/c742a95811ffbc635a3d111ab446f278cce576575d14970fd5d56e17580c3f23?s=96&d=mm&r=g","contentUrl":"https:\/\/secure.gravatar.com\/avatar\/c742a95811ffbc635a3d111ab446f278cce576575d14970fd5d56e17580c3f23?s=96&d=mm&r=g","caption":"Sergio Triguero"}}]}},"_links":{"self":[{"href":"https:\/\/artyplan.com\/ca\/wp-json\/wp\/v2\/posts\/6027","targetHints":{"allow":["GET"]}}],"collection":[{"href":"https:\/\/artyplan.com\/ca\/wp-json\/wp\/v2\/posts"}],"about":[{"href":"https:\/\/artyplan.com\/ca\/wp-json\/wp\/v2\/types\/post"}],"author":[{"embeddable":true,"href":"https:\/\/artyplan.com\/ca\/wp-json\/wp\/v2\/users\/3"}],"replies":[{"embeddable":true,"href":"https:\/\/artyplan.com\/ca\/wp-json\/wp\/v2\/comments?post=6027"}],"version-history":[{"count":7,"href":"https:\/\/artyplan.com\/ca\/wp-json\/wp\/v2\/posts\/6027\/revisions"}],"predecessor-version":[{"id":8032,"href":"https:\/\/artyplan.com\/ca\/wp-json\/wp\/v2\/posts\/6027\/revisions\/8032"}],"wp:featuredmedia":[{"embeddable":true,"href":"https:\/\/artyplan.com\/ca\/wp-json\/wp\/v2\/media\/7515"}],"wp:attachment":[{"href":"https:\/\/artyplan.com\/ca\/wp-json\/wp\/v2\/media?parent=6027"}],"wp:term":[{"taxonomy":"category","embeddable":true,"href":"https:\/\/artyplan.com\/ca\/wp-json\/wp\/v2\/categories?post=6027"},{"taxonomy":"post_tag","embeddable":true,"href":"https:\/\/artyplan.com\/ca\/wp-json\/wp\/v2\/tags?post=6027"}],"curies":[{"name":"wp","href":"https:\/\/api.w.org\/{rel}","templated":true}]}}