{"id":6041,"date":"2024-11-18T00:00:00","date_gmt":"2024-11-17T22:00:00","guid":{"rendered":"https:\/\/preweb.artyplan.com\/sin-categorizar\/serveis-dimpressio-essencials-per-a-les-rebaixes-de-gener-2025\/"},"modified":"2026-01-30T13:40:14","modified_gmt":"2026-01-30T11:40:14","slug":"serveis-dimpressio-essencials-per-a-les-rebaixes-de-gener-2025","status":"publish","type":"post","link":"https:\/\/artyplan.com\/ca\/blog\/serveis-dimpressio-essencials-per-a-les-rebaixes-de-gener-2025\/","title":{"rendered":"Serveis d&#8217;impressi\u00f3 essencials per a les rebaixes de gener 2025"},"content":{"rendered":"<p>Les rebaixes de gener s\u00f3n una de les temporades comercials m\u00e9s esperades de l&#8217;any. Per a les empreses, \u00e9s una oportunitat d&#8217;or per a captar l&#8217;atenci\u00f3 dels clients, augmentar les seves vendes i liquidar inventaris. Encara que el m\u00e0rqueting digital \u00e9s clau, els materials impresos continuen sent indispensables per a atreure p\u00fablic i destacar en un mercat saturat.<\/p>\n<p>En aquest article, et mostrem quins serveis d&#8217;impressi\u00f3 s\u00f3n imprescindibles per a les rebaixes i com el teu negoci pot treure&#8217;ls el m\u00e0xim profit.<\/p>\n<h2>Materials d&#8217;impressi\u00f3 clau per a les rebaixes<\/h2>\n<h3>Cartells i vinils promocionals<\/h3>\n<p>Els aparadors s\u00f3n el primer punt de contacte amb els clients. Cartells cridaners i <a href=\"https:\/\/artyplan.com\/ca\/productes-impressio\/serveis-dimpressio-de-gran-format\/vinils-impres\/\" target=\"_blank\" rel=\"noopener\">vinils adhesius<\/a> amb missatges clars com a &#8220;Descomptes del 50%&#8221; o &#8220;\u00daltims dies de rebaixes&#8221; s\u00f3n essencials per a captar mirades.<\/p>\n<h3>Fulletons i flyers<\/h3>\n<p>Distribuir informaci\u00f3 directa i atractiva continua sent una estrat\u00e8gia efica\u00e7. Els <a href=\"https:\/\/artyplan.com\/ca\/productes-impressio\/serveis-dimpressio-de-petit-format\/impressio-comercial\/fulletons\/\" target=\"_blank\" rel=\"noopener\">fulletons<\/a> permeten incloure ofertes, promocions i codis QR que dirigeixin al client a m\u00e9s detalls en el teu web.<\/p>\n<p>Ideals per a: botigues f\u00edsiques, zones d&#8217;alt tr\u00e0nsit i enviaments en bosses de compra.<\/p>\n<h3>Etiquetes i\u00a0stickers<img fetchpriority=\"high\" decoding=\"async\" class=\"size-medium wp-image-13603 alignright\" src=\"https:\/\/preweb.artyplan.com\/wp-content\/uploads\/2025\/09\/etiquetas-rebajas-scaled.jpg\" alt=\"etiquetas-rebajas\" width=\"300\" height=\"169\" \/><\/h3>\n<p>Durant les rebaixes, etiquetar productes amb preus rebaixats \u00e9s essencial per a atreure l&#8217;atenci\u00f3 als prestatges. Stickers amb formes personalitzades o colors vibrants afegeixen un toc professional.<\/p>\n<p>Usos: destacar percentatges de descompte o promocions &#8220;2&#215;1&#8221;.<\/p>\n<h3>Displays i expositors de producte<\/h3>\n<p>Per a ressaltar les teves millors ofertes, els <a href=\"https:\/\/artyplan.com\/ca\/productes-impressio\/packaging\/displays\/\" target=\"_blank\" rel=\"noopener\">expositors<\/a> s\u00f3n una eina clau. Des de t\u00f2tems fins a suports de cart\u00f3, ajuden a organitzar i presentar els productes de manera efectiva. Aix\u00f2 ajuda a refor\u00e7ar la marca i facilitar les decisions de compra.<\/p>\n<p>Llocs ideals: entrades de botigues i passadissos principals.<\/p>\n<h3>Borses personalitzades<\/h3>\n<p>Una <a href=\"https:\/\/artyplan.com\/ca\/productes-impressio\/serveis-dimpressio-de-petit-format\/papereria-corporativa\/bosses\/\" target=\"_blank\" rel=\"noopener\">bossa personalitzada<\/a> no sols \u00e9s \u00fatil per al client, sin\u00f3 que tamb\u00e9 actua com a publicitat m\u00f2bil per al teu negoci. A les rebaixes, una bossa atractiva pot ser un recordatori constant de la teva marca.<\/p>\n<p>Tend\u00e8ncia: bosses ecol\u00f2giques i reutilitzables.<\/p>\n<h2>Serveis personalitzats per a diferents sectors<\/h2>\n<p>Cada ind\u00fastria t\u00e9 necessitats espec\u00edfiques durant les rebaixes. Aqu\u00ed et mostrem com els serveis d&#8217;impressi\u00f3 poden adaptar-se:<\/p>\n<ul>\n<li><strong>Comer\u00e7 minorista<\/strong>: Etiquetes de preus, cartells i displays promocionals.<\/li>\n<li><strong>Turisme i hostaleria<\/strong>: Men\u00fas de temporada, fulletons amb paquets d&#8217;ofertes.<\/li>\n<li><strong>Alimentaci\u00f3 i begudes<\/strong>: Stickers per a productes i expositors a supermercats.<\/li>\n<li><strong>Esports<\/strong>: Promoci\u00f3 de descomptes en equipament esportiu i roba.<\/li>\n<li><strong>Editorials<\/strong>: Rebaixes en llibres i revistes amb senyalitzaci\u00f3 atractiva.<\/li>\n<\/ul>\n<h2>Consells per a dissenyar materials impresos efectius<\/h2>\n<p>El disseny de materials impresos pot marcar la difer\u00e8ncia entre captar l&#8217;atenci\u00f3 del client o passar desapercebut. A continuaci\u00f3, ampliem alguns dels aspectes clau que faran que els teus materials promocionals siguin m\u00e9s impactants i efectius:<\/p>\n<h3>Disseny cridaner<\/h3>\n<p>El disseny visual \u00e9s el primer element que atreu l&#8217;atenci\u00f3. Durant les rebaixes, l&#8217;objectiu \u00e9s transmetre urg\u00e8ncia i emoci\u00f3.<\/p>\n<ul>\n<li><strong>Colors<\/strong>: Els tons brillants com a vermell, groc o taronja s\u00f3n ideals per a associar amb descomptes i ofertes. Complementa amb colors neutres per a equilibrar el disseny.<\/li>\n<li><strong>Contrastos<\/strong>: Utilitza contrastos forts entre el fons i el text per a assegurar que el missatge sigui clar i llegible a dist\u00e0ncia.<\/li>\n<li><strong>Elements gr\u00e0fics<\/strong>: Afegeix icones cridaneres com a fletxes, etiquetes de descompte o bombolles que destaquin percentatges de rebaixa.<\/li>\n<\/ul>\n<p>Exemple: Un cartell amb un fons groc vibrant, text negre en negreta i un gran \u201c50%\u00a0OFF\u201d\u00a0al centre capta r\u00e0pidament l&#8217;atenci\u00f3 del client.<\/p>\n<h3>Jerarquia visual<\/h3>\n<p>La jerarquia visual ajuda a guiar la mirada del client cap a la informaci\u00f3 m\u00e9s important, assegurant que el missatge clau s&#8217;entengui d&#8217;un cop d&#8217;ull.<\/p>\n<ul>\n<li><strong>T\u00edtols principals<\/strong>: Utilitza formats grans i fonts gruixudes per a destacar els percentatges de descompte o el nom de la promoci\u00f3.<\/li>\n<li><strong>Dates clau<\/strong>: Col\u00b7loca les dates d&#8217;inici i finalitzaci\u00f3 en un lloc destacat, com la part superior o prop del t\u00edtol.<\/li>\n<li><strong>Detalls secundaris<\/strong>: Informaci\u00f3 com a condicions o restriccions ha de ser visible per\u00f2 en una mida m\u00e9s petita, per a no competir amb els elements principals.<\/li>\n<\/ul>\n<p>Tip: Organitza la informaci\u00f3 en blocs visuals i deixa espais en blanc per a evitar sobrecarregar el disseny.<\/p>\n<h3>Inclou una acci\u00f3 (CTA)<\/h3>\n<p>El\u00a0CTA\u00a0\u00e9s el pont que guia al client des de l&#8217;inter\u00e8s cap a l&#8217;acci\u00f3. Ha de ser clar, persuasiu i f\u00e0cil d&#8217;entendre.<\/p>\n<ul>\n<li><strong>Frases clares<\/strong>: Utilitza missatges directes com a \u201cCompra ara\u201d, \u201cNo t&#8217;ho perdis\u201d o \u201cOferta v\u00e0lida fins al 31 de gener\u201d.<\/li>\n<li><strong>Col\u00b7locaci\u00f3 estrat\u00e8gica<\/strong>: Situa el CTA en la part inferior central o prop de l&#8217;oferta principal, on sigui f\u00e0cil de veure.<\/li>\n<li><strong>Elements visuals<\/strong>: Ressalta el\u00a0CTA\u00a0amb un requadre, colors contrastants o un bot\u00f3 gr\u00e0fic.<\/li>\n<\/ul>\n<p>Exemple: Un flyer que diu \u201c50% de descompte\u201d seguit de \u201cCompra ara a la nostra botiga f\u00edsica\u201d convida directament a l&#8217;acci\u00f3.<\/p>\n<h3>Integra el m\u00f3n f\u00edsic i digital<\/h3>\n<p>El m\u00e0rqueting f\u00edsic pot amplificar la teva estrat\u00e8gia digital si tots dos estan correctament connectats.<\/p>\n<ul>\n<li><strong>Codis QR<\/strong>: Inclou codis que portin als clients a la teva botiga online, cat\u00e0leg complet o una p\u00e0gina d&#8217;ofertes exclusives.<\/li>\n<li><strong>Enlla\u00e7os curts<\/strong>: Facilita l&#8217;acc\u00e9s directe a les teves xarxes socials o al carret de compres amb URLs personalitzades i f\u00e0cils de recordar.<\/li>\n<li><strong>Promocions creuades<\/strong>: Ofereix descomptes addicionals si el client segueix el teu compte a xarxes socials o comparteix la promoci\u00f3 en l\u00ednia.<\/li>\n<li><strong>Gamificaci\u00f3:<\/strong> Utilitza els codis per a redirigir a jocs interactius o sortejos, augmentant la participaci\u00f3 del client.<\/li>\n<\/ul>\n<p>Exemple: Un fullet\u00f3 amb un codi QR que digui \u201cEscaneja i obt\u00e9 un 10% extra en la teva pr\u00f2xima compra\u201d genera inter\u00e8s i fomenta la interacci\u00f3 digital.<\/p>\n<h3>Sigues consistent amb la teva marca<\/h3>\n<p>La identitat visual de la teva empresa ha de estar present en tots els materials per a refor\u00e7ar el reconeixement de marca.<\/p>\n<ul>\n<li><strong>Logotip<\/strong>: Situa-ho en un lloc visible, com la cantonada superior o inferior del disseny.<\/li>\n<li><strong>Colors i tipografies<\/strong>: Assegura&#8217;t que els elements visuals siguin consistents amb la imatge de la teva marca.<\/li>\n<li><strong>To del missatge<\/strong>: Si la teva empresa \u00e9s coneguda per ser innovadora o divertida, reflecteix aquest estil en el disseny i el text.<\/li>\n<\/ul>\n<p>Tip: Utilitza plantilles o guies d&#8217;estil predefinides per a garantir coher\u00e8ncia en tota la campanya.<\/p>\n<h3>Optimitza per al mitj\u00e0 d&#8217;impressi\u00f3<\/h3>\n<p>Adapta el disseny al format espec\u00edfic en el qual ser\u00e0 impr\u00e8s per a maximitzar la qualitat i funcionalitat.<\/p>\n<ul>\n<li><strong>Resoluci\u00f3 alta<\/strong>: Els arxius han d&#8217;estar almenys en 300 dpi per a assegurar una impressi\u00f3 n\u00edtida.<\/li>\n<li><strong>Sagnat<\/strong>: Deixa un marge addicional a les vores per a evitar talls indesitjats.<\/li>\n<li><strong>Acabats<\/strong>: Considera opcions com a laminat mat o brillants, vern\u00eds UV o encunyacions per a afegir un toc professional.<\/li>\n<\/ul>\n<h3>Crea Urg\u00e8ncia i Exclusivitat<\/h3>\n<p>Refor\u00e7a el desig de compra destacant la limitaci\u00f3 de temps o l&#8217;exclusivitat de l&#8217;oferta.<\/p>\n<ul>\n<li><strong>Frases<\/strong>: Utilitza textos com \u201cNom\u00e9s per temps limitat\u201d o \u201cDescompte exclusiu per als primers 100 clients\u201d.<\/li>\n<li><strong>Comptadors regressius<\/strong>: Si el material ho permet, inclou un compte enrere que motivi l&#8217;acci\u00f3 immediata.<\/li>\n<\/ul>\n<p>Un disseny efectiu no sols transmet informaci\u00f3, sin\u00f3 que tamb\u00e9 genera emoci\u00f3 i fomenta l&#8217;acci\u00f3. Aplicar aquests consells assegurar\u00e0 que els teus materials impresos no sols siguin atractius, sin\u00f3 que tamb\u00e9 impulsin les vendes durant la temporada de rebaixes.<\/p>\n<h2>Sostenibilitat: Impressi\u00f3 responsable amb el medi ambient<\/h2>\n<p>La sostenibilitat no \u00e9s nom\u00e9s una tend\u00e8ncia; s&#8217;ha convertit en una prioritat per a consumidors i empreses. Els clients busquen marques que demostrin comprom\u00eds amb el medi ambient en totes les \u00e0rees, incloent-hi els materials impresos.<\/p>\n<ul>\n<li><strong>Materials reciclats<\/strong>: \u00das de papers reciclats, cart\u00f3 kraft o materials biodegradables per a cartells, fulletons i bosses.<\/li>\n<li><strong>Tintes ecol\u00f2giques<\/strong>: Tintes a base d&#8217;aigua o sense solvents que redueixen l&#8217;impacte ambiental.<\/li>\n<li><strong>Certificacions ambientals:<\/strong> Segells que asseguren pr\u00e0ctiques responsables.<\/li>\n<li><strong>Economia circular:<\/strong> Opcions de reutilitzaci\u00f3 o reciclatge de materials impresos despr\u00e9s de les campanyes de rebaixes.<\/li>\n<\/ul>\n<p>Exemple: Borses reutilitzables impreses amb tintes ecol\u00f2giques que els clients poden portar a casa i continuar utilitzant, prolongant l&#8217;exposici\u00f3 de la marca.<\/p>\n<p>Les rebaixes de gener 2025 estan molt a prop, i ara \u00e9s el moment de preparar els teus materials impresos. Contacta&#8217;ns per a rebre assessorament personalitzat i un pressupost adaptat a les teves necessitats.<\/p>\n","protected":false},"excerpt":{"rendered":"<p>Les rebaixes de gener s\u00f3n una de les temporades comercials m\u00e9s esperades de l&#8217;any. Per a les empreses, \u00e9s una oportunitat d&#8217;or per a captar l&#8217;atenci\u00f3 dels clients, augmentar les seves vendes i liquidar inventaris. Encara que el m\u00e0rqueting digital \u00e9s clau, els materials impresos continuen sent indispensables per a atreure p\u00fablic i destacar en [&hellip;]<\/p>\n","protected":false},"author":3,"featured_media":7524,"comment_status":"closed","ping_status":"closed","sticky":false,"template":"","format":"standard","meta":{"footnotes":""},"categories":[52,36,35],"tags":[],"class_list":["post-6041","post","type-post","status-publish","format-standard","has-post-thumbnail","hentry","category-ecologic-ca","category-ecologico","category-noticias"],"yoast_head":"<!-- This site is optimized with the Yoast SEO Premium plugin v26.5 (Yoast SEO v26.5) - https:\/\/yoast.com\/wordpress\/plugins\/seo\/ -->\n<title>Serveis d&#039;impressi\u00f3 essencials per a les rebaixes de gener 2025<\/title>\n<meta name=\"description\" content=\"Apr\u00e8n a potenciar les teves vendes durant les rebaixes amb tota mena de serveis d&#039;impressi\u00f3, des de cartells fins a bosses personalitzades.\" \/>\n<meta name=\"robots\" content=\"index, follow, max-snippet:-1, max-image-preview:large, max-video-preview:-1\" \/>\n<link rel=\"canonical\" href=\"https:\/\/artyplan.com\/ca\/blog\/serveis-dimpressio-essencials-per-a-les-rebaixes-de-gener-2025\/\" \/>\n<meta property=\"og:locale\" content=\"ca_ES\" \/>\n<meta property=\"og:type\" content=\"article\" \/>\n<meta property=\"og:title\" content=\"Serveis d&#039;impressi\u00f3 essencials per a les rebaixes de gener 2025\" \/>\n<meta property=\"og:description\" content=\"Apr\u00e8n a potenciar les teves vendes durant les rebaixes amb tota mena de serveis d&#039;impressi\u00f3, des de cartells fins a bosses personalitzades.\" \/>\n<meta property=\"og:url\" content=\"https:\/\/artyplan.com\/ca\/blog\/serveis-dimpressio-essencials-per-a-les-rebaixes-de-gener-2025\/\" \/>\n<meta property=\"og:site_name\" content=\"Artyplan\" \/>\n<meta property=\"article:publisher\" content=\"https:\/\/www.facebook.com\/artyplan\" \/>\n<meta property=\"article:published_time\" content=\"2024-11-17T22:00:00+00:00\" \/>\n<meta property=\"article:modified_time\" content=\"2026-01-30T11:40:14+00:00\" \/>\n<meta property=\"og:image\" content=\"https:\/\/artyplan.com\/wp-content\/uploads\/2025\/09\/impresion-en-rebajas.png\" \/>\n\t<meta property=\"og:image:width\" content=\"1920\" \/>\n\t<meta property=\"og:image:height\" content=\"600\" \/>\n\t<meta property=\"og:image:type\" content=\"image\/png\" \/>\n<meta name=\"author\" content=\"Sergio Triguero\" \/>\n<meta name=\"twitter:card\" content=\"summary_large_image\" \/>\n<meta name=\"twitter:label1\" content=\"Escrit per\" \/>\n\t<meta name=\"twitter:data1\" content=\"Sergio Triguero\" \/>\n\t<meta name=\"twitter:label2\" content=\"Temps estimat de lectura\" \/>\n\t<meta name=\"twitter:data2\" content=\"7 minuts\" \/>\n<script type=\"application\/ld+json\" class=\"yoast-schema-graph\">{\"@context\":\"https:\/\/schema.org\",\"@graph\":[{\"@type\":\"Article\",\"@id\":\"https:\/\/artyplan.com\/ca\/blog\/serveis-dimpressio-essencials-per-a-les-rebaixes-de-gener-2025\/#article\",\"isPartOf\":{\"@id\":\"https:\/\/artyplan.com\/ca\/blog\/serveis-dimpressio-essencials-per-a-les-rebaixes-de-gener-2025\/\"},\"author\":{\"name\":\"Sergio Triguero\",\"@id\":\"https:\/\/artyplan.com\/ca\/#\/schema\/person\/0ef19accced432bc277b8d5248cd2cc0\"},\"headline\":\"Serveis d&#8217;impressi\u00f3 essencials per a les rebaixes de gener 2025\",\"datePublished\":\"2024-11-17T22:00:00+00:00\",\"dateModified\":\"2026-01-30T11:40:14+00:00\",\"mainEntityOfPage\":{\"@id\":\"https:\/\/artyplan.com\/ca\/blog\/serveis-dimpressio-essencials-per-a-les-rebaixes-de-gener-2025\/\"},\"wordCount\":1401,\"publisher\":{\"@id\":\"https:\/\/artyplan.com\/ca\/#organization\"},\"image\":{\"@id\":\"https:\/\/artyplan.com\/ca\/blog\/serveis-dimpressio-essencials-per-a-les-rebaixes-de-gener-2025\/#primaryimage\"},\"thumbnailUrl\":\"https:\/\/artyplan.com\/wp-content\/uploads\/2025\/09\/impresion-en-rebajas.png\",\"articleSection\":[\"Ecol\u00f2gic\",\"Ecol\u00f3gico\",\"Noticias\"],\"inLanguage\":\"ca\"},{\"@type\":\"WebPage\",\"@id\":\"https:\/\/artyplan.com\/ca\/blog\/serveis-dimpressio-essencials-per-a-les-rebaixes-de-gener-2025\/\",\"url\":\"https:\/\/artyplan.com\/ca\/blog\/serveis-dimpressio-essencials-per-a-les-rebaixes-de-gener-2025\/\",\"name\":\"Serveis d'impressi\u00f3 essencials per a les rebaixes de gener 2025\",\"isPartOf\":{\"@id\":\"https:\/\/artyplan.com\/ca\/#website\"},\"primaryImageOfPage\":{\"@id\":\"https:\/\/artyplan.com\/ca\/blog\/serveis-dimpressio-essencials-per-a-les-rebaixes-de-gener-2025\/#primaryimage\"},\"image\":{\"@id\":\"https:\/\/artyplan.com\/ca\/blog\/serveis-dimpressio-essencials-per-a-les-rebaixes-de-gener-2025\/#primaryimage\"},\"thumbnailUrl\":\"https:\/\/artyplan.com\/wp-content\/uploads\/2025\/09\/impresion-en-rebajas.png\",\"datePublished\":\"2024-11-17T22:00:00+00:00\",\"dateModified\":\"2026-01-30T11:40:14+00:00\",\"description\":\"Apr\u00e8n a potenciar les teves vendes durant les rebaixes amb tota mena de serveis d'impressi\u00f3, des de cartells fins a bosses personalitzades.\",\"breadcrumb\":{\"@id\":\"https:\/\/artyplan.com\/ca\/blog\/serveis-dimpressio-essencials-per-a-les-rebaixes-de-gener-2025\/#breadcrumb\"},\"inLanguage\":\"ca\",\"potentialAction\":[{\"@type\":\"ReadAction\",\"target\":[\"https:\/\/artyplan.com\/ca\/blog\/serveis-dimpressio-essencials-per-a-les-rebaixes-de-gener-2025\/\"]}]},{\"@type\":\"ImageObject\",\"inLanguage\":\"ca\",\"@id\":\"https:\/\/artyplan.com\/ca\/blog\/serveis-dimpressio-essencials-per-a-les-rebaixes-de-gener-2025\/#primaryimage\",\"url\":\"https:\/\/artyplan.com\/wp-content\/uploads\/2025\/09\/impresion-en-rebajas.png\",\"contentUrl\":\"https:\/\/artyplan.com\/wp-content\/uploads\/2025\/09\/impresion-en-rebajas.png\",\"width\":1920,\"height\":600,\"caption\":\"impresion en rebajas|etiquetas-rebajas|\"},{\"@type\":\"BreadcrumbList\",\"@id\":\"https:\/\/artyplan.com\/ca\/blog\/serveis-dimpressio-essencials-per-a-les-rebaixes-de-gener-2025\/#breadcrumb\",\"itemListElement\":[{\"@type\":\"ListItem\",\"position\":1,\"name\":\"Artyplan\",\"item\":\"https:\/\/artyplan.com\/ca\/\"},{\"@type\":\"ListItem\",\"position\":2,\"name\":\"Serveis d&#8217;impressi\u00f3 essencials per a les rebaixes de gener 2025\"}]},{\"@type\":\"WebSite\",\"@id\":\"https:\/\/artyplan.com\/ca\/#website\",\"url\":\"https:\/\/artyplan.com\/ca\/\",\"name\":\"Artyplan\",\"description\":\"\",\"publisher\":{\"@id\":\"https:\/\/artyplan.com\/ca\/#organization\"},\"potentialAction\":[{\"@type\":\"SearchAction\",\"target\":{\"@type\":\"EntryPoint\",\"urlTemplate\":\"https:\/\/artyplan.com\/ca\/?s={search_term_string}\"},\"query-input\":{\"@type\":\"PropertyValueSpecification\",\"valueRequired\":true,\"valueName\":\"search_term_string\"}}],\"inLanguage\":\"ca\"},{\"@type\":\"Organization\",\"@id\":\"https:\/\/artyplan.com\/ca\/#organization\",\"name\":\"Artyplan\",\"url\":\"https:\/\/artyplan.com\/ca\/\",\"logo\":{\"@type\":\"ImageObject\",\"inLanguage\":\"ca\",\"@id\":\"https:\/\/artyplan.com\/ca\/#\/schema\/logo\/image\/\",\"url\":\"https:\/\/artyplan.com\/wp-content\/uploads\/2025\/12\/Logo-artyplan-690x690-1.png\",\"contentUrl\":\"https:\/\/artyplan.com\/wp-content\/uploads\/2025\/12\/Logo-artyplan-690x690-1.png\",\"width\":690,\"height\":690,\"caption\":\"Artyplan\"},\"image\":{\"@id\":\"https:\/\/artyplan.com\/ca\/#\/schema\/logo\/image\/\"},\"sameAs\":[\"https:\/\/www.facebook.com\/artyplan\",\"https:\/\/www.instagram.com\/artyplan\/\",\"https:\/\/www.linkedin.com\/company\/artyplan\"],\"description\":\"Artyplan \u00e9s una empresa especialitzada en producci\u00f3 gr\u00e0fica i comunicaci\u00f3 visual amb 60 anys dexperi\u00e8ncia. Oferim solucions integrals d'impressi\u00f3 en gran format, PLV i retail, gesti\u00f3 d'esdeveniments i fires, disseny i fabricaci\u00f3 a mida, log\u00edstica i serveis d'instal\u00b7laci\u00f3 a tot el territori. Treballem per a marques, ag\u00e8ncies, espais comercials i institucions que necessiten un partner fiable per desenvolupar campanyes de m\u00e0rqueting, projectes de retail i accions de branding o m\u00e0rqueting. Combinem tecnologia avan\u00e7ada d\u00b4impressi\u00f3 digital, un equip expert i una gesti\u00f3 completa de projectes per garantir qualitat, agilitat i resultats a mida per a cada client. Disposem de plataformes B2B que faciliten als nostres clients la gesti\u00f3 de les comandes de materials impresos aix\u00ed com la log\u00edstica dels mateixos.\",\"email\":\"info@artyplan.com\",\"telephone\":\"+34 93 200 87 99\",\"legalName\":\"Artyplan S.L.\",\"vatID\":\"B61963229\",\"numberOfEmployees\":{\"@type\":\"QuantitativeValue\",\"minValue\":\"51\",\"maxValue\":\"200\"}},{\"@type\":\"Person\",\"@id\":\"https:\/\/artyplan.com\/ca\/#\/schema\/person\/0ef19accced432bc277b8d5248cd2cc0\",\"name\":\"Sergio Triguero\",\"image\":{\"@type\":\"ImageObject\",\"inLanguage\":\"ca\",\"@id\":\"https:\/\/artyplan.com\/ca\/#\/schema\/person\/image\/\",\"url\":\"https:\/\/secure.gravatar.com\/avatar\/c742a95811ffbc635a3d111ab446f278cce576575d14970fd5d56e17580c3f23?s=96&d=mm&r=g\",\"contentUrl\":\"https:\/\/secure.gravatar.com\/avatar\/c742a95811ffbc635a3d111ab446f278cce576575d14970fd5d56e17580c3f23?s=96&d=mm&r=g\",\"caption\":\"Sergio Triguero\"}}]}<\/script>\n<!-- \/ Yoast SEO Premium plugin. -->","yoast_head_json":{"title":"Serveis d'impressi\u00f3 essencials per a les rebaixes de gener 2025","description":"Apr\u00e8n a potenciar les teves vendes durant les rebaixes amb tota mena de serveis d'impressi\u00f3, des de cartells fins a bosses personalitzades.","robots":{"index":"index","follow":"follow","max-snippet":"max-snippet:-1","max-image-preview":"max-image-preview:large","max-video-preview":"max-video-preview:-1"},"canonical":"https:\/\/artyplan.com\/ca\/blog\/serveis-dimpressio-essencials-per-a-les-rebaixes-de-gener-2025\/","og_locale":"ca_ES","og_type":"article","og_title":"Serveis d'impressi\u00f3 essencials per a les rebaixes de gener 2025","og_description":"Apr\u00e8n a potenciar les teves vendes durant les rebaixes amb tota mena de serveis d'impressi\u00f3, des de cartells fins a bosses personalitzades.","og_url":"https:\/\/artyplan.com\/ca\/blog\/serveis-dimpressio-essencials-per-a-les-rebaixes-de-gener-2025\/","og_site_name":"Artyplan","article_publisher":"https:\/\/www.facebook.com\/artyplan","article_published_time":"2024-11-17T22:00:00+00:00","article_modified_time":"2026-01-30T11:40:14+00:00","og_image":[{"width":1920,"height":600,"url":"https:\/\/artyplan.com\/wp-content\/uploads\/2025\/09\/impresion-en-rebajas.png","type":"image\/png"}],"author":"Sergio Triguero","twitter_card":"summary_large_image","twitter_misc":{"Escrit per":"Sergio Triguero","Temps estimat de lectura":"7 minuts"},"schema":{"@context":"https:\/\/schema.org","@graph":[{"@type":"Article","@id":"https:\/\/artyplan.com\/ca\/blog\/serveis-dimpressio-essencials-per-a-les-rebaixes-de-gener-2025\/#article","isPartOf":{"@id":"https:\/\/artyplan.com\/ca\/blog\/serveis-dimpressio-essencials-per-a-les-rebaixes-de-gener-2025\/"},"author":{"name":"Sergio Triguero","@id":"https:\/\/artyplan.com\/ca\/#\/schema\/person\/0ef19accced432bc277b8d5248cd2cc0"},"headline":"Serveis d&#8217;impressi\u00f3 essencials per a les rebaixes de gener 2025","datePublished":"2024-11-17T22:00:00+00:00","dateModified":"2026-01-30T11:40:14+00:00","mainEntityOfPage":{"@id":"https:\/\/artyplan.com\/ca\/blog\/serveis-dimpressio-essencials-per-a-les-rebaixes-de-gener-2025\/"},"wordCount":1401,"publisher":{"@id":"https:\/\/artyplan.com\/ca\/#organization"},"image":{"@id":"https:\/\/artyplan.com\/ca\/blog\/serveis-dimpressio-essencials-per-a-les-rebaixes-de-gener-2025\/#primaryimage"},"thumbnailUrl":"https:\/\/artyplan.com\/wp-content\/uploads\/2025\/09\/impresion-en-rebajas.png","articleSection":["Ecol\u00f2gic","Ecol\u00f3gico","Noticias"],"inLanguage":"ca"},{"@type":"WebPage","@id":"https:\/\/artyplan.com\/ca\/blog\/serveis-dimpressio-essencials-per-a-les-rebaixes-de-gener-2025\/","url":"https:\/\/artyplan.com\/ca\/blog\/serveis-dimpressio-essencials-per-a-les-rebaixes-de-gener-2025\/","name":"Serveis d'impressi\u00f3 essencials per a les rebaixes de gener 2025","isPartOf":{"@id":"https:\/\/artyplan.com\/ca\/#website"},"primaryImageOfPage":{"@id":"https:\/\/artyplan.com\/ca\/blog\/serveis-dimpressio-essencials-per-a-les-rebaixes-de-gener-2025\/#primaryimage"},"image":{"@id":"https:\/\/artyplan.com\/ca\/blog\/serveis-dimpressio-essencials-per-a-les-rebaixes-de-gener-2025\/#primaryimage"},"thumbnailUrl":"https:\/\/artyplan.com\/wp-content\/uploads\/2025\/09\/impresion-en-rebajas.png","datePublished":"2024-11-17T22:00:00+00:00","dateModified":"2026-01-30T11:40:14+00:00","description":"Apr\u00e8n a potenciar les teves vendes durant les rebaixes amb tota mena de serveis d'impressi\u00f3, des de cartells fins a bosses personalitzades.","breadcrumb":{"@id":"https:\/\/artyplan.com\/ca\/blog\/serveis-dimpressio-essencials-per-a-les-rebaixes-de-gener-2025\/#breadcrumb"},"inLanguage":"ca","potentialAction":[{"@type":"ReadAction","target":["https:\/\/artyplan.com\/ca\/blog\/serveis-dimpressio-essencials-per-a-les-rebaixes-de-gener-2025\/"]}]},{"@type":"ImageObject","inLanguage":"ca","@id":"https:\/\/artyplan.com\/ca\/blog\/serveis-dimpressio-essencials-per-a-les-rebaixes-de-gener-2025\/#primaryimage","url":"https:\/\/artyplan.com\/wp-content\/uploads\/2025\/09\/impresion-en-rebajas.png","contentUrl":"https:\/\/artyplan.com\/wp-content\/uploads\/2025\/09\/impresion-en-rebajas.png","width":1920,"height":600,"caption":"impresion en rebajas|etiquetas-rebajas|"},{"@type":"BreadcrumbList","@id":"https:\/\/artyplan.com\/ca\/blog\/serveis-dimpressio-essencials-per-a-les-rebaixes-de-gener-2025\/#breadcrumb","itemListElement":[{"@type":"ListItem","position":1,"name":"Artyplan","item":"https:\/\/artyplan.com\/ca\/"},{"@type":"ListItem","position":2,"name":"Serveis d&#8217;impressi\u00f3 essencials per a les rebaixes de gener 2025"}]},{"@type":"WebSite","@id":"https:\/\/artyplan.com\/ca\/#website","url":"https:\/\/artyplan.com\/ca\/","name":"Artyplan","description":"","publisher":{"@id":"https:\/\/artyplan.com\/ca\/#organization"},"potentialAction":[{"@type":"SearchAction","target":{"@type":"EntryPoint","urlTemplate":"https:\/\/artyplan.com\/ca\/?s={search_term_string}"},"query-input":{"@type":"PropertyValueSpecification","valueRequired":true,"valueName":"search_term_string"}}],"inLanguage":"ca"},{"@type":"Organization","@id":"https:\/\/artyplan.com\/ca\/#organization","name":"Artyplan","url":"https:\/\/artyplan.com\/ca\/","logo":{"@type":"ImageObject","inLanguage":"ca","@id":"https:\/\/artyplan.com\/ca\/#\/schema\/logo\/image\/","url":"https:\/\/artyplan.com\/wp-content\/uploads\/2025\/12\/Logo-artyplan-690x690-1.png","contentUrl":"https:\/\/artyplan.com\/wp-content\/uploads\/2025\/12\/Logo-artyplan-690x690-1.png","width":690,"height":690,"caption":"Artyplan"},"image":{"@id":"https:\/\/artyplan.com\/ca\/#\/schema\/logo\/image\/"},"sameAs":["https:\/\/www.facebook.com\/artyplan","https:\/\/www.instagram.com\/artyplan\/","https:\/\/www.linkedin.com\/company\/artyplan"],"description":"Artyplan \u00e9s una empresa especialitzada en producci\u00f3 gr\u00e0fica i comunicaci\u00f3 visual amb 60 anys dexperi\u00e8ncia. Oferim solucions integrals d'impressi\u00f3 en gran format, PLV i retail, gesti\u00f3 d'esdeveniments i fires, disseny i fabricaci\u00f3 a mida, log\u00edstica i serveis d'instal\u00b7laci\u00f3 a tot el territori. Treballem per a marques, ag\u00e8ncies, espais comercials i institucions que necessiten un partner fiable per desenvolupar campanyes de m\u00e0rqueting, projectes de retail i accions de branding o m\u00e0rqueting. Combinem tecnologia avan\u00e7ada d\u00b4impressi\u00f3 digital, un equip expert i una gesti\u00f3 completa de projectes per garantir qualitat, agilitat i resultats a mida per a cada client. Disposem de plataformes B2B que faciliten als nostres clients la gesti\u00f3 de les comandes de materials impresos aix\u00ed com la log\u00edstica dels mateixos.","email":"info@artyplan.com","telephone":"+34 93 200 87 99","legalName":"Artyplan S.L.","vatID":"B61963229","numberOfEmployees":{"@type":"QuantitativeValue","minValue":"51","maxValue":"200"}},{"@type":"Person","@id":"https:\/\/artyplan.com\/ca\/#\/schema\/person\/0ef19accced432bc277b8d5248cd2cc0","name":"Sergio Triguero","image":{"@type":"ImageObject","inLanguage":"ca","@id":"https:\/\/artyplan.com\/ca\/#\/schema\/person\/image\/","url":"https:\/\/secure.gravatar.com\/avatar\/c742a95811ffbc635a3d111ab446f278cce576575d14970fd5d56e17580c3f23?s=96&d=mm&r=g","contentUrl":"https:\/\/secure.gravatar.com\/avatar\/c742a95811ffbc635a3d111ab446f278cce576575d14970fd5d56e17580c3f23?s=96&d=mm&r=g","caption":"Sergio Triguero"}}]}},"_links":{"self":[{"href":"https:\/\/artyplan.com\/ca\/wp-json\/wp\/v2\/posts\/6041","targetHints":{"allow":["GET"]}}],"collection":[{"href":"https:\/\/artyplan.com\/ca\/wp-json\/wp\/v2\/posts"}],"about":[{"href":"https:\/\/artyplan.com\/ca\/wp-json\/wp\/v2\/types\/post"}],"author":[{"embeddable":true,"href":"https:\/\/artyplan.com\/ca\/wp-json\/wp\/v2\/users\/3"}],"replies":[{"embeddable":true,"href":"https:\/\/artyplan.com\/ca\/wp-json\/wp\/v2\/comments?post=6041"}],"version-history":[{"count":7,"href":"https:\/\/artyplan.com\/ca\/wp-json\/wp\/v2\/posts\/6041\/revisions"}],"predecessor-version":[{"id":8038,"href":"https:\/\/artyplan.com\/ca\/wp-json\/wp\/v2\/posts\/6041\/revisions\/8038"}],"wp:featuredmedia":[{"embeddable":true,"href":"https:\/\/artyplan.com\/ca\/wp-json\/wp\/v2\/media\/7524"}],"wp:attachment":[{"href":"https:\/\/artyplan.com\/ca\/wp-json\/wp\/v2\/media?parent=6041"}],"wp:term":[{"taxonomy":"category","embeddable":true,"href":"https:\/\/artyplan.com\/ca\/wp-json\/wp\/v2\/categories?post=6041"},{"taxonomy":"post_tag","embeddable":true,"href":"https:\/\/artyplan.com\/ca\/wp-json\/wp\/v2\/tags?post=6041"}],"curies":[{"name":"wp","href":"https:\/\/api.w.org\/{rel}","templated":true}]}}