{"id":6047,"date":"2024-11-29T00:00:00","date_gmt":"2024-11-28T22:00:00","guid":{"rendered":"https:\/\/preweb.artyplan.com\/sin-categorizar\/la-magia-de-nadal-amb-ametller-origen-una-nit-solidaria-per-lhospital-sant-joan-de-deu\/"},"modified":"2025-12-16T14:19:53","modified_gmt":"2025-12-16T12:19:53","slug":"la-magia-de-nadal-amb-ametller-origen-una-nit-solidaria-per-lhospital-sant-joan-de-deu","status":"publish","type":"post","link":"https:\/\/artyplan.com\/ca\/blog\/la-magia-de-nadal-amb-ametller-origen-una-nit-solidaria-per-lhospital-sant-joan-de-deu\/","title":{"rendered":"La m\u00e0gia de Nadal amb Ametller Origen: Una nit solid\u00e0ria per l\u2019Hospital Sant Joan de D\u00e9u"},"content":{"rendered":"<p>El passat dijous 21 de novembre, el Sant Jordi Club de Barcelona va ser escenari del III Sopar Solidari de Nadal, un esdeveniment organitzat per Ametller Origen que va reunir m\u00e9s de 1.000 persones per una causa molt especial: donar suport al projecte La Casa de Sofia de l\u2019<a href=\"https:\/\/www.sjdhospitalbarcelona.org\/ca\" target=\"_blank\" rel=\"noopener\">Hospital Sant Joan de D\u00e9u Barcelona<\/a>.<\/p>\n<h2>Una vetllada inoblidable<img fetchpriority=\"high\" decoding=\"async\" class=\"size-medium wp-image-13598 alignright\" src=\"https:\/\/preweb.artyplan.com\/wp-content\/uploads\/2025\/09\/casa_ametlller-1-2-300x175.png\" alt=\"cena solidaria casa ametller\" width=\"300\" height=\"175\" \/><\/h2>\n<p>La nit va estar plena d\u2019emocions, solidaritat i esperan\u00e7a. Els beneficis recaptats es destinaran \u00edntegrament a <a href=\"https:\/\/www.sjdhospitalbarcelona.org\/ca\/noticies\/casa-sofia-primer-centre-datencio-malalties-minoritaries-cronicitat-complexa-infants\" target=\"_blank\" rel=\"noopener\"><strong>La Casa de Sofia<\/strong><\/a>, un centre pioner que ofereix atenci\u00f3 especialitzada a pacients infantils amb malalties avan\u00e7ades o cr\u00f2niques complexes.<\/p>\n<p>Aquest projecte transforma vides, permetent que molts infants i les seves fam\u00edlies tinguin una millor qualitat de vida, evitant hospitalitzacions innecess\u00e0ries i facilitant el retorn a casa en condicions segures.<\/p>\n<h2><strong>Artyplan, present a la nit solid\u00e0ria<\/strong><\/h2>\n<p>A <strong>Artyplan<\/strong>, estem molt orgullosos d\u2019haver estat <strong>sponsors d\u2019aquest esdeveniment tan significatiu<\/strong>. Per a nosaltres, formar part d\u2019aquesta nit m\u00e0gica reafirma el nostre comprom\u00eds amb projectes solidaris que impacten positivament a la societat i contribueixen a un futur millor per a les noves generacions.<\/p>\n<h2><strong>Moments plens de m\u00e0gia<\/strong><\/h2>\n<p>L\u2019esdeveniment va comptar amb la participaci\u00f3 de figures molt destacades que van fer de la vetllada una experi\u00e8ncia \u00fanica:<\/p>\n<ul>\n<li><strong>Quim Masferrer<\/strong>, amb les seves hist\u00f2ries plenes de calidesa i humor.<\/li>\n<li><strong>C\u00e8lia Espanya<\/strong>, que va capturar els millors moments per compartir-los a les xarxes socials.<\/li>\n<li><strong>Valeria Tapia i Maria Subir\u00e0<\/strong>, que va posar la banda sonora perfecta amb la seva veu emocionant.<\/li>\n<\/ul>\n<h2><strong>L\u2019excel\u00b7l\u00e8ncia de la gastronomia<\/strong><\/h2>\n<p>Un dels punts culminants de la nit va ser el men\u00fa, elaborat per un equip d\u2019excel\u00b7l\u00e8ncia format pels millors xefs del pa\u00eds:<\/p>\n<ul>\n<li><strong>Nandu Jubany<\/strong><\/li>\n<li><strong>Jordi Cruz<\/strong><\/li>\n<li><strong>Hideki Matsuhisa<\/strong><\/li>\n<li><strong>Lluc Crusellas<\/strong><\/li>\n<li><strong>Oriol Balaguer<\/strong><\/li>\n<\/ul>\n<p>Cada plat va ser una mostra d\u2019art culinari, elevant l\u2019experi\u00e8ncia a un nivell excepcional.<\/p>\n<p>Aquesta nit m\u00e0gica va demostrar que, junts, podem marcar una difer\u00e8ncia significativa. Gr\u00e0cies a la col\u00b7laboraci\u00f3 de tots els assistents, els esfor\u00e7os d\u2019<a href=\"https:\/\/www.ametllerorigen.com\/ca\/\" target=\"_blank\" rel=\"noopener\">Ametller Origen<\/a> i la participaci\u00f3 de partners, es va aconseguir un gran avan\u00e7 per donar suport als infants i fam\u00edlies que m\u00e9s ho necessiten.<\/p>\n<p>Des d\u2019Artyplan, volem donar les gr\u00e0cies a Ametller Origen per permetre\u2019ns formar part d\u2019aquesta causa tan inspiradora i a tots els assistents per sumar-se a aquest esfor\u00e7 solidari.<\/p>\n<p><strong>Junts fem que l\u2019esperit del Nadal llueixi m\u00e9s que mai!<br \/>\n<\/strong><\/p>\n","protected":false},"excerpt":{"rendered":"<p>El passat dijous 21 de novembre, el Sant Jordi Club de Barcelona va ser escenari del III Sopar Solidari de Nadal, un esdeveniment organitzat per Ametller Origen que va reunir m\u00e9s de 1.000 persones per una causa molt especial: donar suport al projecte La Casa de Sofia de l\u2019Hospital Sant Joan de D\u00e9u Barcelona. Una [&hellip;]<\/p>\n","protected":false},"author":3,"featured_media":7529,"comment_status":"closed","ping_status":"closed","sticky":false,"template":"","format":"standard","meta":{"footnotes":""},"categories":[35,54],"tags":[],"class_list":["post-6047","post","type-post","status-publish","format-standard","has-post-thumbnail","hentry","category-noticias","category-noticies-ca"],"yoast_head":"<!-- This site is optimized with the Yoast SEO Premium plugin v26.5 (Yoast SEO v26.5) - https:\/\/yoast.com\/wordpress\/plugins\/seo\/ -->\n<title>La m\u00e0gia de Nadal amb Ametller Origen | Artyplan<\/title>\n<meta name=\"description\" content=\"Descubre el III Sopar solidari ametller origen y \u00fanete a esta noble causa para ayudar a quienes m\u00e1s lo necesitan.\" \/>\n<meta name=\"robots\" content=\"index, follow, max-snippet:-1, max-image-preview:large, max-video-preview:-1\" \/>\n<link rel=\"canonical\" href=\"https:\/\/artyplan.com\/ca\/blog\/la-magia-de-nadal-amb-ametller-origen-una-nit-solidaria-per-lhospital-sant-joan-de-deu\/\" \/>\n<meta property=\"og:locale\" content=\"ca_ES\" \/>\n<meta property=\"og:type\" content=\"article\" \/>\n<meta property=\"og:title\" content=\"La m\u00e0gia de Nadal amb Ametller Origen: Una nit solid\u00e0ria per l\u2019Hospital Sant Joan de D\u00e9u\" \/>\n<meta property=\"og:description\" content=\"Descubre el III Sopar solidari ametller origen y \u00fanete a esta noble causa para ayudar a quienes m\u00e1s lo necesitan.\" \/>\n<meta property=\"og:url\" content=\"https:\/\/artyplan.com\/ca\/blog\/la-magia-de-nadal-amb-ametller-origen-una-nit-solidaria-per-lhospital-sant-joan-de-deu\/\" \/>\n<meta property=\"og:site_name\" content=\"Artyplan\" \/>\n<meta property=\"article:publisher\" content=\"https:\/\/www.facebook.com\/artyplan\" \/>\n<meta property=\"article:published_time\" content=\"2024-11-28T22:00:00+00:00\" \/>\n<meta property=\"article:modified_time\" content=\"2025-12-16T12:19:53+00:00\" \/>\n<meta property=\"og:image\" content=\"https:\/\/artyplan.com\/wp-content\/uploads\/2025\/09\/tamany-blog-la-casa-de-sofia.png\" \/>\n\t<meta property=\"og:image:width\" content=\"1920\" \/>\n\t<meta property=\"og:image:height\" content=\"600\" \/>\n\t<meta property=\"og:image:type\" content=\"image\/png\" \/>\n<meta name=\"author\" content=\"Sergio Triguero\" \/>\n<meta name=\"twitter:card\" content=\"summary_large_image\" \/>\n<meta name=\"twitter:label1\" content=\"Escrit per\" \/>\n\t<meta name=\"twitter:data1\" content=\"Sergio Triguero\" \/>\n\t<meta name=\"twitter:label2\" content=\"Temps estimat de lectura\" \/>\n\t<meta name=\"twitter:data2\" content=\"3 minuts\" \/>\n<script type=\"application\/ld+json\" class=\"yoast-schema-graph\">{\"@context\":\"https:\/\/schema.org\",\"@graph\":[{\"@type\":\"Article\",\"@id\":\"https:\/\/artyplan.com\/ca\/blog\/la-magia-de-nadal-amb-ametller-origen-una-nit-solidaria-per-lhospital-sant-joan-de-deu\/#article\",\"isPartOf\":{\"@id\":\"https:\/\/artyplan.com\/ca\/blog\/la-magia-de-nadal-amb-ametller-origen-una-nit-solidaria-per-lhospital-sant-joan-de-deu\/\"},\"author\":{\"name\":\"Sergio Triguero\",\"@id\":\"https:\/\/artyplan.com\/ca\/#\/schema\/person\/0ef19accced432bc277b8d5248cd2cc0\"},\"headline\":\"La m\u00e0gia de Nadal amb Ametller Origen: Una nit solid\u00e0ria per l\u2019Hospital Sant Joan de D\u00e9u\",\"datePublished\":\"2024-11-28T22:00:00+00:00\",\"dateModified\":\"2025-12-16T12:19:53+00:00\",\"mainEntityOfPage\":{\"@id\":\"https:\/\/artyplan.com\/ca\/blog\/la-magia-de-nadal-amb-ametller-origen-una-nit-solidaria-per-lhospital-sant-joan-de-deu\/\"},\"wordCount\":434,\"publisher\":{\"@id\":\"https:\/\/artyplan.com\/ca\/#organization\"},\"image\":{\"@id\":\"https:\/\/artyplan.com\/ca\/blog\/la-magia-de-nadal-amb-ametller-origen-una-nit-solidaria-per-lhospital-sant-joan-de-deu\/#primaryimage\"},\"thumbnailUrl\":\"https:\/\/artyplan.com\/wp-content\/uploads\/2025\/09\/tamany-blog-la-casa-de-sofia.png\",\"articleSection\":[\"Noticias\",\"Noticies\"],\"inLanguage\":\"ca\"},{\"@type\":\"WebPage\",\"@id\":\"https:\/\/artyplan.com\/ca\/blog\/la-magia-de-nadal-amb-ametller-origen-una-nit-solidaria-per-lhospital-sant-joan-de-deu\/\",\"url\":\"https:\/\/artyplan.com\/ca\/blog\/la-magia-de-nadal-amb-ametller-origen-una-nit-solidaria-per-lhospital-sant-joan-de-deu\/\",\"name\":\"La m\u00e0gia de Nadal amb Ametller Origen | Artyplan\",\"isPartOf\":{\"@id\":\"https:\/\/artyplan.com\/ca\/#website\"},\"primaryImageOfPage\":{\"@id\":\"https:\/\/artyplan.com\/ca\/blog\/la-magia-de-nadal-amb-ametller-origen-una-nit-solidaria-per-lhospital-sant-joan-de-deu\/#primaryimage\"},\"image\":{\"@id\":\"https:\/\/artyplan.com\/ca\/blog\/la-magia-de-nadal-amb-ametller-origen-una-nit-solidaria-per-lhospital-sant-joan-de-deu\/#primaryimage\"},\"thumbnailUrl\":\"https:\/\/artyplan.com\/wp-content\/uploads\/2025\/09\/tamany-blog-la-casa-de-sofia.png\",\"datePublished\":\"2024-11-28T22:00:00+00:00\",\"dateModified\":\"2025-12-16T12:19:53+00:00\",\"description\":\"Descubre el III Sopar solidari ametller origen y \u00fanete a esta noble causa para ayudar a quienes m\u00e1s lo necesitan.\",\"breadcrumb\":{\"@id\":\"https:\/\/artyplan.com\/ca\/blog\/la-magia-de-nadal-amb-ametller-origen-una-nit-solidaria-per-lhospital-sant-joan-de-deu\/#breadcrumb\"},\"inLanguage\":\"ca\",\"potentialAction\":[{\"@type\":\"ReadAction\",\"target\":[\"https:\/\/artyplan.com\/ca\/blog\/la-magia-de-nadal-amb-ametller-origen-una-nit-solidaria-per-lhospital-sant-joan-de-deu\/\"]}]},{\"@type\":\"ImageObject\",\"inLanguage\":\"ca\",\"@id\":\"https:\/\/artyplan.com\/ca\/blog\/la-magia-de-nadal-amb-ametller-origen-una-nit-solidaria-per-lhospital-sant-joan-de-deu\/#primaryimage\",\"url\":\"https:\/\/artyplan.com\/wp-content\/uploads\/2025\/09\/tamany-blog-la-casa-de-sofia.png\",\"contentUrl\":\"https:\/\/artyplan.com\/wp-content\/uploads\/2025\/09\/tamany-blog-la-casa-de-sofia.png\",\"width\":1920,\"height\":600,\"caption\":\"la casa de sofia|cena solidaria casa ametller\"},{\"@type\":\"BreadcrumbList\",\"@id\":\"https:\/\/artyplan.com\/ca\/blog\/la-magia-de-nadal-amb-ametller-origen-una-nit-solidaria-per-lhospital-sant-joan-de-deu\/#breadcrumb\",\"itemListElement\":[{\"@type\":\"ListItem\",\"position\":1,\"name\":\"Artyplan\",\"item\":\"https:\/\/artyplan.com\/ca\/\"},{\"@type\":\"ListItem\",\"position\":2,\"name\":\"La m\u00e0gia de Nadal amb Ametller Origen: Una nit solid\u00e0ria per l\u2019Hospital Sant Joan de D\u00e9u\"}]},{\"@type\":\"WebSite\",\"@id\":\"https:\/\/artyplan.com\/ca\/#website\",\"url\":\"https:\/\/artyplan.com\/ca\/\",\"name\":\"Artyplan\",\"description\":\"\",\"publisher\":{\"@id\":\"https:\/\/artyplan.com\/ca\/#organization\"},\"potentialAction\":[{\"@type\":\"SearchAction\",\"target\":{\"@type\":\"EntryPoint\",\"urlTemplate\":\"https:\/\/artyplan.com\/ca\/?s={search_term_string}\"},\"query-input\":{\"@type\":\"PropertyValueSpecification\",\"valueRequired\":true,\"valueName\":\"search_term_string\"}}],\"inLanguage\":\"ca\"},{\"@type\":\"Organization\",\"@id\":\"https:\/\/artyplan.com\/ca\/#organization\",\"name\":\"Artyplan\",\"url\":\"https:\/\/artyplan.com\/ca\/\",\"logo\":{\"@type\":\"ImageObject\",\"inLanguage\":\"ca\",\"@id\":\"https:\/\/artyplan.com\/ca\/#\/schema\/logo\/image\/\",\"url\":\"https:\/\/artyplan.com\/wp-content\/uploads\/2025\/12\/Logo-artyplan-690x690-1.png\",\"contentUrl\":\"https:\/\/artyplan.com\/wp-content\/uploads\/2025\/12\/Logo-artyplan-690x690-1.png\",\"width\":690,\"height\":690,\"caption\":\"Artyplan\"},\"image\":{\"@id\":\"https:\/\/artyplan.com\/ca\/#\/schema\/logo\/image\/\"},\"sameAs\":[\"https:\/\/www.facebook.com\/artyplan\",\"https:\/\/www.instagram.com\/artyplan\/\",\"https:\/\/www.linkedin.com\/company\/artyplan\"],\"description\":\"Artyplan \u00e9s una empresa especialitzada en producci\u00f3 gr\u00e0fica i comunicaci\u00f3 visual amb 60 anys dexperi\u00e8ncia. Oferim solucions integrals d'impressi\u00f3 en gran format, PLV i retail, gesti\u00f3 d'esdeveniments i fires, disseny i fabricaci\u00f3 a mida, log\u00edstica i serveis d'instal\u00b7laci\u00f3 a tot el territori. Treballem per a marques, ag\u00e8ncies, espais comercials i institucions que necessiten un partner fiable per desenvolupar campanyes de m\u00e0rqueting, projectes de retail i accions de branding o m\u00e0rqueting. Combinem tecnologia avan\u00e7ada d\u00b4impressi\u00f3 digital, un equip expert i una gesti\u00f3 completa de projectes per garantir qualitat, agilitat i resultats a mida per a cada client. Disposem de plataformes B2B que faciliten als nostres clients la gesti\u00f3 de les comandes de materials impresos aix\u00ed com la log\u00edstica dels mateixos.\",\"email\":\"info@artyplan.com\",\"telephone\":\"+34 93 200 87 99\",\"legalName\":\"Artyplan S.L.\",\"vatID\":\"B61963229\",\"numberOfEmployees\":{\"@type\":\"QuantitativeValue\",\"minValue\":\"51\",\"maxValue\":\"200\"}},{\"@type\":\"Person\",\"@id\":\"https:\/\/artyplan.com\/ca\/#\/schema\/person\/0ef19accced432bc277b8d5248cd2cc0\",\"name\":\"Sergio Triguero\",\"image\":{\"@type\":\"ImageObject\",\"inLanguage\":\"ca\",\"@id\":\"https:\/\/artyplan.com\/ca\/#\/schema\/person\/image\/\",\"url\":\"https:\/\/secure.gravatar.com\/avatar\/c742a95811ffbc635a3d111ab446f278cce576575d14970fd5d56e17580c3f23?s=96&d=mm&r=g\",\"contentUrl\":\"https:\/\/secure.gravatar.com\/avatar\/c742a95811ffbc635a3d111ab446f278cce576575d14970fd5d56e17580c3f23?s=96&d=mm&r=g\",\"caption\":\"Sergio Triguero\"}}]}<\/script>\n<!-- \/ Yoast SEO Premium plugin. -->","yoast_head_json":{"title":"La m\u00e0gia de Nadal amb Ametller Origen | Artyplan","description":"Descubre el III Sopar solidari ametller origen y \u00fanete a esta noble causa para ayudar a quienes m\u00e1s lo necesitan.","robots":{"index":"index","follow":"follow","max-snippet":"max-snippet:-1","max-image-preview":"max-image-preview:large","max-video-preview":"max-video-preview:-1"},"canonical":"https:\/\/artyplan.com\/ca\/blog\/la-magia-de-nadal-amb-ametller-origen-una-nit-solidaria-per-lhospital-sant-joan-de-deu\/","og_locale":"ca_ES","og_type":"article","og_title":"La m\u00e0gia de Nadal amb Ametller Origen: Una nit solid\u00e0ria per l\u2019Hospital Sant Joan de D\u00e9u","og_description":"Descubre el III Sopar solidari ametller origen y \u00fanete a esta noble causa para ayudar a quienes m\u00e1s lo necesitan.","og_url":"https:\/\/artyplan.com\/ca\/blog\/la-magia-de-nadal-amb-ametller-origen-una-nit-solidaria-per-lhospital-sant-joan-de-deu\/","og_site_name":"Artyplan","article_publisher":"https:\/\/www.facebook.com\/artyplan","article_published_time":"2024-11-28T22:00:00+00:00","article_modified_time":"2025-12-16T12:19:53+00:00","og_image":[{"width":1920,"height":600,"url":"https:\/\/artyplan.com\/wp-content\/uploads\/2025\/09\/tamany-blog-la-casa-de-sofia.png","type":"image\/png"}],"author":"Sergio Triguero","twitter_card":"summary_large_image","twitter_misc":{"Escrit per":"Sergio Triguero","Temps estimat de lectura":"3 minuts"},"schema":{"@context":"https:\/\/schema.org","@graph":[{"@type":"Article","@id":"https:\/\/artyplan.com\/ca\/blog\/la-magia-de-nadal-amb-ametller-origen-una-nit-solidaria-per-lhospital-sant-joan-de-deu\/#article","isPartOf":{"@id":"https:\/\/artyplan.com\/ca\/blog\/la-magia-de-nadal-amb-ametller-origen-una-nit-solidaria-per-lhospital-sant-joan-de-deu\/"},"author":{"name":"Sergio Triguero","@id":"https:\/\/artyplan.com\/ca\/#\/schema\/person\/0ef19accced432bc277b8d5248cd2cc0"},"headline":"La m\u00e0gia de Nadal amb Ametller Origen: Una nit solid\u00e0ria per l\u2019Hospital Sant Joan de D\u00e9u","datePublished":"2024-11-28T22:00:00+00:00","dateModified":"2025-12-16T12:19:53+00:00","mainEntityOfPage":{"@id":"https:\/\/artyplan.com\/ca\/blog\/la-magia-de-nadal-amb-ametller-origen-una-nit-solidaria-per-lhospital-sant-joan-de-deu\/"},"wordCount":434,"publisher":{"@id":"https:\/\/artyplan.com\/ca\/#organization"},"image":{"@id":"https:\/\/artyplan.com\/ca\/blog\/la-magia-de-nadal-amb-ametller-origen-una-nit-solidaria-per-lhospital-sant-joan-de-deu\/#primaryimage"},"thumbnailUrl":"https:\/\/artyplan.com\/wp-content\/uploads\/2025\/09\/tamany-blog-la-casa-de-sofia.png","articleSection":["Noticias","Noticies"],"inLanguage":"ca"},{"@type":"WebPage","@id":"https:\/\/artyplan.com\/ca\/blog\/la-magia-de-nadal-amb-ametller-origen-una-nit-solidaria-per-lhospital-sant-joan-de-deu\/","url":"https:\/\/artyplan.com\/ca\/blog\/la-magia-de-nadal-amb-ametller-origen-una-nit-solidaria-per-lhospital-sant-joan-de-deu\/","name":"La m\u00e0gia de Nadal amb Ametller Origen | Artyplan","isPartOf":{"@id":"https:\/\/artyplan.com\/ca\/#website"},"primaryImageOfPage":{"@id":"https:\/\/artyplan.com\/ca\/blog\/la-magia-de-nadal-amb-ametller-origen-una-nit-solidaria-per-lhospital-sant-joan-de-deu\/#primaryimage"},"image":{"@id":"https:\/\/artyplan.com\/ca\/blog\/la-magia-de-nadal-amb-ametller-origen-una-nit-solidaria-per-lhospital-sant-joan-de-deu\/#primaryimage"},"thumbnailUrl":"https:\/\/artyplan.com\/wp-content\/uploads\/2025\/09\/tamany-blog-la-casa-de-sofia.png","datePublished":"2024-11-28T22:00:00+00:00","dateModified":"2025-12-16T12:19:53+00:00","description":"Descubre el III Sopar solidari ametller origen y \u00fanete a esta noble causa para ayudar a quienes m\u00e1s lo necesitan.","breadcrumb":{"@id":"https:\/\/artyplan.com\/ca\/blog\/la-magia-de-nadal-amb-ametller-origen-una-nit-solidaria-per-lhospital-sant-joan-de-deu\/#breadcrumb"},"inLanguage":"ca","potentialAction":[{"@type":"ReadAction","target":["https:\/\/artyplan.com\/ca\/blog\/la-magia-de-nadal-amb-ametller-origen-una-nit-solidaria-per-lhospital-sant-joan-de-deu\/"]}]},{"@type":"ImageObject","inLanguage":"ca","@id":"https:\/\/artyplan.com\/ca\/blog\/la-magia-de-nadal-amb-ametller-origen-una-nit-solidaria-per-lhospital-sant-joan-de-deu\/#primaryimage","url":"https:\/\/artyplan.com\/wp-content\/uploads\/2025\/09\/tamany-blog-la-casa-de-sofia.png","contentUrl":"https:\/\/artyplan.com\/wp-content\/uploads\/2025\/09\/tamany-blog-la-casa-de-sofia.png","width":1920,"height":600,"caption":"la casa de sofia|cena solidaria casa ametller"},{"@type":"BreadcrumbList","@id":"https:\/\/artyplan.com\/ca\/blog\/la-magia-de-nadal-amb-ametller-origen-una-nit-solidaria-per-lhospital-sant-joan-de-deu\/#breadcrumb","itemListElement":[{"@type":"ListItem","position":1,"name":"Artyplan","item":"https:\/\/artyplan.com\/ca\/"},{"@type":"ListItem","position":2,"name":"La m\u00e0gia de Nadal amb Ametller Origen: Una nit solid\u00e0ria per l\u2019Hospital Sant Joan de D\u00e9u"}]},{"@type":"WebSite","@id":"https:\/\/artyplan.com\/ca\/#website","url":"https:\/\/artyplan.com\/ca\/","name":"Artyplan","description":"","publisher":{"@id":"https:\/\/artyplan.com\/ca\/#organization"},"potentialAction":[{"@type":"SearchAction","target":{"@type":"EntryPoint","urlTemplate":"https:\/\/artyplan.com\/ca\/?s={search_term_string}"},"query-input":{"@type":"PropertyValueSpecification","valueRequired":true,"valueName":"search_term_string"}}],"inLanguage":"ca"},{"@type":"Organization","@id":"https:\/\/artyplan.com\/ca\/#organization","name":"Artyplan","url":"https:\/\/artyplan.com\/ca\/","logo":{"@type":"ImageObject","inLanguage":"ca","@id":"https:\/\/artyplan.com\/ca\/#\/schema\/logo\/image\/","url":"https:\/\/artyplan.com\/wp-content\/uploads\/2025\/12\/Logo-artyplan-690x690-1.png","contentUrl":"https:\/\/artyplan.com\/wp-content\/uploads\/2025\/12\/Logo-artyplan-690x690-1.png","width":690,"height":690,"caption":"Artyplan"},"image":{"@id":"https:\/\/artyplan.com\/ca\/#\/schema\/logo\/image\/"},"sameAs":["https:\/\/www.facebook.com\/artyplan","https:\/\/www.instagram.com\/artyplan\/","https:\/\/www.linkedin.com\/company\/artyplan"],"description":"Artyplan \u00e9s una empresa especialitzada en producci\u00f3 gr\u00e0fica i comunicaci\u00f3 visual amb 60 anys dexperi\u00e8ncia. Oferim solucions integrals d'impressi\u00f3 en gran format, PLV i retail, gesti\u00f3 d'esdeveniments i fires, disseny i fabricaci\u00f3 a mida, log\u00edstica i serveis d'instal\u00b7laci\u00f3 a tot el territori. Treballem per a marques, ag\u00e8ncies, espais comercials i institucions que necessiten un partner fiable per desenvolupar campanyes de m\u00e0rqueting, projectes de retail i accions de branding o m\u00e0rqueting. Combinem tecnologia avan\u00e7ada d\u00b4impressi\u00f3 digital, un equip expert i una gesti\u00f3 completa de projectes per garantir qualitat, agilitat i resultats a mida per a cada client. Disposem de plataformes B2B que faciliten als nostres clients la gesti\u00f3 de les comandes de materials impresos aix\u00ed com la log\u00edstica dels mateixos.","email":"info@artyplan.com","telephone":"+34 93 200 87 99","legalName":"Artyplan S.L.","vatID":"B61963229","numberOfEmployees":{"@type":"QuantitativeValue","minValue":"51","maxValue":"200"}},{"@type":"Person","@id":"https:\/\/artyplan.com\/ca\/#\/schema\/person\/0ef19accced432bc277b8d5248cd2cc0","name":"Sergio Triguero","image":{"@type":"ImageObject","inLanguage":"ca","@id":"https:\/\/artyplan.com\/ca\/#\/schema\/person\/image\/","url":"https:\/\/secure.gravatar.com\/avatar\/c742a95811ffbc635a3d111ab446f278cce576575d14970fd5d56e17580c3f23?s=96&d=mm&r=g","contentUrl":"https:\/\/secure.gravatar.com\/avatar\/c742a95811ffbc635a3d111ab446f278cce576575d14970fd5d56e17580c3f23?s=96&d=mm&r=g","caption":"Sergio Triguero"}}]}},"_links":{"self":[{"href":"https:\/\/artyplan.com\/ca\/wp-json\/wp\/v2\/posts\/6047","targetHints":{"allow":["GET"]}}],"collection":[{"href":"https:\/\/artyplan.com\/ca\/wp-json\/wp\/v2\/posts"}],"about":[{"href":"https:\/\/artyplan.com\/ca\/wp-json\/wp\/v2\/types\/post"}],"author":[{"embeddable":true,"href":"https:\/\/artyplan.com\/ca\/wp-json\/wp\/v2\/users\/3"}],"replies":[{"embeddable":true,"href":"https:\/\/artyplan.com\/ca\/wp-json\/wp\/v2\/comments?post=6047"}],"version-history":[{"count":7,"href":"https:\/\/artyplan.com\/ca\/wp-json\/wp\/v2\/posts\/6047\/revisions"}],"predecessor-version":[{"id":8042,"href":"https:\/\/artyplan.com\/ca\/wp-json\/wp\/v2\/posts\/6047\/revisions\/8042"}],"wp:featuredmedia":[{"embeddable":true,"href":"https:\/\/artyplan.com\/ca\/wp-json\/wp\/v2\/media\/7529"}],"wp:attachment":[{"href":"https:\/\/artyplan.com\/ca\/wp-json\/wp\/v2\/media?parent=6047"}],"wp:term":[{"taxonomy":"category","embeddable":true,"href":"https:\/\/artyplan.com\/ca\/wp-json\/wp\/v2\/categories?post=6047"},{"taxonomy":"post_tag","embeddable":true,"href":"https:\/\/artyplan.com\/ca\/wp-json\/wp\/v2\/tags?post=6047"}],"curies":[{"name":"wp","href":"https:\/\/api.w.org\/{rel}","templated":true}]}}