{"id":6049,"date":"2024-12-02T00:00:00","date_gmt":"2024-12-01T22:00:00","guid":{"rendered":"https:\/\/preweb.artyplan.com\/sin-categorizar\/carto-per-a-impressio-una-solucio-versatil-per-a-una-impressio-sostenible\/"},"modified":"2026-01-30T12:16:39","modified_gmt":"2026-01-30T10:16:39","slug":"carto-per-a-impressio-una-solucio-versatil-per-a-una-impressio-sostenible","status":"publish","type":"post","link":"https:\/\/artyplan.com\/ca\/blog\/carto-per-a-impressio-una-solucio-versatil-per-a-una-impressio-sostenible\/","title":{"rendered":"Cart\u00f3 per impressi\u00f3: soluci\u00f3 sostenible i vers\u00e0til"},"content":{"rendered":"<p>En el sector de la impressi\u00f3, l&#8217;elecci\u00f3 de materials \u00e9s fonamental per a assegurar la qualitat, la durabilitat i la sostenibilitat dels productes finals. Un dels materials que destaca en aquest sentit \u00e9s el cart\u00f3, una opci\u00f3 vers\u00e0til i resistent que representa un comprom\u00eds amb el medi ambient. En aquest article, explorarem les caracter\u00edstiques, beneficis i aplicacions del cart\u00f3, aix\u00ed com les seves principals variants, ideals per a una gran diversitat de projectes.<\/p>\n<h2>Principals tipus de cart\u00f3 per a imprimir<\/h2>\n<p>Existeixen diverses opcions de cart\u00f3 que s&#8217;adapten a diferents necessitats en l&#8217;\u00e0mbit de la impressi\u00f3 i el disseny. A continuaci\u00f3, presentem les principals varietats:<\/p>\n<ul>\n<li><strong><strong>Cart\u00f3 compacte Folding<\/strong><\/strong>\n<figure id=\"attachment_13541\" aria-describedby=\"caption-attachment-13541\" style=\"width: 241px\" class=\"wp-caption alignright\"><img fetchpriority=\"high\" decoding=\"async\" class=\"wp-image-13541 size-medium\" style=\"font-weight: 400;\" src=\"https:\/\/artyplan.com\/wp-content\/uploads\/2025\/09\/Carton-multicapa-Dispa-241x300.jpg\" alt=\"carton multicapa dispa\" width=\"241\" height=\"300\" \/><figcaption id=\"caption-attachment-13541\" class=\"wp-caption-text\">Imatge: Endutex<\/figcaption><\/figure>\n<p>El cart\u00f3 compacte folding \u00e9s un material format de diverses capes de paper reciclat que li confereixen alta rigidesa, durabilitat i una superf\u00edcie ideal per a impressi\u00f3. La seva estructura s\u00f2lida i compacta permet crear productes d&#8217;alta qualitat amb un acabat uniforme, sent especialment apte per a la impressi\u00f3 d&#8217;imatges i textos en gran detall. \u00c9s especialment valorat en projectes d&#8217;<a href=\"https:\/\/artyplan.com\/ca\/productes-impressio\/packaging\/packaging-de-producte-i-mostraris\/\" target=\"_blank\" rel=\"noopener\">embalatge d&#8217;alta gamm<\/a>a, fotografia i displays de publicitat en punts de venda (PLV), ja que garanteix una excel\u00b7lent reproducci\u00f3 dels colors i els detalls gr\u00e0fics.<\/li>\n<li><strong>Cart\u00f3 multicapa (DISPA)<\/strong><br \/>\nFabricat a partir de paper 100% reciclable, el DISPA\u00ae \u00e9s lleuger, resistent i molt f\u00e0cil de manipular. Ideal per a senyal\u00edstica de curta durada i campanyes promocionals, el DISPA\u00ae \u00e9s una opci\u00f3 ecol\u00f2gica que ofereix rigidesa i estabilitat sense comprometre el disseny. Han emergit com una soluci\u00f3 eficient i ecol\u00f2gica per a aplicacions en publicitat, decoraci\u00f3 i senyalitzaci\u00f3.<\/li>\n<li><strong>Cart\u00f3 microcanal<\/strong><br \/>\nAquest tipus de cart\u00f3 es caracteritza per la seva estructura ondulada en capes internes, que proporciona una gran resist\u00e8ncia i durabilitat. El seu disseny ho fa perfecte per a aplicacions d&#8217;embalatge i expositors en punt de venda, on \u00e9s essencial comptar amb un material robust i de llarga durada.<\/p>\n<p><figure id=\"attachment_13543\" aria-describedby=\"caption-attachment-13543\" style=\"width: 187px\" class=\"wp-caption alignleft\"><img decoding=\"async\" class=\"wp-image-13543 size-medium\" src=\"https:\/\/artyplan.com\/wp-content\/uploads\/2025\/09\/ABIPLEX-ARBOL-187x300.png\" alt=\"carton abiplex arbol\" width=\"187\" height=\"300\" \/><figcaption id=\"caption-attachment-13543\" class=\"wp-caption-text\">Imatge: Endutex<\/figcaption><\/figure><\/li>\n<li><strong>Abiplex<br \/>\n<\/strong>Abiplex\u00a0\u00e9s un material lleuger, r\u00edgid i molt vers\u00e0til, compost per un nucli d&#8217;escuma que li confereix estabilitat i resist\u00e8ncia. \u00c9s adequat per a displays i aplicacions en les quals es requereix un material lleuger i f\u00e0cil de manejar, sense comprometre l&#8217;est\u00e8tica ni la qualitat de la impressi\u00f3.<\/li>\n<li><strong><strong>Cart\u00f3 Niu d&#8217;Abella<\/strong><\/strong>\n<figure id=\"attachment_13545\" aria-describedby=\"caption-attachment-13545\" style=\"width: 296px\" class=\"wp-caption alignright\"><img decoding=\"async\" class=\"wp-image-13545 size-full\" src=\"https:\/\/preweb.artyplan.com\/wp-content\/uploads\/2025\/09\/carton-carton-nido-de-abeja.jpg\" alt=\"carton nido de abeja\" width=\"296\" height=\"160\" \/><figcaption id=\"caption-attachment-13545\" class=\"wp-caption-text\">Imatge: Endutex<\/figcaption><\/figure>\n<div class=\"mceTemp\">El cart\u00f3 niu d&#8217;abella \u00e9s un material format per dues capes exteriors de cart\u00f3 resistent i un nucli amb estructura en forma de bresca, similar als nius d&#8217;abella. Aquesta forma geom\u00e8trica ofereix una alta resist\u00e8ncia amb un pes molt baix, la qual cosa facilita la seva manipulaci\u00f3 i transport sense perdre robustesa. \u00c9s especialment adequat per a suportar pes i resistir cops, la qual cosa ho converteix en una opci\u00f3 ideal per a mobles ef\u00edmers, decoraci\u00f3 d&#8217;interiors i construccions temporals.<\/div>\n<\/li>\n<\/ul>\n<h2>Avantatges del cart\u00f3 en impressi\u00f3<\/h2>\n<p>El cart\u00f3 \u00e9s una opci\u00f3 cada vegada m\u00e9s popular en l&#8217;\u00e0mbit de la impressi\u00f3 a causa dels seus m\u00faltiples avantatges. A continuaci\u00f3, es destaquen algunes de les raons per les quals aquest material s&#8217;ha convertit en una elecci\u00f3 preferida per a projectes d&#8217;impressi\u00f3 sostenibles i d&#8217;alta qualitat:<\/p>\n<ul>\n<li><strong>Sostenibilitat<\/strong>: La majoria d&#8217;aquests tipus de cart\u00f3 t\u00e8cnic es fabriquen a partir de materials reciclats i s\u00f3n 100% reciclables. Aix\u00f2 fa que el cart\u00f3 sigui una opci\u00f3 responsable que contribueix a la reducci\u00f3 de residus.<\/li>\n<li><strong>Resist\u00e8ncia i durabilitat:<\/strong> Gr\u00e0cies a les seves estructures especials, com l&#8217;estructura en niu d&#8217;abella o la capa de microcanal, el cart\u00f3 suporta l&#8217;\u00fas constant, la manipulaci\u00f3 i les condicions exigents. Aix\u00f2 ho converteix en una soluci\u00f3 fiable per a embalatges i estructures que requereixen estabilitat i seguretat.<\/li>\n<li><strong>Versatilitat d&#8217;impressi\u00f3<\/strong>: Aquests cartons permeten una impressi\u00f3 d&#8217;alta qualitat i ofereixen una \u00e0mplia varietat d&#8217;acabats, perfectes per a projectes que busquen destacar en color, nitidesa i durabilitat.<\/li>\n<li><strong>Lleugeresa<\/strong>: Materials com el Abiplex o el Niu d&#8217;abella s\u00f3n lleugers i f\u00e0cils de transportar, especialment \u00fatil en aplicacions que requereixen mobilitat i en projectes que necessiten muntar-se i desmuntar-se r\u00e0pidament.<\/li>\n<\/ul>\n<h2>Principals aplicacions del cart\u00f3 en impressi\u00f3<\/h2>\n<p>El cart\u00f3 ha demostrat ser un material excel\u00b7lent per a diferents aplicacions:<\/p>\n<ul>\n<li><strong>Embalatge personalitzat<\/strong>: Gr\u00e0cies a la seva resist\u00e8ncia i qualitat d&#8217;impressi\u00f3, \u00e9s ideal per a empaquetatges de luxe, caixes promocionals o envasos que requereixin durabilitat i una est\u00e8tica atractiva.<\/li>\n<li><strong>Materials de publicitat en el punt de venda (<a href=\"https:\/\/artyplan.com\/ca\/productes-impressio\/packaging\/plv\/\" target=\"_blank\" rel=\"noopener\">PLV<\/a>)<\/strong>: \u00c9s una opci\u00f3 excel\u00b7lent per a <a href=\"https:\/\/artyplan.com\/ca\/productes-impressio\/packaging\/displays\/\" target=\"_blank\" rel=\"noopener\">displays<\/a>, expositors i t\u00f2tems que han de captar l&#8217;atenci\u00f3 i suportar l&#8217;\u00fas intensiu en botigues.<\/li>\n<li><strong>Material de senyalitzaci\u00f3<\/strong>, <strong>mobiliari i decoraci\u00f3<\/strong>: La senyal\u00edstica i decoraci\u00f3 temporal, com en fires o esdeveniments, troba en el cart\u00f3 t\u00e8cnic una soluci\u00f3 pr\u00e0ctica i sostenible. Les opcions com el cart\u00f3 niu d&#8217;abella s\u00f3n ideals per a aquesta mena d&#8217;aplicacions.<\/li>\n<li><strong>Sector de l&#8217;Hostaleria<\/strong>: En l&#8217;hostaleria, on els materials impresos tenen un \u00fas constant, el cart\u00f3 t\u00e8cnic \u00e9s ideal per a crear men\u00fas i senyalitzaci\u00f3 duradora.<\/li>\n<\/ul>\n<p>El cart\u00f3, en les seves diferents varietats, s&#8217;ha posicionat com una soluci\u00f3 innovadora que ofereix rendiment, est\u00e8tica i sostenibilitat. Triar el tipus adequat de cart\u00f3 per a cada projecte no sols garanteix un excel\u00b7lent acabat, sin\u00f3 que tamb\u00e9 dona suport a un enfocament conscient del medi ambient.\u00a0 Entenem el valor dels materials responsables, i el cart\u00f3 forma part del nostre comprom\u00eds amb la qualitat i la sostenibilitat.<\/p>\n","protected":false},"excerpt":{"rendered":"<p>En el sector de la impressi\u00f3, l&#8217;elecci\u00f3 de materials \u00e9s fonamental per a assegurar la qualitat, la durabilitat i la sostenibilitat dels productes finals. Un dels materials que destaca en aquest sentit \u00e9s el cart\u00f3, una opci\u00f3 vers\u00e0til i resistent que representa un comprom\u00eds amb el medi ambient. En aquest article, explorarem les caracter\u00edstiques, beneficis [&hellip;]<\/p>\n","protected":false},"author":3,"featured_media":7521,"comment_status":"closed","ping_status":"closed","sticky":false,"template":"","format":"standard","meta":{"footnotes":""},"categories":[1],"tags":[],"class_list":["post-6049","post","type-post","status-publish","format-standard","has-post-thumbnail","hentry","category-sense-categoritzar"],"yoast_head":"<!-- This site is optimized with the Yoast SEO Premium plugin v26.5 (Yoast SEO v26.5) - https:\/\/yoast.com\/wordpress\/plugins\/seo\/ -->\n<title>Cart\u00f3 per impressi\u00f3: soluci\u00f3 sostenible i vers\u00e0til<\/title>\n<meta name=\"description\" content=\"Avantatges del cart\u00f3 d&#039;impressi\u00f3: vers\u00e0til, sostenible i resistent. Coneix principals tipus i aplicacions: embalatge, senyalitzaci\u00f3 i m\u00e9s.\" \/>\n<meta name=\"robots\" content=\"index, follow, max-snippet:-1, max-image-preview:large, max-video-preview:-1\" \/>\n<link rel=\"canonical\" href=\"https:\/\/artyplan.com\/ca\/blog\/carto-per-a-impressio-una-solucio-versatil-per-a-una-impressio-sostenible\/\" \/>\n<meta property=\"og:locale\" content=\"ca_ES\" \/>\n<meta property=\"og:type\" content=\"article\" \/>\n<meta property=\"og:title\" content=\"Cart\u00f3 per impressi\u00f3: soluci\u00f3 sostenible i vers\u00e0til\" \/>\n<meta property=\"og:description\" content=\"Avantatges del cart\u00f3 d&#039;impressi\u00f3: vers\u00e0til, sostenible i resistent. Coneix principals tipus i aplicacions: embalatge, senyalitzaci\u00f3 i m\u00e9s.\" \/>\n<meta property=\"og:url\" content=\"https:\/\/artyplan.com\/ca\/blog\/carto-per-a-impressio-una-solucio-versatil-per-a-una-impressio-sostenible\/\" \/>\n<meta property=\"og:site_name\" content=\"Artyplan\" \/>\n<meta property=\"article:publisher\" content=\"https:\/\/www.facebook.com\/artyplan\" \/>\n<meta property=\"article:published_time\" content=\"2024-12-01T22:00:00+00:00\" \/>\n<meta property=\"article:modified_time\" content=\"2026-01-30T10:16:39+00:00\" \/>\n<meta property=\"og:image\" content=\"https:\/\/artyplan.com\/wp-content\/uploads\/2025\/09\/tipos-de-carton-impresion-1.png\" \/>\n\t<meta property=\"og:image:width\" content=\"1920\" \/>\n\t<meta property=\"og:image:height\" content=\"600\" \/>\n\t<meta property=\"og:image:type\" content=\"image\/png\" \/>\n<meta name=\"author\" content=\"Sergio Triguero\" \/>\n<meta name=\"twitter:card\" content=\"summary_large_image\" \/>\n<meta name=\"twitter:label1\" content=\"Escrit per\" \/>\n\t<meta name=\"twitter:data1\" content=\"Sergio Triguero\" \/>\n\t<meta name=\"twitter:label2\" content=\"Temps estimat de lectura\" \/>\n\t<meta name=\"twitter:data2\" content=\"5 minuts\" \/>\n<script type=\"application\/ld+json\" class=\"yoast-schema-graph\">{\"@context\":\"https:\/\/schema.org\",\"@graph\":[{\"@type\":\"Article\",\"@id\":\"https:\/\/artyplan.com\/ca\/blog\/carto-per-a-impressio-una-solucio-versatil-per-a-una-impressio-sostenible\/#article\",\"isPartOf\":{\"@id\":\"https:\/\/artyplan.com\/ca\/blog\/carto-per-a-impressio-una-solucio-versatil-per-a-una-impressio-sostenible\/\"},\"author\":{\"name\":\"Sergio Triguero\",\"@id\":\"https:\/\/artyplan.com\/ca\/#\/schema\/person\/0ef19accced432bc277b8d5248cd2cc0\"},\"headline\":\"Cart\u00f3 per impressi\u00f3: soluci\u00f3 sostenible i vers\u00e0til\",\"datePublished\":\"2024-12-01T22:00:00+00:00\",\"dateModified\":\"2026-01-30T10:16:39+00:00\",\"mainEntityOfPage\":{\"@id\":\"https:\/\/artyplan.com\/ca\/blog\/carto-per-a-impressio-una-solucio-versatil-per-a-una-impressio-sostenible\/\"},\"wordCount\":947,\"publisher\":{\"@id\":\"https:\/\/artyplan.com\/ca\/#organization\"},\"image\":{\"@id\":\"https:\/\/artyplan.com\/ca\/blog\/carto-per-a-impressio-una-solucio-versatil-per-a-una-impressio-sostenible\/#primaryimage\"},\"thumbnailUrl\":\"https:\/\/artyplan.com\/wp-content\/uploads\/2025\/09\/tipos-de-carton-impresion-1.png\",\"articleSection\":[\"Sense-categoritzar\"],\"inLanguage\":\"ca\"},{\"@type\":\"WebPage\",\"@id\":\"https:\/\/artyplan.com\/ca\/blog\/carto-per-a-impressio-una-solucio-versatil-per-a-una-impressio-sostenible\/\",\"url\":\"https:\/\/artyplan.com\/ca\/blog\/carto-per-a-impressio-una-solucio-versatil-per-a-una-impressio-sostenible\/\",\"name\":\"Cart\u00f3 per impressi\u00f3: soluci\u00f3 sostenible i vers\u00e0til\",\"isPartOf\":{\"@id\":\"https:\/\/artyplan.com\/ca\/#website\"},\"primaryImageOfPage\":{\"@id\":\"https:\/\/artyplan.com\/ca\/blog\/carto-per-a-impressio-una-solucio-versatil-per-a-una-impressio-sostenible\/#primaryimage\"},\"image\":{\"@id\":\"https:\/\/artyplan.com\/ca\/blog\/carto-per-a-impressio-una-solucio-versatil-per-a-una-impressio-sostenible\/#primaryimage\"},\"thumbnailUrl\":\"https:\/\/artyplan.com\/wp-content\/uploads\/2025\/09\/tipos-de-carton-impresion-1.png\",\"datePublished\":\"2024-12-01T22:00:00+00:00\",\"dateModified\":\"2026-01-30T10:16:39+00:00\",\"description\":\"Avantatges del cart\u00f3 d'impressi\u00f3: vers\u00e0til, sostenible i resistent. Coneix principals tipus i aplicacions: embalatge, senyalitzaci\u00f3 i m\u00e9s.\",\"breadcrumb\":{\"@id\":\"https:\/\/artyplan.com\/ca\/blog\/carto-per-a-impressio-una-solucio-versatil-per-a-una-impressio-sostenible\/#breadcrumb\"},\"inLanguage\":\"ca\",\"potentialAction\":[{\"@type\":\"ReadAction\",\"target\":[\"https:\/\/artyplan.com\/ca\/blog\/carto-per-a-impressio-una-solucio-versatil-per-a-una-impressio-sostenible\/\"]}]},{\"@type\":\"ImageObject\",\"inLanguage\":\"ca\",\"@id\":\"https:\/\/artyplan.com\/ca\/blog\/carto-per-a-impressio-una-solucio-versatil-per-a-una-impressio-sostenible\/#primaryimage\",\"url\":\"https:\/\/artyplan.com\/wp-content\/uploads\/2025\/09\/tipos-de-carton-impresion-1.png\",\"contentUrl\":\"https:\/\/artyplan.com\/wp-content\/uploads\/2025\/09\/tipos-de-carton-impresion-1.png\",\"width\":1920,\"height\":600,\"caption\":\"tipos de carton impresion|carton multicapa dispa|carton abiplex arbol|carton nido de abeja\"},{\"@type\":\"BreadcrumbList\",\"@id\":\"https:\/\/artyplan.com\/ca\/blog\/carto-per-a-impressio-una-solucio-versatil-per-a-una-impressio-sostenible\/#breadcrumb\",\"itemListElement\":[{\"@type\":\"ListItem\",\"position\":1,\"name\":\"Artyplan\",\"item\":\"https:\/\/artyplan.com\/ca\/\"},{\"@type\":\"ListItem\",\"position\":2,\"name\":\"Cart\u00f3 per impressi\u00f3: soluci\u00f3 sostenible i vers\u00e0til\"}]},{\"@type\":\"WebSite\",\"@id\":\"https:\/\/artyplan.com\/ca\/#website\",\"url\":\"https:\/\/artyplan.com\/ca\/\",\"name\":\"Artyplan\",\"description\":\"\",\"publisher\":{\"@id\":\"https:\/\/artyplan.com\/ca\/#organization\"},\"potentialAction\":[{\"@type\":\"SearchAction\",\"target\":{\"@type\":\"EntryPoint\",\"urlTemplate\":\"https:\/\/artyplan.com\/ca\/?s={search_term_string}\"},\"query-input\":{\"@type\":\"PropertyValueSpecification\",\"valueRequired\":true,\"valueName\":\"search_term_string\"}}],\"inLanguage\":\"ca\"},{\"@type\":\"Organization\",\"@id\":\"https:\/\/artyplan.com\/ca\/#organization\",\"name\":\"Artyplan\",\"url\":\"https:\/\/artyplan.com\/ca\/\",\"logo\":{\"@type\":\"ImageObject\",\"inLanguage\":\"ca\",\"@id\":\"https:\/\/artyplan.com\/ca\/#\/schema\/logo\/image\/\",\"url\":\"https:\/\/artyplan.com\/wp-content\/uploads\/2025\/12\/Logo-artyplan-690x690-1.png\",\"contentUrl\":\"https:\/\/artyplan.com\/wp-content\/uploads\/2025\/12\/Logo-artyplan-690x690-1.png\",\"width\":690,\"height\":690,\"caption\":\"Artyplan\"},\"image\":{\"@id\":\"https:\/\/artyplan.com\/ca\/#\/schema\/logo\/image\/\"},\"sameAs\":[\"https:\/\/www.facebook.com\/artyplan\",\"https:\/\/www.instagram.com\/artyplan\/\",\"https:\/\/www.linkedin.com\/company\/artyplan\"],\"description\":\"Artyplan \u00e9s una empresa especialitzada en producci\u00f3 gr\u00e0fica i comunicaci\u00f3 visual amb 60 anys dexperi\u00e8ncia. Oferim solucions integrals d'impressi\u00f3 en gran format, PLV i retail, gesti\u00f3 d'esdeveniments i fires, disseny i fabricaci\u00f3 a mida, log\u00edstica i serveis d'instal\u00b7laci\u00f3 a tot el territori. Treballem per a marques, ag\u00e8ncies, espais comercials i institucions que necessiten un partner fiable per desenvolupar campanyes de m\u00e0rqueting, projectes de retail i accions de branding o m\u00e0rqueting. Combinem tecnologia avan\u00e7ada d\u00b4impressi\u00f3 digital, un equip expert i una gesti\u00f3 completa de projectes per garantir qualitat, agilitat i resultats a mida per a cada client. Disposem de plataformes B2B que faciliten als nostres clients la gesti\u00f3 de les comandes de materials impresos aix\u00ed com la log\u00edstica dels mateixos.\",\"email\":\"info@artyplan.com\",\"telephone\":\"+34 93 200 87 99\",\"legalName\":\"Artyplan S.L.\",\"vatID\":\"B61963229\",\"numberOfEmployees\":{\"@type\":\"QuantitativeValue\",\"minValue\":\"51\",\"maxValue\":\"200\"}},{\"@type\":\"Person\",\"@id\":\"https:\/\/artyplan.com\/ca\/#\/schema\/person\/0ef19accced432bc277b8d5248cd2cc0\",\"name\":\"Sergio Triguero\",\"image\":{\"@type\":\"ImageObject\",\"inLanguage\":\"ca\",\"@id\":\"https:\/\/artyplan.com\/ca\/#\/schema\/person\/image\/\",\"url\":\"https:\/\/secure.gravatar.com\/avatar\/c742a95811ffbc635a3d111ab446f278cce576575d14970fd5d56e17580c3f23?s=96&d=mm&r=g\",\"contentUrl\":\"https:\/\/secure.gravatar.com\/avatar\/c742a95811ffbc635a3d111ab446f278cce576575d14970fd5d56e17580c3f23?s=96&d=mm&r=g\",\"caption\":\"Sergio Triguero\"}}]}<\/script>\n<!-- \/ Yoast SEO Premium plugin. -->","yoast_head_json":{"title":"Cart\u00f3 per impressi\u00f3: soluci\u00f3 sostenible i vers\u00e0til","description":"Avantatges del cart\u00f3 d'impressi\u00f3: vers\u00e0til, sostenible i resistent. Coneix principals tipus i aplicacions: embalatge, senyalitzaci\u00f3 i m\u00e9s.","robots":{"index":"index","follow":"follow","max-snippet":"max-snippet:-1","max-image-preview":"max-image-preview:large","max-video-preview":"max-video-preview:-1"},"canonical":"https:\/\/artyplan.com\/ca\/blog\/carto-per-a-impressio-una-solucio-versatil-per-a-una-impressio-sostenible\/","og_locale":"ca_ES","og_type":"article","og_title":"Cart\u00f3 per impressi\u00f3: soluci\u00f3 sostenible i vers\u00e0til","og_description":"Avantatges del cart\u00f3 d'impressi\u00f3: vers\u00e0til, sostenible i resistent. Coneix principals tipus i aplicacions: embalatge, senyalitzaci\u00f3 i m\u00e9s.","og_url":"https:\/\/artyplan.com\/ca\/blog\/carto-per-a-impressio-una-solucio-versatil-per-a-una-impressio-sostenible\/","og_site_name":"Artyplan","article_publisher":"https:\/\/www.facebook.com\/artyplan","article_published_time":"2024-12-01T22:00:00+00:00","article_modified_time":"2026-01-30T10:16:39+00:00","og_image":[{"width":1920,"height":600,"url":"https:\/\/artyplan.com\/wp-content\/uploads\/2025\/09\/tipos-de-carton-impresion-1.png","type":"image\/png"}],"author":"Sergio Triguero","twitter_card":"summary_large_image","twitter_misc":{"Escrit per":"Sergio Triguero","Temps estimat de lectura":"5 minuts"},"schema":{"@context":"https:\/\/schema.org","@graph":[{"@type":"Article","@id":"https:\/\/artyplan.com\/ca\/blog\/carto-per-a-impressio-una-solucio-versatil-per-a-una-impressio-sostenible\/#article","isPartOf":{"@id":"https:\/\/artyplan.com\/ca\/blog\/carto-per-a-impressio-una-solucio-versatil-per-a-una-impressio-sostenible\/"},"author":{"name":"Sergio Triguero","@id":"https:\/\/artyplan.com\/ca\/#\/schema\/person\/0ef19accced432bc277b8d5248cd2cc0"},"headline":"Cart\u00f3 per impressi\u00f3: soluci\u00f3 sostenible i vers\u00e0til","datePublished":"2024-12-01T22:00:00+00:00","dateModified":"2026-01-30T10:16:39+00:00","mainEntityOfPage":{"@id":"https:\/\/artyplan.com\/ca\/blog\/carto-per-a-impressio-una-solucio-versatil-per-a-una-impressio-sostenible\/"},"wordCount":947,"publisher":{"@id":"https:\/\/artyplan.com\/ca\/#organization"},"image":{"@id":"https:\/\/artyplan.com\/ca\/blog\/carto-per-a-impressio-una-solucio-versatil-per-a-una-impressio-sostenible\/#primaryimage"},"thumbnailUrl":"https:\/\/artyplan.com\/wp-content\/uploads\/2025\/09\/tipos-de-carton-impresion-1.png","articleSection":["Sense-categoritzar"],"inLanguage":"ca"},{"@type":"WebPage","@id":"https:\/\/artyplan.com\/ca\/blog\/carto-per-a-impressio-una-solucio-versatil-per-a-una-impressio-sostenible\/","url":"https:\/\/artyplan.com\/ca\/blog\/carto-per-a-impressio-una-solucio-versatil-per-a-una-impressio-sostenible\/","name":"Cart\u00f3 per impressi\u00f3: soluci\u00f3 sostenible i vers\u00e0til","isPartOf":{"@id":"https:\/\/artyplan.com\/ca\/#website"},"primaryImageOfPage":{"@id":"https:\/\/artyplan.com\/ca\/blog\/carto-per-a-impressio-una-solucio-versatil-per-a-una-impressio-sostenible\/#primaryimage"},"image":{"@id":"https:\/\/artyplan.com\/ca\/blog\/carto-per-a-impressio-una-solucio-versatil-per-a-una-impressio-sostenible\/#primaryimage"},"thumbnailUrl":"https:\/\/artyplan.com\/wp-content\/uploads\/2025\/09\/tipos-de-carton-impresion-1.png","datePublished":"2024-12-01T22:00:00+00:00","dateModified":"2026-01-30T10:16:39+00:00","description":"Avantatges del cart\u00f3 d'impressi\u00f3: vers\u00e0til, sostenible i resistent. Coneix principals tipus i aplicacions: embalatge, senyalitzaci\u00f3 i m\u00e9s.","breadcrumb":{"@id":"https:\/\/artyplan.com\/ca\/blog\/carto-per-a-impressio-una-solucio-versatil-per-a-una-impressio-sostenible\/#breadcrumb"},"inLanguage":"ca","potentialAction":[{"@type":"ReadAction","target":["https:\/\/artyplan.com\/ca\/blog\/carto-per-a-impressio-una-solucio-versatil-per-a-una-impressio-sostenible\/"]}]},{"@type":"ImageObject","inLanguage":"ca","@id":"https:\/\/artyplan.com\/ca\/blog\/carto-per-a-impressio-una-solucio-versatil-per-a-una-impressio-sostenible\/#primaryimage","url":"https:\/\/artyplan.com\/wp-content\/uploads\/2025\/09\/tipos-de-carton-impresion-1.png","contentUrl":"https:\/\/artyplan.com\/wp-content\/uploads\/2025\/09\/tipos-de-carton-impresion-1.png","width":1920,"height":600,"caption":"tipos de carton impresion|carton multicapa dispa|carton abiplex arbol|carton nido de abeja"},{"@type":"BreadcrumbList","@id":"https:\/\/artyplan.com\/ca\/blog\/carto-per-a-impressio-una-solucio-versatil-per-a-una-impressio-sostenible\/#breadcrumb","itemListElement":[{"@type":"ListItem","position":1,"name":"Artyplan","item":"https:\/\/artyplan.com\/ca\/"},{"@type":"ListItem","position":2,"name":"Cart\u00f3 per impressi\u00f3: soluci\u00f3 sostenible i vers\u00e0til"}]},{"@type":"WebSite","@id":"https:\/\/artyplan.com\/ca\/#website","url":"https:\/\/artyplan.com\/ca\/","name":"Artyplan","description":"","publisher":{"@id":"https:\/\/artyplan.com\/ca\/#organization"},"potentialAction":[{"@type":"SearchAction","target":{"@type":"EntryPoint","urlTemplate":"https:\/\/artyplan.com\/ca\/?s={search_term_string}"},"query-input":{"@type":"PropertyValueSpecification","valueRequired":true,"valueName":"search_term_string"}}],"inLanguage":"ca"},{"@type":"Organization","@id":"https:\/\/artyplan.com\/ca\/#organization","name":"Artyplan","url":"https:\/\/artyplan.com\/ca\/","logo":{"@type":"ImageObject","inLanguage":"ca","@id":"https:\/\/artyplan.com\/ca\/#\/schema\/logo\/image\/","url":"https:\/\/artyplan.com\/wp-content\/uploads\/2025\/12\/Logo-artyplan-690x690-1.png","contentUrl":"https:\/\/artyplan.com\/wp-content\/uploads\/2025\/12\/Logo-artyplan-690x690-1.png","width":690,"height":690,"caption":"Artyplan"},"image":{"@id":"https:\/\/artyplan.com\/ca\/#\/schema\/logo\/image\/"},"sameAs":["https:\/\/www.facebook.com\/artyplan","https:\/\/www.instagram.com\/artyplan\/","https:\/\/www.linkedin.com\/company\/artyplan"],"description":"Artyplan \u00e9s una empresa especialitzada en producci\u00f3 gr\u00e0fica i comunicaci\u00f3 visual amb 60 anys dexperi\u00e8ncia. Oferim solucions integrals d'impressi\u00f3 en gran format, PLV i retail, gesti\u00f3 d'esdeveniments i fires, disseny i fabricaci\u00f3 a mida, log\u00edstica i serveis d'instal\u00b7laci\u00f3 a tot el territori. Treballem per a marques, ag\u00e8ncies, espais comercials i institucions que necessiten un partner fiable per desenvolupar campanyes de m\u00e0rqueting, projectes de retail i accions de branding o m\u00e0rqueting. Combinem tecnologia avan\u00e7ada d\u00b4impressi\u00f3 digital, un equip expert i una gesti\u00f3 completa de projectes per garantir qualitat, agilitat i resultats a mida per a cada client. Disposem de plataformes B2B que faciliten als nostres clients la gesti\u00f3 de les comandes de materials impresos aix\u00ed com la log\u00edstica dels mateixos.","email":"info@artyplan.com","telephone":"+34 93 200 87 99","legalName":"Artyplan S.L.","vatID":"B61963229","numberOfEmployees":{"@type":"QuantitativeValue","minValue":"51","maxValue":"200"}},{"@type":"Person","@id":"https:\/\/artyplan.com\/ca\/#\/schema\/person\/0ef19accced432bc277b8d5248cd2cc0","name":"Sergio Triguero","image":{"@type":"ImageObject","inLanguage":"ca","@id":"https:\/\/artyplan.com\/ca\/#\/schema\/person\/image\/","url":"https:\/\/secure.gravatar.com\/avatar\/c742a95811ffbc635a3d111ab446f278cce576575d14970fd5d56e17580c3f23?s=96&d=mm&r=g","contentUrl":"https:\/\/secure.gravatar.com\/avatar\/c742a95811ffbc635a3d111ab446f278cce576575d14970fd5d56e17580c3f23?s=96&d=mm&r=g","caption":"Sergio Triguero"}}]}},"_links":{"self":[{"href":"https:\/\/artyplan.com\/ca\/wp-json\/wp\/v2\/posts\/6049","targetHints":{"allow":["GET"]}}],"collection":[{"href":"https:\/\/artyplan.com\/ca\/wp-json\/wp\/v2\/posts"}],"about":[{"href":"https:\/\/artyplan.com\/ca\/wp-json\/wp\/v2\/types\/post"}],"author":[{"embeddable":true,"href":"https:\/\/artyplan.com\/ca\/wp-json\/wp\/v2\/users\/3"}],"replies":[{"embeddable":true,"href":"https:\/\/artyplan.com\/ca\/wp-json\/wp\/v2\/comments?post=6049"}],"version-history":[{"count":9,"href":"https:\/\/artyplan.com\/ca\/wp-json\/wp\/v2\/posts\/6049\/revisions"}],"predecessor-version":[{"id":13594,"href":"https:\/\/artyplan.com\/ca\/wp-json\/wp\/v2\/posts\/6049\/revisions\/13594"}],"wp:featuredmedia":[{"embeddable":true,"href":"https:\/\/artyplan.com\/ca\/wp-json\/wp\/v2\/media\/7521"}],"wp:attachment":[{"href":"https:\/\/artyplan.com\/ca\/wp-json\/wp\/v2\/media?parent=6049"}],"wp:term":[{"taxonomy":"category","embeddable":true,"href":"https:\/\/artyplan.com\/ca\/wp-json\/wp\/v2\/categories?post=6049"},{"taxonomy":"post_tag","embeddable":true,"href":"https:\/\/artyplan.com\/ca\/wp-json\/wp\/v2\/tags?post=6049"}],"curies":[{"name":"wp","href":"https:\/\/api.w.org\/{rel}","templated":true}]}}