{"id":6053,"date":"2024-12-09T00:00:00","date_gmt":"2024-12-08T22:00:00","guid":{"rendered":"https:\/\/preweb.artyplan.com\/sin-categorizar\/artyplan-col%c2%b7labora-en-la-23a-edicio-del-calendari-solidari-2025-de-la-fundacio-talita\/"},"modified":"2025-12-16T15:10:15","modified_gmt":"2025-12-16T13:10:15","slug":"artyplan-col%c2%b7labora-en-la-23a-edicio-del-calendari-solidari-2025-de-la-fundacio-talita","status":"publish","type":"post","link":"https:\/\/artyplan.com\/ca\/blog\/artyplan-collabora-en-la-23a-edicio-del-calendari-solidari-2025-de-la-fundacio-talita\/","title":{"rendered":"Artyplan col\u00b7labora en la 23.\u00aa edici\u00f3 del Calendari Solidari 2025 de la Fundaci\u00f3 Talita"},"content":{"rendered":"<p>El passat dimarts 3 de desembre, coincidint amb el Dia Internacional de les Persones amb Discapacitat, l\u2019Hotel H10 Art Gallery de Barcelona va acollir la presentaci\u00f3 del Calendari Solidari Talita 2025, un projecte que, des de fa 23 anys, treballa per sensibilitzar la societat i promoure la inclusi\u00f3 de nens, nenes i joves amb discapacitat intel\u00b7lectual.<\/p>\n<h2><strong>Un calendari ple d\u2019inspiraci\u00f3 i solidaritat<\/strong><\/h2>\n<p>Aquesta edici\u00f3 especial del calendari compta amb la participaci\u00f3 de nens i joves amb discapacitat intel\u00b7lectual, que comparteixen protagonisme amb reconeguts personatges com Pilar\u00edn Bay\u00e9s, Peter Vives, Samanta Villar i David Verdaguer, entre d\u2019altres. Cada mes del calendari est\u00e0 il\u00b7lustrat amb fotografies que expliquen hist\u00f2ries d\u2019inclusi\u00f3 i superaci\u00f3, captades amb mestratge pels fot\u00f2grafs Arnau Dalmases i Jos\u00e9 Luis Ahij\u00f3n.<\/p>\n<p>A m\u00e9s de ser una eina per organitzar l\u2019any, aquest calendari \u00e9s un s\u00edmbol d\u2019empatia i esfor\u00e7 col\u00b7lectiu, destinant tots els beneficis obtinguts a donar suport als programes educatius i d\u2019integraci\u00f3 de la Fundaci\u00f3 Talita.<\/p>\n<h2><strong>Una presentaci\u00f3 plena d\u2019emocions<\/strong><\/h2>\n<p>L\u2019esdeveniment, presentat pel periodista i locutor de r\u00e0dio Jordi Bast\u00e9, va reunir fam\u00edlies, amics i col\u00b7laboradors compromesos amb la causa. Un dels moments m\u00e9s especials de la tarda va ser la intervenci\u00f3 dels infants i joves protagonistes, que van compartir la seva experi\u00e8ncia en el projecte amb el p\u00fablic. Els assistents tamb\u00e9 van tenir l\u2019oportunitat de gaudir del making of del calendari, mostrant el treball i l\u2019emoci\u00f3 darrere de cada fotografia.<\/p>\n<h2><strong>El comprom\u00eds d\u2019Artyplan amb la inclusi\u00f3<\/strong><\/h2>\n<p>Ens sentim orgullosos d\u2019haver col\u00b7laborat amb la <a href=\"https:\/\/www.fundaciotalita.org\/ca\/\" target=\"_blank\" rel=\"noopener\">Fundaci\u00f3 Talita<\/a> aportant la nostra experi\u00e8ncia i recursos en la impressi\u00f3 del material que acompanya aquest projecte. Veure el nostre treball formant part d\u2019una iniciativa que impulsa l\u2019educaci\u00f3 inclusiva i el respecte a la diversitat ens reafirma en la nostra voluntat de contribuir positivament a la societat.<\/p>\n<p>S&#8217;han\u00a0editat 100.000 exemplars i cada compra contribueix a fer realitat els programes d\u2019educaci\u00f3 personalitzada, activitats d\u2019oci i acompanyament que la Fundaci\u00f3 Talita ofereix per ajudar aquests nens i joves a desenvolupar les seves capacitats i a integrar-se plenament en la societat.<\/p>\n<p>Gr\u00e0cies a iniciatives com aquesta, recordem que la inclusi\u00f3 no \u00e9s nom\u00e9s un objectiu, sin\u00f3 una necessitat essencial per construir una societat m\u00e9s justa i equitativa.<\/p>\n","protected":false},"excerpt":{"rendered":"<p>El passat dimarts 3 de desembre, coincidint amb el Dia Internacional de les Persones amb Discapacitat, l\u2019Hotel H10 Art Gallery de Barcelona va acollir la presentaci\u00f3 del Calendari Solidari Talita 2025, un projecte que, des de fa 23 anys, treballa per sensibilitzar la societat i promoure la inclusi\u00f3 de nens, nenes i joves amb discapacitat [&hellip;]<\/p>\n","protected":false},"author":3,"featured_media":6052,"comment_status":"closed","ping_status":"closed","sticky":false,"template":"","format":"standard","meta":{"footnotes":""},"categories":[54,1],"tags":[],"class_list":["post-6053","post","type-post","status-publish","format-standard","has-post-thumbnail","hentry","category-noticies-ca","category-sense-categoritzar"],"yoast_head":"<!-- This site is optimized with the Yoast SEO Premium plugin v26.5 (Yoast SEO v26.5) - https:\/\/yoast.com\/wordpress\/plugins\/seo\/ -->\n<title>23.\u00aa Edici\u00f3 del Calendari Solidari de Fundaci\u00f3 Talita | Artyplan<\/title>\n<meta name=\"description\" content=\"Descubre el calendari solidari de Fundaci\u00f3 Talita 2025, que promueve la inclusi\u00f3n de ni\u00f1os con discapacidad intelectual.\" \/>\n<meta name=\"robots\" content=\"index, follow, max-snippet:-1, max-image-preview:large, max-video-preview:-1\" \/>\n<link rel=\"canonical\" href=\"https:\/\/artyplan.com\/ca\/blog\/artyplan-collabora-en-la-23a-edicio-del-calendari-solidari-2025-de-la-fundacio-talita\/\" \/>\n<meta property=\"og:locale\" content=\"ca_ES\" \/>\n<meta property=\"og:type\" content=\"article\" \/>\n<meta property=\"og:title\" content=\"Artyplan col\u00b7labora en la 23.\u00aa edici\u00f3 del Calendari Solidari 2025 de la Fundaci\u00f3 Talita\" \/>\n<meta property=\"og:description\" content=\"Descubre el calendari solidari de Fundaci\u00f3 Talita 2025, que promueve la inclusi\u00f3n de ni\u00f1os con discapacidad intelectual.\" \/>\n<meta property=\"og:url\" content=\"https:\/\/artyplan.com\/ca\/blog\/artyplan-collabora-en-la-23a-edicio-del-calendari-solidari-2025-de-la-fundacio-talita\/\" \/>\n<meta property=\"og:site_name\" content=\"Artyplan\" \/>\n<meta property=\"article:publisher\" content=\"https:\/\/www.facebook.com\/artyplan\" \/>\n<meta property=\"article:published_time\" content=\"2024-12-08T22:00:00+00:00\" \/>\n<meta property=\"article:modified_time\" content=\"2025-12-16T13:10:15+00:00\" \/>\n<meta property=\"og:image\" content=\"https:\/\/artyplan.com\/wp-content\/uploads\/2025\/09\/fundacio-talita-blog-1.png\" \/>\n\t<meta property=\"og:image:width\" content=\"1920\" \/>\n\t<meta property=\"og:image:height\" content=\"600\" \/>\n\t<meta property=\"og:image:type\" content=\"image\/png\" \/>\n<meta name=\"author\" content=\"Sergio Triguero\" \/>\n<meta name=\"twitter:card\" content=\"summary_large_image\" \/>\n<meta name=\"twitter:label1\" content=\"Escrit per\" \/>\n\t<meta name=\"twitter:data1\" content=\"Sergio Triguero\" \/>\n\t<meta name=\"twitter:label2\" content=\"Temps estimat de lectura\" \/>\n\t<meta name=\"twitter:data2\" content=\"2 minuts\" \/>\n<script type=\"application\/ld+json\" class=\"yoast-schema-graph\">{\"@context\":\"https:\/\/schema.org\",\"@graph\":[{\"@type\":\"Article\",\"@id\":\"https:\/\/artyplan.com\/ca\/blog\/artyplan-collabora-en-la-23a-edicio-del-calendari-solidari-2025-de-la-fundacio-talita\/#article\",\"isPartOf\":{\"@id\":\"https:\/\/artyplan.com\/ca\/blog\/artyplan-collabora-en-la-23a-edicio-del-calendari-solidari-2025-de-la-fundacio-talita\/\"},\"author\":{\"name\":\"Sergio Triguero\",\"@id\":\"https:\/\/artyplan.com\/ca\/#\/schema\/person\/0ef19accced432bc277b8d5248cd2cc0\"},\"headline\":\"Artyplan col\u00b7labora en la 23.\u00aa edici\u00f3 del Calendari Solidari 2025 de la Fundaci\u00f3 Talita\",\"datePublished\":\"2024-12-08T22:00:00+00:00\",\"dateModified\":\"2025-12-16T13:10:15+00:00\",\"mainEntityOfPage\":{\"@id\":\"https:\/\/artyplan.com\/ca\/blog\/artyplan-collabora-en-la-23a-edicio-del-calendari-solidari-2025-de-la-fundacio-talita\/\"},\"wordCount\":409,\"publisher\":{\"@id\":\"https:\/\/artyplan.com\/ca\/#organization\"},\"image\":{\"@id\":\"https:\/\/artyplan.com\/ca\/blog\/artyplan-collabora-en-la-23a-edicio-del-calendari-solidari-2025-de-la-fundacio-talita\/#primaryimage\"},\"thumbnailUrl\":\"https:\/\/artyplan.com\/wp-content\/uploads\/2025\/09\/fundacio-talita-blog-1.png\",\"articleSection\":[\"Noticies\",\"Sense-categoritzar\"],\"inLanguage\":\"ca\"},{\"@type\":\"WebPage\",\"@id\":\"https:\/\/artyplan.com\/ca\/blog\/artyplan-collabora-en-la-23a-edicio-del-calendari-solidari-2025-de-la-fundacio-talita\/\",\"url\":\"https:\/\/artyplan.com\/ca\/blog\/artyplan-collabora-en-la-23a-edicio-del-calendari-solidari-2025-de-la-fundacio-talita\/\",\"name\":\"23.\u00aa Edici\u00f3 del Calendari Solidari de Fundaci\u00f3 Talita | Artyplan\",\"isPartOf\":{\"@id\":\"https:\/\/artyplan.com\/ca\/#website\"},\"primaryImageOfPage\":{\"@id\":\"https:\/\/artyplan.com\/ca\/blog\/artyplan-collabora-en-la-23a-edicio-del-calendari-solidari-2025-de-la-fundacio-talita\/#primaryimage\"},\"image\":{\"@id\":\"https:\/\/artyplan.com\/ca\/blog\/artyplan-collabora-en-la-23a-edicio-del-calendari-solidari-2025-de-la-fundacio-talita\/#primaryimage\"},\"thumbnailUrl\":\"https:\/\/artyplan.com\/wp-content\/uploads\/2025\/09\/fundacio-talita-blog-1.png\",\"datePublished\":\"2024-12-08T22:00:00+00:00\",\"dateModified\":\"2025-12-16T13:10:15+00:00\",\"description\":\"Descubre el calendari solidari de Fundaci\u00f3 Talita 2025, que promueve la inclusi\u00f3n de ni\u00f1os con discapacidad intelectual.\",\"breadcrumb\":{\"@id\":\"https:\/\/artyplan.com\/ca\/blog\/artyplan-collabora-en-la-23a-edicio-del-calendari-solidari-2025-de-la-fundacio-talita\/#breadcrumb\"},\"inLanguage\":\"ca\",\"potentialAction\":[{\"@type\":\"ReadAction\",\"target\":[\"https:\/\/artyplan.com\/ca\/blog\/artyplan-collabora-en-la-23a-edicio-del-calendari-solidari-2025-de-la-fundacio-talita\/\"]}]},{\"@type\":\"ImageObject\",\"inLanguage\":\"ca\",\"@id\":\"https:\/\/artyplan.com\/ca\/blog\/artyplan-collabora-en-la-23a-edicio-del-calendari-solidari-2025-de-la-fundacio-talita\/#primaryimage\",\"url\":\"https:\/\/artyplan.com\/wp-content\/uploads\/2025\/09\/fundacio-talita-blog-1.png\",\"contentUrl\":\"https:\/\/artyplan.com\/wp-content\/uploads\/2025\/09\/fundacio-talita-blog-1.png\",\"width\":1920,\"height\":600,\"caption\":\"fundacion talita calendario\"},{\"@type\":\"BreadcrumbList\",\"@id\":\"https:\/\/artyplan.com\/ca\/blog\/artyplan-collabora-en-la-23a-edicio-del-calendari-solidari-2025-de-la-fundacio-talita\/#breadcrumb\",\"itemListElement\":[{\"@type\":\"ListItem\",\"position\":1,\"name\":\"Artyplan\",\"item\":\"https:\/\/artyplan.com\/ca\/\"},{\"@type\":\"ListItem\",\"position\":2,\"name\":\"Artyplan col\u00b7labora en la 23.\u00aa edici\u00f3 del Calendari Solidari 2025 de la Fundaci\u00f3 Talita\"}]},{\"@type\":\"WebSite\",\"@id\":\"https:\/\/artyplan.com\/ca\/#website\",\"url\":\"https:\/\/artyplan.com\/ca\/\",\"name\":\"Artyplan\",\"description\":\"\",\"publisher\":{\"@id\":\"https:\/\/artyplan.com\/ca\/#organization\"},\"potentialAction\":[{\"@type\":\"SearchAction\",\"target\":{\"@type\":\"EntryPoint\",\"urlTemplate\":\"https:\/\/artyplan.com\/ca\/?s={search_term_string}\"},\"query-input\":{\"@type\":\"PropertyValueSpecification\",\"valueRequired\":true,\"valueName\":\"search_term_string\"}}],\"inLanguage\":\"ca\"},{\"@type\":\"Organization\",\"@id\":\"https:\/\/artyplan.com\/ca\/#organization\",\"name\":\"Artyplan\",\"url\":\"https:\/\/artyplan.com\/ca\/\",\"logo\":{\"@type\":\"ImageObject\",\"inLanguage\":\"ca\",\"@id\":\"https:\/\/artyplan.com\/ca\/#\/schema\/logo\/image\/\",\"url\":\"https:\/\/artyplan.com\/wp-content\/uploads\/2025\/12\/Logo-artyplan-690x690-1.png\",\"contentUrl\":\"https:\/\/artyplan.com\/wp-content\/uploads\/2025\/12\/Logo-artyplan-690x690-1.png\",\"width\":690,\"height\":690,\"caption\":\"Artyplan\"},\"image\":{\"@id\":\"https:\/\/artyplan.com\/ca\/#\/schema\/logo\/image\/\"},\"sameAs\":[\"https:\/\/www.facebook.com\/artyplan\",\"https:\/\/www.instagram.com\/artyplan\/\",\"https:\/\/www.linkedin.com\/company\/artyplan\"],\"description\":\"Artyplan \u00e9s una empresa especialitzada en producci\u00f3 gr\u00e0fica i comunicaci\u00f3 visual amb 60 anys dexperi\u00e8ncia. Oferim solucions integrals d'impressi\u00f3 en gran format, PLV i retail, gesti\u00f3 d'esdeveniments i fires, disseny i fabricaci\u00f3 a mida, log\u00edstica i serveis d'instal\u00b7laci\u00f3 a tot el territori. Treballem per a marques, ag\u00e8ncies, espais comercials i institucions que necessiten un partner fiable per desenvolupar campanyes de m\u00e0rqueting, projectes de retail i accions de branding o m\u00e0rqueting. Combinem tecnologia avan\u00e7ada d\u00b4impressi\u00f3 digital, un equip expert i una gesti\u00f3 completa de projectes per garantir qualitat, agilitat i resultats a mida per a cada client. Disposem de plataformes B2B que faciliten als nostres clients la gesti\u00f3 de les comandes de materials impresos aix\u00ed com la log\u00edstica dels mateixos.\",\"email\":\"info@artyplan.com\",\"telephone\":\"+34 93 200 87 99\",\"legalName\":\"Artyplan S.L.\",\"vatID\":\"B61963229\",\"numberOfEmployees\":{\"@type\":\"QuantitativeValue\",\"minValue\":\"51\",\"maxValue\":\"200\"}},{\"@type\":\"Person\",\"@id\":\"https:\/\/artyplan.com\/ca\/#\/schema\/person\/0ef19accced432bc277b8d5248cd2cc0\",\"name\":\"Sergio Triguero\",\"image\":{\"@type\":\"ImageObject\",\"inLanguage\":\"ca\",\"@id\":\"https:\/\/artyplan.com\/ca\/#\/schema\/person\/image\/\",\"url\":\"https:\/\/secure.gravatar.com\/avatar\/c742a95811ffbc635a3d111ab446f278cce576575d14970fd5d56e17580c3f23?s=96&d=mm&r=g\",\"contentUrl\":\"https:\/\/secure.gravatar.com\/avatar\/c742a95811ffbc635a3d111ab446f278cce576575d14970fd5d56e17580c3f23?s=96&d=mm&r=g\",\"caption\":\"Sergio Triguero\"}}]}<\/script>\n<!-- \/ Yoast SEO Premium plugin. -->","yoast_head_json":{"title":"23.\u00aa Edici\u00f3 del Calendari Solidari de Fundaci\u00f3 Talita | Artyplan","description":"Descubre el calendari solidari de Fundaci\u00f3 Talita 2025, que promueve la inclusi\u00f3n de ni\u00f1os con discapacidad intelectual.","robots":{"index":"index","follow":"follow","max-snippet":"max-snippet:-1","max-image-preview":"max-image-preview:large","max-video-preview":"max-video-preview:-1"},"canonical":"https:\/\/artyplan.com\/ca\/blog\/artyplan-collabora-en-la-23a-edicio-del-calendari-solidari-2025-de-la-fundacio-talita\/","og_locale":"ca_ES","og_type":"article","og_title":"Artyplan col\u00b7labora en la 23.\u00aa edici\u00f3 del Calendari Solidari 2025 de la Fundaci\u00f3 Talita","og_description":"Descubre el calendari solidari de Fundaci\u00f3 Talita 2025, que promueve la inclusi\u00f3n de ni\u00f1os con discapacidad intelectual.","og_url":"https:\/\/artyplan.com\/ca\/blog\/artyplan-collabora-en-la-23a-edicio-del-calendari-solidari-2025-de-la-fundacio-talita\/","og_site_name":"Artyplan","article_publisher":"https:\/\/www.facebook.com\/artyplan","article_published_time":"2024-12-08T22:00:00+00:00","article_modified_time":"2025-12-16T13:10:15+00:00","og_image":[{"width":1920,"height":600,"url":"https:\/\/artyplan.com\/wp-content\/uploads\/2025\/09\/fundacio-talita-blog-1.png","type":"image\/png"}],"author":"Sergio Triguero","twitter_card":"summary_large_image","twitter_misc":{"Escrit per":"Sergio Triguero","Temps estimat de lectura":"2 minuts"},"schema":{"@context":"https:\/\/schema.org","@graph":[{"@type":"Article","@id":"https:\/\/artyplan.com\/ca\/blog\/artyplan-collabora-en-la-23a-edicio-del-calendari-solidari-2025-de-la-fundacio-talita\/#article","isPartOf":{"@id":"https:\/\/artyplan.com\/ca\/blog\/artyplan-collabora-en-la-23a-edicio-del-calendari-solidari-2025-de-la-fundacio-talita\/"},"author":{"name":"Sergio Triguero","@id":"https:\/\/artyplan.com\/ca\/#\/schema\/person\/0ef19accced432bc277b8d5248cd2cc0"},"headline":"Artyplan col\u00b7labora en la 23.\u00aa edici\u00f3 del Calendari Solidari 2025 de la Fundaci\u00f3 Talita","datePublished":"2024-12-08T22:00:00+00:00","dateModified":"2025-12-16T13:10:15+00:00","mainEntityOfPage":{"@id":"https:\/\/artyplan.com\/ca\/blog\/artyplan-collabora-en-la-23a-edicio-del-calendari-solidari-2025-de-la-fundacio-talita\/"},"wordCount":409,"publisher":{"@id":"https:\/\/artyplan.com\/ca\/#organization"},"image":{"@id":"https:\/\/artyplan.com\/ca\/blog\/artyplan-collabora-en-la-23a-edicio-del-calendari-solidari-2025-de-la-fundacio-talita\/#primaryimage"},"thumbnailUrl":"https:\/\/artyplan.com\/wp-content\/uploads\/2025\/09\/fundacio-talita-blog-1.png","articleSection":["Noticies","Sense-categoritzar"],"inLanguage":"ca"},{"@type":"WebPage","@id":"https:\/\/artyplan.com\/ca\/blog\/artyplan-collabora-en-la-23a-edicio-del-calendari-solidari-2025-de-la-fundacio-talita\/","url":"https:\/\/artyplan.com\/ca\/blog\/artyplan-collabora-en-la-23a-edicio-del-calendari-solidari-2025-de-la-fundacio-talita\/","name":"23.\u00aa Edici\u00f3 del Calendari Solidari de Fundaci\u00f3 Talita | Artyplan","isPartOf":{"@id":"https:\/\/artyplan.com\/ca\/#website"},"primaryImageOfPage":{"@id":"https:\/\/artyplan.com\/ca\/blog\/artyplan-collabora-en-la-23a-edicio-del-calendari-solidari-2025-de-la-fundacio-talita\/#primaryimage"},"image":{"@id":"https:\/\/artyplan.com\/ca\/blog\/artyplan-collabora-en-la-23a-edicio-del-calendari-solidari-2025-de-la-fundacio-talita\/#primaryimage"},"thumbnailUrl":"https:\/\/artyplan.com\/wp-content\/uploads\/2025\/09\/fundacio-talita-blog-1.png","datePublished":"2024-12-08T22:00:00+00:00","dateModified":"2025-12-16T13:10:15+00:00","description":"Descubre el calendari solidari de Fundaci\u00f3 Talita 2025, que promueve la inclusi\u00f3n de ni\u00f1os con discapacidad intelectual.","breadcrumb":{"@id":"https:\/\/artyplan.com\/ca\/blog\/artyplan-collabora-en-la-23a-edicio-del-calendari-solidari-2025-de-la-fundacio-talita\/#breadcrumb"},"inLanguage":"ca","potentialAction":[{"@type":"ReadAction","target":["https:\/\/artyplan.com\/ca\/blog\/artyplan-collabora-en-la-23a-edicio-del-calendari-solidari-2025-de-la-fundacio-talita\/"]}]},{"@type":"ImageObject","inLanguage":"ca","@id":"https:\/\/artyplan.com\/ca\/blog\/artyplan-collabora-en-la-23a-edicio-del-calendari-solidari-2025-de-la-fundacio-talita\/#primaryimage","url":"https:\/\/artyplan.com\/wp-content\/uploads\/2025\/09\/fundacio-talita-blog-1.png","contentUrl":"https:\/\/artyplan.com\/wp-content\/uploads\/2025\/09\/fundacio-talita-blog-1.png","width":1920,"height":600,"caption":"fundacion talita calendario"},{"@type":"BreadcrumbList","@id":"https:\/\/artyplan.com\/ca\/blog\/artyplan-collabora-en-la-23a-edicio-del-calendari-solidari-2025-de-la-fundacio-talita\/#breadcrumb","itemListElement":[{"@type":"ListItem","position":1,"name":"Artyplan","item":"https:\/\/artyplan.com\/ca\/"},{"@type":"ListItem","position":2,"name":"Artyplan col\u00b7labora en la 23.\u00aa edici\u00f3 del Calendari Solidari 2025 de la Fundaci\u00f3 Talita"}]},{"@type":"WebSite","@id":"https:\/\/artyplan.com\/ca\/#website","url":"https:\/\/artyplan.com\/ca\/","name":"Artyplan","description":"","publisher":{"@id":"https:\/\/artyplan.com\/ca\/#organization"},"potentialAction":[{"@type":"SearchAction","target":{"@type":"EntryPoint","urlTemplate":"https:\/\/artyplan.com\/ca\/?s={search_term_string}"},"query-input":{"@type":"PropertyValueSpecification","valueRequired":true,"valueName":"search_term_string"}}],"inLanguage":"ca"},{"@type":"Organization","@id":"https:\/\/artyplan.com\/ca\/#organization","name":"Artyplan","url":"https:\/\/artyplan.com\/ca\/","logo":{"@type":"ImageObject","inLanguage":"ca","@id":"https:\/\/artyplan.com\/ca\/#\/schema\/logo\/image\/","url":"https:\/\/artyplan.com\/wp-content\/uploads\/2025\/12\/Logo-artyplan-690x690-1.png","contentUrl":"https:\/\/artyplan.com\/wp-content\/uploads\/2025\/12\/Logo-artyplan-690x690-1.png","width":690,"height":690,"caption":"Artyplan"},"image":{"@id":"https:\/\/artyplan.com\/ca\/#\/schema\/logo\/image\/"},"sameAs":["https:\/\/www.facebook.com\/artyplan","https:\/\/www.instagram.com\/artyplan\/","https:\/\/www.linkedin.com\/company\/artyplan"],"description":"Artyplan \u00e9s una empresa especialitzada en producci\u00f3 gr\u00e0fica i comunicaci\u00f3 visual amb 60 anys dexperi\u00e8ncia. Oferim solucions integrals d'impressi\u00f3 en gran format, PLV i retail, gesti\u00f3 d'esdeveniments i fires, disseny i fabricaci\u00f3 a mida, log\u00edstica i serveis d'instal\u00b7laci\u00f3 a tot el territori. Treballem per a marques, ag\u00e8ncies, espais comercials i institucions que necessiten un partner fiable per desenvolupar campanyes de m\u00e0rqueting, projectes de retail i accions de branding o m\u00e0rqueting. Combinem tecnologia avan\u00e7ada d\u00b4impressi\u00f3 digital, un equip expert i una gesti\u00f3 completa de projectes per garantir qualitat, agilitat i resultats a mida per a cada client. Disposem de plataformes B2B que faciliten als nostres clients la gesti\u00f3 de les comandes de materials impresos aix\u00ed com la log\u00edstica dels mateixos.","email":"info@artyplan.com","telephone":"+34 93 200 87 99","legalName":"Artyplan S.L.","vatID":"B61963229","numberOfEmployees":{"@type":"QuantitativeValue","minValue":"51","maxValue":"200"}},{"@type":"Person","@id":"https:\/\/artyplan.com\/ca\/#\/schema\/person\/0ef19accced432bc277b8d5248cd2cc0","name":"Sergio Triguero","image":{"@type":"ImageObject","inLanguage":"ca","@id":"https:\/\/artyplan.com\/ca\/#\/schema\/person\/image\/","url":"https:\/\/secure.gravatar.com\/avatar\/c742a95811ffbc635a3d111ab446f278cce576575d14970fd5d56e17580c3f23?s=96&d=mm&r=g","contentUrl":"https:\/\/secure.gravatar.com\/avatar\/c742a95811ffbc635a3d111ab446f278cce576575d14970fd5d56e17580c3f23?s=96&d=mm&r=g","caption":"Sergio Triguero"}}]}},"_links":{"self":[{"href":"https:\/\/artyplan.com\/ca\/wp-json\/wp\/v2\/posts\/6053","targetHints":{"allow":["GET"]}}],"collection":[{"href":"https:\/\/artyplan.com\/ca\/wp-json\/wp\/v2\/posts"}],"about":[{"href":"https:\/\/artyplan.com\/ca\/wp-json\/wp\/v2\/types\/post"}],"author":[{"embeddable":true,"href":"https:\/\/artyplan.com\/ca\/wp-json\/wp\/v2\/users\/3"}],"replies":[{"embeddable":true,"href":"https:\/\/artyplan.com\/ca\/wp-json\/wp\/v2\/comments?post=6053"}],"version-history":[{"count":1,"href":"https:\/\/artyplan.com\/ca\/wp-json\/wp\/v2\/posts\/6053\/revisions"}],"predecessor-version":[{"id":6835,"href":"https:\/\/artyplan.com\/ca\/wp-json\/wp\/v2\/posts\/6053\/revisions\/6835"}],"wp:featuredmedia":[{"embeddable":true,"href":"https:\/\/artyplan.com\/ca\/wp-json\/wp\/v2\/media\/6052"}],"wp:attachment":[{"href":"https:\/\/artyplan.com\/ca\/wp-json\/wp\/v2\/media?parent=6053"}],"wp:term":[{"taxonomy":"category","embeddable":true,"href":"https:\/\/artyplan.com\/ca\/wp-json\/wp\/v2\/categories?post=6053"},{"taxonomy":"post_tag","embeddable":true,"href":"https:\/\/artyplan.com\/ca\/wp-json\/wp\/v2\/tags?post=6053"}],"curies":[{"name":"wp","href":"https:\/\/api.w.org\/{rel}","templated":true}]}}