{"id":6058,"date":"2024-12-10T00:00:00","date_gmt":"2024-12-09T22:00:00","guid":{"rendered":"https:\/\/preweb.artyplan.com\/sin-categorizar\/digitalitzacio-de-fons-historics-per-a-organismes-culturals-preservacio-i-acces-al-patrimoni-documental\/"},"modified":"2026-01-30T12:17:12","modified_gmt":"2026-01-30T10:17:12","slug":"digitalitzacio-de-fons-historics-per-a-organismes-culturals-preservacio-i-acces-al-patrimoni-documental","status":"publish","type":"post","link":"https:\/\/artyplan.com\/ca\/blog\/digitalitzacio-de-fons-historics-per-a-organismes-culturals-preservacio-i-acces-al-patrimoni-documental\/","title":{"rendered":"Digitalitzaci\u00f3 de fons hist\u00f2rics per a organismes culturals"},"content":{"rendered":"<p>La riquesa dels fons hist\u00f2rics d&#8217;organismes culturals, com a associacions teatrals, museus i biblioteques, \u00e9s innegable. Aquests arxius desen anys d&#8217;hist\u00f2ria en forma de manuscrits, programes de m\u00e0, cartells, partitures i fotografies, tots ells testimonis del llegat art\u00edstic i cultural d&#8217;una instituci\u00f3. No obstant aix\u00f2, preservar i posar en valor aquest patrimoni exigeix solucions modernes com la digitalitzaci\u00f3, que no sols garanteix la conservaci\u00f3 a llarg termini, sin\u00f3 que tamb\u00e9 facilita l&#8217;acc\u00e9s i la consulta.<\/p>\n<p>En aquest article, abordarem com la digitalitzaci\u00f3 es converteix en una eina essencial per a les institucions culturals, explorant els tipus de documents que poden beneficiar-se d&#8217;aquest proc\u00e9s, els seus desafiaments i les possibilitats que ofereix per al futur.<\/p>\n<h2>Qu\u00e8 implica digitalitzar fons hist\u00f2rics culturals?<\/h2>\n<p>Digitalitzar un fons hist\u00f2ric no \u00e9s simplement convertir un document f\u00edsic en un arxiu digital. \u00c9s un proc\u00e9s meticul\u00f3s que exigeix respectar la integritat del material, garantir la m\u00e0xima qualitat de les reproduccions i organitzar els arxius de manera eficient per a la seva consulta.<\/p>\n<h2>Tipus de documents comuns en fons hist\u00f2rics culturals<img fetchpriority=\"high\" decoding=\"async\" class=\"size-medium wp-image-13798 alignright\" style=\"font-size: 16px;\" src=\"https:\/\/preweb.artyplan.com\/wp-content\/uploads\/2025\/09\/digitalizacion-de-fotos-antiguas-scaled.jpeg\" alt=\"digitalizaci\u00f3n de fotos antiguar\" width=\"300\" height=\"216\" \/><\/h2>\n<ul>\n<li><strong>Manuscrits<\/strong><\/li>\n<\/ul>\n<p>Escrits originals que reflecteixen decisions, pensaments o creacions art\u00edstiques d&#8217;\u00e8poques passades. La seva digitalitzaci\u00f3 garanteix que no es perdin amb el temps.<\/p>\n<ul>\n<li><strong>Partitures musicals<\/strong><\/li>\n<\/ul>\n<p>Documents essencials per a preservar la mem\u00f2ria musical d&#8217;una instituci\u00f3. La seva conversi\u00f3 en arxius digitals permet la seva consulta i an\u00e0lisi sense riscos de deterioraci\u00f3.<\/p>\n<ul>\n<li><strong>Programes de m\u00e0 i cartells<\/strong><\/li>\n<\/ul>\n<p>Aquestes peces documentals s\u00f3n una finestra al passat d&#8217;esdeveniments culturals i activitats institucionals. Digitalitzar-les les converteix en recursos accessibles per a exposicions i estudis.<\/p>\n<ul>\n<li><strong>Fotografies hist\u00f2riques<\/strong><\/li>\n<\/ul>\n<p>Imatges que narren la hist\u00f2ria visual d&#8217;una organitzaci\u00f3. La digitalitzaci\u00f3 permet restaurar-les, preservar-les i compartir-les f\u00e0cilment.<\/p>\n<ul>\n<li><strong>Factures i documents administratius antics<\/strong><\/li>\n<\/ul>\n<p>M\u00e9s enll\u00e0 de la part art\u00edstica, aquests documents ajuden a entendre l&#8217;evoluci\u00f3 de la gesti\u00f3 econ\u00f2mica d&#8217;una entitat.<\/p>\n<h2>Beneficis clau per a institucions culturals<\/h2>\n<ul>\n<li><strong>Preservaci\u00f3 i protecci\u00f3<\/strong><\/li>\n<\/ul>\n<p>El pas del temps, les condicions ambientals i la manipulaci\u00f3 freq\u00fcent deterioren els materials f\u00edsics. La digitalitzaci\u00f3 garanteix la preservaci\u00f3 de documents \u00fanics i la seva disponibilitat per a futures generacions.<\/p>\n<ul>\n<li><strong>Consulta sense riscos<\/strong><\/li>\n<\/ul>\n<p>Gr\u00e0cies als arxius digitals, \u00e9s possible accedir a documents sense manipular els originals, reduint aix\u00ed el desgast i preservant el seu estat original.<\/p>\n<ul>\n<li><strong>Difusi\u00f3 del patrimoni cultural<\/strong><\/li>\n<\/ul>\n<p>Una vegada digitalitzats, aquests materials poden compartir-se f\u00e0cilment a trav\u00e9s de plataformes en l\u00ednia, exposicions virtuals o publicacions, acostant el patrimoni cultural a un p\u00fablic global.<\/p>\n<ul>\n<li><strong>Optimitzaci\u00f3 de l&#8217;emmagatzematge<\/strong><\/li>\n<\/ul>\n<p>Els arxius digitals requereixen menys espai f\u00edsic i s\u00f3n m\u00e9s f\u00e0cils de gestionar. Aix\u00f2 \u00e9s especialment valu\u00f3s per a institucions amb grans volums de documents hist\u00f2rics.<\/p>\n<ul>\n<li><strong>Recerca i desenvolupament<\/strong><\/li>\n<\/ul>\n<p>La digitalitzaci\u00f3 permet que historiadors, investigadors i artistes contemporanis explorin els arxius amb major profunditat, potenciant noves creacions i estudis basats en el patrimoni existent.<\/p>\n<h2>El proc\u00e9s de digitalitzaci\u00f3 en institucions culturals<\/h2>\n<ul>\n<li><strong>An\u00e0lisis i classificaci\u00f3 del material<\/strong><\/li>\n<\/ul>\n<p>\u00c9s essencial avaluar i classificar el fons documental, prioritzant els materials m\u00e9s fr\u00e0gils o de major rellev\u00e0ncia hist\u00f2rica.<\/p>\n<ul>\n<li><strong>\u00das de tecnologia especialitzada<\/strong><\/li>\n<\/ul>\n<p>La digitalitzaci\u00f3 de documents hist\u00f2rics culturals requereix equips avan\u00e7ats, com a esc\u00e0ners d&#8217;alta resoluci\u00f3 i dispositius m\u00f2bils per a treballar in situ en instal\u00b7lacions com a arxius o biblioteques.<\/p>\n<ul>\n<li><strong>Compliment d&#8217;est\u00e0ndards de preservaci\u00f3<\/strong><\/li>\n<\/ul>\n<p>La digitalitzaci\u00f3 ha de seguir est\u00e0ndards internacionals, com els exigits per entitats de conservaci\u00f3 documental, per a garantir la qualitat i la longevitat dels arxius digitals.<\/p>\n<ul>\n<li><strong>Organitzaci\u00f3 i gesti\u00f3 dels arxius<\/strong><\/li>\n<\/ul>\n<p>Una vegada digitalitzats, els documents han d&#8217;emmagatzemar-se en un sistema de gesti\u00f3 documental que faciliti el seu acc\u00e9s i consulta. Aix\u00f2 inclou l&#8217;\u00fas de metadades per a catalogar-los adequadament.<\/p>\n<ul>\n<li><strong>C\u00f2pies de seguretat i seguretat digital<\/strong><\/li>\n<\/ul>\n<p>Garantir la protecci\u00f3 enfront de ciberatacs o p\u00e8rdues accidentals \u00e9s crucial, per la qual cosa \u00e9s imprescindible comptar amb c\u00f2pies de seguretat i sistemes d&#8217;encriptaci\u00f3.<\/p>\n<h2>Casos d&#8217;\u00fas i oportunitats<\/h2>\n<ul>\n<li><strong>Creaci\u00f3 d&#8217;exposicions digitals<\/strong><\/li>\n<\/ul>\n<p>Els programes de m\u00e0, cartells i fotografies hist\u00f2riques digitalitzats poden utilitzar-se per a crear exposicions virtuals que narrin l&#8217;evoluci\u00f3 d&#8217;una instituci\u00f3 cultural.<\/p>\n<ul>\n<li><strong>Col\u00b7laboracions amb artistes i investigadors<\/strong><\/li>\n<\/ul>\n<p>La digitalitzaci\u00f3 facilita l&#8217;acc\u00e9s als arxius per a artistes i investigadors, inspirant noves obres o estudis basats en el llegat hist\u00f2ric de la instituci\u00f3.<\/p>\n<ul>\n<li><strong>Conservaci\u00f3 de la m\u00fasica i les arts esc\u00e8niques<\/strong><\/li>\n<\/ul>\n<p>La digitalitzaci\u00f3 de partitures i manuscrits assegura que el patrimoni musical i esc\u00e8nic d&#8217;una organitzaci\u00f3 pugui continuar viu i accessible per a les generacions futures.<\/p>\n<h2>Un llegat etern<\/h2>\n<p>La<a href=\"https:\/\/artyplan.com\/ca\/serveis\/digitalitzacio-i-gestio-documental\/\" target=\"_blank\" rel=\"noopener\"> digitalitzaci\u00f3 de fons hist\u00f2rics culturals<\/a> \u00e9s una inversi\u00f3 en el futur. Permet a les institucions no sols preservar el seu patrimoni, sin\u00f3 tamb\u00e9 fer-ho accessible i rellevant per a un p\u00fablic m\u00e9s ampli. \u00c9s un proc\u00e9s que uneix passat i present, oferint noves oportunitats per a la creativitat, l&#8217;educaci\u00f3 i la difusi\u00f3 cultural.<\/p>\n<p>El nostre comprom\u00eds \u00e9s ajudar-te a protegir el teu llegat i donar-li una nova vida en el m\u00f3n digital. Contacta&#8217;ns per a comen\u00e7ar a transformar el teu patrimoni documental.<\/p>\n","protected":false},"excerpt":{"rendered":"<p>La riquesa dels fons hist\u00f2rics d&#8217;organismes culturals, com a associacions teatrals, museus i biblioteques, \u00e9s innegable. Aquests arxius desen anys d&#8217;hist\u00f2ria en forma de manuscrits, programes de m\u00e0, cartells, partitures i fotografies, tots ells testimonis del llegat art\u00edstic i cultural d&#8217;una instituci\u00f3. No obstant aix\u00f2, preservar i posar en valor aquest patrimoni exigeix solucions modernes [&hellip;]<\/p>\n","protected":false},"author":3,"featured_media":7537,"comment_status":"closed","ping_status":"closed","sticky":false,"template":"","format":"standard","meta":{"footnotes":""},"categories":[35,54],"tags":[],"class_list":["post-6058","post","type-post","status-publish","format-standard","has-post-thumbnail","hentry","category-noticias","category-noticies-ca"],"yoast_head":"<!-- This site is optimized with the Yoast SEO Premium plugin v26.5 (Yoast SEO v26.5) - https:\/\/yoast.com\/wordpress\/plugins\/seo\/ -->\n<title>Digitalitzaci\u00f3 de fons hist\u00f2rics per a organismes culturals<\/title>\n<meta name=\"description\" content=\"La digitalitzaci\u00f3 de fons hist\u00f2rics culturals protegeix manuscrits, partitures i fotografies, preservant-los i facilitant el seu acc\u00e9s.\" \/>\n<meta name=\"robots\" content=\"index, follow, max-snippet:-1, max-image-preview:large, max-video-preview:-1\" \/>\n<link rel=\"canonical\" href=\"https:\/\/artyplan.com\/ca\/blog\/digitalitzacio-de-fons-historics-per-a-organismes-culturals-preservacio-i-acces-al-patrimoni-documental\/\" \/>\n<meta property=\"og:locale\" content=\"ca_ES\" \/>\n<meta property=\"og:type\" content=\"article\" \/>\n<meta property=\"og:title\" content=\"Digitalitzaci\u00f3 de fons hist\u00f2rics per a organismes culturals\" \/>\n<meta property=\"og:description\" content=\"La digitalitzaci\u00f3 de fons hist\u00f2rics culturals protegeix manuscrits, partitures i fotografies, preservant-los i facilitant el seu acc\u00e9s.\" \/>\n<meta property=\"og:url\" content=\"https:\/\/artyplan.com\/ca\/blog\/digitalitzacio-de-fons-historics-per-a-organismes-culturals-preservacio-i-acces-al-patrimoni-documental\/\" \/>\n<meta property=\"og:site_name\" content=\"Artyplan\" \/>\n<meta property=\"article:publisher\" content=\"https:\/\/www.facebook.com\/artyplan\" \/>\n<meta property=\"article:published_time\" content=\"2024-12-09T22:00:00+00:00\" \/>\n<meta property=\"article:modified_time\" content=\"2026-01-30T10:17:12+00:00\" \/>\n<meta property=\"og:image\" content=\"https:\/\/artyplan.com\/wp-content\/uploads\/2025\/09\/digitalizacion-fondo-historico-cultural-scaled-1.jpeg\" \/>\n\t<meta property=\"og:image:width\" content=\"2560\" \/>\n\t<meta property=\"og:image:height\" content=\"1435\" \/>\n\t<meta property=\"og:image:type\" content=\"image\/jpeg\" \/>\n<meta name=\"author\" content=\"Sergio Triguero\" \/>\n<meta name=\"twitter:card\" content=\"summary_large_image\" \/>\n<meta name=\"twitter:label1\" content=\"Escrit per\" \/>\n\t<meta name=\"twitter:data1\" content=\"Sergio Triguero\" \/>\n\t<meta name=\"twitter:label2\" content=\"Temps estimat de lectura\" \/>\n\t<meta name=\"twitter:data2\" content=\"4 minuts\" \/>\n<script type=\"application\/ld+json\" class=\"yoast-schema-graph\">{\"@context\":\"https:\/\/schema.org\",\"@graph\":[{\"@type\":\"Article\",\"@id\":\"https:\/\/artyplan.com\/ca\/blog\/digitalitzacio-de-fons-historics-per-a-organismes-culturals-preservacio-i-acces-al-patrimoni-documental\/#article\",\"isPartOf\":{\"@id\":\"https:\/\/artyplan.com\/ca\/blog\/digitalitzacio-de-fons-historics-per-a-organismes-culturals-preservacio-i-acces-al-patrimoni-documental\/\"},\"author\":{\"name\":\"Sergio Triguero\",\"@id\":\"https:\/\/artyplan.com\/ca\/#\/schema\/person\/0ef19accced432bc277b8d5248cd2cc0\"},\"headline\":\"Digitalitzaci\u00f3 de fons hist\u00f2rics per a organismes culturals\",\"datePublished\":\"2024-12-09T22:00:00+00:00\",\"dateModified\":\"2026-01-30T10:17:12+00:00\",\"mainEntityOfPage\":{\"@id\":\"https:\/\/artyplan.com\/ca\/blog\/digitalitzacio-de-fons-historics-per-a-organismes-culturals-preservacio-i-acces-al-patrimoni-documental\/\"},\"wordCount\":882,\"publisher\":{\"@id\":\"https:\/\/artyplan.com\/ca\/#organization\"},\"image\":{\"@id\":\"https:\/\/artyplan.com\/ca\/blog\/digitalitzacio-de-fons-historics-per-a-organismes-culturals-preservacio-i-acces-al-patrimoni-documental\/#primaryimage\"},\"thumbnailUrl\":\"https:\/\/artyplan.com\/wp-content\/uploads\/2025\/09\/digitalizacion-fondo-historico-cultural-scaled-1.jpeg\",\"articleSection\":[\"Noticias\",\"Noticies\"],\"inLanguage\":\"ca\"},{\"@type\":\"WebPage\",\"@id\":\"https:\/\/artyplan.com\/ca\/blog\/digitalitzacio-de-fons-historics-per-a-organismes-culturals-preservacio-i-acces-al-patrimoni-documental\/\",\"url\":\"https:\/\/artyplan.com\/ca\/blog\/digitalitzacio-de-fons-historics-per-a-organismes-culturals-preservacio-i-acces-al-patrimoni-documental\/\",\"name\":\"Digitalitzaci\u00f3 de fons hist\u00f2rics per a organismes culturals\",\"isPartOf\":{\"@id\":\"https:\/\/artyplan.com\/ca\/#website\"},\"primaryImageOfPage\":{\"@id\":\"https:\/\/artyplan.com\/ca\/blog\/digitalitzacio-de-fons-historics-per-a-organismes-culturals-preservacio-i-acces-al-patrimoni-documental\/#primaryimage\"},\"image\":{\"@id\":\"https:\/\/artyplan.com\/ca\/blog\/digitalitzacio-de-fons-historics-per-a-organismes-culturals-preservacio-i-acces-al-patrimoni-documental\/#primaryimage\"},\"thumbnailUrl\":\"https:\/\/artyplan.com\/wp-content\/uploads\/2025\/09\/digitalizacion-fondo-historico-cultural-scaled-1.jpeg\",\"datePublished\":\"2024-12-09T22:00:00+00:00\",\"dateModified\":\"2026-01-30T10:17:12+00:00\",\"description\":\"La digitalitzaci\u00f3 de fons hist\u00f2rics culturals protegeix manuscrits, partitures i fotografies, preservant-los i facilitant el seu acc\u00e9s.\",\"breadcrumb\":{\"@id\":\"https:\/\/artyplan.com\/ca\/blog\/digitalitzacio-de-fons-historics-per-a-organismes-culturals-preservacio-i-acces-al-patrimoni-documental\/#breadcrumb\"},\"inLanguage\":\"ca\",\"potentialAction\":[{\"@type\":\"ReadAction\",\"target\":[\"https:\/\/artyplan.com\/ca\/blog\/digitalitzacio-de-fons-historics-per-a-organismes-culturals-preservacio-i-acces-al-patrimoni-documental\/\"]}]},{\"@type\":\"ImageObject\",\"inLanguage\":\"ca\",\"@id\":\"https:\/\/artyplan.com\/ca\/blog\/digitalitzacio-de-fons-historics-per-a-organismes-culturals-preservacio-i-acces-al-patrimoni-documental\/#primaryimage\",\"url\":\"https:\/\/artyplan.com\/wp-content\/uploads\/2025\/09\/digitalizacion-fondo-historico-cultural-scaled-1.jpeg\",\"contentUrl\":\"https:\/\/artyplan.com\/wp-content\/uploads\/2025\/09\/digitalizacion-fondo-historico-cultural-scaled-1.jpeg\",\"width\":2560,\"height\":1435,\"caption\":\"digitalizacion fondo historico cultural|digitalizaci\u00f3n de fotos antiguar\"},{\"@type\":\"BreadcrumbList\",\"@id\":\"https:\/\/artyplan.com\/ca\/blog\/digitalitzacio-de-fons-historics-per-a-organismes-culturals-preservacio-i-acces-al-patrimoni-documental\/#breadcrumb\",\"itemListElement\":[{\"@type\":\"ListItem\",\"position\":1,\"name\":\"Artyplan\",\"item\":\"https:\/\/artyplan.com\/ca\/\"},{\"@type\":\"ListItem\",\"position\":2,\"name\":\"Digitalitzaci\u00f3 de fons hist\u00f2rics per a organismes culturals\"}]},{\"@type\":\"WebSite\",\"@id\":\"https:\/\/artyplan.com\/ca\/#website\",\"url\":\"https:\/\/artyplan.com\/ca\/\",\"name\":\"Artyplan\",\"description\":\"\",\"publisher\":{\"@id\":\"https:\/\/artyplan.com\/ca\/#organization\"},\"potentialAction\":[{\"@type\":\"SearchAction\",\"target\":{\"@type\":\"EntryPoint\",\"urlTemplate\":\"https:\/\/artyplan.com\/ca\/?s={search_term_string}\"},\"query-input\":{\"@type\":\"PropertyValueSpecification\",\"valueRequired\":true,\"valueName\":\"search_term_string\"}}],\"inLanguage\":\"ca\"},{\"@type\":\"Organization\",\"@id\":\"https:\/\/artyplan.com\/ca\/#organization\",\"name\":\"Artyplan\",\"url\":\"https:\/\/artyplan.com\/ca\/\",\"logo\":{\"@type\":\"ImageObject\",\"inLanguage\":\"ca\",\"@id\":\"https:\/\/artyplan.com\/ca\/#\/schema\/logo\/image\/\",\"url\":\"https:\/\/artyplan.com\/wp-content\/uploads\/2025\/12\/Logo-artyplan-690x690-1.png\",\"contentUrl\":\"https:\/\/artyplan.com\/wp-content\/uploads\/2025\/12\/Logo-artyplan-690x690-1.png\",\"width\":690,\"height\":690,\"caption\":\"Artyplan\"},\"image\":{\"@id\":\"https:\/\/artyplan.com\/ca\/#\/schema\/logo\/image\/\"},\"sameAs\":[\"https:\/\/www.facebook.com\/artyplan\",\"https:\/\/www.instagram.com\/artyplan\/\",\"https:\/\/www.linkedin.com\/company\/artyplan\"],\"description\":\"Artyplan \u00e9s una empresa especialitzada en producci\u00f3 gr\u00e0fica i comunicaci\u00f3 visual amb 60 anys dexperi\u00e8ncia. Oferim solucions integrals d'impressi\u00f3 en gran format, PLV i retail, gesti\u00f3 d'esdeveniments i fires, disseny i fabricaci\u00f3 a mida, log\u00edstica i serveis d'instal\u00b7laci\u00f3 a tot el territori. Treballem per a marques, ag\u00e8ncies, espais comercials i institucions que necessiten un partner fiable per desenvolupar campanyes de m\u00e0rqueting, projectes de retail i accions de branding o m\u00e0rqueting. Combinem tecnologia avan\u00e7ada d\u00b4impressi\u00f3 digital, un equip expert i una gesti\u00f3 completa de projectes per garantir qualitat, agilitat i resultats a mida per a cada client. Disposem de plataformes B2B que faciliten als nostres clients la gesti\u00f3 de les comandes de materials impresos aix\u00ed com la log\u00edstica dels mateixos.\",\"email\":\"info@artyplan.com\",\"telephone\":\"+34 93 200 87 99\",\"legalName\":\"Artyplan S.L.\",\"vatID\":\"B61963229\",\"numberOfEmployees\":{\"@type\":\"QuantitativeValue\",\"minValue\":\"51\",\"maxValue\":\"200\"}},{\"@type\":\"Person\",\"@id\":\"https:\/\/artyplan.com\/ca\/#\/schema\/person\/0ef19accced432bc277b8d5248cd2cc0\",\"name\":\"Sergio Triguero\",\"image\":{\"@type\":\"ImageObject\",\"inLanguage\":\"ca\",\"@id\":\"https:\/\/artyplan.com\/ca\/#\/schema\/person\/image\/\",\"url\":\"https:\/\/secure.gravatar.com\/avatar\/c742a95811ffbc635a3d111ab446f278cce576575d14970fd5d56e17580c3f23?s=96&d=mm&r=g\",\"contentUrl\":\"https:\/\/secure.gravatar.com\/avatar\/c742a95811ffbc635a3d111ab446f278cce576575d14970fd5d56e17580c3f23?s=96&d=mm&r=g\",\"caption\":\"Sergio Triguero\"}}]}<\/script>\n<!-- \/ Yoast SEO Premium plugin. -->","yoast_head_json":{"title":"Digitalitzaci\u00f3 de fons hist\u00f2rics per a organismes culturals","description":"La digitalitzaci\u00f3 de fons hist\u00f2rics culturals protegeix manuscrits, partitures i fotografies, preservant-los i facilitant el seu acc\u00e9s.","robots":{"index":"index","follow":"follow","max-snippet":"max-snippet:-1","max-image-preview":"max-image-preview:large","max-video-preview":"max-video-preview:-1"},"canonical":"https:\/\/artyplan.com\/ca\/blog\/digitalitzacio-de-fons-historics-per-a-organismes-culturals-preservacio-i-acces-al-patrimoni-documental\/","og_locale":"ca_ES","og_type":"article","og_title":"Digitalitzaci\u00f3 de fons hist\u00f2rics per a organismes culturals","og_description":"La digitalitzaci\u00f3 de fons hist\u00f2rics culturals protegeix manuscrits, partitures i fotografies, preservant-los i facilitant el seu acc\u00e9s.","og_url":"https:\/\/artyplan.com\/ca\/blog\/digitalitzacio-de-fons-historics-per-a-organismes-culturals-preservacio-i-acces-al-patrimoni-documental\/","og_site_name":"Artyplan","article_publisher":"https:\/\/www.facebook.com\/artyplan","article_published_time":"2024-12-09T22:00:00+00:00","article_modified_time":"2026-01-30T10:17:12+00:00","og_image":[{"width":2560,"height":1435,"url":"https:\/\/artyplan.com\/wp-content\/uploads\/2025\/09\/digitalizacion-fondo-historico-cultural-scaled-1.jpeg","type":"image\/jpeg"}],"author":"Sergio Triguero","twitter_card":"summary_large_image","twitter_misc":{"Escrit per":"Sergio Triguero","Temps estimat de lectura":"4 minuts"},"schema":{"@context":"https:\/\/schema.org","@graph":[{"@type":"Article","@id":"https:\/\/artyplan.com\/ca\/blog\/digitalitzacio-de-fons-historics-per-a-organismes-culturals-preservacio-i-acces-al-patrimoni-documental\/#article","isPartOf":{"@id":"https:\/\/artyplan.com\/ca\/blog\/digitalitzacio-de-fons-historics-per-a-organismes-culturals-preservacio-i-acces-al-patrimoni-documental\/"},"author":{"name":"Sergio Triguero","@id":"https:\/\/artyplan.com\/ca\/#\/schema\/person\/0ef19accced432bc277b8d5248cd2cc0"},"headline":"Digitalitzaci\u00f3 de fons hist\u00f2rics per a organismes culturals","datePublished":"2024-12-09T22:00:00+00:00","dateModified":"2026-01-30T10:17:12+00:00","mainEntityOfPage":{"@id":"https:\/\/artyplan.com\/ca\/blog\/digitalitzacio-de-fons-historics-per-a-organismes-culturals-preservacio-i-acces-al-patrimoni-documental\/"},"wordCount":882,"publisher":{"@id":"https:\/\/artyplan.com\/ca\/#organization"},"image":{"@id":"https:\/\/artyplan.com\/ca\/blog\/digitalitzacio-de-fons-historics-per-a-organismes-culturals-preservacio-i-acces-al-patrimoni-documental\/#primaryimage"},"thumbnailUrl":"https:\/\/artyplan.com\/wp-content\/uploads\/2025\/09\/digitalizacion-fondo-historico-cultural-scaled-1.jpeg","articleSection":["Noticias","Noticies"],"inLanguage":"ca"},{"@type":"WebPage","@id":"https:\/\/artyplan.com\/ca\/blog\/digitalitzacio-de-fons-historics-per-a-organismes-culturals-preservacio-i-acces-al-patrimoni-documental\/","url":"https:\/\/artyplan.com\/ca\/blog\/digitalitzacio-de-fons-historics-per-a-organismes-culturals-preservacio-i-acces-al-patrimoni-documental\/","name":"Digitalitzaci\u00f3 de fons hist\u00f2rics per a organismes culturals","isPartOf":{"@id":"https:\/\/artyplan.com\/ca\/#website"},"primaryImageOfPage":{"@id":"https:\/\/artyplan.com\/ca\/blog\/digitalitzacio-de-fons-historics-per-a-organismes-culturals-preservacio-i-acces-al-patrimoni-documental\/#primaryimage"},"image":{"@id":"https:\/\/artyplan.com\/ca\/blog\/digitalitzacio-de-fons-historics-per-a-organismes-culturals-preservacio-i-acces-al-patrimoni-documental\/#primaryimage"},"thumbnailUrl":"https:\/\/artyplan.com\/wp-content\/uploads\/2025\/09\/digitalizacion-fondo-historico-cultural-scaled-1.jpeg","datePublished":"2024-12-09T22:00:00+00:00","dateModified":"2026-01-30T10:17:12+00:00","description":"La digitalitzaci\u00f3 de fons hist\u00f2rics culturals protegeix manuscrits, partitures i fotografies, preservant-los i facilitant el seu acc\u00e9s.","breadcrumb":{"@id":"https:\/\/artyplan.com\/ca\/blog\/digitalitzacio-de-fons-historics-per-a-organismes-culturals-preservacio-i-acces-al-patrimoni-documental\/#breadcrumb"},"inLanguage":"ca","potentialAction":[{"@type":"ReadAction","target":["https:\/\/artyplan.com\/ca\/blog\/digitalitzacio-de-fons-historics-per-a-organismes-culturals-preservacio-i-acces-al-patrimoni-documental\/"]}]},{"@type":"ImageObject","inLanguage":"ca","@id":"https:\/\/artyplan.com\/ca\/blog\/digitalitzacio-de-fons-historics-per-a-organismes-culturals-preservacio-i-acces-al-patrimoni-documental\/#primaryimage","url":"https:\/\/artyplan.com\/wp-content\/uploads\/2025\/09\/digitalizacion-fondo-historico-cultural-scaled-1.jpeg","contentUrl":"https:\/\/artyplan.com\/wp-content\/uploads\/2025\/09\/digitalizacion-fondo-historico-cultural-scaled-1.jpeg","width":2560,"height":1435,"caption":"digitalizacion fondo historico cultural|digitalizaci\u00f3n de fotos antiguar"},{"@type":"BreadcrumbList","@id":"https:\/\/artyplan.com\/ca\/blog\/digitalitzacio-de-fons-historics-per-a-organismes-culturals-preservacio-i-acces-al-patrimoni-documental\/#breadcrumb","itemListElement":[{"@type":"ListItem","position":1,"name":"Artyplan","item":"https:\/\/artyplan.com\/ca\/"},{"@type":"ListItem","position":2,"name":"Digitalitzaci\u00f3 de fons hist\u00f2rics per a organismes culturals"}]},{"@type":"WebSite","@id":"https:\/\/artyplan.com\/ca\/#website","url":"https:\/\/artyplan.com\/ca\/","name":"Artyplan","description":"","publisher":{"@id":"https:\/\/artyplan.com\/ca\/#organization"},"potentialAction":[{"@type":"SearchAction","target":{"@type":"EntryPoint","urlTemplate":"https:\/\/artyplan.com\/ca\/?s={search_term_string}"},"query-input":{"@type":"PropertyValueSpecification","valueRequired":true,"valueName":"search_term_string"}}],"inLanguage":"ca"},{"@type":"Organization","@id":"https:\/\/artyplan.com\/ca\/#organization","name":"Artyplan","url":"https:\/\/artyplan.com\/ca\/","logo":{"@type":"ImageObject","inLanguage":"ca","@id":"https:\/\/artyplan.com\/ca\/#\/schema\/logo\/image\/","url":"https:\/\/artyplan.com\/wp-content\/uploads\/2025\/12\/Logo-artyplan-690x690-1.png","contentUrl":"https:\/\/artyplan.com\/wp-content\/uploads\/2025\/12\/Logo-artyplan-690x690-1.png","width":690,"height":690,"caption":"Artyplan"},"image":{"@id":"https:\/\/artyplan.com\/ca\/#\/schema\/logo\/image\/"},"sameAs":["https:\/\/www.facebook.com\/artyplan","https:\/\/www.instagram.com\/artyplan\/","https:\/\/www.linkedin.com\/company\/artyplan"],"description":"Artyplan \u00e9s una empresa especialitzada en producci\u00f3 gr\u00e0fica i comunicaci\u00f3 visual amb 60 anys dexperi\u00e8ncia. Oferim solucions integrals d'impressi\u00f3 en gran format, PLV i retail, gesti\u00f3 d'esdeveniments i fires, disseny i fabricaci\u00f3 a mida, log\u00edstica i serveis d'instal\u00b7laci\u00f3 a tot el territori. Treballem per a marques, ag\u00e8ncies, espais comercials i institucions que necessiten un partner fiable per desenvolupar campanyes de m\u00e0rqueting, projectes de retail i accions de branding o m\u00e0rqueting. Combinem tecnologia avan\u00e7ada d\u00b4impressi\u00f3 digital, un equip expert i una gesti\u00f3 completa de projectes per garantir qualitat, agilitat i resultats a mida per a cada client. Disposem de plataformes B2B que faciliten als nostres clients la gesti\u00f3 de les comandes de materials impresos aix\u00ed com la log\u00edstica dels mateixos.","email":"info@artyplan.com","telephone":"+34 93 200 87 99","legalName":"Artyplan S.L.","vatID":"B61963229","numberOfEmployees":{"@type":"QuantitativeValue","minValue":"51","maxValue":"200"}},{"@type":"Person","@id":"https:\/\/artyplan.com\/ca\/#\/schema\/person\/0ef19accced432bc277b8d5248cd2cc0","name":"Sergio Triguero","image":{"@type":"ImageObject","inLanguage":"ca","@id":"https:\/\/artyplan.com\/ca\/#\/schema\/person\/image\/","url":"https:\/\/secure.gravatar.com\/avatar\/c742a95811ffbc635a3d111ab446f278cce576575d14970fd5d56e17580c3f23?s=96&d=mm&r=g","contentUrl":"https:\/\/secure.gravatar.com\/avatar\/c742a95811ffbc635a3d111ab446f278cce576575d14970fd5d56e17580c3f23?s=96&d=mm&r=g","caption":"Sergio Triguero"}}]}},"_links":{"self":[{"href":"https:\/\/artyplan.com\/ca\/wp-json\/wp\/v2\/posts\/6058","targetHints":{"allow":["GET"]}}],"collection":[{"href":"https:\/\/artyplan.com\/ca\/wp-json\/wp\/v2\/posts"}],"about":[{"href":"https:\/\/artyplan.com\/ca\/wp-json\/wp\/v2\/types\/post"}],"author":[{"embeddable":true,"href":"https:\/\/artyplan.com\/ca\/wp-json\/wp\/v2\/users\/3"}],"replies":[{"embeddable":true,"href":"https:\/\/artyplan.com\/ca\/wp-json\/wp\/v2\/comments?post=6058"}],"version-history":[{"count":8,"href":"https:\/\/artyplan.com\/ca\/wp-json\/wp\/v2\/posts\/6058\/revisions"}],"predecessor-version":[{"id":13595,"href":"https:\/\/artyplan.com\/ca\/wp-json\/wp\/v2\/posts\/6058\/revisions\/13595"}],"wp:featuredmedia":[{"embeddable":true,"href":"https:\/\/artyplan.com\/ca\/wp-json\/wp\/v2\/media\/7537"}],"wp:attachment":[{"href":"https:\/\/artyplan.com\/ca\/wp-json\/wp\/v2\/media?parent=6058"}],"wp:term":[{"taxonomy":"category","embeddable":true,"href":"https:\/\/artyplan.com\/ca\/wp-json\/wp\/v2\/categories?post=6058"},{"taxonomy":"post_tag","embeddable":true,"href":"https:\/\/artyplan.com\/ca\/wp-json\/wp\/v2\/tags?post=6058"}],"curies":[{"name":"wp","href":"https:\/\/api.w.org\/{rel}","templated":true}]}}