{"id":6100,"date":"2025-02-10T00:00:00","date_gmt":"2025-02-09T22:00:00","guid":{"rendered":"https:\/\/preweb.artyplan.com\/sin-categorizar\/com-redimensionar-imatges-sense-perdre-qualitat-guia-per-a-marketers\/"},"modified":"2025-09-07T16:23:40","modified_gmt":"2025-09-07T14:23:40","slug":"com-redimensionar-imatges-sense-perdre-qualitat-guia-per-a-marketers","status":"publish","type":"post","link":"https:\/\/artyplan.com\/ca\/blog\/com-redimensionar-imatges-sense-perdre-qualitat-guia-per-a-marketers\/","title":{"rendered":"Com redimensionar imatges sense perdre qualitat: Guia per a marketers"},"content":{"rendered":"<p>En m\u00e0rqueting digital i el disseny gr\u00e0fic, l&#8217;\u00fas d&#8217;imatges d&#8217;alta qualitat \u00e9s fonamental per a garantir una comunicaci\u00f3 efectiva amb el p\u00fablic objectiu. No obstant aix\u00f2, \u00e9s freq\u00fcent trobar-se amb la necessitat de redimensionar imatges per a adaptar-les a diferents formats sense que perdin nitidesa o es vegin pixelades. En aquesta guia, t&#8217;expliquem com fer-ho en l\u00ednia o amb Photoshop de manera senzilla i efica\u00e7.<\/p>\n<h2>Per qu\u00e8 \u00e9s important redimensionar correctament les imatges?<\/h2>\n<p>A difer\u00e8ncia de l&#8217;\u00fas digital, on les imatges poden veure&#8217;s b\u00e9 en pantalles amb una resoluci\u00f3 m\u00e9s baixa, la impressi\u00f3 requereix una alta qualitat per a evitar que les imatges apareguin borroses o pixelades. Alguns factors clau a considerar s\u00f3n:<\/p>\n<ul>\n<li><strong>Resoluci\u00f3 adequada<\/strong>: Per a impressi\u00f3, es recomana treballar amb imatges d&#8217;almenys 300 ppp (p\u00edxels per polzada).<\/li>\n<li><strong>Format correcte<\/strong>: Els arxius TIFF, PSD o PDF s\u00f3n els m\u00e9s adequats per a impressi\u00f3 d&#8217;alta qualitat.<\/li>\n<li><strong>Grand\u00e0ria proporcional:<\/strong> Ajustar la imatge sense distorsionar les seves proporcions \u00e9s clau per a un resultat \u00f2ptim.<\/li>\n<\/ul>\n<h2>Redimensionar imatges en l\u00ednia sense perdre qualitat<\/h2>\n<p>Existeixen eines gratu\u00eftes que permeten canviar la grand\u00e0ria d&#8217;una imatge sense afectar la seva resoluci\u00f3. Algunes de les millors opcions s\u00f3n:<\/p>\n<ol>\n<li>\n<h3><strong> TinyPNG<\/strong><\/h3>\n<\/li>\n<\/ol>\n<ul>\n<li>Comprimeix i redimensiona imatges sense afectar la qualitat visual.<\/li>\n<li>Suporta formats\u00a0PNG\u00a0i\u00a0JPG.<\/li>\n<li>Ideal per a optimitzar imatges per a web.<\/li>\n<\/ul>\n<ol start=\"2\">\n<li>\n<h3>Adobe\u00a0Express\u00a0(abans\u00a0Spark)<\/h3>\n<\/li>\n<\/ol>\n<ul>\n<li>Redimensiona i optimitza imatges per a diferents usos, inclosa la impressi\u00f3.<\/li>\n<li>Compatible amb m\u00faltiples formats d&#8217;imatge.<\/li>\n<\/ul>\n<ol start=\"3\">\n<li>\n<h3>ILoveIMG<\/h3>\n<\/li>\n<\/ol>\n<ul>\n<li>Redimensiona diverses imatges alhora.<\/li>\n<li>Permet personalitzar el percentatge de reducci\u00f3.<\/li>\n<\/ul>\n<ol start=\"4\">\n<li>\n<h3>Canva<\/h3>\n<\/li>\n<\/ol>\n<ul>\n<li>Encara que \u00e9s una eina de disseny, tamb\u00e9 permet redimensionar imatges mantenint la qualitat.<\/li>\n<li>Ideal per a equips de m\u00e0rqueting que creguin contingut per a xarxes socials.<\/li>\n<\/ul>\n<h2><strong>Redimensionar imatges en Photoshop sense perdre qualitat<\/strong><\/h2>\n<p>Si necessites un major control sobre el proc\u00e9s,\u00a0Photoshop\u00a0\u00e9s la millor opci\u00f3. Segueix aquests passos per a redimensionar correctament:<\/p>\n<ol>\n<li>\n<h3><strong>Obrir la imatge en Photoshop<\/strong><\/h3>\n<\/li>\n<\/ol>\n<ul>\n<li>Ves a <strong>Arxiu<\/strong> &gt; <strong>Obrir<\/strong> i selecciona la imatge que desitges modificar.<\/li>\n<\/ul>\n<ol start=\"2\">\n<li>\n<h3><strong>Accedir a l&#8217;opci\u00f3 de redimensionament<\/strong><\/h3>\n<\/li>\n<\/ol>\n<ul>\n<li>Dirigeix-te a <strong>Imatge<\/strong> &gt; <strong>Grand\u00e0ria<\/strong> <strong>d&#8217;imatge<\/strong>.<\/li>\n<li>S&#8217;obrir\u00e0 un quadre de di\u00e0leg amb opcions d&#8217;ajust.<\/li>\n<\/ul>\n<ol start=\"3\">\n<li>\n<h3><strong> Ajustar dimensions sense perdre qualitat<\/strong><\/h3>\n<\/li>\n<\/ol>\n<ul>\n<li>Marca la casella reescalar imatge.<\/li>\n<li>A <strong>Remostrejar<\/strong>, selecciona l&#8217;opci\u00f3 <strong>Preservar detalls (enfocament)<\/strong> o\u00a0<strong>Bic\u00fabico Suavitzat.<\/strong><\/li>\n<li>Afegeix la nova grand\u00e0ria en p\u00edxels i verifica la resoluci\u00f3 (es recomana 300 ppp per a impressi\u00f3 i 72 ppp per a web).<\/li>\n<\/ul>\n<ol start=\"4\">\n<li>\n<h3><strong> Guardar la imatge amb la millor qualitat<\/strong><\/h3>\n<\/li>\n<\/ol>\n<ul>\n<li>Ves a <strong>Arxiu<\/strong> &gt; <strong>Desar<\/strong> <strong>com<\/strong> i selecciona el format adequat:<\/li>\n<li><strong>JPG<\/strong>: Per a contingut web optimitzat.<\/li>\n<li><strong>PNG<\/strong>: Per a mantenir transpar\u00e8ncia i qualitat.<\/li>\n<li><strong>TIFF\u00a0o\u00a0PSD<\/strong>: Per a treballs d&#8217;impressi\u00f3.<\/li>\n<li>Ajusta la qualitat al m\u00e0xim i guarda l&#8217;arxiu.<\/li>\n<\/ul>\n<h2><strong> Ampliar imatges amb la intel\u00b7lig\u00e8ncia artificial de\u00a0Photoshop<img fetchpriority=\"high\" decoding=\"async\" class=\"size-medium wp-image-14032 alignright\" src=\"https:\/\/preweb.artyplan.com\/wp-content\/uploads\/2025\/09\/redimensionar-imagen-con-photoshop-scaled.jpg\" alt=\"redimensionar imagen con photoshop\" width=\"285\" height=\"300\" \/><\/strong><\/h2>\n<p>Adobe ha incorporat millores basades en\u00a0IA\u00a0per a optimitzar l&#8217;ampliaci\u00f3 d&#8217;imatges sense perdre detalls. Segueix aquests passos:<\/p>\n<ol>\n<li>Duplica la capa de la imatge per a treballar sobre una c\u00f2pia.<\/li>\n<li>Ves a <strong>Filtre<\/strong> &gt; <strong>Enfocar<\/strong> &gt; <strong>Enfocament intel\u00b7ligent<\/strong> per a millorar els detalls abans d&#8217;ampliar.<\/li>\n<li>Ajusta la imatge amb <strong>Grand\u00e0ria d&#8217;imatge<\/strong>, seleccionant<strong> Preservar detalls 2.0<\/strong>.<\/li>\n<li>Aplica <strong>Filtre<\/strong> &gt; <strong>Soroll<\/strong> &gt; <strong>Reduir soroll<\/strong> si observes imperfeccions despr\u00e9s de l&#8217;ampliaci\u00f3.<\/li>\n<\/ol>\n<h2><strong>Consells finals per a un redimensionament \u00f2ptim<\/strong><\/h2>\n<div class=\"flex max-w-full flex-col flex-grow\">\n<div class=\"min-h-8 text-message flex w-full flex-col items-end gap-2 whitespace-normal break-words text-start [.text-message+&amp;]:mt-5\" dir=\"auto\" data-message-author-role=\"assistant\" data-message-id=\"a22ebbd5-d377-436e-9b64-4b6aa7c0684f\" data-message-model-slug=\"gpt-4o-mini\">\n<div class=\"flex w-full flex-col gap-1 empty:hidden first:pt-[3px]\">\n<div class=\"markdown prose w-full break-words dark:prose-invert dark\">\n<p>Al redimensionar im\u00e1genes, es esencial asegurarse de mantener su calidad y rendimiento, especialmente cuando se usan en sitios web. Aqu\u00ed te dejamos algunos consejos pr\u00e1cticos para lograr un redimensionado \u00f3ptimo sin perder calidad y asegurando que tus im\u00e1genes carguen r\u00e0pidament.<\/p>\n<\/div>\n<\/div>\n<\/div>\n<\/div>\n<ul>\n<li>Evita ampliar imatges petites, ja que la qualitat es deteriorar\u00e0.<\/li>\n<li>Usa eines d&#8217;intel\u00b7lig\u00e8ncia artificial com\u00a0<strong>Let\u2019s\u00a0Enhance<\/strong>\u00a0per a millorar la qualitat d&#8217;imatges redimensionades<\/li>\n<li>Si \u00e9s per a web, equilibra pes i qualitat per a optimitzar la velocitat de c\u00e0rrega.<\/li>\n<\/ul>\n<p>Amb aquests m\u00e8todes i eines, podr\u00e0s redimensionar imatges sense comprometre la qualitat, assegurant un contingut visual atractiu i professional en totes les teves campanyes de m\u00e0rqueting.<\/p>\n","protected":false},"excerpt":{"rendered":"<p>En m\u00e0rqueting digital i el disseny gr\u00e0fic, l&#8217;\u00fas d&#8217;imatges d&#8217;alta qualitat \u00e9s fonamental per a garantir una comunicaci\u00f3 efectiva amb el p\u00fablic objectiu. No obstant aix\u00f2, \u00e9s freq\u00fcent trobar-se amb la necessitat de redimensionar imatges per a adaptar-les a diferents formats sense que perdin nitidesa o es vegin pixelades. En aquesta guia, t&#8217;expliquem com fer-ho [&hellip;]<\/p>\n","protected":false},"author":3,"featured_media":7572,"comment_status":"closed","ping_status":"closed","sticky":false,"template":"","format":"standard","meta":{"footnotes":""},"categories":[35,54],"tags":[],"class_list":["post-6100","post","type-post","status-publish","format-standard","has-post-thumbnail","hentry","category-noticias","category-noticies-ca"],"yoast_head":"<!-- This site is optimized with the Yoast SEO Premium plugin v26.5 (Yoast SEO v26.5) - https:\/\/yoast.com\/wordpress\/plugins\/seo\/ -->\n<title>Com redimensionar imatges sense perdre qualitat | Artyplan<\/title>\n<meta name=\"description\" content=\"Apr\u00e8n a redimensionar imatges en l\u00ednia o amb Photoshop sense perdre qualitat. Eines i t\u00e8cniques per a imatges n\u00edtides i optimitzades.\" \/>\n<meta name=\"robots\" content=\"index, follow, max-snippet:-1, max-image-preview:large, max-video-preview:-1\" \/>\n<link rel=\"canonical\" href=\"https:\/\/artyplan.com\/ca\/blog\/com-redimensionar-imatges-sense-perdre-qualitat-guia-per-a-marketers\/\" \/>\n<meta property=\"og:locale\" content=\"ca_ES\" \/>\n<meta property=\"og:type\" content=\"article\" \/>\n<meta property=\"og:title\" content=\"Com redimensionar imatges sense perdre qualitat: Guia per a marketers\" \/>\n<meta property=\"og:description\" content=\"Apr\u00e8n a redimensionar imatges en l\u00ednia o amb Photoshop sense perdre qualitat. Eines i t\u00e8cniques per a imatges n\u00edtides i optimitzades.\" \/>\n<meta property=\"og:url\" content=\"https:\/\/artyplan.com\/ca\/blog\/com-redimensionar-imatges-sense-perdre-qualitat-guia-per-a-marketers\/\" \/>\n<meta property=\"og:site_name\" content=\"Artyplan\" \/>\n<meta property=\"article:publisher\" content=\"https:\/\/www.facebook.com\/artyplan\" \/>\n<meta property=\"article:published_time\" content=\"2025-02-09T22:00:00+00:00\" \/>\n<meta property=\"article:modified_time\" content=\"2025-09-07T14:23:40+00:00\" \/>\n<meta property=\"og:image\" content=\"https:\/\/artyplan.com\/wp-content\/uploads\/2025\/09\/redimensionar-imagen-blog.jpg\" \/>\n\t<meta property=\"og:image:width\" content=\"1920\" \/>\n\t<meta property=\"og:image:height\" content=\"600\" \/>\n\t<meta property=\"og:image:type\" content=\"image\/jpeg\" \/>\n<meta name=\"author\" content=\"Sergio Triguero\" \/>\n<meta name=\"twitter:card\" content=\"summary_large_image\" \/>\n<meta name=\"twitter:label1\" content=\"Escrit per\" \/>\n\t<meta name=\"twitter:data1\" content=\"Sergio Triguero\" \/>\n\t<meta name=\"twitter:label2\" content=\"Temps estimat de lectura\" \/>\n\t<meta name=\"twitter:data2\" content=\"3 minuts\" \/>\n<script type=\"application\/ld+json\" class=\"yoast-schema-graph\">{\"@context\":\"https:\/\/schema.org\",\"@graph\":[{\"@type\":\"Article\",\"@id\":\"https:\/\/artyplan.com\/ca\/blog\/com-redimensionar-imatges-sense-perdre-qualitat-guia-per-a-marketers\/#article\",\"isPartOf\":{\"@id\":\"https:\/\/artyplan.com\/ca\/blog\/com-redimensionar-imatges-sense-perdre-qualitat-guia-per-a-marketers\/\"},\"author\":{\"name\":\"Sergio Triguero\",\"@id\":\"https:\/\/artyplan.com\/ca\/#\/schema\/person\/0ef19accced432bc277b8d5248cd2cc0\"},\"headline\":\"Com redimensionar imatges sense perdre qualitat: Guia per a marketers\",\"datePublished\":\"2025-02-09T22:00:00+00:00\",\"dateModified\":\"2025-09-07T14:23:40+00:00\",\"mainEntityOfPage\":{\"@id\":\"https:\/\/artyplan.com\/ca\/blog\/com-redimensionar-imatges-sense-perdre-qualitat-guia-per-a-marketers\/\"},\"wordCount\":687,\"publisher\":{\"@id\":\"https:\/\/artyplan.com\/ca\/#organization\"},\"image\":{\"@id\":\"https:\/\/artyplan.com\/ca\/blog\/com-redimensionar-imatges-sense-perdre-qualitat-guia-per-a-marketers\/#primaryimage\"},\"thumbnailUrl\":\"https:\/\/artyplan.com\/wp-content\/uploads\/2025\/09\/redimensionar-imagen-blog.jpg\",\"articleSection\":[\"Noticias\",\"Noticies\"],\"inLanguage\":\"ca\"},{\"@type\":\"WebPage\",\"@id\":\"https:\/\/artyplan.com\/ca\/blog\/com-redimensionar-imatges-sense-perdre-qualitat-guia-per-a-marketers\/\",\"url\":\"https:\/\/artyplan.com\/ca\/blog\/com-redimensionar-imatges-sense-perdre-qualitat-guia-per-a-marketers\/\",\"name\":\"Com redimensionar imatges sense perdre qualitat | Artyplan\",\"isPartOf\":{\"@id\":\"https:\/\/artyplan.com\/ca\/#website\"},\"primaryImageOfPage\":{\"@id\":\"https:\/\/artyplan.com\/ca\/blog\/com-redimensionar-imatges-sense-perdre-qualitat-guia-per-a-marketers\/#primaryimage\"},\"image\":{\"@id\":\"https:\/\/artyplan.com\/ca\/blog\/com-redimensionar-imatges-sense-perdre-qualitat-guia-per-a-marketers\/#primaryimage\"},\"thumbnailUrl\":\"https:\/\/artyplan.com\/wp-content\/uploads\/2025\/09\/redimensionar-imagen-blog.jpg\",\"datePublished\":\"2025-02-09T22:00:00+00:00\",\"dateModified\":\"2025-09-07T14:23:40+00:00\",\"description\":\"Apr\u00e8n a redimensionar imatges en l\u00ednia o amb Photoshop sense perdre qualitat. Eines i t\u00e8cniques per a imatges n\u00edtides i optimitzades.\",\"breadcrumb\":{\"@id\":\"https:\/\/artyplan.com\/ca\/blog\/com-redimensionar-imatges-sense-perdre-qualitat-guia-per-a-marketers\/#breadcrumb\"},\"inLanguage\":\"ca\",\"potentialAction\":[{\"@type\":\"ReadAction\",\"target\":[\"https:\/\/artyplan.com\/ca\/blog\/com-redimensionar-imatges-sense-perdre-qualitat-guia-per-a-marketers\/\"]}]},{\"@type\":\"ImageObject\",\"inLanguage\":\"ca\",\"@id\":\"https:\/\/artyplan.com\/ca\/blog\/com-redimensionar-imatges-sense-perdre-qualitat-guia-per-a-marketers\/#primaryimage\",\"url\":\"https:\/\/artyplan.com\/wp-content\/uploads\/2025\/09\/redimensionar-imagen-blog.jpg\",\"contentUrl\":\"https:\/\/artyplan.com\/wp-content\/uploads\/2025\/09\/redimensionar-imagen-blog.jpg\",\"width\":1920,\"height\":600,\"caption\":\"redimensionar imagen sin perder calidad|\"},{\"@type\":\"BreadcrumbList\",\"@id\":\"https:\/\/artyplan.com\/ca\/blog\/com-redimensionar-imatges-sense-perdre-qualitat-guia-per-a-marketers\/#breadcrumb\",\"itemListElement\":[{\"@type\":\"ListItem\",\"position\":1,\"name\":\"Artyplan\",\"item\":\"https:\/\/artyplan.com\/ca\/\"},{\"@type\":\"ListItem\",\"position\":2,\"name\":\"Com redimensionar imatges sense perdre qualitat: Guia per a marketers\"}]},{\"@type\":\"WebSite\",\"@id\":\"https:\/\/artyplan.com\/ca\/#website\",\"url\":\"https:\/\/artyplan.com\/ca\/\",\"name\":\"Artyplan\",\"description\":\"\",\"publisher\":{\"@id\":\"https:\/\/artyplan.com\/ca\/#organization\"},\"potentialAction\":[{\"@type\":\"SearchAction\",\"target\":{\"@type\":\"EntryPoint\",\"urlTemplate\":\"https:\/\/artyplan.com\/ca\/?s={search_term_string}\"},\"query-input\":{\"@type\":\"PropertyValueSpecification\",\"valueRequired\":true,\"valueName\":\"search_term_string\"}}],\"inLanguage\":\"ca\"},{\"@type\":\"Organization\",\"@id\":\"https:\/\/artyplan.com\/ca\/#organization\",\"name\":\"Artyplan\",\"url\":\"https:\/\/artyplan.com\/ca\/\",\"logo\":{\"@type\":\"ImageObject\",\"inLanguage\":\"ca\",\"@id\":\"https:\/\/artyplan.com\/ca\/#\/schema\/logo\/image\/\",\"url\":\"https:\/\/artyplan.com\/wp-content\/uploads\/2025\/12\/Logo-artyplan-690x690-1.png\",\"contentUrl\":\"https:\/\/artyplan.com\/wp-content\/uploads\/2025\/12\/Logo-artyplan-690x690-1.png\",\"width\":690,\"height\":690,\"caption\":\"Artyplan\"},\"image\":{\"@id\":\"https:\/\/artyplan.com\/ca\/#\/schema\/logo\/image\/\"},\"sameAs\":[\"https:\/\/www.facebook.com\/artyplan\",\"https:\/\/www.instagram.com\/artyplan\/\",\"https:\/\/www.linkedin.com\/company\/artyplan\"],\"description\":\"Artyplan \u00e9s una empresa especialitzada en producci\u00f3 gr\u00e0fica i comunicaci\u00f3 visual amb 60 anys dexperi\u00e8ncia. Oferim solucions integrals d'impressi\u00f3 en gran format, PLV i retail, gesti\u00f3 d'esdeveniments i fires, disseny i fabricaci\u00f3 a mida, log\u00edstica i serveis d'instal\u00b7laci\u00f3 a tot el territori. Treballem per a marques, ag\u00e8ncies, espais comercials i institucions que necessiten un partner fiable per desenvolupar campanyes de m\u00e0rqueting, projectes de retail i accions de branding o m\u00e0rqueting. Combinem tecnologia avan\u00e7ada d\u00b4impressi\u00f3 digital, un equip expert i una gesti\u00f3 completa de projectes per garantir qualitat, agilitat i resultats a mida per a cada client. Disposem de plataformes B2B que faciliten als nostres clients la gesti\u00f3 de les comandes de materials impresos aix\u00ed com la log\u00edstica dels mateixos.\",\"email\":\"info@artyplan.com\",\"telephone\":\"+34 93 200 87 99\",\"legalName\":\"Artyplan S.L.\",\"vatID\":\"B61963229\",\"numberOfEmployees\":{\"@type\":\"QuantitativeValue\",\"minValue\":\"51\",\"maxValue\":\"200\"}},{\"@type\":\"Person\",\"@id\":\"https:\/\/artyplan.com\/ca\/#\/schema\/person\/0ef19accced432bc277b8d5248cd2cc0\",\"name\":\"Sergio Triguero\",\"image\":{\"@type\":\"ImageObject\",\"inLanguage\":\"ca\",\"@id\":\"https:\/\/artyplan.com\/ca\/#\/schema\/person\/image\/\",\"url\":\"https:\/\/secure.gravatar.com\/avatar\/c742a95811ffbc635a3d111ab446f278cce576575d14970fd5d56e17580c3f23?s=96&d=mm&r=g\",\"contentUrl\":\"https:\/\/secure.gravatar.com\/avatar\/c742a95811ffbc635a3d111ab446f278cce576575d14970fd5d56e17580c3f23?s=96&d=mm&r=g\",\"caption\":\"Sergio Triguero\"}}]}<\/script>\n<!-- \/ Yoast SEO Premium plugin. -->","yoast_head_json":{"title":"Com redimensionar imatges sense perdre qualitat | Artyplan","description":"Apr\u00e8n a redimensionar imatges en l\u00ednia o amb Photoshop sense perdre qualitat. Eines i t\u00e8cniques per a imatges n\u00edtides i optimitzades.","robots":{"index":"index","follow":"follow","max-snippet":"max-snippet:-1","max-image-preview":"max-image-preview:large","max-video-preview":"max-video-preview:-1"},"canonical":"https:\/\/artyplan.com\/ca\/blog\/com-redimensionar-imatges-sense-perdre-qualitat-guia-per-a-marketers\/","og_locale":"ca_ES","og_type":"article","og_title":"Com redimensionar imatges sense perdre qualitat: Guia per a marketers","og_description":"Apr\u00e8n a redimensionar imatges en l\u00ednia o amb Photoshop sense perdre qualitat. Eines i t\u00e8cniques per a imatges n\u00edtides i optimitzades.","og_url":"https:\/\/artyplan.com\/ca\/blog\/com-redimensionar-imatges-sense-perdre-qualitat-guia-per-a-marketers\/","og_site_name":"Artyplan","article_publisher":"https:\/\/www.facebook.com\/artyplan","article_published_time":"2025-02-09T22:00:00+00:00","article_modified_time":"2025-09-07T14:23:40+00:00","og_image":[{"width":1920,"height":600,"url":"https:\/\/artyplan.com\/wp-content\/uploads\/2025\/09\/redimensionar-imagen-blog.jpg","type":"image\/jpeg"}],"author":"Sergio Triguero","twitter_card":"summary_large_image","twitter_misc":{"Escrit per":"Sergio Triguero","Temps estimat de lectura":"3 minuts"},"schema":{"@context":"https:\/\/schema.org","@graph":[{"@type":"Article","@id":"https:\/\/artyplan.com\/ca\/blog\/com-redimensionar-imatges-sense-perdre-qualitat-guia-per-a-marketers\/#article","isPartOf":{"@id":"https:\/\/artyplan.com\/ca\/blog\/com-redimensionar-imatges-sense-perdre-qualitat-guia-per-a-marketers\/"},"author":{"name":"Sergio Triguero","@id":"https:\/\/artyplan.com\/ca\/#\/schema\/person\/0ef19accced432bc277b8d5248cd2cc0"},"headline":"Com redimensionar imatges sense perdre qualitat: Guia per a marketers","datePublished":"2025-02-09T22:00:00+00:00","dateModified":"2025-09-07T14:23:40+00:00","mainEntityOfPage":{"@id":"https:\/\/artyplan.com\/ca\/blog\/com-redimensionar-imatges-sense-perdre-qualitat-guia-per-a-marketers\/"},"wordCount":687,"publisher":{"@id":"https:\/\/artyplan.com\/ca\/#organization"},"image":{"@id":"https:\/\/artyplan.com\/ca\/blog\/com-redimensionar-imatges-sense-perdre-qualitat-guia-per-a-marketers\/#primaryimage"},"thumbnailUrl":"https:\/\/artyplan.com\/wp-content\/uploads\/2025\/09\/redimensionar-imagen-blog.jpg","articleSection":["Noticias","Noticies"],"inLanguage":"ca"},{"@type":"WebPage","@id":"https:\/\/artyplan.com\/ca\/blog\/com-redimensionar-imatges-sense-perdre-qualitat-guia-per-a-marketers\/","url":"https:\/\/artyplan.com\/ca\/blog\/com-redimensionar-imatges-sense-perdre-qualitat-guia-per-a-marketers\/","name":"Com redimensionar imatges sense perdre qualitat | Artyplan","isPartOf":{"@id":"https:\/\/artyplan.com\/ca\/#website"},"primaryImageOfPage":{"@id":"https:\/\/artyplan.com\/ca\/blog\/com-redimensionar-imatges-sense-perdre-qualitat-guia-per-a-marketers\/#primaryimage"},"image":{"@id":"https:\/\/artyplan.com\/ca\/blog\/com-redimensionar-imatges-sense-perdre-qualitat-guia-per-a-marketers\/#primaryimage"},"thumbnailUrl":"https:\/\/artyplan.com\/wp-content\/uploads\/2025\/09\/redimensionar-imagen-blog.jpg","datePublished":"2025-02-09T22:00:00+00:00","dateModified":"2025-09-07T14:23:40+00:00","description":"Apr\u00e8n a redimensionar imatges en l\u00ednia o amb Photoshop sense perdre qualitat. Eines i t\u00e8cniques per a imatges n\u00edtides i optimitzades.","breadcrumb":{"@id":"https:\/\/artyplan.com\/ca\/blog\/com-redimensionar-imatges-sense-perdre-qualitat-guia-per-a-marketers\/#breadcrumb"},"inLanguage":"ca","potentialAction":[{"@type":"ReadAction","target":["https:\/\/artyplan.com\/ca\/blog\/com-redimensionar-imatges-sense-perdre-qualitat-guia-per-a-marketers\/"]}]},{"@type":"ImageObject","inLanguage":"ca","@id":"https:\/\/artyplan.com\/ca\/blog\/com-redimensionar-imatges-sense-perdre-qualitat-guia-per-a-marketers\/#primaryimage","url":"https:\/\/artyplan.com\/wp-content\/uploads\/2025\/09\/redimensionar-imagen-blog.jpg","contentUrl":"https:\/\/artyplan.com\/wp-content\/uploads\/2025\/09\/redimensionar-imagen-blog.jpg","width":1920,"height":600,"caption":"redimensionar imagen sin perder calidad|"},{"@type":"BreadcrumbList","@id":"https:\/\/artyplan.com\/ca\/blog\/com-redimensionar-imatges-sense-perdre-qualitat-guia-per-a-marketers\/#breadcrumb","itemListElement":[{"@type":"ListItem","position":1,"name":"Artyplan","item":"https:\/\/artyplan.com\/ca\/"},{"@type":"ListItem","position":2,"name":"Com redimensionar imatges sense perdre qualitat: Guia per a marketers"}]},{"@type":"WebSite","@id":"https:\/\/artyplan.com\/ca\/#website","url":"https:\/\/artyplan.com\/ca\/","name":"Artyplan","description":"","publisher":{"@id":"https:\/\/artyplan.com\/ca\/#organization"},"potentialAction":[{"@type":"SearchAction","target":{"@type":"EntryPoint","urlTemplate":"https:\/\/artyplan.com\/ca\/?s={search_term_string}"},"query-input":{"@type":"PropertyValueSpecification","valueRequired":true,"valueName":"search_term_string"}}],"inLanguage":"ca"},{"@type":"Organization","@id":"https:\/\/artyplan.com\/ca\/#organization","name":"Artyplan","url":"https:\/\/artyplan.com\/ca\/","logo":{"@type":"ImageObject","inLanguage":"ca","@id":"https:\/\/artyplan.com\/ca\/#\/schema\/logo\/image\/","url":"https:\/\/artyplan.com\/wp-content\/uploads\/2025\/12\/Logo-artyplan-690x690-1.png","contentUrl":"https:\/\/artyplan.com\/wp-content\/uploads\/2025\/12\/Logo-artyplan-690x690-1.png","width":690,"height":690,"caption":"Artyplan"},"image":{"@id":"https:\/\/artyplan.com\/ca\/#\/schema\/logo\/image\/"},"sameAs":["https:\/\/www.facebook.com\/artyplan","https:\/\/www.instagram.com\/artyplan\/","https:\/\/www.linkedin.com\/company\/artyplan"],"description":"Artyplan \u00e9s una empresa especialitzada en producci\u00f3 gr\u00e0fica i comunicaci\u00f3 visual amb 60 anys dexperi\u00e8ncia. Oferim solucions integrals d'impressi\u00f3 en gran format, PLV i retail, gesti\u00f3 d'esdeveniments i fires, disseny i fabricaci\u00f3 a mida, log\u00edstica i serveis d'instal\u00b7laci\u00f3 a tot el territori. Treballem per a marques, ag\u00e8ncies, espais comercials i institucions que necessiten un partner fiable per desenvolupar campanyes de m\u00e0rqueting, projectes de retail i accions de branding o m\u00e0rqueting. Combinem tecnologia avan\u00e7ada d\u00b4impressi\u00f3 digital, un equip expert i una gesti\u00f3 completa de projectes per garantir qualitat, agilitat i resultats a mida per a cada client. Disposem de plataformes B2B que faciliten als nostres clients la gesti\u00f3 de les comandes de materials impresos aix\u00ed com la log\u00edstica dels mateixos.","email":"info@artyplan.com","telephone":"+34 93 200 87 99","legalName":"Artyplan S.L.","vatID":"B61963229","numberOfEmployees":{"@type":"QuantitativeValue","minValue":"51","maxValue":"200"}},{"@type":"Person","@id":"https:\/\/artyplan.com\/ca\/#\/schema\/person\/0ef19accced432bc277b8d5248cd2cc0","name":"Sergio Triguero","image":{"@type":"ImageObject","inLanguage":"ca","@id":"https:\/\/artyplan.com\/ca\/#\/schema\/person\/image\/","url":"https:\/\/secure.gravatar.com\/avatar\/c742a95811ffbc635a3d111ab446f278cce576575d14970fd5d56e17580c3f23?s=96&d=mm&r=g","contentUrl":"https:\/\/secure.gravatar.com\/avatar\/c742a95811ffbc635a3d111ab446f278cce576575d14970fd5d56e17580c3f23?s=96&d=mm&r=g","caption":"Sergio Triguero"}}]}},"_links":{"self":[{"href":"https:\/\/artyplan.com\/ca\/wp-json\/wp\/v2\/posts\/6100","targetHints":{"allow":["GET"]}}],"collection":[{"href":"https:\/\/artyplan.com\/ca\/wp-json\/wp\/v2\/posts"}],"about":[{"href":"https:\/\/artyplan.com\/ca\/wp-json\/wp\/v2\/types\/post"}],"author":[{"embeddable":true,"href":"https:\/\/artyplan.com\/ca\/wp-json\/wp\/v2\/users\/3"}],"replies":[{"embeddable":true,"href":"https:\/\/artyplan.com\/ca\/wp-json\/wp\/v2\/comments?post=6100"}],"version-history":[{"count":7,"href":"https:\/\/artyplan.com\/ca\/wp-json\/wp\/v2\/posts\/6100\/revisions"}],"predecessor-version":[{"id":8076,"href":"https:\/\/artyplan.com\/ca\/wp-json\/wp\/v2\/posts\/6100\/revisions\/8076"}],"wp:featuredmedia":[{"embeddable":true,"href":"https:\/\/artyplan.com\/ca\/wp-json\/wp\/v2\/media\/7572"}],"wp:attachment":[{"href":"https:\/\/artyplan.com\/ca\/wp-json\/wp\/v2\/media?parent=6100"}],"wp:term":[{"taxonomy":"category","embeddable":true,"href":"https:\/\/artyplan.com\/ca\/wp-json\/wp\/v2\/categories?post=6100"},{"taxonomy":"post_tag","embeddable":true,"href":"https:\/\/artyplan.com\/ca\/wp-json\/wp\/v2\/tags?post=6100"}],"curies":[{"name":"wp","href":"https:\/\/api.w.org\/{rel}","templated":true}]}}