{"id":7639,"date":"2021-02-07T00:00:00","date_gmt":"2021-02-06T22:00:00","guid":{"rendered":"https:\/\/preweb.artyplan.com\/sin-categorizar\/packaging-marca-diferencia-3\/"},"modified":"2026-01-30T11:26:48","modified_gmt":"2026-01-30T09:26:48","slug":"packaging-marca-diferencia-3","status":"publish","type":"post","link":"https:\/\/artyplan.com\/ca\/blog\/packaging-marca-diferencia-3\/","title":{"rendered":"Packaging: clau per diferenciar-se de la compet\u00e8ncia"},"content":{"rendered":"<p>Dins del pla de <em>m\u00e0rqueting<\/em> d\u2019una empresa, <strong>el <em>packaging<\/em> exerceix un paper important\u00edssim. <\/strong>Sobretot perqu\u00e8, en un entorn tan competitiu i tecnol\u00f2gic com l\u2019actual, \u00a0la difer\u00e8ncia f\u00edsica entre els productes \u00e9s escassa i, quan es produeix, no triga a ser igualada o compensada.<\/p>\n<p>En realitat, la imatge \u00e9s molt m\u00e9s important del que sembla. I, l\u00f2gicament, l&#8217;env\u00e0s o continent \u00e9s un <strong>factor d&#8217;impacte immillorable<\/strong>: no oblidis que \u00e9s el primer element que perceben els compradors durant la seva elecci\u00f3!<\/p>\n<h2>Com diferenciar-se de la compet\u00e8ncia en l\u2019env\u00e0s<\/h2>\n<p>Sabies que molts perfums es compren per impuls, per l&#8217;atractiu del flasc\u00f3? El rellevant no \u00e9s nom\u00e9s l&#8217;aroma o la frag\u00e0ncia que contenen, sin\u00f3 l&#8217;experi\u00e8ncia sensorial que irradia aquest producte, i que ens transmet trets determinats des del primer impacte.<\/p>\n<p>L&#8217;env\u00e0s exerceix un paper clau en la primera impressi\u00f3. Imagina&#8217;t un producte qualsevol en el lineal del teu supermercat. Est\u00e0s decidit a comprar un similar, per\u00f2 no saps de quina marca. En aquests casos, <strong>l&#8217;impacte del seu embalatge en el punt de venda determinar\u00e0 la teva elecci\u00f3 final<\/strong>. A vegades, fins i tot, quan avancem despistats pels passadissos del comer\u00e7, un determinat env\u00e0s ens pot cridar l\u2019atenci\u00f3, \u00e9s tal que pot moure&#8217;ns a comprar-ho. Moltes adquisicions ens entren pels ulls!<\/p>\n<p>A trav\u00e9s de l&#8217;embalatge comuniquem trets i valors diferencials respecte als nostres competidors. La imatge de marca surt refor\u00e7ada quan cuidem aquest element amb un disseny \u00f2ptim, professional i orientat al nostre\u00a0<em>target<\/em>. De fet, et permet <strong>posicionar la teva oferta<\/strong> com ecol\u00f2gicament sostenible, amigable, luxosa, juvenil, elitista, natural, retro, aut\u00f2ctona, minimalista o trencadora, per esmentar nom\u00e9s alguns exemples.<\/p>\n<p>Aix\u00f2 ens permet distanciar-nos de la compet\u00e8ncia i <strong>dirigir-nos espec\u00edficament a sectors del p\u00fablic<\/strong> que busquen aquests atributs en consumir. Pensa en una persona vegana: si el nostre <em>packaging<\/em> publicitari transmet l&#8217;ess\u00e8ncia del que aquest consumidor est\u00e0 buscant, despertar\u00e0 la seva atenci\u00f3 i activar\u00e0 en ell una certa simpatia, no?<\/p>\n<h2>Factors determinants en el <em>packaging<\/em><\/h2>\n<p>El <strong>disseny gr\u00e0fic<\/strong> \u00e9s l&#8217;element m\u00e9s distintiu d&#8217;un env\u00e0s o embolcall, per\u00f2 no \u00e9s l&#8217;\u00fanic. Amb els colors, la tipografia, la distribuci\u00f3 i els missatges o llegendes que inclous en ell pots desmarcar-te molt significativament dels teus competidors.<\/p>\n<p>Ara b\u00e9: aix\u00f2 \u00e9s nom\u00e9s una part del proc\u00e9s, no el tot. Tamb\u00e9 els materials <strong>escollits, els formats, les grand\u00e0ries i l&#8217;ergonomia <\/strong>de cada proposta contribueixen a crear aquesta imatge. Tot ha de ser coherent: si hem apostat per un disseny i missatge\u00a0<em>ecofriendly<\/em>, dif\u00edcilment ser\u00e0 acceptable utilitzar pl\u00e0stic com a suport material dels nostres envasos.<\/p>\n<p>L\u2019avantatge? Que avui dia existeixen infinitat de tecnologies i materials aprofitables per a crear <strong>propostes de packaging id\u00f2nies<\/strong> en termes de m\u00e0rqueting, disseny i distribuci\u00f3. D&#8217;altra banda, la m\u00edtica ampolla de Coca-Cola continua sent un veritable exemple d&#8217;embalatge encertat&#8230; I va apar\u00e8ixer fa gaireb\u00e9 un segle!<\/p>\n<h2>El suport de professionals, clau en el packaging publicitari<\/h2>\n<p>L&#8217;univers del <em>packaging<\/em> publicitari \u00e9s molt m\u00e9s ampli, complex i din\u00e0mic del que imagines. Per aix\u00f2 \u00e9s important <strong>aprofitar l&#8217;assessorament i la professionalitat d&#8217;aut\u00e8ntics especialistes<\/strong> amb una llarga traject\u00f2ria en aquest \u00e0mbit. A Artyplan\u00a0comptem amb un departament especialitzat en la concepci\u00f3, disseny i desenvolupament de <a href=\"http:\/\/artyplan.com\/ca\/productes-impressio\/packaging\/\" target=\"_blank\" rel=\"noopener\">solucions de<em> packaging<\/em><\/a>, expositors i <em>displays<\/em>.<\/p>\n<p>Estudiarem les teves necessitats i et presentarem la soluci\u00f3 m\u00e9s indicada per a les teves necessitats espec\u00edfiques. De fet, ens hem convertit en la punta de llan\u00e7a en el sector nacional de l&#8217;embalatge publicitari. Treballem amb <strong>material r\u00edgid o flexible<\/strong>, de forma personalitzada en funci\u00f3 de les teves necessitats i amb processos d&#8217;impressi\u00f3 totalment sostenibles que inclouen tintes ecol\u00f2giques.<\/p>\n<p>A m\u00e9s, aportem aquest toc d&#8217;innovaci\u00f3, originalitat i creativitat que qualsevol disseny gr\u00e0fic d&#8217;embalatge requereix en els nostres dies. Per qu\u00e8 no ens truques i comencem a treballar junts en aix\u00f2?<\/p>\n","protected":false},"excerpt":{"rendered":"<p>Dins del pla de m\u00e0rqueting d\u2019una empresa, el packaging exerceix un paper important\u00edssim. Sobretot perqu\u00e8, en un entorn tan competitiu i tecnol\u00f2gic com l\u2019actual, \u00a0la difer\u00e8ncia f\u00edsica entre els productes \u00e9s escassa i, quan es produeix, no triga a ser igualada o compensada. En realitat, la imatge \u00e9s molt m\u00e9s important del que sembla. I, [&hellip;]<\/p>\n","protected":false},"author":3,"featured_media":5078,"comment_status":"closed","ping_status":"closed","sticky":false,"template":"","format":"standard","meta":{"footnotes":""},"categories":[54,1],"tags":[],"class_list":["post-7639","post","type-post","status-publish","format-standard","has-post-thumbnail","hentry","category-noticies-ca","category-sense-categoritzar"],"yoast_head":"<!-- This site is optimized with the Yoast SEO Premium plugin v26.5 (Yoast SEO v26.5) - https:\/\/yoast.com\/wordpress\/plugins\/seo\/ -->\n<title>Packaging: clau per diferenciar-se de la compet\u00e8ncia<\/title>\n<meta name=\"description\" content=\"El packaging \u00e9s un element clau en la imatge de marca de qualsevol empresa. Expliquem que has de tenir en compte i perqu\u00e8 has de comptar amb experts.\" \/>\n<meta name=\"robots\" content=\"index, follow, max-snippet:-1, max-image-preview:large, max-video-preview:-1\" \/>\n<link rel=\"canonical\" href=\"https:\/\/artyplan.com\/ca\/blog\/packaging-marca-diferencia-3\/\" \/>\n<meta property=\"og:locale\" content=\"ca_ES\" \/>\n<meta property=\"og:type\" content=\"article\" \/>\n<meta property=\"og:title\" content=\"Packaging: clau per diferenciar-se de la compet\u00e8ncia\" \/>\n<meta property=\"og:description\" content=\"El packaging \u00e9s un element clau en la imatge de marca de qualsevol empresa. Expliquem que has de tenir en compte i perqu\u00e8 has de comptar amb experts.\" \/>\n<meta property=\"og:url\" content=\"https:\/\/artyplan.com\/ca\/blog\/packaging-marca-diferencia-3\/\" \/>\n<meta property=\"og:site_name\" content=\"Artyplan\" \/>\n<meta property=\"article:publisher\" content=\"https:\/\/www.facebook.com\/artyplan\" \/>\n<meta property=\"article:published_time\" content=\"2021-02-06T22:00:00+00:00\" \/>\n<meta property=\"article:modified_time\" content=\"2026-01-30T09:26:48+00:00\" \/>\n<meta property=\"og:image\" content=\"https:\/\/artyplan.com\/wp-content\/uploads\/2025\/09\/packaging-producto-competencia.jpg\" \/>\n\t<meta property=\"og:image:width\" content=\"1920\" \/>\n\t<meta property=\"og:image:height\" content=\"600\" \/>\n\t<meta property=\"og:image:type\" content=\"image\/jpeg\" \/>\n<meta name=\"author\" content=\"Sergio Triguero\" \/>\n<meta name=\"twitter:card\" content=\"summary_large_image\" \/>\n<meta name=\"twitter:label1\" content=\"Escrit per\" \/>\n\t<meta name=\"twitter:data1\" content=\"Sergio Triguero\" \/>\n\t<meta name=\"twitter:label2\" content=\"Temps estimat de lectura\" \/>\n\t<meta name=\"twitter:data2\" content=\"4 minuts\" \/>\n<script type=\"application\/ld+json\" class=\"yoast-schema-graph\">{\"@context\":\"https:\/\/schema.org\",\"@graph\":[{\"@type\":\"Article\",\"@id\":\"https:\/\/artyplan.com\/ca\/blog\/packaging-marca-diferencia-3\/#article\",\"isPartOf\":{\"@id\":\"https:\/\/artyplan.com\/ca\/blog\/packaging-marca-diferencia-3\/\"},\"author\":{\"name\":\"Sergio Triguero\",\"@id\":\"https:\/\/artyplan.com\/ca\/#\/schema\/person\/0ef19accced432bc277b8d5248cd2cc0\"},\"headline\":\"Packaging: clau per diferenciar-se de la compet\u00e8ncia\",\"datePublished\":\"2021-02-06T22:00:00+00:00\",\"dateModified\":\"2026-01-30T09:26:48+00:00\",\"mainEntityOfPage\":{\"@id\":\"https:\/\/artyplan.com\/ca\/blog\/packaging-marca-diferencia-3\/\"},\"wordCount\":696,\"publisher\":{\"@id\":\"https:\/\/artyplan.com\/ca\/#organization\"},\"image\":{\"@id\":\"https:\/\/artyplan.com\/ca\/blog\/packaging-marca-diferencia-3\/#primaryimage\"},\"thumbnailUrl\":\"https:\/\/artyplan.com\/wp-content\/uploads\/2025\/09\/packaging-producto-competencia.jpg\",\"articleSection\":[\"Noticies\",\"Sense-categoritzar\"],\"inLanguage\":\"ca\"},{\"@type\":\"WebPage\",\"@id\":\"https:\/\/artyplan.com\/ca\/blog\/packaging-marca-diferencia-3\/\",\"url\":\"https:\/\/artyplan.com\/ca\/blog\/packaging-marca-diferencia-3\/\",\"name\":\"Packaging: clau per diferenciar-se de la compet\u00e8ncia\",\"isPartOf\":{\"@id\":\"https:\/\/artyplan.com\/ca\/#website\"},\"primaryImageOfPage\":{\"@id\":\"https:\/\/artyplan.com\/ca\/blog\/packaging-marca-diferencia-3\/#primaryimage\"},\"image\":{\"@id\":\"https:\/\/artyplan.com\/ca\/blog\/packaging-marca-diferencia-3\/#primaryimage\"},\"thumbnailUrl\":\"https:\/\/artyplan.com\/wp-content\/uploads\/2025\/09\/packaging-producto-competencia.jpg\",\"datePublished\":\"2021-02-06T22:00:00+00:00\",\"dateModified\":\"2026-01-30T09:26:48+00:00\",\"description\":\"El packaging \u00e9s un element clau en la imatge de marca de qualsevol empresa. Expliquem que has de tenir en compte i perqu\u00e8 has de comptar amb experts.\",\"breadcrumb\":{\"@id\":\"https:\/\/artyplan.com\/ca\/blog\/packaging-marca-diferencia-3\/#breadcrumb\"},\"inLanguage\":\"ca\",\"potentialAction\":[{\"@type\":\"ReadAction\",\"target\":[\"https:\/\/artyplan.com\/ca\/blog\/packaging-marca-diferencia-3\/\"]}]},{\"@type\":\"ImageObject\",\"inLanguage\":\"ca\",\"@id\":\"https:\/\/artyplan.com\/ca\/blog\/packaging-marca-diferencia-3\/#primaryimage\",\"url\":\"https:\/\/artyplan.com\/wp-content\/uploads\/2025\/09\/packaging-producto-competencia.jpg\",\"contentUrl\":\"https:\/\/artyplan.com\/wp-content\/uploads\/2025\/09\/packaging-producto-competencia.jpg\",\"width\":1920,\"height\":600,\"caption\":\"PACKAGING: SU IMPORTANCIA PARA DIFERENCIARNOS DE LA COMPETENCIA|packaging producte\"},{\"@type\":\"BreadcrumbList\",\"@id\":\"https:\/\/artyplan.com\/ca\/blog\/packaging-marca-diferencia-3\/#breadcrumb\",\"itemListElement\":[{\"@type\":\"ListItem\",\"position\":1,\"name\":\"Artyplan\",\"item\":\"https:\/\/artyplan.com\/ca\/\"},{\"@type\":\"ListItem\",\"position\":2,\"name\":\"Packaging: clau per diferenciar-se de la compet\u00e8ncia\"}]},{\"@type\":\"WebSite\",\"@id\":\"https:\/\/artyplan.com\/ca\/#website\",\"url\":\"https:\/\/artyplan.com\/ca\/\",\"name\":\"Artyplan\",\"description\":\"\",\"publisher\":{\"@id\":\"https:\/\/artyplan.com\/ca\/#organization\"},\"potentialAction\":[{\"@type\":\"SearchAction\",\"target\":{\"@type\":\"EntryPoint\",\"urlTemplate\":\"https:\/\/artyplan.com\/ca\/?s={search_term_string}\"},\"query-input\":{\"@type\":\"PropertyValueSpecification\",\"valueRequired\":true,\"valueName\":\"search_term_string\"}}],\"inLanguage\":\"ca\"},{\"@type\":\"Organization\",\"@id\":\"https:\/\/artyplan.com\/ca\/#organization\",\"name\":\"Artyplan\",\"url\":\"https:\/\/artyplan.com\/ca\/\",\"logo\":{\"@type\":\"ImageObject\",\"inLanguage\":\"ca\",\"@id\":\"https:\/\/artyplan.com\/ca\/#\/schema\/logo\/image\/\",\"url\":\"https:\/\/artyplan.com\/wp-content\/uploads\/2025\/12\/Logo-artyplan-690x690-1.png\",\"contentUrl\":\"https:\/\/artyplan.com\/wp-content\/uploads\/2025\/12\/Logo-artyplan-690x690-1.png\",\"width\":690,\"height\":690,\"caption\":\"Artyplan\"},\"image\":{\"@id\":\"https:\/\/artyplan.com\/ca\/#\/schema\/logo\/image\/\"},\"sameAs\":[\"https:\/\/www.facebook.com\/artyplan\",\"https:\/\/www.instagram.com\/artyplan\/\",\"https:\/\/www.linkedin.com\/company\/artyplan\"],\"description\":\"Artyplan \u00e9s una empresa especialitzada en producci\u00f3 gr\u00e0fica i comunicaci\u00f3 visual amb 60 anys dexperi\u00e8ncia. Oferim solucions integrals d'impressi\u00f3 en gran format, PLV i retail, gesti\u00f3 d'esdeveniments i fires, disseny i fabricaci\u00f3 a mida, log\u00edstica i serveis d'instal\u00b7laci\u00f3 a tot el territori. Treballem per a marques, ag\u00e8ncies, espais comercials i institucions que necessiten un partner fiable per desenvolupar campanyes de m\u00e0rqueting, projectes de retail i accions de branding o m\u00e0rqueting. Combinem tecnologia avan\u00e7ada d\u00b4impressi\u00f3 digital, un equip expert i una gesti\u00f3 completa de projectes per garantir qualitat, agilitat i resultats a mida per a cada client. Disposem de plataformes B2B que faciliten als nostres clients la gesti\u00f3 de les comandes de materials impresos aix\u00ed com la log\u00edstica dels mateixos.\",\"email\":\"info@artyplan.com\",\"telephone\":\"+34 93 200 87 99\",\"legalName\":\"Artyplan S.L.\",\"vatID\":\"B61963229\",\"numberOfEmployees\":{\"@type\":\"QuantitativeValue\",\"minValue\":\"51\",\"maxValue\":\"200\"}},{\"@type\":\"Person\",\"@id\":\"https:\/\/artyplan.com\/ca\/#\/schema\/person\/0ef19accced432bc277b8d5248cd2cc0\",\"name\":\"Sergio Triguero\",\"image\":{\"@type\":\"ImageObject\",\"inLanguage\":\"ca\",\"@id\":\"https:\/\/artyplan.com\/ca\/#\/schema\/person\/image\/\",\"url\":\"https:\/\/secure.gravatar.com\/avatar\/c742a95811ffbc635a3d111ab446f278cce576575d14970fd5d56e17580c3f23?s=96&d=mm&r=g\",\"contentUrl\":\"https:\/\/secure.gravatar.com\/avatar\/c742a95811ffbc635a3d111ab446f278cce576575d14970fd5d56e17580c3f23?s=96&d=mm&r=g\",\"caption\":\"Sergio Triguero\"}}]}<\/script>\n<!-- \/ Yoast SEO Premium plugin. -->","yoast_head_json":{"title":"Packaging: clau per diferenciar-se de la compet\u00e8ncia","description":"El packaging \u00e9s un element clau en la imatge de marca de qualsevol empresa. Expliquem que has de tenir en compte i perqu\u00e8 has de comptar amb experts.","robots":{"index":"index","follow":"follow","max-snippet":"max-snippet:-1","max-image-preview":"max-image-preview:large","max-video-preview":"max-video-preview:-1"},"canonical":"https:\/\/artyplan.com\/ca\/blog\/packaging-marca-diferencia-3\/","og_locale":"ca_ES","og_type":"article","og_title":"Packaging: clau per diferenciar-se de la compet\u00e8ncia","og_description":"El packaging \u00e9s un element clau en la imatge de marca de qualsevol empresa. Expliquem que has de tenir en compte i perqu\u00e8 has de comptar amb experts.","og_url":"https:\/\/artyplan.com\/ca\/blog\/packaging-marca-diferencia-3\/","og_site_name":"Artyplan","article_publisher":"https:\/\/www.facebook.com\/artyplan","article_published_time":"2021-02-06T22:00:00+00:00","article_modified_time":"2026-01-30T09:26:48+00:00","og_image":[{"width":1920,"height":600,"url":"https:\/\/artyplan.com\/wp-content\/uploads\/2025\/09\/packaging-producto-competencia.jpg","type":"image\/jpeg"}],"author":"Sergio Triguero","twitter_card":"summary_large_image","twitter_misc":{"Escrit per":"Sergio Triguero","Temps estimat de lectura":"4 minuts"},"schema":{"@context":"https:\/\/schema.org","@graph":[{"@type":"Article","@id":"https:\/\/artyplan.com\/ca\/blog\/packaging-marca-diferencia-3\/#article","isPartOf":{"@id":"https:\/\/artyplan.com\/ca\/blog\/packaging-marca-diferencia-3\/"},"author":{"name":"Sergio Triguero","@id":"https:\/\/artyplan.com\/ca\/#\/schema\/person\/0ef19accced432bc277b8d5248cd2cc0"},"headline":"Packaging: clau per diferenciar-se de la compet\u00e8ncia","datePublished":"2021-02-06T22:00:00+00:00","dateModified":"2026-01-30T09:26:48+00:00","mainEntityOfPage":{"@id":"https:\/\/artyplan.com\/ca\/blog\/packaging-marca-diferencia-3\/"},"wordCount":696,"publisher":{"@id":"https:\/\/artyplan.com\/ca\/#organization"},"image":{"@id":"https:\/\/artyplan.com\/ca\/blog\/packaging-marca-diferencia-3\/#primaryimage"},"thumbnailUrl":"https:\/\/artyplan.com\/wp-content\/uploads\/2025\/09\/packaging-producto-competencia.jpg","articleSection":["Noticies","Sense-categoritzar"],"inLanguage":"ca"},{"@type":"WebPage","@id":"https:\/\/artyplan.com\/ca\/blog\/packaging-marca-diferencia-3\/","url":"https:\/\/artyplan.com\/ca\/blog\/packaging-marca-diferencia-3\/","name":"Packaging: clau per diferenciar-se de la compet\u00e8ncia","isPartOf":{"@id":"https:\/\/artyplan.com\/ca\/#website"},"primaryImageOfPage":{"@id":"https:\/\/artyplan.com\/ca\/blog\/packaging-marca-diferencia-3\/#primaryimage"},"image":{"@id":"https:\/\/artyplan.com\/ca\/blog\/packaging-marca-diferencia-3\/#primaryimage"},"thumbnailUrl":"https:\/\/artyplan.com\/wp-content\/uploads\/2025\/09\/packaging-producto-competencia.jpg","datePublished":"2021-02-06T22:00:00+00:00","dateModified":"2026-01-30T09:26:48+00:00","description":"El packaging \u00e9s un element clau en la imatge de marca de qualsevol empresa. Expliquem que has de tenir en compte i perqu\u00e8 has de comptar amb experts.","breadcrumb":{"@id":"https:\/\/artyplan.com\/ca\/blog\/packaging-marca-diferencia-3\/#breadcrumb"},"inLanguage":"ca","potentialAction":[{"@type":"ReadAction","target":["https:\/\/artyplan.com\/ca\/blog\/packaging-marca-diferencia-3\/"]}]},{"@type":"ImageObject","inLanguage":"ca","@id":"https:\/\/artyplan.com\/ca\/blog\/packaging-marca-diferencia-3\/#primaryimage","url":"https:\/\/artyplan.com\/wp-content\/uploads\/2025\/09\/packaging-producto-competencia.jpg","contentUrl":"https:\/\/artyplan.com\/wp-content\/uploads\/2025\/09\/packaging-producto-competencia.jpg","width":1920,"height":600,"caption":"PACKAGING: SU IMPORTANCIA PARA DIFERENCIARNOS DE LA COMPETENCIA|packaging producte"},{"@type":"BreadcrumbList","@id":"https:\/\/artyplan.com\/ca\/blog\/packaging-marca-diferencia-3\/#breadcrumb","itemListElement":[{"@type":"ListItem","position":1,"name":"Artyplan","item":"https:\/\/artyplan.com\/ca\/"},{"@type":"ListItem","position":2,"name":"Packaging: clau per diferenciar-se de la compet\u00e8ncia"}]},{"@type":"WebSite","@id":"https:\/\/artyplan.com\/ca\/#website","url":"https:\/\/artyplan.com\/ca\/","name":"Artyplan","description":"","publisher":{"@id":"https:\/\/artyplan.com\/ca\/#organization"},"potentialAction":[{"@type":"SearchAction","target":{"@type":"EntryPoint","urlTemplate":"https:\/\/artyplan.com\/ca\/?s={search_term_string}"},"query-input":{"@type":"PropertyValueSpecification","valueRequired":true,"valueName":"search_term_string"}}],"inLanguage":"ca"},{"@type":"Organization","@id":"https:\/\/artyplan.com\/ca\/#organization","name":"Artyplan","url":"https:\/\/artyplan.com\/ca\/","logo":{"@type":"ImageObject","inLanguage":"ca","@id":"https:\/\/artyplan.com\/ca\/#\/schema\/logo\/image\/","url":"https:\/\/artyplan.com\/wp-content\/uploads\/2025\/12\/Logo-artyplan-690x690-1.png","contentUrl":"https:\/\/artyplan.com\/wp-content\/uploads\/2025\/12\/Logo-artyplan-690x690-1.png","width":690,"height":690,"caption":"Artyplan"},"image":{"@id":"https:\/\/artyplan.com\/ca\/#\/schema\/logo\/image\/"},"sameAs":["https:\/\/www.facebook.com\/artyplan","https:\/\/www.instagram.com\/artyplan\/","https:\/\/www.linkedin.com\/company\/artyplan"],"description":"Artyplan \u00e9s una empresa especialitzada en producci\u00f3 gr\u00e0fica i comunicaci\u00f3 visual amb 60 anys dexperi\u00e8ncia. Oferim solucions integrals d'impressi\u00f3 en gran format, PLV i retail, gesti\u00f3 d'esdeveniments i fires, disseny i fabricaci\u00f3 a mida, log\u00edstica i serveis d'instal\u00b7laci\u00f3 a tot el territori. Treballem per a marques, ag\u00e8ncies, espais comercials i institucions que necessiten un partner fiable per desenvolupar campanyes de m\u00e0rqueting, projectes de retail i accions de branding o m\u00e0rqueting. Combinem tecnologia avan\u00e7ada d\u00b4impressi\u00f3 digital, un equip expert i una gesti\u00f3 completa de projectes per garantir qualitat, agilitat i resultats a mida per a cada client. Disposem de plataformes B2B que faciliten als nostres clients la gesti\u00f3 de les comandes de materials impresos aix\u00ed com la log\u00edstica dels mateixos.","email":"info@artyplan.com","telephone":"+34 93 200 87 99","legalName":"Artyplan S.L.","vatID":"B61963229","numberOfEmployees":{"@type":"QuantitativeValue","minValue":"51","maxValue":"200"}},{"@type":"Person","@id":"https:\/\/artyplan.com\/ca\/#\/schema\/person\/0ef19accced432bc277b8d5248cd2cc0","name":"Sergio Triguero","image":{"@type":"ImageObject","inLanguage":"ca","@id":"https:\/\/artyplan.com\/ca\/#\/schema\/person\/image\/","url":"https:\/\/secure.gravatar.com\/avatar\/c742a95811ffbc635a3d111ab446f278cce576575d14970fd5d56e17580c3f23?s=96&d=mm&r=g","contentUrl":"https:\/\/secure.gravatar.com\/avatar\/c742a95811ffbc635a3d111ab446f278cce576575d14970fd5d56e17580c3f23?s=96&d=mm&r=g","caption":"Sergio Triguero"}}]}},"_links":{"self":[{"href":"https:\/\/artyplan.com\/ca\/wp-json\/wp\/v2\/posts\/7639","targetHints":{"allow":["GET"]}}],"collection":[{"href":"https:\/\/artyplan.com\/ca\/wp-json\/wp\/v2\/posts"}],"about":[{"href":"https:\/\/artyplan.com\/ca\/wp-json\/wp\/v2\/types\/post"}],"author":[{"embeddable":true,"href":"https:\/\/artyplan.com\/ca\/wp-json\/wp\/v2\/users\/3"}],"replies":[{"embeddable":true,"href":"https:\/\/artyplan.com\/ca\/wp-json\/wp\/v2\/comments?post=7639"}],"version-history":[{"count":2,"href":"https:\/\/artyplan.com\/ca\/wp-json\/wp\/v2\/posts\/7639\/revisions"}],"predecessor-version":[{"id":13525,"href":"https:\/\/artyplan.com\/ca\/wp-json\/wp\/v2\/posts\/7639\/revisions\/13525"}],"wp:featuredmedia":[{"embeddable":true,"href":"https:\/\/artyplan.com\/ca\/wp-json\/wp\/v2\/media\/5078"}],"wp:attachment":[{"href":"https:\/\/artyplan.com\/ca\/wp-json\/wp\/v2\/media?parent=7639"}],"wp:term":[{"taxonomy":"category","embeddable":true,"href":"https:\/\/artyplan.com\/ca\/wp-json\/wp\/v2\/categories?post=7639"},{"taxonomy":"post_tag","embeddable":true,"href":"https:\/\/artyplan.com\/ca\/wp-json\/wp\/v2\/tags?post=7639"}],"curies":[{"name":"wp","href":"https:\/\/api.w.org\/{rel}","templated":true}]}}