{"id":7640,"date":"2021-03-30T00:00:00","date_gmt":"2021-03-29T22:00:00","guid":{"rendered":"https:\/\/preweb.artyplan.com\/sin-categorizar\/diferencia-rgb-cmyk\/"},"modified":"2025-12-16T12:26:08","modified_gmt":"2025-12-16T10:26:08","slug":"diferencia-rgb-cmyk","status":"publish","type":"post","link":"https:\/\/artyplan.com\/ca\/blog\/diferencia-rgb-cmyk\/","title":{"rendered":"Difer\u00e8ncia entre RGB i CMYK"},"content":{"rendered":"<p>A l\u2019hora d\u2019imprimir un projecte gr\u00e0fic la qualitat de la impressi\u00f3 \u00e9s fonamental, per aix\u00f2 \u00e9s important saber la difer\u00e8ncia entre el model de colors RGB i el CMYK . Tot dissenyador, fot\u00f2graf o gestor de marca sap que s\u2019ha de cuidar fins als \u00faltims detalls de la producci\u00f3 per tal que el resultat sigui \u00f2ptim i el desitjat.<\/p>\n<p>Quan s\u2019ha de crear un document perqu\u00e8 s\u2019imprimeixi posteriorment s\u2019ha de tenir en compte que els colors utilitzats en l\u2019entorn visual (colors de la llum) no s\u00f3n els mateixos que s\u2019utilitzen en la impressi\u00f3 i, per tant, pot haver-hi una lleugera difer\u00e8ncia entre els colors que hom veu en pantalla i els resultats impresos que t\u00e9.<\/p>\n<p>\u00c9s per aix\u00f2, que:<\/p>\n<ul>\n<li>\u00c9s molt important treballar els documents digitals que han de ser impresos amb els colors CMYK.<\/li>\n<li>Sol\u00b7licitar proves de color.<\/li>\n<li>Realitzar verificacions d\u2019impressi\u00f3 abans de la impressi\u00f3 final.<\/li>\n<\/ul>\n<p>A continuaci\u00f3 us expliquem qu\u00e8 s\u00f3n els esquemes de colors CMYK i RGB i quines difer\u00e8ncies hi ha.<\/p>\n<h2>Qu\u00e8 \u00e9s el RGB<\/h2>\n<p>L\u2019esquema de colors RGB s\u00f3n els que es mostren en monitors d\u2019ordinador, pantalles de televisi\u00f3 o tel\u00e8fons m\u00f2bils. Aquest esquema es basa en la s\u00edntesi additiva de color (colors de llum). L\u2019espectre de colors que representen s\u00f3n molt amplis; i aquests es creen a partir de la combinaci\u00f3 de la llum dels colors primaris: vermell (R), verd (G) i blau (B).<\/p>\n<h2>Qu\u00e8 \u00e9s el CMYK<\/h2>\n<p>L\u2019esquema de colors CMYK treballa en quadricromia, amb els colors cyan (C), magenta (M), groc (Y) i negre (K). Aquests quatre colors es barregen amb diversos percentatges per aconseguir qualsevol color. La combinaci\u00f3 d&#8217;aquests colors es basa en el model subtractiu, \u00e9s a dir, la capacitat d\u2019absorbir i rebutjar la llum dels objectes.<\/p>\n<p>Per exemple, si veiem el mar de color blau es que el mar ha absorbit tots els colors menys el blau. El model de color CMYK s\u2019utilitza en impremta i la fotografia en color.<\/p>\n<h2>Difer\u00e8ncies entre el RGB i el CMYK<\/h2>\n<p>En el model de color RGB es pot reproduir molts colors. Aquests presenten una lluminositat i sensaci\u00f3 de vivesa de colors.<\/p>\n<p>En el model de color CMYK hi ha colors que no es poden aconseguir. Si compar\u00e9ssim dues imatges amb els diferents models de colors, el RGB i el CMYK, la imatge que utilitza el model CMYK t\u00e9 un contrast m\u00e9s gran gr\u00e0cies a l\u2019\u00fas del quart color.<\/p>\n<p>En materials impresos, la combinaci\u00f3 de colors additius (RGB) no pot ser reprodu\u00efda directament, de manera que les imatges originades a l&#8217;ordinador s&#8217;han de convertir al CMYK equivalent amb els colors de tinta (CMYK) perqu\u00e8 els colors d\u2019impressi\u00f3 siguin els m\u00e9s correctes possibles. .<\/p>\n<p>El <a href=\"http:\/\/artyplan.com\/ca\/serveis\/centre-atencio-al-client\/\" target=\"_blank\" rel=\"noopener\">Centre d\u2019Atenci\u00f3 al client d\u2019Artyplan<\/a> comptem amb un ampli equip de professionals de les arts gr\u00e0fiques que t\u2019assessoraran i t\u2019acompanyaran perqu\u00e8 el teu projecte gr\u00e0fic tingui el resultat esperat.<\/p>\n","protected":false},"excerpt":{"rendered":"<p>A l\u2019hora d\u2019imprimir un projecte gr\u00e0fic la qualitat de la impressi\u00f3 \u00e9s fonamental, per aix\u00f2 \u00e9s important saber la difer\u00e8ncia entre el model de colors RGB i el CMYK . Tot dissenyador, fot\u00f2graf o gestor de marca sap que s\u2019ha de cuidar fins als \u00faltims detalls de la producci\u00f3 per tal que el resultat sigui [&hellip;]<\/p>\n","protected":false},"author":3,"featured_media":6959,"comment_status":"closed","ping_status":"closed","sticky":false,"template":"","format":"standard","meta":{"footnotes":""},"categories":[54],"tags":[],"class_list":["post-7640","post","type-post","status-publish","format-standard","has-post-thumbnail","hentry","category-noticies-ca"],"yoast_head":"<!-- This site is optimized with the Yoast SEO Premium plugin v26.5 (Yoast SEO v26.5) - https:\/\/yoast.com\/wordpress\/plugins\/seo\/ -->\n<title>Difer\u00e8ncia entre RGB i CMYK | Artyplan<\/title>\n<meta name=\"description\" content=\"Coneixes la difer\u00e8ncia entre RGB i CMYK? Saps quan s&#039;utilitza el model RGB i el model CMYK? T&#039;ho expliquem al seg\u00fcent article!\" \/>\n<meta name=\"robots\" content=\"index, follow, max-snippet:-1, max-image-preview:large, max-video-preview:-1\" \/>\n<link rel=\"canonical\" href=\"https:\/\/artyplan.com\/ca\/blog\/diferencia-rgb-cmyk\/\" \/>\n<meta property=\"og:locale\" content=\"ca_ES\" \/>\n<meta property=\"og:type\" content=\"article\" \/>\n<meta property=\"og:title\" content=\"Difer\u00e8ncia entre RGB i CMYK\" \/>\n<meta property=\"og:description\" content=\"Coneixes la difer\u00e8ncia entre RGB i CMYK? Saps quan s&#039;utilitza el model RGB i el model CMYK? T&#039;ho expliquem al seg\u00fcent article!\" \/>\n<meta property=\"og:url\" content=\"https:\/\/artyplan.com\/ca\/blog\/diferencia-rgb-cmyk\/\" \/>\n<meta property=\"og:site_name\" content=\"Artyplan\" \/>\n<meta property=\"article:publisher\" content=\"https:\/\/www.facebook.com\/artyplan\" \/>\n<meta property=\"article:published_time\" content=\"2021-03-29T22:00:00+00:00\" \/>\n<meta property=\"article:modified_time\" content=\"2025-12-16T10:26:08+00:00\" \/>\n<meta property=\"og:image\" content=\"https:\/\/artyplan.com\/wp-content\/uploads\/2025\/09\/diferencies-rgb-cmyk.jpg\" \/>\n\t<meta property=\"og:image:width\" content=\"1920\" \/>\n\t<meta property=\"og:image:height\" content=\"600\" \/>\n\t<meta property=\"og:image:type\" content=\"image\/jpeg\" \/>\n<meta name=\"author\" content=\"Sergio Triguero\" \/>\n<meta name=\"twitter:card\" content=\"summary_large_image\" \/>\n<meta name=\"twitter:label1\" content=\"Escrit per\" \/>\n\t<meta name=\"twitter:data1\" content=\"Sergio Triguero\" \/>\n\t<meta name=\"twitter:label2\" content=\"Temps estimat de lectura\" \/>\n\t<meta name=\"twitter:data2\" content=\"3 minuts\" \/>\n<script type=\"application\/ld+json\" class=\"yoast-schema-graph\">{\"@context\":\"https:\/\/schema.org\",\"@graph\":[{\"@type\":\"Article\",\"@id\":\"https:\/\/artyplan.com\/ca\/blog\/diferencia-rgb-cmyk\/#article\",\"isPartOf\":{\"@id\":\"https:\/\/artyplan.com\/ca\/blog\/diferencia-rgb-cmyk\/\"},\"author\":{\"name\":\"Sergio Triguero\",\"@id\":\"https:\/\/artyplan.com\/ca\/#\/schema\/person\/0ef19accced432bc277b8d5248cd2cc0\"},\"headline\":\"Difer\u00e8ncia entre RGB i CMYK\",\"datePublished\":\"2021-03-29T22:00:00+00:00\",\"dateModified\":\"2025-12-16T10:26:08+00:00\",\"mainEntityOfPage\":{\"@id\":\"https:\/\/artyplan.com\/ca\/blog\/diferencia-rgb-cmyk\/\"},\"wordCount\":519,\"publisher\":{\"@id\":\"https:\/\/artyplan.com\/ca\/#organization\"},\"image\":{\"@id\":\"https:\/\/artyplan.com\/ca\/blog\/diferencia-rgb-cmyk\/#primaryimage\"},\"thumbnailUrl\":\"https:\/\/artyplan.com\/wp-content\/uploads\/2025\/09\/diferencies-rgb-cmyk.jpg\",\"articleSection\":[\"Noticies\"],\"inLanguage\":\"ca\"},{\"@type\":\"WebPage\",\"@id\":\"https:\/\/artyplan.com\/ca\/blog\/diferencia-rgb-cmyk\/\",\"url\":\"https:\/\/artyplan.com\/ca\/blog\/diferencia-rgb-cmyk\/\",\"name\":\"Difer\u00e8ncia entre RGB i CMYK | Artyplan\",\"isPartOf\":{\"@id\":\"https:\/\/artyplan.com\/ca\/#website\"},\"primaryImageOfPage\":{\"@id\":\"https:\/\/artyplan.com\/ca\/blog\/diferencia-rgb-cmyk\/#primaryimage\"},\"image\":{\"@id\":\"https:\/\/artyplan.com\/ca\/blog\/diferencia-rgb-cmyk\/#primaryimage\"},\"thumbnailUrl\":\"https:\/\/artyplan.com\/wp-content\/uploads\/2025\/09\/diferencies-rgb-cmyk.jpg\",\"datePublished\":\"2021-03-29T22:00:00+00:00\",\"dateModified\":\"2025-12-16T10:26:08+00:00\",\"description\":\"Coneixes la difer\u00e8ncia entre RGB i CMYK? Saps quan s'utilitza el model RGB i el model CMYK? T'ho expliquem al seg\u00fcent article!\",\"breadcrumb\":{\"@id\":\"https:\/\/artyplan.com\/ca\/blog\/diferencia-rgb-cmyk\/#breadcrumb\"},\"inLanguage\":\"ca\",\"potentialAction\":[{\"@type\":\"ReadAction\",\"target\":[\"https:\/\/artyplan.com\/ca\/blog\/diferencia-rgb-cmyk\/\"]}]},{\"@type\":\"ImageObject\",\"inLanguage\":\"ca\",\"@id\":\"https:\/\/artyplan.com\/ca\/blog\/diferencia-rgb-cmyk\/#primaryimage\",\"url\":\"https:\/\/artyplan.com\/wp-content\/uploads\/2025\/09\/diferencies-rgb-cmyk.jpg\",\"contentUrl\":\"https:\/\/artyplan.com\/wp-content\/uploads\/2025\/09\/diferencies-rgb-cmyk.jpg\",\"width\":1920,\"height\":600,\"caption\":\"colors rgb cmyk|\"},{\"@type\":\"BreadcrumbList\",\"@id\":\"https:\/\/artyplan.com\/ca\/blog\/diferencia-rgb-cmyk\/#breadcrumb\",\"itemListElement\":[{\"@type\":\"ListItem\",\"position\":1,\"name\":\"Artyplan\",\"item\":\"https:\/\/artyplan.com\/ca\/\"},{\"@type\":\"ListItem\",\"position\":2,\"name\":\"Difer\u00e8ncia entre RGB i CMYK\"}]},{\"@type\":\"WebSite\",\"@id\":\"https:\/\/artyplan.com\/ca\/#website\",\"url\":\"https:\/\/artyplan.com\/ca\/\",\"name\":\"Artyplan\",\"description\":\"\",\"publisher\":{\"@id\":\"https:\/\/artyplan.com\/ca\/#organization\"},\"potentialAction\":[{\"@type\":\"SearchAction\",\"target\":{\"@type\":\"EntryPoint\",\"urlTemplate\":\"https:\/\/artyplan.com\/ca\/?s={search_term_string}\"},\"query-input\":{\"@type\":\"PropertyValueSpecification\",\"valueRequired\":true,\"valueName\":\"search_term_string\"}}],\"inLanguage\":\"ca\"},{\"@type\":\"Organization\",\"@id\":\"https:\/\/artyplan.com\/ca\/#organization\",\"name\":\"Artyplan\",\"url\":\"https:\/\/artyplan.com\/ca\/\",\"logo\":{\"@type\":\"ImageObject\",\"inLanguage\":\"ca\",\"@id\":\"https:\/\/artyplan.com\/ca\/#\/schema\/logo\/image\/\",\"url\":\"https:\/\/artyplan.com\/wp-content\/uploads\/2025\/12\/Logo-artyplan-690x690-1.png\",\"contentUrl\":\"https:\/\/artyplan.com\/wp-content\/uploads\/2025\/12\/Logo-artyplan-690x690-1.png\",\"width\":690,\"height\":690,\"caption\":\"Artyplan\"},\"image\":{\"@id\":\"https:\/\/artyplan.com\/ca\/#\/schema\/logo\/image\/\"},\"sameAs\":[\"https:\/\/www.facebook.com\/artyplan\",\"https:\/\/www.instagram.com\/artyplan\/\",\"https:\/\/www.linkedin.com\/company\/artyplan\"],\"description\":\"Artyplan \u00e9s una empresa especialitzada en producci\u00f3 gr\u00e0fica i comunicaci\u00f3 visual amb 60 anys dexperi\u00e8ncia. Oferim solucions integrals d'impressi\u00f3 en gran format, PLV i retail, gesti\u00f3 d'esdeveniments i fires, disseny i fabricaci\u00f3 a mida, log\u00edstica i serveis d'instal\u00b7laci\u00f3 a tot el territori. Treballem per a marques, ag\u00e8ncies, espais comercials i institucions que necessiten un partner fiable per desenvolupar campanyes de m\u00e0rqueting, projectes de retail i accions de branding o m\u00e0rqueting. Combinem tecnologia avan\u00e7ada d\u00b4impressi\u00f3 digital, un equip expert i una gesti\u00f3 completa de projectes per garantir qualitat, agilitat i resultats a mida per a cada client. Disposem de plataformes B2B que faciliten als nostres clients la gesti\u00f3 de les comandes de materials impresos aix\u00ed com la log\u00edstica dels mateixos.\",\"email\":\"info@artyplan.com\",\"telephone\":\"+34 93 200 87 99\",\"legalName\":\"Artyplan S.L.\",\"vatID\":\"B61963229\",\"numberOfEmployees\":{\"@type\":\"QuantitativeValue\",\"minValue\":\"51\",\"maxValue\":\"200\"}},{\"@type\":\"Person\",\"@id\":\"https:\/\/artyplan.com\/ca\/#\/schema\/person\/0ef19accced432bc277b8d5248cd2cc0\",\"name\":\"Sergio Triguero\",\"image\":{\"@type\":\"ImageObject\",\"inLanguage\":\"ca\",\"@id\":\"https:\/\/artyplan.com\/ca\/#\/schema\/person\/image\/\",\"url\":\"https:\/\/secure.gravatar.com\/avatar\/c742a95811ffbc635a3d111ab446f278cce576575d14970fd5d56e17580c3f23?s=96&d=mm&r=g\",\"contentUrl\":\"https:\/\/secure.gravatar.com\/avatar\/c742a95811ffbc635a3d111ab446f278cce576575d14970fd5d56e17580c3f23?s=96&d=mm&r=g\",\"caption\":\"Sergio Triguero\"}}]}<\/script>\n<!-- \/ Yoast SEO Premium plugin. -->","yoast_head_json":{"title":"Difer\u00e8ncia entre RGB i CMYK | Artyplan","description":"Coneixes la difer\u00e8ncia entre RGB i CMYK? Saps quan s'utilitza el model RGB i el model CMYK? T'ho expliquem al seg\u00fcent article!","robots":{"index":"index","follow":"follow","max-snippet":"max-snippet:-1","max-image-preview":"max-image-preview:large","max-video-preview":"max-video-preview:-1"},"canonical":"https:\/\/artyplan.com\/ca\/blog\/diferencia-rgb-cmyk\/","og_locale":"ca_ES","og_type":"article","og_title":"Difer\u00e8ncia entre RGB i CMYK","og_description":"Coneixes la difer\u00e8ncia entre RGB i CMYK? Saps quan s'utilitza el model RGB i el model CMYK? T'ho expliquem al seg\u00fcent article!","og_url":"https:\/\/artyplan.com\/ca\/blog\/diferencia-rgb-cmyk\/","og_site_name":"Artyplan","article_publisher":"https:\/\/www.facebook.com\/artyplan","article_published_time":"2021-03-29T22:00:00+00:00","article_modified_time":"2025-12-16T10:26:08+00:00","og_image":[{"width":1920,"height":600,"url":"https:\/\/artyplan.com\/wp-content\/uploads\/2025\/09\/diferencies-rgb-cmyk.jpg","type":"image\/jpeg"}],"author":"Sergio Triguero","twitter_card":"summary_large_image","twitter_misc":{"Escrit per":"Sergio Triguero","Temps estimat de lectura":"3 minuts"},"schema":{"@context":"https:\/\/schema.org","@graph":[{"@type":"Article","@id":"https:\/\/artyplan.com\/ca\/blog\/diferencia-rgb-cmyk\/#article","isPartOf":{"@id":"https:\/\/artyplan.com\/ca\/blog\/diferencia-rgb-cmyk\/"},"author":{"name":"Sergio Triguero","@id":"https:\/\/artyplan.com\/ca\/#\/schema\/person\/0ef19accced432bc277b8d5248cd2cc0"},"headline":"Difer\u00e8ncia entre RGB i CMYK","datePublished":"2021-03-29T22:00:00+00:00","dateModified":"2025-12-16T10:26:08+00:00","mainEntityOfPage":{"@id":"https:\/\/artyplan.com\/ca\/blog\/diferencia-rgb-cmyk\/"},"wordCount":519,"publisher":{"@id":"https:\/\/artyplan.com\/ca\/#organization"},"image":{"@id":"https:\/\/artyplan.com\/ca\/blog\/diferencia-rgb-cmyk\/#primaryimage"},"thumbnailUrl":"https:\/\/artyplan.com\/wp-content\/uploads\/2025\/09\/diferencies-rgb-cmyk.jpg","articleSection":["Noticies"],"inLanguage":"ca"},{"@type":"WebPage","@id":"https:\/\/artyplan.com\/ca\/blog\/diferencia-rgb-cmyk\/","url":"https:\/\/artyplan.com\/ca\/blog\/diferencia-rgb-cmyk\/","name":"Difer\u00e8ncia entre RGB i CMYK | Artyplan","isPartOf":{"@id":"https:\/\/artyplan.com\/ca\/#website"},"primaryImageOfPage":{"@id":"https:\/\/artyplan.com\/ca\/blog\/diferencia-rgb-cmyk\/#primaryimage"},"image":{"@id":"https:\/\/artyplan.com\/ca\/blog\/diferencia-rgb-cmyk\/#primaryimage"},"thumbnailUrl":"https:\/\/artyplan.com\/wp-content\/uploads\/2025\/09\/diferencies-rgb-cmyk.jpg","datePublished":"2021-03-29T22:00:00+00:00","dateModified":"2025-12-16T10:26:08+00:00","description":"Coneixes la difer\u00e8ncia entre RGB i CMYK? Saps quan s'utilitza el model RGB i el model CMYK? T'ho expliquem al seg\u00fcent article!","breadcrumb":{"@id":"https:\/\/artyplan.com\/ca\/blog\/diferencia-rgb-cmyk\/#breadcrumb"},"inLanguage":"ca","potentialAction":[{"@type":"ReadAction","target":["https:\/\/artyplan.com\/ca\/blog\/diferencia-rgb-cmyk\/"]}]},{"@type":"ImageObject","inLanguage":"ca","@id":"https:\/\/artyplan.com\/ca\/blog\/diferencia-rgb-cmyk\/#primaryimage","url":"https:\/\/artyplan.com\/wp-content\/uploads\/2025\/09\/diferencies-rgb-cmyk.jpg","contentUrl":"https:\/\/artyplan.com\/wp-content\/uploads\/2025\/09\/diferencies-rgb-cmyk.jpg","width":1920,"height":600,"caption":"colors rgb cmyk|"},{"@type":"BreadcrumbList","@id":"https:\/\/artyplan.com\/ca\/blog\/diferencia-rgb-cmyk\/#breadcrumb","itemListElement":[{"@type":"ListItem","position":1,"name":"Artyplan","item":"https:\/\/artyplan.com\/ca\/"},{"@type":"ListItem","position":2,"name":"Difer\u00e8ncia entre RGB i CMYK"}]},{"@type":"WebSite","@id":"https:\/\/artyplan.com\/ca\/#website","url":"https:\/\/artyplan.com\/ca\/","name":"Artyplan","description":"","publisher":{"@id":"https:\/\/artyplan.com\/ca\/#organization"},"potentialAction":[{"@type":"SearchAction","target":{"@type":"EntryPoint","urlTemplate":"https:\/\/artyplan.com\/ca\/?s={search_term_string}"},"query-input":{"@type":"PropertyValueSpecification","valueRequired":true,"valueName":"search_term_string"}}],"inLanguage":"ca"},{"@type":"Organization","@id":"https:\/\/artyplan.com\/ca\/#organization","name":"Artyplan","url":"https:\/\/artyplan.com\/ca\/","logo":{"@type":"ImageObject","inLanguage":"ca","@id":"https:\/\/artyplan.com\/ca\/#\/schema\/logo\/image\/","url":"https:\/\/artyplan.com\/wp-content\/uploads\/2025\/12\/Logo-artyplan-690x690-1.png","contentUrl":"https:\/\/artyplan.com\/wp-content\/uploads\/2025\/12\/Logo-artyplan-690x690-1.png","width":690,"height":690,"caption":"Artyplan"},"image":{"@id":"https:\/\/artyplan.com\/ca\/#\/schema\/logo\/image\/"},"sameAs":["https:\/\/www.facebook.com\/artyplan","https:\/\/www.instagram.com\/artyplan\/","https:\/\/www.linkedin.com\/company\/artyplan"],"description":"Artyplan \u00e9s una empresa especialitzada en producci\u00f3 gr\u00e0fica i comunicaci\u00f3 visual amb 60 anys dexperi\u00e8ncia. Oferim solucions integrals d'impressi\u00f3 en gran format, PLV i retail, gesti\u00f3 d'esdeveniments i fires, disseny i fabricaci\u00f3 a mida, log\u00edstica i serveis d'instal\u00b7laci\u00f3 a tot el territori. Treballem per a marques, ag\u00e8ncies, espais comercials i institucions que necessiten un partner fiable per desenvolupar campanyes de m\u00e0rqueting, projectes de retail i accions de branding o m\u00e0rqueting. Combinem tecnologia avan\u00e7ada d\u00b4impressi\u00f3 digital, un equip expert i una gesti\u00f3 completa de projectes per garantir qualitat, agilitat i resultats a mida per a cada client. Disposem de plataformes B2B que faciliten als nostres clients la gesti\u00f3 de les comandes de materials impresos aix\u00ed com la log\u00edstica dels mateixos.","email":"info@artyplan.com","telephone":"+34 93 200 87 99","legalName":"Artyplan S.L.","vatID":"B61963229","numberOfEmployees":{"@type":"QuantitativeValue","minValue":"51","maxValue":"200"}},{"@type":"Person","@id":"https:\/\/artyplan.com\/ca\/#\/schema\/person\/0ef19accced432bc277b8d5248cd2cc0","name":"Sergio Triguero","image":{"@type":"ImageObject","inLanguage":"ca","@id":"https:\/\/artyplan.com\/ca\/#\/schema\/person\/image\/","url":"https:\/\/secure.gravatar.com\/avatar\/c742a95811ffbc635a3d111ab446f278cce576575d14970fd5d56e17580c3f23?s=96&d=mm&r=g","contentUrl":"https:\/\/secure.gravatar.com\/avatar\/c742a95811ffbc635a3d111ab446f278cce576575d14970fd5d56e17580c3f23?s=96&d=mm&r=g","caption":"Sergio Triguero"}}]}},"_links":{"self":[{"href":"https:\/\/artyplan.com\/ca\/wp-json\/wp\/v2\/posts\/7640","targetHints":{"allow":["GET"]}}],"collection":[{"href":"https:\/\/artyplan.com\/ca\/wp-json\/wp\/v2\/posts"}],"about":[{"href":"https:\/\/artyplan.com\/ca\/wp-json\/wp\/v2\/types\/post"}],"author":[{"embeddable":true,"href":"https:\/\/artyplan.com\/ca\/wp-json\/wp\/v2\/users\/3"}],"replies":[{"embeddable":true,"href":"https:\/\/artyplan.com\/ca\/wp-json\/wp\/v2\/comments?post=7640"}],"version-history":[{"count":1,"href":"https:\/\/artyplan.com\/ca\/wp-json\/wp\/v2\/posts\/7640\/revisions"}],"predecessor-version":[{"id":13428,"href":"https:\/\/artyplan.com\/ca\/wp-json\/wp\/v2\/posts\/7640\/revisions\/13428"}],"wp:featuredmedia":[{"embeddable":true,"href":"https:\/\/artyplan.com\/ca\/wp-json\/wp\/v2\/media\/6959"}],"wp:attachment":[{"href":"https:\/\/artyplan.com\/ca\/wp-json\/wp\/v2\/media?parent=7640"}],"wp:term":[{"taxonomy":"category","embeddable":true,"href":"https:\/\/artyplan.com\/ca\/wp-json\/wp\/v2\/categories?post=7640"},{"taxonomy":"post_tag","embeddable":true,"href":"https:\/\/artyplan.com\/ca\/wp-json\/wp\/v2\/tags?post=7640"}],"curies":[{"name":"wp","href":"https:\/\/api.w.org\/{rel}","templated":true}]}}