{"id":15649,"date":"2024-01-19T00:00:00","date_gmt":"2024-01-18T22:00:00","guid":{"rendered":"https:\/\/artyplan.com\/sin-categoria\/mobile-world-congress-2024-and-print\/"},"modified":"2024-01-19T00:00:00","modified_gmt":"2024-01-18T22:00:00","slug":"mobile-world-congress-2024-and-print","status":"publish","type":"post","link":"https:\/\/artyplan.com\/en\/blog\/mobile-world-congress-2024-and-print\/","title":{"rendered":"Mobile World Congress 2024 and Print"},"content":{"rendered":"<p>The next edition of the Mobile World Congress (MWC) begins on 26 February and promises to be a showcase of innovation and technology, attracting thousands of professionals and leading companies from across the sector. In this context, the presence of your business does not depend only on the technologies you present, but also on how you present them. This is where our experience in print services for the Mobile World Congress plays a crucial role.  <\/p>\n<h2><strong>The Importance of Printed Materials at MWC<\/strong><\/h2>\n<p>Some may think that printed materials have lost relevance. However, at events such as MWC, these materials remain essential. They provide a tangible element that complements the experience, leaving a lasting impression on attendees.  <\/p>\n<h3>For Event Organisers<\/h3>\n<p>At a globally recognised event that brings together innovators and leaders in mobile technology, the importance of effective signage and promotional materials should not be underestimated.<\/p>\n<p>As specialists in print services, we understand that each printed element plays a key role in the successful organisation of an event.<\/p>\n<ul>\n<li><strong>Signage and Guides:<\/strong><br \/>High-quality self-standing signs and wayfinding panels with directions, maps and printed programmes are essential for navigation and the overall visitor experience.<\/li>\n<li><strong>Promotional Materials:<\/strong><br \/>Brochures, flyers and merchandising materials not only provide information but also serve as physical reminders of the event.<\/li>\n<\/ul>\n<h3>For Exhibitors<\/h3>\n<p>As an exhibitor, it is essential to ensure that your brand not only participates but stands out in a highly competitive environment. Print plays a fundamental role in this process, transforming ideas and messages into tangible materials that capture attention and communicate effectively. <\/p>\n<p><strong><img fetchpriority=\"high\" decoding=\"async\" class=\" wp-image-11204 alignright\" style=\"font-weight: 400;\" src=\"https:\/\/preweb.artyplan.com\/wp-content\/uploads\/2025\/09\/stand-para-ferias-scaled.png\" alt=\"trade show stand\" width=\"400\" height=\"266\"><\/strong><\/p>\n<ul>\n<li><strong>Stands and Banners:<\/strong><br \/>A well-designed stand with eye-catching banners ensures that your brand stands out among the crowd.<\/li>\n<li><strong>Product Catalogues and Brochures:<\/strong><br \/>Provide detailed information about your products or services, allowing visitors to learn more about your offering.<\/li>\n<li><strong>Business Cards:<\/strong><br \/>Despite digitalisation, business cards remain an essential networking tool.<\/li>\n<li><strong>Merchandising<\/strong><br \/>Promotional items are more than simple giveaways \u2014 they are a physical representation of your brand and a powerful way to connect with attendees. Some examples include: <\/li>\n<\/ul>\n<p><span style=\"text-decoration: underline;\">Apparel and accessories:<\/span><br \/>T-shirts, caps and lanyards with logos and creative messages are classic items that remain highly visible, practical and memorable. <\/p>\n<p><span style=\"text-decoration: underline;\">Reusable bags:<\/span><br \/>Eco-friendly and practical, reusable bags are ideal for distributing brochures and other materials during the event.<\/p>\n<p><span style=\"text-decoration: underline;\">Technology gadgets:<\/span><br \/>Portable chargers and other technology devices with your logo are not only relevant at a technology event but also highly appreciated.<\/p>\n<p><span style=\"text-decoration: underline;\">Office items:<\/span><br \/>Pens, notebooks or personalised USB drives.<\/p>\n<p>We provide customised print production solutions to ensure that your materials are not only informative but also reflect the quality and professionalism of your business.<\/p>\n<h2><strong>Printing Trends for Mobile World Congress 2024<\/strong><\/h2>\n<p>For MWC 2024, we identify three key printing trends that stand out for their creativity, efficiency and ability to meet the evolving expectations of businesses and visitors.<\/p>\n<ul>\n<li><strong>Advanced personalisation:<\/strong><br \/>Personalisation has no limits. It allows businesses to create products that can be tailored to individual attendees, generating a more engaging experience. <\/li>\n<li><strong>Integrated technology:<\/strong><br \/>Incorporating elements such as QR codes allows printed materials to connect with digital resources, expanding the communication possibilities.<\/li>\n<li><strong>Sustainability:<\/strong><br \/>Choosing environmentally responsible materials demonstrates your company\u2019s commitment to sustainability.<\/li>\n<\/ul>\n<p>Sustainability also presents an opportunity for participating companies to strengthen their brand image. Businesses that demonstrate genuine commitment to sustainable practices often connect more strongly with increasingly environmentally conscious audiences. <\/p>\n<p>Planning in advance is essential. Work with us to <strong>design and <a href=\"http:\/\/artyplan.com\/contacto\/\" target=\"_blank\" rel=\"noopener\">produce printed materials<\/a><\/strong> ahead of time, ensuring the highest quality and timely delivery for your event. <\/p>\n","protected":false},"excerpt":{"rendered":"<p>The next edition of the Mobile World Congress (MWC) begins on 26 February and promises to be a showcase of innovation and technology, attracting thousands of professionals and leading companies from across the sector. In this context, the presence of your business does not depend only on the technologies you present, but also on how [&hellip;]<\/p>\n","protected":false},"author":3,"featured_media":15648,"comment_status":"closed","ping_status":"closed","sticky":false,"template":"","format":"standard","meta":{"footnotes":""},"categories":[81],"tags":[],"class_list":["post-15649","post","type-post","status-publish","format-standard","has-post-thumbnail","hentry","category-news"],"yoast_head":"<!-- This site is optimized with the Yoast SEO Premium plugin v26.5 (Yoast SEO v26.5) - https:\/\/yoast.com\/wordpress\/plugins\/seo\/ -->\n<title>Printing for Mobile World Congress 2024 | Artyplan<\/title>\n<meta name=\"description\" content=\"Professional print production for Mobile World Congress. Signage, trade show stands, catalogues and merchandising to help your business stand out.\" \/>\n<meta name=\"robots\" content=\"index, follow, max-snippet:-1, max-image-preview:large, max-video-preview:-1\" \/>\n<link rel=\"canonical\" href=\"https:\/\/artyplan.com\/en\/blog\/mobile-world-congress-2024-and-print\/\" \/>\n<meta property=\"og:locale\" content=\"en_US\" \/>\n<meta property=\"og:type\" content=\"article\" \/>\n<meta property=\"og:title\" content=\"Mobile World Congress 2024 and Print\" \/>\n<meta property=\"og:description\" content=\"Professional print production for Mobile World Congress. Signage, trade show stands, catalogues and merchandising to help your business stand out.\" \/>\n<meta property=\"og:url\" content=\"https:\/\/artyplan.com\/en\/blog\/mobile-world-congress-2024-and-print\/\" \/>\n<meta property=\"og:site_name\" content=\"Artyplan\" \/>\n<meta property=\"article:publisher\" content=\"https:\/\/www.facebook.com\/artyplan\" \/>\n<meta property=\"article:published_time\" content=\"2024-01-18T22:00:00+00:00\" \/>\n<meta property=\"og:image\" content=\"https:\/\/artyplan.com\/wp-content\/uploads\/2025\/09\/mwc-barcelona.png\" \/>\n\t<meta property=\"og:image:width\" content=\"1920\" \/>\n\t<meta property=\"og:image:height\" content=\"600\" \/>\n\t<meta property=\"og:image:type\" content=\"image\/png\" \/>\n<meta name=\"author\" content=\"Sergio Triguero\" \/>\n<meta name=\"twitter:card\" content=\"summary_large_image\" \/>\n<meta name=\"twitter:label1\" content=\"Written by\" \/>\n\t<meta name=\"twitter:data1\" content=\"Sergio Triguero\" \/>\n\t<meta name=\"twitter:label2\" content=\"Est. reading time\" \/>\n\t<meta name=\"twitter:data2\" content=\"3 minutes\" \/>\n<script type=\"application\/ld+json\" class=\"yoast-schema-graph\">{\"@context\":\"https:\/\/schema.org\",\"@graph\":[{\"@type\":\"Article\",\"@id\":\"https:\/\/artyplan.com\/en\/blog\/mobile-world-congress-2024-and-print\/#article\",\"isPartOf\":{\"@id\":\"https:\/\/artyplan.com\/en\/blog\/mobile-world-congress-2024-and-print\/\"},\"author\":{\"name\":\"Sergio Triguero\",\"@id\":\"https:\/\/artyplan.com\/en\/#\/schema\/person\/0ef19accced432bc277b8d5248cd2cc0\"},\"headline\":\"Mobile World Congress 2024 and Print\",\"datePublished\":\"2024-01-18T22:00:00+00:00\",\"mainEntityOfPage\":{\"@id\":\"https:\/\/artyplan.com\/en\/blog\/mobile-world-congress-2024-and-print\/\"},\"wordCount\":577,\"publisher\":{\"@id\":\"https:\/\/artyplan.com\/en\/#organization\"},\"image\":{\"@id\":\"https:\/\/artyplan.com\/en\/blog\/mobile-world-congress-2024-and-print\/#primaryimage\"},\"thumbnailUrl\":\"https:\/\/artyplan.com\/wp-content\/uploads\/2025\/09\/mwc-barcelona.png\",\"articleSection\":[\"News\"],\"inLanguage\":\"en-US\"},{\"@type\":\"WebPage\",\"@id\":\"https:\/\/artyplan.com\/en\/blog\/mobile-world-congress-2024-and-print\/\",\"url\":\"https:\/\/artyplan.com\/en\/blog\/mobile-world-congress-2024-and-print\/\",\"name\":\"Printing for Mobile World Congress 2024 | Artyplan\",\"isPartOf\":{\"@id\":\"https:\/\/artyplan.com\/en\/#website\"},\"primaryImageOfPage\":{\"@id\":\"https:\/\/artyplan.com\/en\/blog\/mobile-world-congress-2024-and-print\/#primaryimage\"},\"image\":{\"@id\":\"https:\/\/artyplan.com\/en\/blog\/mobile-world-congress-2024-and-print\/#primaryimage\"},\"thumbnailUrl\":\"https:\/\/artyplan.com\/wp-content\/uploads\/2025\/09\/mwc-barcelona.png\",\"datePublished\":\"2024-01-18T22:00:00+00:00\",\"description\":\"Professional print production for Mobile World Congress. Signage, trade show stands, catalogues and merchandising to help your business stand out.\",\"breadcrumb\":{\"@id\":\"https:\/\/artyplan.com\/en\/blog\/mobile-world-congress-2024-and-print\/#breadcrumb\"},\"inLanguage\":\"en-US\",\"potentialAction\":[{\"@type\":\"ReadAction\",\"target\":[\"https:\/\/artyplan.com\/en\/blog\/mobile-world-congress-2024-and-print\/\"]}]},{\"@type\":\"ImageObject\",\"inLanguage\":\"en-US\",\"@id\":\"https:\/\/artyplan.com\/en\/blog\/mobile-world-congress-2024-and-print\/#primaryimage\",\"url\":\"https:\/\/artyplan.com\/wp-content\/uploads\/2025\/09\/mwc-barcelona.png\",\"contentUrl\":\"https:\/\/artyplan.com\/wp-content\/uploads\/2025\/09\/mwc-barcelona.png\",\"width\":1920,\"height\":600,\"caption\":\"print for Mobile World Congress trade show stand\"},{\"@type\":\"BreadcrumbList\",\"@id\":\"https:\/\/artyplan.com\/en\/blog\/mobile-world-congress-2024-and-print\/#breadcrumb\",\"itemListElement\":[{\"@type\":\"ListItem\",\"position\":1,\"name\":\"Artyplan\",\"item\":\"https:\/\/artyplan.com\/en\/\"},{\"@type\":\"ListItem\",\"position\":2,\"name\":\"Mobile World Congress 2024 and Print\"}]},{\"@type\":\"WebSite\",\"@id\":\"https:\/\/artyplan.com\/en\/#website\",\"url\":\"https:\/\/artyplan.com\/en\/\",\"name\":\"Artyplan\",\"description\":\"\",\"publisher\":{\"@id\":\"https:\/\/artyplan.com\/en\/#organization\"},\"potentialAction\":[{\"@type\":\"SearchAction\",\"target\":{\"@type\":\"EntryPoint\",\"urlTemplate\":\"https:\/\/artyplan.com\/en\/?s={search_term_string}\"},\"query-input\":{\"@type\":\"PropertyValueSpecification\",\"valueRequired\":true,\"valueName\":\"search_term_string\"}}],\"inLanguage\":\"en-US\"},{\"@type\":\"Organization\",\"@id\":\"https:\/\/artyplan.com\/en\/#organization\",\"name\":\"Artyplan\",\"url\":\"https:\/\/artyplan.com\/en\/\",\"logo\":{\"@type\":\"ImageObject\",\"inLanguage\":\"en-US\",\"@id\":\"https:\/\/artyplan.com\/en\/#\/schema\/logo\/image\/\",\"url\":\"https:\/\/artyplan.com\/wp-content\/uploads\/2025\/12\/Logo-artyplan-690x690-1.png\",\"contentUrl\":\"https:\/\/artyplan.com\/wp-content\/uploads\/2025\/12\/Logo-artyplan-690x690-1.png\",\"width\":690,\"height\":690,\"caption\":\"Artyplan\"},\"image\":{\"@id\":\"https:\/\/artyplan.com\/en\/#\/schema\/logo\/image\/\"},\"sameAs\":[\"https:\/\/www.facebook.com\/artyplan\",\"https:\/\/www.instagram.com\/artyplan\/\",\"https:\/\/www.linkedin.com\/company\/artyplan\"],\"description\":\"Artyplan \u00e9s una empresa especialitzada en producci\u00f3 gr\u00e0fica i comunicaci\u00f3 visual amb 60 anys dexperi\u00e8ncia. Oferim solucions integrals d'impressi\u00f3 en gran format, PLV i retail, gesti\u00f3 d'esdeveniments i fires, disseny i fabricaci\u00f3 a mida, log\u00edstica i serveis d'instal\u00b7laci\u00f3 a tot el territori. Treballem per a marques, ag\u00e8ncies, espais comercials i institucions que necessiten un partner fiable per desenvolupar campanyes de m\u00e0rqueting, projectes de retail i accions de branding o m\u00e0rqueting. Combinem tecnologia avan\u00e7ada d\u00b4impressi\u00f3 digital, un equip expert i una gesti\u00f3 completa de projectes per garantir qualitat, agilitat i resultats a mida per a cada client. Disposem de plataformes B2B que faciliten als nostres clients la gesti\u00f3 de les comandes de materials impresos aix\u00ed com la log\u00edstica dels mateixos.\",\"email\":\"info@artyplan.com\",\"telephone\":\"+34 93 200 87 99\",\"legalName\":\"Artyplan S.L.\",\"vatID\":\"B61963229\",\"numberOfEmployees\":{\"@type\":\"QuantitativeValue\",\"minValue\":\"51\",\"maxValue\":\"200\"}},{\"@type\":\"Person\",\"@id\":\"https:\/\/artyplan.com\/en\/#\/schema\/person\/0ef19accced432bc277b8d5248cd2cc0\",\"name\":\"Sergio Triguero\",\"image\":{\"@type\":\"ImageObject\",\"inLanguage\":\"en-US\",\"@id\":\"https:\/\/artyplan.com\/en\/#\/schema\/person\/image\/\",\"url\":\"https:\/\/secure.gravatar.com\/avatar\/c742a95811ffbc635a3d111ab446f278cce576575d14970fd5d56e17580c3f23?s=96&d=mm&r=g\",\"contentUrl\":\"https:\/\/secure.gravatar.com\/avatar\/c742a95811ffbc635a3d111ab446f278cce576575d14970fd5d56e17580c3f23?s=96&d=mm&r=g\",\"caption\":\"Sergio Triguero\"}}]}<\/script>\n<!-- \/ Yoast SEO Premium plugin. -->","yoast_head_json":{"title":"Printing for Mobile World Congress 2024 | Artyplan","description":"Professional print production for Mobile World Congress. Signage, trade show stands, catalogues and merchandising to help your business stand out.","robots":{"index":"index","follow":"follow","max-snippet":"max-snippet:-1","max-image-preview":"max-image-preview:large","max-video-preview":"max-video-preview:-1"},"canonical":"https:\/\/artyplan.com\/en\/blog\/mobile-world-congress-2024-and-print\/","og_locale":"en_US","og_type":"article","og_title":"Mobile World Congress 2024 and Print","og_description":"Professional print production for Mobile World Congress. Signage, trade show stands, catalogues and merchandising to help your business stand out.","og_url":"https:\/\/artyplan.com\/en\/blog\/mobile-world-congress-2024-and-print\/","og_site_name":"Artyplan","article_publisher":"https:\/\/www.facebook.com\/artyplan","article_published_time":"2024-01-18T22:00:00+00:00","og_image":[{"width":1920,"height":600,"url":"https:\/\/artyplan.com\/wp-content\/uploads\/2025\/09\/mwc-barcelona.png","type":"image\/png"}],"author":"Sergio Triguero","twitter_card":"summary_large_image","twitter_misc":{"Written by":"Sergio Triguero","Est. reading time":"3 minutes"},"schema":{"@context":"https:\/\/schema.org","@graph":[{"@type":"Article","@id":"https:\/\/artyplan.com\/en\/blog\/mobile-world-congress-2024-and-print\/#article","isPartOf":{"@id":"https:\/\/artyplan.com\/en\/blog\/mobile-world-congress-2024-and-print\/"},"author":{"name":"Sergio Triguero","@id":"https:\/\/artyplan.com\/en\/#\/schema\/person\/0ef19accced432bc277b8d5248cd2cc0"},"headline":"Mobile World Congress 2024 and Print","datePublished":"2024-01-18T22:00:00+00:00","mainEntityOfPage":{"@id":"https:\/\/artyplan.com\/en\/blog\/mobile-world-congress-2024-and-print\/"},"wordCount":577,"publisher":{"@id":"https:\/\/artyplan.com\/en\/#organization"},"image":{"@id":"https:\/\/artyplan.com\/en\/blog\/mobile-world-congress-2024-and-print\/#primaryimage"},"thumbnailUrl":"https:\/\/artyplan.com\/wp-content\/uploads\/2025\/09\/mwc-barcelona.png","articleSection":["News"],"inLanguage":"en-US"},{"@type":"WebPage","@id":"https:\/\/artyplan.com\/en\/blog\/mobile-world-congress-2024-and-print\/","url":"https:\/\/artyplan.com\/en\/blog\/mobile-world-congress-2024-and-print\/","name":"Printing for Mobile World Congress 2024 | Artyplan","isPartOf":{"@id":"https:\/\/artyplan.com\/en\/#website"},"primaryImageOfPage":{"@id":"https:\/\/artyplan.com\/en\/blog\/mobile-world-congress-2024-and-print\/#primaryimage"},"image":{"@id":"https:\/\/artyplan.com\/en\/blog\/mobile-world-congress-2024-and-print\/#primaryimage"},"thumbnailUrl":"https:\/\/artyplan.com\/wp-content\/uploads\/2025\/09\/mwc-barcelona.png","datePublished":"2024-01-18T22:00:00+00:00","description":"Professional print production for Mobile World Congress. Signage, trade show stands, catalogues and merchandising to help your business stand out.","breadcrumb":{"@id":"https:\/\/artyplan.com\/en\/blog\/mobile-world-congress-2024-and-print\/#breadcrumb"},"inLanguage":"en-US","potentialAction":[{"@type":"ReadAction","target":["https:\/\/artyplan.com\/en\/blog\/mobile-world-congress-2024-and-print\/"]}]},{"@type":"ImageObject","inLanguage":"en-US","@id":"https:\/\/artyplan.com\/en\/blog\/mobile-world-congress-2024-and-print\/#primaryimage","url":"https:\/\/artyplan.com\/wp-content\/uploads\/2025\/09\/mwc-barcelona.png","contentUrl":"https:\/\/artyplan.com\/wp-content\/uploads\/2025\/09\/mwc-barcelona.png","width":1920,"height":600,"caption":"print for Mobile World Congress trade show stand"},{"@type":"BreadcrumbList","@id":"https:\/\/artyplan.com\/en\/blog\/mobile-world-congress-2024-and-print\/#breadcrumb","itemListElement":[{"@type":"ListItem","position":1,"name":"Artyplan","item":"https:\/\/artyplan.com\/en\/"},{"@type":"ListItem","position":2,"name":"Mobile World Congress 2024 and Print"}]},{"@type":"WebSite","@id":"https:\/\/artyplan.com\/en\/#website","url":"https:\/\/artyplan.com\/en\/","name":"Artyplan","description":"","publisher":{"@id":"https:\/\/artyplan.com\/en\/#organization"},"potentialAction":[{"@type":"SearchAction","target":{"@type":"EntryPoint","urlTemplate":"https:\/\/artyplan.com\/en\/?s={search_term_string}"},"query-input":{"@type":"PropertyValueSpecification","valueRequired":true,"valueName":"search_term_string"}}],"inLanguage":"en-US"},{"@type":"Organization","@id":"https:\/\/artyplan.com\/en\/#organization","name":"Artyplan","url":"https:\/\/artyplan.com\/en\/","logo":{"@type":"ImageObject","inLanguage":"en-US","@id":"https:\/\/artyplan.com\/en\/#\/schema\/logo\/image\/","url":"https:\/\/artyplan.com\/wp-content\/uploads\/2025\/12\/Logo-artyplan-690x690-1.png","contentUrl":"https:\/\/artyplan.com\/wp-content\/uploads\/2025\/12\/Logo-artyplan-690x690-1.png","width":690,"height":690,"caption":"Artyplan"},"image":{"@id":"https:\/\/artyplan.com\/en\/#\/schema\/logo\/image\/"},"sameAs":["https:\/\/www.facebook.com\/artyplan","https:\/\/www.instagram.com\/artyplan\/","https:\/\/www.linkedin.com\/company\/artyplan"],"description":"Artyplan \u00e9s una empresa especialitzada en producci\u00f3 gr\u00e0fica i comunicaci\u00f3 visual amb 60 anys dexperi\u00e8ncia. Oferim solucions integrals d'impressi\u00f3 en gran format, PLV i retail, gesti\u00f3 d'esdeveniments i fires, disseny i fabricaci\u00f3 a mida, log\u00edstica i serveis d'instal\u00b7laci\u00f3 a tot el territori. Treballem per a marques, ag\u00e8ncies, espais comercials i institucions que necessiten un partner fiable per desenvolupar campanyes de m\u00e0rqueting, projectes de retail i accions de branding o m\u00e0rqueting. Combinem tecnologia avan\u00e7ada d\u00b4impressi\u00f3 digital, un equip expert i una gesti\u00f3 completa de projectes per garantir qualitat, agilitat i resultats a mida per a cada client. Disposem de plataformes B2B que faciliten als nostres clients la gesti\u00f3 de les comandes de materials impresos aix\u00ed com la log\u00edstica dels mateixos.","email":"info@artyplan.com","telephone":"+34 93 200 87 99","legalName":"Artyplan S.L.","vatID":"B61963229","numberOfEmployees":{"@type":"QuantitativeValue","minValue":"51","maxValue":"200"}},{"@type":"Person","@id":"https:\/\/artyplan.com\/en\/#\/schema\/person\/0ef19accced432bc277b8d5248cd2cc0","name":"Sergio Triguero","image":{"@type":"ImageObject","inLanguage":"en-US","@id":"https:\/\/artyplan.com\/en\/#\/schema\/person\/image\/","url":"https:\/\/secure.gravatar.com\/avatar\/c742a95811ffbc635a3d111ab446f278cce576575d14970fd5d56e17580c3f23?s=96&d=mm&r=g","contentUrl":"https:\/\/secure.gravatar.com\/avatar\/c742a95811ffbc635a3d111ab446f278cce576575d14970fd5d56e17580c3f23?s=96&d=mm&r=g","caption":"Sergio Triguero"}}]}},"_links":{"self":[{"href":"https:\/\/artyplan.com\/en\/wp-json\/wp\/v2\/posts\/15649","targetHints":{"allow":["GET"]}}],"collection":[{"href":"https:\/\/artyplan.com\/en\/wp-json\/wp\/v2\/posts"}],"about":[{"href":"https:\/\/artyplan.com\/en\/wp-json\/wp\/v2\/types\/post"}],"author":[{"embeddable":true,"href":"https:\/\/artyplan.com\/en\/wp-json\/wp\/v2\/users\/3"}],"replies":[{"embeddable":true,"href":"https:\/\/artyplan.com\/en\/wp-json\/wp\/v2\/comments?post=15649"}],"version-history":[{"count":0,"href":"https:\/\/artyplan.com\/en\/wp-json\/wp\/v2\/posts\/15649\/revisions"}],"wp:featuredmedia":[{"embeddable":true,"href":"https:\/\/artyplan.com\/en\/wp-json\/wp\/v2\/media\/15648"}],"wp:attachment":[{"href":"https:\/\/artyplan.com\/en\/wp-json\/wp\/v2\/media?parent=15649"}],"wp:term":[{"taxonomy":"category","embeddable":true,"href":"https:\/\/artyplan.com\/en\/wp-json\/wp\/v2\/categories?post=15649"},{"taxonomy":"post_tag","embeddable":true,"href":"https:\/\/artyplan.com\/en\/wp-json\/wp\/v2\/tags?post=15649"}],"curies":[{"name":"wp","href":"https:\/\/api.w.org\/{rel}","templated":true}]}}