{"id":15707,"date":"2023-07-31T00:00:00","date_gmt":"2023-07-30T22:00:00","guid":{"rendered":"https:\/\/artyplan.com\/sin-categoria\/artyplan-sponsor-of-the-12th-portaventura-charity-dinner\/"},"modified":"2026-04-21T10:15:49","modified_gmt":"2026-04-21T08:15:49","slug":"artyplan-sponsor-of-the-12th-portaventura-charity-dinner","status":"publish","type":"post","link":"https:\/\/artyplan.com\/en\/blog\/artyplan-sponsor-of-the-12th-portaventura-charity-dinner\/","title":{"rendered":"Artyplan, sponsor of the 12th PortAventura Charity Dinner"},"content":{"rendered":"<p>We are proud to share our recent participation as sponsors of the 12th PortAventura Charity Dinner. This annual event brings together companies and individuals with the aim of supporting healthcare institutions through the funds raised during the evening. <\/p>\n<p>The charity event, held under the theme \u201cSmiles that heal\u201d, raised a total of \u20ac120,675. The amount will be equally distributed among the beneficiary institutions: Hospital Joan XXIII in Tarragona, Hospital Sant Joan de Reus and the PortAventura Dreams project. <\/p>\n<h2><strong>Hospital Universitari Joan XXIII<br \/>\n<\/strong><\/h2>\n<p>This hospital is the main healthcare reference for the province of Tarragona. It responds to the region\u2019s healthcare needs and provides personalised medical care from birth to the end of life.<\/p>\n<p>The hospital is equipped with advanced healthcare technology, enabling the diagnosis and treatment of highly complex medical conditions.<\/p>\n<h2><strong>Hospital Universitari Sant Joan de Reus<\/strong><\/h2>\n<p>Hospital Universitari Sant Joan de Reus is a publicly owned hospital that serves as the general hospital for the Baix Camp and Priorat regions. It is also a reference centre for the Tarragona area in medical oncology and radiotherapy, severe obesity surgery, plastic and reconstructive surgery, and familial dyslipidaemia. <\/p>\n<h2><strong>PortAventura Dreams<\/strong><\/h2>\n<p>PortAventura Dreams is a project created by the PortAventura Foundation. It consists of a village located within the PortAventura World resort that offers a unique experience for children with serious illnesses and their families.<br \/>The main objective is to generate a positive psychological impact on the recovery process of these children while creating meaningful moments of family unity.  <\/p>\n<p>During the event, we had the opportunity to share special moments with companies and collaborators united by the common purpose of building a more hopeful future for those facing serious health challenges.<br \/>Guests enjoyed an exquisite menu, live performances and several raffles. During the raffle draw, Artyplan donated a \u201cLive the vermouth\u201d experience at Gastro Bot\u00e0nic &amp; Co for four people.  <\/p>\n<p>The generosity shown throughout the evening was remarkable. The results exceeded expectations and reflected the solidarity and commitment of the business community and society as a whole.<br \/>The hospitals receiving these funds will be able to improve the quality of medical care, acquire new equipment and support research projects that help save lives and improve patients\u2019 health.  <\/p>\n<p>As a sponsoring company, we would like to express our gratitude to PortAventura World and everyone involved in organising this <a href=\"https:\/\/www.fundacionportaventura.org\/es\/cenasolidaria\/default.asp\">12th Charity Dinner.<\/a> In today\u2019s business environment, corporate social responsibility plays an increasingly important role, and our participation is one example of our commitment. <\/p>\n<p>We look forward to the next edition of the PortAventura Charity Dinner.<\/p>\n","protected":false},"excerpt":{"rendered":"<p>We are proud to share our recent participation as sponsors of the 12th PortAventura Charity Dinner. This annual event brings together companies and individuals with the aim of supporting healthcare institutions through the funds raised during the evening. The charity event, held under the theme \u201cSmiles that heal\u201d, raised a total of \u20ac120,675. The amount [&hellip;]<\/p>\n","protected":false},"author":3,"featured_media":15706,"comment_status":"closed","ping_status":"closed","sticky":false,"template":"","format":"standard","meta":{"footnotes":""},"categories":[81],"tags":[],"class_list":["post-15707","post","type-post","status-publish","format-standard","has-post-thumbnail","hentry","category-news"],"yoast_head":"<!-- This site is optimized with the Yoast SEO Premium plugin v26.5 (Yoast SEO v26.5) - https:\/\/yoast.com\/wordpress\/plugins\/seo\/ -->\n<title>Artyplan, sponsor of the 12th PortAventura Charity Dinner<\/title>\n<meta name=\"description\" content=\"Artyplan sponsors the 12th PortAventura Charity Dinner, raising \u20ac120,675 for Hospital Joan XXIII, Hospital Sant Joan de Reus and PortAventura Dreams.\" \/>\n<meta name=\"robots\" content=\"index, follow, max-snippet:-1, max-image-preview:large, max-video-preview:-1\" \/>\n<link rel=\"canonical\" href=\"https:\/\/artyplan.com\/en\/blog\/artyplan-sponsor-of-the-12th-portaventura-charity-dinner\/\" \/>\n<meta property=\"og:locale\" content=\"en_US\" \/>\n<meta property=\"og:type\" content=\"article\" \/>\n<meta property=\"og:title\" content=\"Artyplan, sponsor of the 12th PortAventura Charity Dinner\" \/>\n<meta property=\"og:description\" content=\"Artyplan sponsors the 12th PortAventura Charity Dinner, raising \u20ac120,675 for Hospital Joan XXIII, Hospital Sant Joan de Reus and PortAventura Dreams.\" \/>\n<meta property=\"og:url\" content=\"https:\/\/artyplan.com\/en\/blog\/artyplan-sponsor-of-the-12th-portaventura-charity-dinner\/\" \/>\n<meta property=\"og:site_name\" content=\"Artyplan\" \/>\n<meta property=\"article:publisher\" content=\"https:\/\/www.facebook.com\/artyplan\" \/>\n<meta property=\"article:published_time\" content=\"2023-07-30T22:00:00+00:00\" \/>\n<meta property=\"article:modified_time\" content=\"2026-04-21T08:15:49+00:00\" \/>\n<meta property=\"og:image\" content=\"https:\/\/artyplan.com\/wp-content\/uploads\/2025\/09\/cena-solidaria-portaventura-1.png\" \/>\n\t<meta property=\"og:image:width\" content=\"1920\" \/>\n\t<meta property=\"og:image:height\" content=\"600\" \/>\n\t<meta property=\"og:image:type\" content=\"image\/png\" \/>\n<meta name=\"author\" content=\"Sergio Triguero\" \/>\n<meta name=\"twitter:card\" content=\"summary_large_image\" \/>\n<meta name=\"twitter:label1\" content=\"Written by\" \/>\n\t<meta name=\"twitter:data1\" content=\"Sergio Triguero\" \/>\n\t<meta name=\"twitter:label2\" content=\"Est. reading time\" \/>\n\t<meta name=\"twitter:data2\" content=\"2 minutes\" \/>\n<script type=\"application\/ld+json\" class=\"yoast-schema-graph\">{\"@context\":\"https:\/\/schema.org\",\"@graph\":[{\"@type\":\"Article\",\"@id\":\"https:\/\/artyplan.com\/en\/blog\/artyplan-sponsor-of-the-12th-portaventura-charity-dinner\/#article\",\"isPartOf\":{\"@id\":\"https:\/\/artyplan.com\/en\/blog\/artyplan-sponsor-of-the-12th-portaventura-charity-dinner\/\"},\"author\":{\"name\":\"Sergio Triguero\",\"@id\":\"https:\/\/artyplan.com\/en\/#\/schema\/person\/0ef19accced432bc277b8d5248cd2cc0\"},\"headline\":\"Artyplan, sponsor of the 12th PortAventura Charity Dinner\",\"datePublished\":\"2023-07-30T22:00:00+00:00\",\"dateModified\":\"2026-04-21T08:15:49+00:00\",\"mainEntityOfPage\":{\"@id\":\"https:\/\/artyplan.com\/en\/blog\/artyplan-sponsor-of-the-12th-portaventura-charity-dinner\/\"},\"wordCount\":430,\"publisher\":{\"@id\":\"https:\/\/artyplan.com\/en\/#organization\"},\"image\":{\"@id\":\"https:\/\/artyplan.com\/en\/blog\/artyplan-sponsor-of-the-12th-portaventura-charity-dinner\/#primaryimage\"},\"thumbnailUrl\":\"https:\/\/artyplan.com\/wp-content\/uploads\/2025\/09\/cena-solidaria-portaventura-1.png\",\"articleSection\":[\"News\"],\"inLanguage\":\"en-US\"},{\"@type\":\"WebPage\",\"@id\":\"https:\/\/artyplan.com\/en\/blog\/artyplan-sponsor-of-the-12th-portaventura-charity-dinner\/\",\"url\":\"https:\/\/artyplan.com\/en\/blog\/artyplan-sponsor-of-the-12th-portaventura-charity-dinner\/\",\"name\":\"Artyplan, sponsor of the 12th PortAventura Charity Dinner\",\"isPartOf\":{\"@id\":\"https:\/\/artyplan.com\/en\/#website\"},\"primaryImageOfPage\":{\"@id\":\"https:\/\/artyplan.com\/en\/blog\/artyplan-sponsor-of-the-12th-portaventura-charity-dinner\/#primaryimage\"},\"image\":{\"@id\":\"https:\/\/artyplan.com\/en\/blog\/artyplan-sponsor-of-the-12th-portaventura-charity-dinner\/#primaryimage\"},\"thumbnailUrl\":\"https:\/\/artyplan.com\/wp-content\/uploads\/2025\/09\/cena-solidaria-portaventura-1.png\",\"datePublished\":\"2023-07-30T22:00:00+00:00\",\"dateModified\":\"2026-04-21T08:15:49+00:00\",\"description\":\"Artyplan sponsors the 12th PortAventura Charity Dinner, raising \u20ac120,675 for Hospital Joan XXIII, Hospital Sant Joan de Reus and PortAventura Dreams.\",\"breadcrumb\":{\"@id\":\"https:\/\/artyplan.com\/en\/blog\/artyplan-sponsor-of-the-12th-portaventura-charity-dinner\/#breadcrumb\"},\"inLanguage\":\"en-US\",\"potentialAction\":[{\"@type\":\"ReadAction\",\"target\":[\"https:\/\/artyplan.com\/en\/blog\/artyplan-sponsor-of-the-12th-portaventura-charity-dinner\/\"]}]},{\"@type\":\"ImageObject\",\"inLanguage\":\"en-US\",\"@id\":\"https:\/\/artyplan.com\/en\/blog\/artyplan-sponsor-of-the-12th-portaventura-charity-dinner\/#primaryimage\",\"url\":\"https:\/\/artyplan.com\/wp-content\/uploads\/2025\/09\/cena-solidaria-portaventura-1.png\",\"contentUrl\":\"https:\/\/artyplan.com\/wp-content\/uploads\/2025\/09\/cena-solidaria-portaventura-1.png\",\"width\":1920,\"height\":600,\"caption\":\"PortAventura charity dinner\"},{\"@type\":\"BreadcrumbList\",\"@id\":\"https:\/\/artyplan.com\/en\/blog\/artyplan-sponsor-of-the-12th-portaventura-charity-dinner\/#breadcrumb\",\"itemListElement\":[{\"@type\":\"ListItem\",\"position\":1,\"name\":\"Artyplan\",\"item\":\"https:\/\/artyplan.com\/en\/\"},{\"@type\":\"ListItem\",\"position\":2,\"name\":\"Artyplan, sponsor of the 12th PortAventura Charity Dinner\"}]},{\"@type\":\"WebSite\",\"@id\":\"https:\/\/artyplan.com\/en\/#website\",\"url\":\"https:\/\/artyplan.com\/en\/\",\"name\":\"Artyplan\",\"description\":\"\",\"publisher\":{\"@id\":\"https:\/\/artyplan.com\/en\/#organization\"},\"potentialAction\":[{\"@type\":\"SearchAction\",\"target\":{\"@type\":\"EntryPoint\",\"urlTemplate\":\"https:\/\/artyplan.com\/en\/?s={search_term_string}\"},\"query-input\":{\"@type\":\"PropertyValueSpecification\",\"valueRequired\":true,\"valueName\":\"search_term_string\"}}],\"inLanguage\":\"en-US\"},{\"@type\":\"Organization\",\"@id\":\"https:\/\/artyplan.com\/en\/#organization\",\"name\":\"Artyplan\",\"url\":\"https:\/\/artyplan.com\/en\/\",\"logo\":{\"@type\":\"ImageObject\",\"inLanguage\":\"en-US\",\"@id\":\"https:\/\/artyplan.com\/en\/#\/schema\/logo\/image\/\",\"url\":\"https:\/\/artyplan.com\/wp-content\/uploads\/2025\/12\/Logo-artyplan-690x690-1.png\",\"contentUrl\":\"https:\/\/artyplan.com\/wp-content\/uploads\/2025\/12\/Logo-artyplan-690x690-1.png\",\"width\":690,\"height\":690,\"caption\":\"Artyplan\"},\"image\":{\"@id\":\"https:\/\/artyplan.com\/en\/#\/schema\/logo\/image\/\"},\"sameAs\":[\"https:\/\/www.facebook.com\/artyplan\",\"https:\/\/www.instagram.com\/artyplan\/\",\"https:\/\/www.linkedin.com\/company\/artyplan\"],\"description\":\"Artyplan \u00e9s una empresa especialitzada en producci\u00f3 gr\u00e0fica i comunicaci\u00f3 visual amb 60 anys dexperi\u00e8ncia. Oferim solucions integrals d'impressi\u00f3 en gran format, PLV i retail, gesti\u00f3 d'esdeveniments i fires, disseny i fabricaci\u00f3 a mida, log\u00edstica i serveis d'instal\u00b7laci\u00f3 a tot el territori. Treballem per a marques, ag\u00e8ncies, espais comercials i institucions que necessiten un partner fiable per desenvolupar campanyes de m\u00e0rqueting, projectes de retail i accions de branding o m\u00e0rqueting. Combinem tecnologia avan\u00e7ada d\u00b4impressi\u00f3 digital, un equip expert i una gesti\u00f3 completa de projectes per garantir qualitat, agilitat i resultats a mida per a cada client. Disposem de plataformes B2B que faciliten als nostres clients la gesti\u00f3 de les comandes de materials impresos aix\u00ed com la log\u00edstica dels mateixos.\",\"email\":\"info@artyplan.com\",\"telephone\":\"+34 93 200 87 99\",\"legalName\":\"Artyplan S.L.\",\"vatID\":\"B61963229\",\"numberOfEmployees\":{\"@type\":\"QuantitativeValue\",\"minValue\":\"51\",\"maxValue\":\"200\"}},{\"@type\":\"Person\",\"@id\":\"https:\/\/artyplan.com\/en\/#\/schema\/person\/0ef19accced432bc277b8d5248cd2cc0\",\"name\":\"Sergio Triguero\",\"image\":{\"@type\":\"ImageObject\",\"inLanguage\":\"en-US\",\"@id\":\"https:\/\/artyplan.com\/en\/#\/schema\/person\/image\/\",\"url\":\"https:\/\/secure.gravatar.com\/avatar\/c742a95811ffbc635a3d111ab446f278cce576575d14970fd5d56e17580c3f23?s=96&d=mm&r=g\",\"contentUrl\":\"https:\/\/secure.gravatar.com\/avatar\/c742a95811ffbc635a3d111ab446f278cce576575d14970fd5d56e17580c3f23?s=96&d=mm&r=g\",\"caption\":\"Sergio Triguero\"}}]}<\/script>\n<!-- \/ Yoast SEO Premium plugin. -->","yoast_head_json":{"title":"Artyplan, sponsor of the 12th PortAventura Charity Dinner","description":"Artyplan sponsors the 12th PortAventura Charity Dinner, raising \u20ac120,675 for Hospital Joan XXIII, Hospital Sant Joan de Reus and PortAventura Dreams.","robots":{"index":"index","follow":"follow","max-snippet":"max-snippet:-1","max-image-preview":"max-image-preview:large","max-video-preview":"max-video-preview:-1"},"canonical":"https:\/\/artyplan.com\/en\/blog\/artyplan-sponsor-of-the-12th-portaventura-charity-dinner\/","og_locale":"en_US","og_type":"article","og_title":"Artyplan, sponsor of the 12th PortAventura Charity Dinner","og_description":"Artyplan sponsors the 12th PortAventura Charity Dinner, raising \u20ac120,675 for Hospital Joan XXIII, Hospital Sant Joan de Reus and PortAventura Dreams.","og_url":"https:\/\/artyplan.com\/en\/blog\/artyplan-sponsor-of-the-12th-portaventura-charity-dinner\/","og_site_name":"Artyplan","article_publisher":"https:\/\/www.facebook.com\/artyplan","article_published_time":"2023-07-30T22:00:00+00:00","article_modified_time":"2026-04-21T08:15:49+00:00","og_image":[{"width":1920,"height":600,"url":"https:\/\/artyplan.com\/wp-content\/uploads\/2025\/09\/cena-solidaria-portaventura-1.png","type":"image\/png"}],"author":"Sergio Triguero","twitter_card":"summary_large_image","twitter_misc":{"Written by":"Sergio Triguero","Est. reading time":"2 minutes"},"schema":{"@context":"https:\/\/schema.org","@graph":[{"@type":"Article","@id":"https:\/\/artyplan.com\/en\/blog\/artyplan-sponsor-of-the-12th-portaventura-charity-dinner\/#article","isPartOf":{"@id":"https:\/\/artyplan.com\/en\/blog\/artyplan-sponsor-of-the-12th-portaventura-charity-dinner\/"},"author":{"name":"Sergio Triguero","@id":"https:\/\/artyplan.com\/en\/#\/schema\/person\/0ef19accced432bc277b8d5248cd2cc0"},"headline":"Artyplan, sponsor of the 12th PortAventura Charity Dinner","datePublished":"2023-07-30T22:00:00+00:00","dateModified":"2026-04-21T08:15:49+00:00","mainEntityOfPage":{"@id":"https:\/\/artyplan.com\/en\/blog\/artyplan-sponsor-of-the-12th-portaventura-charity-dinner\/"},"wordCount":430,"publisher":{"@id":"https:\/\/artyplan.com\/en\/#organization"},"image":{"@id":"https:\/\/artyplan.com\/en\/blog\/artyplan-sponsor-of-the-12th-portaventura-charity-dinner\/#primaryimage"},"thumbnailUrl":"https:\/\/artyplan.com\/wp-content\/uploads\/2025\/09\/cena-solidaria-portaventura-1.png","articleSection":["News"],"inLanguage":"en-US"},{"@type":"WebPage","@id":"https:\/\/artyplan.com\/en\/blog\/artyplan-sponsor-of-the-12th-portaventura-charity-dinner\/","url":"https:\/\/artyplan.com\/en\/blog\/artyplan-sponsor-of-the-12th-portaventura-charity-dinner\/","name":"Artyplan, sponsor of the 12th PortAventura Charity Dinner","isPartOf":{"@id":"https:\/\/artyplan.com\/en\/#website"},"primaryImageOfPage":{"@id":"https:\/\/artyplan.com\/en\/blog\/artyplan-sponsor-of-the-12th-portaventura-charity-dinner\/#primaryimage"},"image":{"@id":"https:\/\/artyplan.com\/en\/blog\/artyplan-sponsor-of-the-12th-portaventura-charity-dinner\/#primaryimage"},"thumbnailUrl":"https:\/\/artyplan.com\/wp-content\/uploads\/2025\/09\/cena-solidaria-portaventura-1.png","datePublished":"2023-07-30T22:00:00+00:00","dateModified":"2026-04-21T08:15:49+00:00","description":"Artyplan sponsors the 12th PortAventura Charity Dinner, raising \u20ac120,675 for Hospital Joan XXIII, Hospital Sant Joan de Reus and PortAventura Dreams.","breadcrumb":{"@id":"https:\/\/artyplan.com\/en\/blog\/artyplan-sponsor-of-the-12th-portaventura-charity-dinner\/#breadcrumb"},"inLanguage":"en-US","potentialAction":[{"@type":"ReadAction","target":["https:\/\/artyplan.com\/en\/blog\/artyplan-sponsor-of-the-12th-portaventura-charity-dinner\/"]}]},{"@type":"ImageObject","inLanguage":"en-US","@id":"https:\/\/artyplan.com\/en\/blog\/artyplan-sponsor-of-the-12th-portaventura-charity-dinner\/#primaryimage","url":"https:\/\/artyplan.com\/wp-content\/uploads\/2025\/09\/cena-solidaria-portaventura-1.png","contentUrl":"https:\/\/artyplan.com\/wp-content\/uploads\/2025\/09\/cena-solidaria-portaventura-1.png","width":1920,"height":600,"caption":"PortAventura charity dinner"},{"@type":"BreadcrumbList","@id":"https:\/\/artyplan.com\/en\/blog\/artyplan-sponsor-of-the-12th-portaventura-charity-dinner\/#breadcrumb","itemListElement":[{"@type":"ListItem","position":1,"name":"Artyplan","item":"https:\/\/artyplan.com\/en\/"},{"@type":"ListItem","position":2,"name":"Artyplan, sponsor of the 12th PortAventura Charity Dinner"}]},{"@type":"WebSite","@id":"https:\/\/artyplan.com\/en\/#website","url":"https:\/\/artyplan.com\/en\/","name":"Artyplan","description":"","publisher":{"@id":"https:\/\/artyplan.com\/en\/#organization"},"potentialAction":[{"@type":"SearchAction","target":{"@type":"EntryPoint","urlTemplate":"https:\/\/artyplan.com\/en\/?s={search_term_string}"},"query-input":{"@type":"PropertyValueSpecification","valueRequired":true,"valueName":"search_term_string"}}],"inLanguage":"en-US"},{"@type":"Organization","@id":"https:\/\/artyplan.com\/en\/#organization","name":"Artyplan","url":"https:\/\/artyplan.com\/en\/","logo":{"@type":"ImageObject","inLanguage":"en-US","@id":"https:\/\/artyplan.com\/en\/#\/schema\/logo\/image\/","url":"https:\/\/artyplan.com\/wp-content\/uploads\/2025\/12\/Logo-artyplan-690x690-1.png","contentUrl":"https:\/\/artyplan.com\/wp-content\/uploads\/2025\/12\/Logo-artyplan-690x690-1.png","width":690,"height":690,"caption":"Artyplan"},"image":{"@id":"https:\/\/artyplan.com\/en\/#\/schema\/logo\/image\/"},"sameAs":["https:\/\/www.facebook.com\/artyplan","https:\/\/www.instagram.com\/artyplan\/","https:\/\/www.linkedin.com\/company\/artyplan"],"description":"Artyplan \u00e9s una empresa especialitzada en producci\u00f3 gr\u00e0fica i comunicaci\u00f3 visual amb 60 anys dexperi\u00e8ncia. Oferim solucions integrals d'impressi\u00f3 en gran format, PLV i retail, gesti\u00f3 d'esdeveniments i fires, disseny i fabricaci\u00f3 a mida, log\u00edstica i serveis d'instal\u00b7laci\u00f3 a tot el territori. Treballem per a marques, ag\u00e8ncies, espais comercials i institucions que necessiten un partner fiable per desenvolupar campanyes de m\u00e0rqueting, projectes de retail i accions de branding o m\u00e0rqueting. Combinem tecnologia avan\u00e7ada d\u00b4impressi\u00f3 digital, un equip expert i una gesti\u00f3 completa de projectes per garantir qualitat, agilitat i resultats a mida per a cada client. Disposem de plataformes B2B que faciliten als nostres clients la gesti\u00f3 de les comandes de materials impresos aix\u00ed com la log\u00edstica dels mateixos.","email":"info@artyplan.com","telephone":"+34 93 200 87 99","legalName":"Artyplan S.L.","vatID":"B61963229","numberOfEmployees":{"@type":"QuantitativeValue","minValue":"51","maxValue":"200"}},{"@type":"Person","@id":"https:\/\/artyplan.com\/en\/#\/schema\/person\/0ef19accced432bc277b8d5248cd2cc0","name":"Sergio Triguero","image":{"@type":"ImageObject","inLanguage":"en-US","@id":"https:\/\/artyplan.com\/en\/#\/schema\/person\/image\/","url":"https:\/\/secure.gravatar.com\/avatar\/c742a95811ffbc635a3d111ab446f278cce576575d14970fd5d56e17580c3f23?s=96&d=mm&r=g","contentUrl":"https:\/\/secure.gravatar.com\/avatar\/c742a95811ffbc635a3d111ab446f278cce576575d14970fd5d56e17580c3f23?s=96&d=mm&r=g","caption":"Sergio Triguero"}}]}},"_links":{"self":[{"href":"https:\/\/artyplan.com\/en\/wp-json\/wp\/v2\/posts\/15707","targetHints":{"allow":["GET"]}}],"collection":[{"href":"https:\/\/artyplan.com\/en\/wp-json\/wp\/v2\/posts"}],"about":[{"href":"https:\/\/artyplan.com\/en\/wp-json\/wp\/v2\/types\/post"}],"author":[{"embeddable":true,"href":"https:\/\/artyplan.com\/en\/wp-json\/wp\/v2\/users\/3"}],"replies":[{"embeddable":true,"href":"https:\/\/artyplan.com\/en\/wp-json\/wp\/v2\/comments?post=15707"}],"version-history":[{"count":1,"href":"https:\/\/artyplan.com\/en\/wp-json\/wp\/v2\/posts\/15707\/revisions"}],"predecessor-version":[{"id":16190,"href":"https:\/\/artyplan.com\/en\/wp-json\/wp\/v2\/posts\/15707\/revisions\/16190"}],"wp:featuredmedia":[{"embeddable":true,"href":"https:\/\/artyplan.com\/en\/wp-json\/wp\/v2\/media\/15706"}],"wp:attachment":[{"href":"https:\/\/artyplan.com\/en\/wp-json\/wp\/v2\/media?parent=15707"}],"wp:term":[{"taxonomy":"category","embeddable":true,"href":"https:\/\/artyplan.com\/en\/wp-json\/wp\/v2\/categories?post=15707"},{"taxonomy":"post_tag","embeddable":true,"href":"https:\/\/artyplan.com\/en\/wp-json\/wp\/v2\/tags?post=15707"}],"curies":[{"name":"wp","href":"https:\/\/api.w.org\/{rel}","templated":true}]}}