{"id":15808,"date":"2022-12-02T00:00:00","date_gmt":"2022-12-01T22:00:00","guid":{"rendered":"https:\/\/artyplan.com\/sin-categoria\/artyplan-collaborates-with-fundacion-portaventura\/"},"modified":"2026-04-21T10:14:10","modified_gmt":"2026-04-21T08:14:10","slug":"artyplan-collaborates-with-fundacion-portaventura","status":"publish","type":"post","link":"https:\/\/artyplan.com\/en\/blog\/artyplan-collaborates-with-fundacion-portaventura\/","title":{"rendered":"Artyplan collaborates with Fundaci\u00f3n PortAventura"},"content":{"rendered":"<p><em>This collaboration will support the social initiatives of the private Fundaci\u00f3n Onada and Fundaci\u00f3n Pere Mata, organisations focused on supporting people with mental health conditions, as well as the PortAventura Dreams Village project.<\/em><\/p>\n<p>Artyplan participated on 21 July 2022 as a collaborating company in the 11th edition of the annual Charity Dinner of Fundaci\u00f3n PortAventura. This event brings together charitable organisations, companies, public institutions and individuals under the theme \u201cWe build a future together\u201d. During the ceremony, the president of Fundaci\u00f3n PortAventura, Ram\u00f3n Marsal, announced the total funds raised: \u20ac115,125, a record amount. These funds will be allocated equally to the projects of Fundaci\u00f3n Onada, Fundaci\u00f3n Pere Mata and the PortAventura Dreams Village project. <\/p>\n<p>The private Fundaci\u00f3n Onada plans to allocate the funds raised to its various projects aimed at improving personal autonomy and the quality of life of people with disabilities and\/or mental health conditions, as well as elderly people, their families and other groups.<\/p>\n<p><a href=\"https:\/\/www.fundacioonada.org\/\" target=\"_blank\" rel=\"noopener\">Onada<\/a><\/p>\n<p><strong><a href=\"https:\/\/www.fundacionportaventura.org\/es\/default.asp\" target=\"_blank\" rel=\"noopener\">Fundaci\u00f3 Pere Mata<\/a><\/strong> will allocate the funds received to supporting people affected by mental health conditions, disabilities or dependency, promoting social integration and wellbeing, which is the core mission of the organisation.<\/p>\n<p><strong><a href=\"https:\/\/www.fundacionportaventura.org\/es\/default.asp\" target=\"_blank\" rel=\"noopener\">Fundaci\u00f3n PortAventura<\/a><\/strong> will continue to support the Dreams Village project, a residential complex designed to provide accommodation for families with children undergoing medical treatment, offering them a space for rest and recovery.<\/p>\n<p>Artyplan was founded more than 55 years ago and has its own printing centre in Reus. Year after year, we collaborate on social integration projects with different community groups across the region. <\/p>\n","protected":false},"excerpt":{"rendered":"<p>This collaboration will support the social initiatives of the private Fundaci\u00f3n Onada and Fundaci\u00f3n Pere Mata, organisations focused on supporting people with mental health conditions, as well as the PortAventura Dreams Village project. Artyplan participated on 21 July 2022 as a collaborating company in the 11th edition of the annual Charity Dinner of Fundaci\u00f3n PortAventura. [&hellip;]<\/p>\n","protected":false},"author":3,"featured_media":15807,"comment_status":"closed","ping_status":"closed","sticky":false,"template":"","format":"standard","meta":{"footnotes":""},"categories":[81],"tags":[],"class_list":["post-15808","post","type-post","status-publish","format-standard","has-post-thumbnail","hentry","category-news"],"yoast_head":"<!-- This site is optimized with the Yoast SEO Premium plugin v26.5 (Yoast SEO v26.5) - https:\/\/yoast.com\/wordpress\/plugins\/seo\/ -->\n<title>Artyplan collaborates with Fundaci\u00f3n PortAventura<\/title>\n<meta name=\"description\" content=\"Artyplan supports Fundaci\u00f3n PortAventura initiatives, contributing to social projects focused on mental health, inclusion and wellbeing.\" \/>\n<meta name=\"robots\" content=\"index, follow, max-snippet:-1, max-image-preview:large, max-video-preview:-1\" \/>\n<link rel=\"canonical\" href=\"https:\/\/artyplan.com\/en\/blog\/artyplan-collaborates-with-fundacion-portaventura\/\" \/>\n<meta property=\"og:locale\" content=\"en_US\" \/>\n<meta property=\"og:type\" content=\"article\" \/>\n<meta property=\"og:title\" content=\"Artyplan collaborates with Fundaci\u00f3n PortAventura\" \/>\n<meta property=\"og:description\" content=\"Artyplan supports Fundaci\u00f3n PortAventura initiatives, contributing to social projects focused on mental health, inclusion and wellbeing.\" \/>\n<meta property=\"og:url\" content=\"https:\/\/artyplan.com\/en\/blog\/artyplan-collaborates-with-fundacion-portaventura\/\" \/>\n<meta property=\"og:site_name\" content=\"Artyplan\" \/>\n<meta property=\"article:publisher\" content=\"https:\/\/www.facebook.com\/artyplan\" \/>\n<meta property=\"article:published_time\" content=\"2022-12-01T22:00:00+00:00\" \/>\n<meta property=\"article:modified_time\" content=\"2026-04-21T08:14:10+00:00\" \/>\n<meta property=\"og:image\" content=\"https:\/\/artyplan.com\/wp-content\/uploads\/2025\/09\/portaventura-cena-solidaria.jpg\" \/>\n\t<meta property=\"og:image:width\" content=\"1420\" \/>\n\t<meta property=\"og:image:height\" content=\"600\" \/>\n\t<meta property=\"og:image:type\" content=\"image\/jpeg\" \/>\n<meta name=\"author\" content=\"Sergio Triguero\" \/>\n<meta name=\"twitter:card\" content=\"summary_large_image\" \/>\n<meta name=\"twitter:label1\" content=\"Written by\" \/>\n\t<meta name=\"twitter:data1\" content=\"Sergio Triguero\" \/>\n\t<meta name=\"twitter:label2\" content=\"Est. reading time\" \/>\n\t<meta name=\"twitter:data2\" content=\"1 minute\" \/>\n<script type=\"application\/ld+json\" class=\"yoast-schema-graph\">{\"@context\":\"https:\/\/schema.org\",\"@graph\":[{\"@type\":\"Article\",\"@id\":\"https:\/\/artyplan.com\/en\/blog\/artyplan-collaborates-with-fundacion-portaventura\/#article\",\"isPartOf\":{\"@id\":\"https:\/\/artyplan.com\/en\/blog\/artyplan-collaborates-with-fundacion-portaventura\/\"},\"author\":{\"name\":\"Sergio Triguero\",\"@id\":\"https:\/\/artyplan.com\/en\/#\/schema\/person\/0ef19accced432bc277b8d5248cd2cc0\"},\"headline\":\"Artyplan collaborates with Fundaci\u00f3n PortAventura\",\"datePublished\":\"2022-12-01T22:00:00+00:00\",\"dateModified\":\"2026-04-21T08:14:10+00:00\",\"mainEntityOfPage\":{\"@id\":\"https:\/\/artyplan.com\/en\/blog\/artyplan-collaborates-with-fundacion-portaventura\/\"},\"wordCount\":265,\"publisher\":{\"@id\":\"https:\/\/artyplan.com\/en\/#organization\"},\"image\":{\"@id\":\"https:\/\/artyplan.com\/en\/blog\/artyplan-collaborates-with-fundacion-portaventura\/#primaryimage\"},\"thumbnailUrl\":\"https:\/\/artyplan.com\/wp-content\/uploads\/2025\/09\/portaventura-cena-solidaria.jpg\",\"articleSection\":[\"News\"],\"inLanguage\":\"en-US\"},{\"@type\":\"WebPage\",\"@id\":\"https:\/\/artyplan.com\/en\/blog\/artyplan-collaborates-with-fundacion-portaventura\/\",\"url\":\"https:\/\/artyplan.com\/en\/blog\/artyplan-collaborates-with-fundacion-portaventura\/\",\"name\":\"Artyplan collaborates with Fundaci\u00f3n PortAventura\",\"isPartOf\":{\"@id\":\"https:\/\/artyplan.com\/en\/#website\"},\"primaryImageOfPage\":{\"@id\":\"https:\/\/artyplan.com\/en\/blog\/artyplan-collaborates-with-fundacion-portaventura\/#primaryimage\"},\"image\":{\"@id\":\"https:\/\/artyplan.com\/en\/blog\/artyplan-collaborates-with-fundacion-portaventura\/#primaryimage\"},\"thumbnailUrl\":\"https:\/\/artyplan.com\/wp-content\/uploads\/2025\/09\/portaventura-cena-solidaria.jpg\",\"datePublished\":\"2022-12-01T22:00:00+00:00\",\"dateModified\":\"2026-04-21T08:14:10+00:00\",\"description\":\"Artyplan supports Fundaci\u00f3n PortAventura initiatives, contributing to social projects focused on mental health, inclusion and wellbeing.\",\"breadcrumb\":{\"@id\":\"https:\/\/artyplan.com\/en\/blog\/artyplan-collaborates-with-fundacion-portaventura\/#breadcrumb\"},\"inLanguage\":\"en-US\",\"potentialAction\":[{\"@type\":\"ReadAction\",\"target\":[\"https:\/\/artyplan.com\/en\/blog\/artyplan-collaborates-with-fundacion-portaventura\/\"]}]},{\"@type\":\"ImageObject\",\"inLanguage\":\"en-US\",\"@id\":\"https:\/\/artyplan.com\/en\/blog\/artyplan-collaborates-with-fundacion-portaventura\/#primaryimage\",\"url\":\"https:\/\/artyplan.com\/wp-content\/uploads\/2025\/09\/portaventura-cena-solidaria.jpg\",\"contentUrl\":\"https:\/\/artyplan.com\/wp-content\/uploads\/2025\/09\/portaventura-cena-solidaria.jpg\",\"width\":1420,\"height\":600},{\"@type\":\"BreadcrumbList\",\"@id\":\"https:\/\/artyplan.com\/en\/blog\/artyplan-collaborates-with-fundacion-portaventura\/#breadcrumb\",\"itemListElement\":[{\"@type\":\"ListItem\",\"position\":1,\"name\":\"Artyplan\",\"item\":\"https:\/\/artyplan.com\/en\/\"},{\"@type\":\"ListItem\",\"position\":2,\"name\":\"Artyplan collaborates with Fundaci\u00f3n PortAventura\"}]},{\"@type\":\"WebSite\",\"@id\":\"https:\/\/artyplan.com\/en\/#website\",\"url\":\"https:\/\/artyplan.com\/en\/\",\"name\":\"Artyplan\",\"description\":\"\",\"publisher\":{\"@id\":\"https:\/\/artyplan.com\/en\/#organization\"},\"potentialAction\":[{\"@type\":\"SearchAction\",\"target\":{\"@type\":\"EntryPoint\",\"urlTemplate\":\"https:\/\/artyplan.com\/en\/?s={search_term_string}\"},\"query-input\":{\"@type\":\"PropertyValueSpecification\",\"valueRequired\":true,\"valueName\":\"search_term_string\"}}],\"inLanguage\":\"en-US\"},{\"@type\":\"Organization\",\"@id\":\"https:\/\/artyplan.com\/en\/#organization\",\"name\":\"Artyplan\",\"url\":\"https:\/\/artyplan.com\/en\/\",\"logo\":{\"@type\":\"ImageObject\",\"inLanguage\":\"en-US\",\"@id\":\"https:\/\/artyplan.com\/en\/#\/schema\/logo\/image\/\",\"url\":\"https:\/\/artyplan.com\/wp-content\/uploads\/2025\/12\/Logo-artyplan-690x690-1.png\",\"contentUrl\":\"https:\/\/artyplan.com\/wp-content\/uploads\/2025\/12\/Logo-artyplan-690x690-1.png\",\"width\":690,\"height\":690,\"caption\":\"Artyplan\"},\"image\":{\"@id\":\"https:\/\/artyplan.com\/en\/#\/schema\/logo\/image\/\"},\"sameAs\":[\"https:\/\/www.facebook.com\/artyplan\",\"https:\/\/www.instagram.com\/artyplan\/\",\"https:\/\/www.linkedin.com\/company\/artyplan\"],\"description\":\"Artyplan \u00e9s una empresa especialitzada en producci\u00f3 gr\u00e0fica i comunicaci\u00f3 visual amb 60 anys dexperi\u00e8ncia. Oferim solucions integrals d'impressi\u00f3 en gran format, PLV i retail, gesti\u00f3 d'esdeveniments i fires, disseny i fabricaci\u00f3 a mida, log\u00edstica i serveis d'instal\u00b7laci\u00f3 a tot el territori. Treballem per a marques, ag\u00e8ncies, espais comercials i institucions que necessiten un partner fiable per desenvolupar campanyes de m\u00e0rqueting, projectes de retail i accions de branding o m\u00e0rqueting. Combinem tecnologia avan\u00e7ada d\u00b4impressi\u00f3 digital, un equip expert i una gesti\u00f3 completa de projectes per garantir qualitat, agilitat i resultats a mida per a cada client. Disposem de plataformes B2B que faciliten als nostres clients la gesti\u00f3 de les comandes de materials impresos aix\u00ed com la log\u00edstica dels mateixos.\",\"email\":\"info@artyplan.com\",\"telephone\":\"+34 93 200 87 99\",\"legalName\":\"Artyplan S.L.\",\"vatID\":\"B61963229\",\"numberOfEmployees\":{\"@type\":\"QuantitativeValue\",\"minValue\":\"51\",\"maxValue\":\"200\"}},{\"@type\":\"Person\",\"@id\":\"https:\/\/artyplan.com\/en\/#\/schema\/person\/0ef19accced432bc277b8d5248cd2cc0\",\"name\":\"Sergio Triguero\",\"image\":{\"@type\":\"ImageObject\",\"inLanguage\":\"en-US\",\"@id\":\"https:\/\/artyplan.com\/en\/#\/schema\/person\/image\/\",\"url\":\"https:\/\/secure.gravatar.com\/avatar\/c742a95811ffbc635a3d111ab446f278cce576575d14970fd5d56e17580c3f23?s=96&d=mm&r=g\",\"contentUrl\":\"https:\/\/secure.gravatar.com\/avatar\/c742a95811ffbc635a3d111ab446f278cce576575d14970fd5d56e17580c3f23?s=96&d=mm&r=g\",\"caption\":\"Sergio Triguero\"}}]}<\/script>\n<!-- \/ Yoast SEO Premium plugin. -->","yoast_head_json":{"title":"Artyplan collaborates with Fundaci\u00f3n PortAventura","description":"Artyplan supports Fundaci\u00f3n PortAventura initiatives, contributing to social projects focused on mental health, inclusion and wellbeing.","robots":{"index":"index","follow":"follow","max-snippet":"max-snippet:-1","max-image-preview":"max-image-preview:large","max-video-preview":"max-video-preview:-1"},"canonical":"https:\/\/artyplan.com\/en\/blog\/artyplan-collaborates-with-fundacion-portaventura\/","og_locale":"en_US","og_type":"article","og_title":"Artyplan collaborates with Fundaci\u00f3n PortAventura","og_description":"Artyplan supports Fundaci\u00f3n PortAventura initiatives, contributing to social projects focused on mental health, inclusion and wellbeing.","og_url":"https:\/\/artyplan.com\/en\/blog\/artyplan-collaborates-with-fundacion-portaventura\/","og_site_name":"Artyplan","article_publisher":"https:\/\/www.facebook.com\/artyplan","article_published_time":"2022-12-01T22:00:00+00:00","article_modified_time":"2026-04-21T08:14:10+00:00","og_image":[{"width":1420,"height":600,"url":"https:\/\/artyplan.com\/wp-content\/uploads\/2025\/09\/portaventura-cena-solidaria.jpg","type":"image\/jpeg"}],"author":"Sergio Triguero","twitter_card":"summary_large_image","twitter_misc":{"Written by":"Sergio Triguero","Est. reading time":"1 minute"},"schema":{"@context":"https:\/\/schema.org","@graph":[{"@type":"Article","@id":"https:\/\/artyplan.com\/en\/blog\/artyplan-collaborates-with-fundacion-portaventura\/#article","isPartOf":{"@id":"https:\/\/artyplan.com\/en\/blog\/artyplan-collaborates-with-fundacion-portaventura\/"},"author":{"name":"Sergio Triguero","@id":"https:\/\/artyplan.com\/en\/#\/schema\/person\/0ef19accced432bc277b8d5248cd2cc0"},"headline":"Artyplan collaborates with Fundaci\u00f3n PortAventura","datePublished":"2022-12-01T22:00:00+00:00","dateModified":"2026-04-21T08:14:10+00:00","mainEntityOfPage":{"@id":"https:\/\/artyplan.com\/en\/blog\/artyplan-collaborates-with-fundacion-portaventura\/"},"wordCount":265,"publisher":{"@id":"https:\/\/artyplan.com\/en\/#organization"},"image":{"@id":"https:\/\/artyplan.com\/en\/blog\/artyplan-collaborates-with-fundacion-portaventura\/#primaryimage"},"thumbnailUrl":"https:\/\/artyplan.com\/wp-content\/uploads\/2025\/09\/portaventura-cena-solidaria.jpg","articleSection":["News"],"inLanguage":"en-US"},{"@type":"WebPage","@id":"https:\/\/artyplan.com\/en\/blog\/artyplan-collaborates-with-fundacion-portaventura\/","url":"https:\/\/artyplan.com\/en\/blog\/artyplan-collaborates-with-fundacion-portaventura\/","name":"Artyplan collaborates with Fundaci\u00f3n PortAventura","isPartOf":{"@id":"https:\/\/artyplan.com\/en\/#website"},"primaryImageOfPage":{"@id":"https:\/\/artyplan.com\/en\/blog\/artyplan-collaborates-with-fundacion-portaventura\/#primaryimage"},"image":{"@id":"https:\/\/artyplan.com\/en\/blog\/artyplan-collaborates-with-fundacion-portaventura\/#primaryimage"},"thumbnailUrl":"https:\/\/artyplan.com\/wp-content\/uploads\/2025\/09\/portaventura-cena-solidaria.jpg","datePublished":"2022-12-01T22:00:00+00:00","dateModified":"2026-04-21T08:14:10+00:00","description":"Artyplan supports Fundaci\u00f3n PortAventura initiatives, contributing to social projects focused on mental health, inclusion and wellbeing.","breadcrumb":{"@id":"https:\/\/artyplan.com\/en\/blog\/artyplan-collaborates-with-fundacion-portaventura\/#breadcrumb"},"inLanguage":"en-US","potentialAction":[{"@type":"ReadAction","target":["https:\/\/artyplan.com\/en\/blog\/artyplan-collaborates-with-fundacion-portaventura\/"]}]},{"@type":"ImageObject","inLanguage":"en-US","@id":"https:\/\/artyplan.com\/en\/blog\/artyplan-collaborates-with-fundacion-portaventura\/#primaryimage","url":"https:\/\/artyplan.com\/wp-content\/uploads\/2025\/09\/portaventura-cena-solidaria.jpg","contentUrl":"https:\/\/artyplan.com\/wp-content\/uploads\/2025\/09\/portaventura-cena-solidaria.jpg","width":1420,"height":600},{"@type":"BreadcrumbList","@id":"https:\/\/artyplan.com\/en\/blog\/artyplan-collaborates-with-fundacion-portaventura\/#breadcrumb","itemListElement":[{"@type":"ListItem","position":1,"name":"Artyplan","item":"https:\/\/artyplan.com\/en\/"},{"@type":"ListItem","position":2,"name":"Artyplan collaborates with Fundaci\u00f3n PortAventura"}]},{"@type":"WebSite","@id":"https:\/\/artyplan.com\/en\/#website","url":"https:\/\/artyplan.com\/en\/","name":"Artyplan","description":"","publisher":{"@id":"https:\/\/artyplan.com\/en\/#organization"},"potentialAction":[{"@type":"SearchAction","target":{"@type":"EntryPoint","urlTemplate":"https:\/\/artyplan.com\/en\/?s={search_term_string}"},"query-input":{"@type":"PropertyValueSpecification","valueRequired":true,"valueName":"search_term_string"}}],"inLanguage":"en-US"},{"@type":"Organization","@id":"https:\/\/artyplan.com\/en\/#organization","name":"Artyplan","url":"https:\/\/artyplan.com\/en\/","logo":{"@type":"ImageObject","inLanguage":"en-US","@id":"https:\/\/artyplan.com\/en\/#\/schema\/logo\/image\/","url":"https:\/\/artyplan.com\/wp-content\/uploads\/2025\/12\/Logo-artyplan-690x690-1.png","contentUrl":"https:\/\/artyplan.com\/wp-content\/uploads\/2025\/12\/Logo-artyplan-690x690-1.png","width":690,"height":690,"caption":"Artyplan"},"image":{"@id":"https:\/\/artyplan.com\/en\/#\/schema\/logo\/image\/"},"sameAs":["https:\/\/www.facebook.com\/artyplan","https:\/\/www.instagram.com\/artyplan\/","https:\/\/www.linkedin.com\/company\/artyplan"],"description":"Artyplan \u00e9s una empresa especialitzada en producci\u00f3 gr\u00e0fica i comunicaci\u00f3 visual amb 60 anys dexperi\u00e8ncia. Oferim solucions integrals d'impressi\u00f3 en gran format, PLV i retail, gesti\u00f3 d'esdeveniments i fires, disseny i fabricaci\u00f3 a mida, log\u00edstica i serveis d'instal\u00b7laci\u00f3 a tot el territori. Treballem per a marques, ag\u00e8ncies, espais comercials i institucions que necessiten un partner fiable per desenvolupar campanyes de m\u00e0rqueting, projectes de retail i accions de branding o m\u00e0rqueting. Combinem tecnologia avan\u00e7ada d\u00b4impressi\u00f3 digital, un equip expert i una gesti\u00f3 completa de projectes per garantir qualitat, agilitat i resultats a mida per a cada client. Disposem de plataformes B2B que faciliten als nostres clients la gesti\u00f3 de les comandes de materials impresos aix\u00ed com la log\u00edstica dels mateixos.","email":"info@artyplan.com","telephone":"+34 93 200 87 99","legalName":"Artyplan S.L.","vatID":"B61963229","numberOfEmployees":{"@type":"QuantitativeValue","minValue":"51","maxValue":"200"}},{"@type":"Person","@id":"https:\/\/artyplan.com\/en\/#\/schema\/person\/0ef19accced432bc277b8d5248cd2cc0","name":"Sergio Triguero","image":{"@type":"ImageObject","inLanguage":"en-US","@id":"https:\/\/artyplan.com\/en\/#\/schema\/person\/image\/","url":"https:\/\/secure.gravatar.com\/avatar\/c742a95811ffbc635a3d111ab446f278cce576575d14970fd5d56e17580c3f23?s=96&d=mm&r=g","contentUrl":"https:\/\/secure.gravatar.com\/avatar\/c742a95811ffbc635a3d111ab446f278cce576575d14970fd5d56e17580c3f23?s=96&d=mm&r=g","caption":"Sergio Triguero"}}]}},"_links":{"self":[{"href":"https:\/\/artyplan.com\/en\/wp-json\/wp\/v2\/posts\/15808","targetHints":{"allow":["GET"]}}],"collection":[{"href":"https:\/\/artyplan.com\/en\/wp-json\/wp\/v2\/posts"}],"about":[{"href":"https:\/\/artyplan.com\/en\/wp-json\/wp\/v2\/types\/post"}],"author":[{"embeddable":true,"href":"https:\/\/artyplan.com\/en\/wp-json\/wp\/v2\/users\/3"}],"replies":[{"embeddable":true,"href":"https:\/\/artyplan.com\/en\/wp-json\/wp\/v2\/comments?post=15808"}],"version-history":[{"count":1,"href":"https:\/\/artyplan.com\/en\/wp-json\/wp\/v2\/posts\/15808\/revisions"}],"predecessor-version":[{"id":16184,"href":"https:\/\/artyplan.com\/en\/wp-json\/wp\/v2\/posts\/15808\/revisions\/16184"}],"wp:featuredmedia":[{"embeddable":true,"href":"https:\/\/artyplan.com\/en\/wp-json\/wp\/v2\/media\/15807"}],"wp:attachment":[{"href":"https:\/\/artyplan.com\/en\/wp-json\/wp\/v2\/media?parent=15808"}],"wp:term":[{"taxonomy":"category","embeddable":true,"href":"https:\/\/artyplan.com\/en\/wp-json\/wp\/v2\/categories?post=15808"},{"taxonomy":"post_tag","embeddable":true,"href":"https:\/\/artyplan.com\/en\/wp-json\/wp\/v2\/tags?post=15808"}],"curies":[{"name":"wp","href":"https:\/\/api.w.org\/{rel}","templated":true}]}}