{"id":15815,"date":"2022-11-21T00:00:00","date_gmt":"2022-11-20T22:00:00","guid":{"rendered":"https:\/\/artyplan.com\/sin-categoria\/artyplan-always-with-culture\/"},"modified":"2026-04-21T10:37:39","modified_gmt":"2026-04-21T08:37:39","slug":"artyplan-always-with-culture","status":"publish","type":"post","link":"https:\/\/artyplan.com\/en\/blog\/artyplan-always-with-culture\/","title":{"rendered":"Artyplan always with culture"},"content":{"rendered":"<p><i>Artyplan is a patron supporting the Fundaci\u00f3 Orfe\u00f3 Catal\u00e0 \u2013 Palau de la M\u00fasica Catalana. <\/i><\/p>\n<p>On behalf of the<a href=\"https:\/\/www.palaumusica.cat\/ca\" target=\"_blank\" rel=\"noopener\"> foundation,<\/a> Ms Mariona Carulla i Font and our General Manager, Ignasi Pietx, signed an agreement on 17 May for our company to become a patron of the institution.<\/p>\n<p>With the aim of preserving the musical heritage of the Fundaci\u00f3 Orfe\u00f3 Catal\u00e0 \u2013 Palau de la M\u00fasica Catalana, we will provide document digitisation services for the archives and collections of its documentation centre, ensuring their preservation and facilitating access.<\/p>\n<p>This digitisation will generate preservation archives and, additionally, documents for dissemination and access. The collections to be digitised include photographic and audiovisual archives, magazine collections, and selections of handwritten scores. <img fetchpriority=\"high\" decoding=\"async\" class=\"size-medium wp-image-8328 alignright\" src=\"https:\/\/artyplan.com\/wp-content\/uploads\/2025\/09\/firma-orfeo-artyplan-300x225.jpg\" alt=\"signature orfeo\" width=\"300\" height=\"225\"><\/p>\n<p><strong>Fundaci\u00f3 Orfe\u00f3 Catal\u00e0 \u2013 Palau de la M\u00fasica Catalana<\/strong><\/p>\n<p>The Fundaci\u00f3 Orfe\u00f3 Catal\u00e0 \u2013 Palau de la M\u00fasica Catalana aims to promote and encourage all kinds of cultural activities, especially in the musical field, and to specifically support the initiatives and projects of the Orfe\u00f3 Catal\u00e0 Association. <\/p>\n<p><strong>Artyplan <\/strong><\/p>\n<p>Artyplan, <a href=\"http:\/\/artyplan.com\/\" target=\"_blank\" rel=\"noopener\">print production and document digitisation services<\/a> for businesses, with more than 55 years of experience delivering professional printing services, has enabled us to develop specific, high-value solutions for each sector.<br \/>We focus our efforts on simplifying your business\u2019s management processes by implementing tailored tools supported by rigorous quality control. <\/p>\n","protected":false},"excerpt":{"rendered":"<p>Artyplan is a patron supporting the Fundaci\u00f3 Orfe\u00f3 Catal\u00e0 \u2013 Palau de la M\u00fasica Catalana. On behalf of the foundation, Ms Mariona Carulla i Font and our General Manager, Ignasi Pietx, signed an agreement on 17 May for our company to become a patron of the institution. With the aim of preserving the musical heritage [&hellip;]<\/p>\n","protected":false},"author":3,"featured_media":15814,"comment_status":"closed","ping_status":"closed","sticky":false,"template":"","format":"standard","meta":{"footnotes":""},"categories":[81],"tags":[],"class_list":["post-15815","post","type-post","status-publish","format-standard","has-post-thumbnail","hentry","category-news"],"yoast_head":"<!-- This site is optimized with the Yoast SEO Premium plugin v26.5 (Yoast SEO v26.5) - https:\/\/yoast.com\/wordpress\/plugins\/seo\/ -->\n<title>Artyplan always with culture<\/title>\n<meta name=\"description\" content=\"Artyplan supports cultural heritage through document digitisation for Fundaci\u00f3 Orfe\u00f3 Catal\u00e0 \u2013 Palau de la M\u00fasica Catalana.\" \/>\n<meta name=\"robots\" content=\"index, follow, max-snippet:-1, max-image-preview:large, max-video-preview:-1\" \/>\n<link rel=\"canonical\" href=\"https:\/\/artyplan.com\/en\/blog\/artyplan-always-with-culture\/\" \/>\n<meta property=\"og:locale\" content=\"en_US\" \/>\n<meta property=\"og:type\" content=\"article\" \/>\n<meta property=\"og:title\" content=\"Artyplan always with culture\" \/>\n<meta property=\"og:description\" content=\"Artyplan supports cultural heritage through document digitisation for Fundaci\u00f3 Orfe\u00f3 Catal\u00e0 \u2013 Palau de la M\u00fasica Catalana.\" \/>\n<meta property=\"og:url\" content=\"https:\/\/artyplan.com\/en\/blog\/artyplan-always-with-culture\/\" \/>\n<meta property=\"og:site_name\" content=\"Artyplan\" \/>\n<meta property=\"article:publisher\" content=\"https:\/\/www.facebook.com\/artyplan\" \/>\n<meta property=\"article:published_time\" content=\"2022-11-20T22:00:00+00:00\" \/>\n<meta property=\"article:modified_time\" content=\"2026-04-21T08:37:39+00:00\" \/>\n<meta property=\"og:image\" content=\"https:\/\/artyplan.com\/wp-content\/uploads\/2025\/09\/palau-de-la-musica.jpg\" \/>\n\t<meta property=\"og:image:width\" content=\"1920\" \/>\n\t<meta property=\"og:image:height\" content=\"600\" \/>\n\t<meta property=\"og:image:type\" content=\"image\/jpeg\" \/>\n<meta name=\"author\" content=\"Sergio Triguero\" \/>\n<meta name=\"twitter:card\" content=\"summary_large_image\" \/>\n<meta name=\"twitter:label1\" content=\"Written by\" \/>\n\t<meta name=\"twitter:data1\" content=\"Sergio Triguero\" \/>\n\t<meta name=\"twitter:label2\" content=\"Est. reading time\" \/>\n\t<meta name=\"twitter:data2\" content=\"1 minute\" \/>\n<script type=\"application\/ld+json\" class=\"yoast-schema-graph\">{\"@context\":\"https:\/\/schema.org\",\"@graph\":[{\"@type\":\"Article\",\"@id\":\"https:\/\/artyplan.com\/en\/blog\/artyplan-always-with-culture\/#article\",\"isPartOf\":{\"@id\":\"https:\/\/artyplan.com\/en\/blog\/artyplan-always-with-culture\/\"},\"author\":{\"name\":\"Sergio Triguero\",\"@id\":\"https:\/\/artyplan.com\/en\/#\/schema\/person\/0ef19accced432bc277b8d5248cd2cc0\"},\"headline\":\"Artyplan always with culture\",\"datePublished\":\"2022-11-20T22:00:00+00:00\",\"dateModified\":\"2026-04-21T08:37:39+00:00\",\"mainEntityOfPage\":{\"@id\":\"https:\/\/artyplan.com\/en\/blog\/artyplan-always-with-culture\/\"},\"wordCount\":218,\"publisher\":{\"@id\":\"https:\/\/artyplan.com\/en\/#organization\"},\"image\":{\"@id\":\"https:\/\/artyplan.com\/en\/blog\/artyplan-always-with-culture\/#primaryimage\"},\"thumbnailUrl\":\"https:\/\/artyplan.com\/wp-content\/uploads\/2025\/09\/palau-de-la-musica.jpg\",\"articleSection\":[\"News\"],\"inLanguage\":\"en-US\"},{\"@type\":\"WebPage\",\"@id\":\"https:\/\/artyplan.com\/en\/blog\/artyplan-always-with-culture\/\",\"url\":\"https:\/\/artyplan.com\/en\/blog\/artyplan-always-with-culture\/\",\"name\":\"Artyplan always with culture\",\"isPartOf\":{\"@id\":\"https:\/\/artyplan.com\/en\/#website\"},\"primaryImageOfPage\":{\"@id\":\"https:\/\/artyplan.com\/en\/blog\/artyplan-always-with-culture\/#primaryimage\"},\"image\":{\"@id\":\"https:\/\/artyplan.com\/en\/blog\/artyplan-always-with-culture\/#primaryimage\"},\"thumbnailUrl\":\"https:\/\/artyplan.com\/wp-content\/uploads\/2025\/09\/palau-de-la-musica.jpg\",\"datePublished\":\"2022-11-20T22:00:00+00:00\",\"dateModified\":\"2026-04-21T08:37:39+00:00\",\"description\":\"Artyplan supports cultural heritage through document digitisation for Fundaci\u00f3 Orfe\u00f3 Catal\u00e0 \u2013 Palau de la M\u00fasica Catalana.\",\"breadcrumb\":{\"@id\":\"https:\/\/artyplan.com\/en\/blog\/artyplan-always-with-culture\/#breadcrumb\"},\"inLanguage\":\"en-US\",\"potentialAction\":[{\"@type\":\"ReadAction\",\"target\":[\"https:\/\/artyplan.com\/en\/blog\/artyplan-always-with-culture\/\"]}]},{\"@type\":\"ImageObject\",\"inLanguage\":\"en-US\",\"@id\":\"https:\/\/artyplan.com\/en\/blog\/artyplan-always-with-culture\/#primaryimage\",\"url\":\"https:\/\/artyplan.com\/wp-content\/uploads\/2025\/09\/palau-de-la-musica.jpg\",\"contentUrl\":\"https:\/\/artyplan.com\/wp-content\/uploads\/2025\/09\/palau-de-la-musica.jpg\",\"width\":1920,\"height\":600,\"caption\":\"Artyplan Collaborates with Fundaci\u00f3 Orfe\u00f3 Catal\u00e0\"},{\"@type\":\"BreadcrumbList\",\"@id\":\"https:\/\/artyplan.com\/en\/blog\/artyplan-always-with-culture\/#breadcrumb\",\"itemListElement\":[{\"@type\":\"ListItem\",\"position\":1,\"name\":\"Artyplan\",\"item\":\"https:\/\/artyplan.com\/en\/\"},{\"@type\":\"ListItem\",\"position\":2,\"name\":\"Artyplan always with culture\"}]},{\"@type\":\"WebSite\",\"@id\":\"https:\/\/artyplan.com\/en\/#website\",\"url\":\"https:\/\/artyplan.com\/en\/\",\"name\":\"Artyplan\",\"description\":\"\",\"publisher\":{\"@id\":\"https:\/\/artyplan.com\/en\/#organization\"},\"potentialAction\":[{\"@type\":\"SearchAction\",\"target\":{\"@type\":\"EntryPoint\",\"urlTemplate\":\"https:\/\/artyplan.com\/en\/?s={search_term_string}\"},\"query-input\":{\"@type\":\"PropertyValueSpecification\",\"valueRequired\":true,\"valueName\":\"search_term_string\"}}],\"inLanguage\":\"en-US\"},{\"@type\":\"Organization\",\"@id\":\"https:\/\/artyplan.com\/en\/#organization\",\"name\":\"Artyplan\",\"url\":\"https:\/\/artyplan.com\/en\/\",\"logo\":{\"@type\":\"ImageObject\",\"inLanguage\":\"en-US\",\"@id\":\"https:\/\/artyplan.com\/en\/#\/schema\/logo\/image\/\",\"url\":\"https:\/\/artyplan.com\/wp-content\/uploads\/2025\/12\/Logo-artyplan-690x690-1.png\",\"contentUrl\":\"https:\/\/artyplan.com\/wp-content\/uploads\/2025\/12\/Logo-artyplan-690x690-1.png\",\"width\":690,\"height\":690,\"caption\":\"Artyplan\"},\"image\":{\"@id\":\"https:\/\/artyplan.com\/en\/#\/schema\/logo\/image\/\"},\"sameAs\":[\"https:\/\/www.facebook.com\/artyplan\",\"https:\/\/www.instagram.com\/artyplan\/\",\"https:\/\/www.linkedin.com\/company\/artyplan\"],\"description\":\"Artyplan \u00e9s una empresa especialitzada en producci\u00f3 gr\u00e0fica i comunicaci\u00f3 visual amb 60 anys dexperi\u00e8ncia. Oferim solucions integrals d'impressi\u00f3 en gran format, PLV i retail, gesti\u00f3 d'esdeveniments i fires, disseny i fabricaci\u00f3 a mida, log\u00edstica i serveis d'instal\u00b7laci\u00f3 a tot el territori. Treballem per a marques, ag\u00e8ncies, espais comercials i institucions que necessiten un partner fiable per desenvolupar campanyes de m\u00e0rqueting, projectes de retail i accions de branding o m\u00e0rqueting. Combinem tecnologia avan\u00e7ada d\u00b4impressi\u00f3 digital, un equip expert i una gesti\u00f3 completa de projectes per garantir qualitat, agilitat i resultats a mida per a cada client. Disposem de plataformes B2B que faciliten als nostres clients la gesti\u00f3 de les comandes de materials impresos aix\u00ed com la log\u00edstica dels mateixos.\",\"email\":\"info@artyplan.com\",\"telephone\":\"+34 93 200 87 99\",\"legalName\":\"Artyplan S.L.\",\"vatID\":\"B61963229\",\"numberOfEmployees\":{\"@type\":\"QuantitativeValue\",\"minValue\":\"51\",\"maxValue\":\"200\"}},{\"@type\":\"Person\",\"@id\":\"https:\/\/artyplan.com\/en\/#\/schema\/person\/0ef19accced432bc277b8d5248cd2cc0\",\"name\":\"Sergio Triguero\",\"image\":{\"@type\":\"ImageObject\",\"inLanguage\":\"en-US\",\"@id\":\"https:\/\/artyplan.com\/en\/#\/schema\/person\/image\/\",\"url\":\"https:\/\/secure.gravatar.com\/avatar\/c742a95811ffbc635a3d111ab446f278cce576575d14970fd5d56e17580c3f23?s=96&d=mm&r=g\",\"contentUrl\":\"https:\/\/secure.gravatar.com\/avatar\/c742a95811ffbc635a3d111ab446f278cce576575d14970fd5d56e17580c3f23?s=96&d=mm&r=g\",\"caption\":\"Sergio Triguero\"}}]}<\/script>\n<!-- \/ Yoast SEO Premium plugin. -->","yoast_head_json":{"title":"Artyplan always with culture","description":"Artyplan supports cultural heritage through document digitisation for Fundaci\u00f3 Orfe\u00f3 Catal\u00e0 \u2013 Palau de la M\u00fasica Catalana.","robots":{"index":"index","follow":"follow","max-snippet":"max-snippet:-1","max-image-preview":"max-image-preview:large","max-video-preview":"max-video-preview:-1"},"canonical":"https:\/\/artyplan.com\/en\/blog\/artyplan-always-with-culture\/","og_locale":"en_US","og_type":"article","og_title":"Artyplan always with culture","og_description":"Artyplan supports cultural heritage through document digitisation for Fundaci\u00f3 Orfe\u00f3 Catal\u00e0 \u2013 Palau de la M\u00fasica Catalana.","og_url":"https:\/\/artyplan.com\/en\/blog\/artyplan-always-with-culture\/","og_site_name":"Artyplan","article_publisher":"https:\/\/www.facebook.com\/artyplan","article_published_time":"2022-11-20T22:00:00+00:00","article_modified_time":"2026-04-21T08:37:39+00:00","og_image":[{"width":1920,"height":600,"url":"https:\/\/artyplan.com\/wp-content\/uploads\/2025\/09\/palau-de-la-musica.jpg","type":"image\/jpeg"}],"author":"Sergio Triguero","twitter_card":"summary_large_image","twitter_misc":{"Written by":"Sergio Triguero","Est. reading time":"1 minute"},"schema":{"@context":"https:\/\/schema.org","@graph":[{"@type":"Article","@id":"https:\/\/artyplan.com\/en\/blog\/artyplan-always-with-culture\/#article","isPartOf":{"@id":"https:\/\/artyplan.com\/en\/blog\/artyplan-always-with-culture\/"},"author":{"name":"Sergio Triguero","@id":"https:\/\/artyplan.com\/en\/#\/schema\/person\/0ef19accced432bc277b8d5248cd2cc0"},"headline":"Artyplan always with culture","datePublished":"2022-11-20T22:00:00+00:00","dateModified":"2026-04-21T08:37:39+00:00","mainEntityOfPage":{"@id":"https:\/\/artyplan.com\/en\/blog\/artyplan-always-with-culture\/"},"wordCount":218,"publisher":{"@id":"https:\/\/artyplan.com\/en\/#organization"},"image":{"@id":"https:\/\/artyplan.com\/en\/blog\/artyplan-always-with-culture\/#primaryimage"},"thumbnailUrl":"https:\/\/artyplan.com\/wp-content\/uploads\/2025\/09\/palau-de-la-musica.jpg","articleSection":["News"],"inLanguage":"en-US"},{"@type":"WebPage","@id":"https:\/\/artyplan.com\/en\/blog\/artyplan-always-with-culture\/","url":"https:\/\/artyplan.com\/en\/blog\/artyplan-always-with-culture\/","name":"Artyplan always with culture","isPartOf":{"@id":"https:\/\/artyplan.com\/en\/#website"},"primaryImageOfPage":{"@id":"https:\/\/artyplan.com\/en\/blog\/artyplan-always-with-culture\/#primaryimage"},"image":{"@id":"https:\/\/artyplan.com\/en\/blog\/artyplan-always-with-culture\/#primaryimage"},"thumbnailUrl":"https:\/\/artyplan.com\/wp-content\/uploads\/2025\/09\/palau-de-la-musica.jpg","datePublished":"2022-11-20T22:00:00+00:00","dateModified":"2026-04-21T08:37:39+00:00","description":"Artyplan supports cultural heritage through document digitisation for Fundaci\u00f3 Orfe\u00f3 Catal\u00e0 \u2013 Palau de la M\u00fasica Catalana.","breadcrumb":{"@id":"https:\/\/artyplan.com\/en\/blog\/artyplan-always-with-culture\/#breadcrumb"},"inLanguage":"en-US","potentialAction":[{"@type":"ReadAction","target":["https:\/\/artyplan.com\/en\/blog\/artyplan-always-with-culture\/"]}]},{"@type":"ImageObject","inLanguage":"en-US","@id":"https:\/\/artyplan.com\/en\/blog\/artyplan-always-with-culture\/#primaryimage","url":"https:\/\/artyplan.com\/wp-content\/uploads\/2025\/09\/palau-de-la-musica.jpg","contentUrl":"https:\/\/artyplan.com\/wp-content\/uploads\/2025\/09\/palau-de-la-musica.jpg","width":1920,"height":600,"caption":"Artyplan Collaborates with Fundaci\u00f3 Orfe\u00f3 Catal\u00e0"},{"@type":"BreadcrumbList","@id":"https:\/\/artyplan.com\/en\/blog\/artyplan-always-with-culture\/#breadcrumb","itemListElement":[{"@type":"ListItem","position":1,"name":"Artyplan","item":"https:\/\/artyplan.com\/en\/"},{"@type":"ListItem","position":2,"name":"Artyplan always with culture"}]},{"@type":"WebSite","@id":"https:\/\/artyplan.com\/en\/#website","url":"https:\/\/artyplan.com\/en\/","name":"Artyplan","description":"","publisher":{"@id":"https:\/\/artyplan.com\/en\/#organization"},"potentialAction":[{"@type":"SearchAction","target":{"@type":"EntryPoint","urlTemplate":"https:\/\/artyplan.com\/en\/?s={search_term_string}"},"query-input":{"@type":"PropertyValueSpecification","valueRequired":true,"valueName":"search_term_string"}}],"inLanguage":"en-US"},{"@type":"Organization","@id":"https:\/\/artyplan.com\/en\/#organization","name":"Artyplan","url":"https:\/\/artyplan.com\/en\/","logo":{"@type":"ImageObject","inLanguage":"en-US","@id":"https:\/\/artyplan.com\/en\/#\/schema\/logo\/image\/","url":"https:\/\/artyplan.com\/wp-content\/uploads\/2025\/12\/Logo-artyplan-690x690-1.png","contentUrl":"https:\/\/artyplan.com\/wp-content\/uploads\/2025\/12\/Logo-artyplan-690x690-1.png","width":690,"height":690,"caption":"Artyplan"},"image":{"@id":"https:\/\/artyplan.com\/en\/#\/schema\/logo\/image\/"},"sameAs":["https:\/\/www.facebook.com\/artyplan","https:\/\/www.instagram.com\/artyplan\/","https:\/\/www.linkedin.com\/company\/artyplan"],"description":"Artyplan \u00e9s una empresa especialitzada en producci\u00f3 gr\u00e0fica i comunicaci\u00f3 visual amb 60 anys dexperi\u00e8ncia. Oferim solucions integrals d'impressi\u00f3 en gran format, PLV i retail, gesti\u00f3 d'esdeveniments i fires, disseny i fabricaci\u00f3 a mida, log\u00edstica i serveis d'instal\u00b7laci\u00f3 a tot el territori. Treballem per a marques, ag\u00e8ncies, espais comercials i institucions que necessiten un partner fiable per desenvolupar campanyes de m\u00e0rqueting, projectes de retail i accions de branding o m\u00e0rqueting. Combinem tecnologia avan\u00e7ada d\u00b4impressi\u00f3 digital, un equip expert i una gesti\u00f3 completa de projectes per garantir qualitat, agilitat i resultats a mida per a cada client. Disposem de plataformes B2B que faciliten als nostres clients la gesti\u00f3 de les comandes de materials impresos aix\u00ed com la log\u00edstica dels mateixos.","email":"info@artyplan.com","telephone":"+34 93 200 87 99","legalName":"Artyplan S.L.","vatID":"B61963229","numberOfEmployees":{"@type":"QuantitativeValue","minValue":"51","maxValue":"200"}},{"@type":"Person","@id":"https:\/\/artyplan.com\/en\/#\/schema\/person\/0ef19accced432bc277b8d5248cd2cc0","name":"Sergio Triguero","image":{"@type":"ImageObject","inLanguage":"en-US","@id":"https:\/\/artyplan.com\/en\/#\/schema\/person\/image\/","url":"https:\/\/secure.gravatar.com\/avatar\/c742a95811ffbc635a3d111ab446f278cce576575d14970fd5d56e17580c3f23?s=96&d=mm&r=g","contentUrl":"https:\/\/secure.gravatar.com\/avatar\/c742a95811ffbc635a3d111ab446f278cce576575d14970fd5d56e17580c3f23?s=96&d=mm&r=g","caption":"Sergio Triguero"}}]}},"_links":{"self":[{"href":"https:\/\/artyplan.com\/en\/wp-json\/wp\/v2\/posts\/15815","targetHints":{"allow":["GET"]}}],"collection":[{"href":"https:\/\/artyplan.com\/en\/wp-json\/wp\/v2\/posts"}],"about":[{"href":"https:\/\/artyplan.com\/en\/wp-json\/wp\/v2\/types\/post"}],"author":[{"embeddable":true,"href":"https:\/\/artyplan.com\/en\/wp-json\/wp\/v2\/users\/3"}],"replies":[{"embeddable":true,"href":"https:\/\/artyplan.com\/en\/wp-json\/wp\/v2\/comments?post=15815"}],"version-history":[{"count":1,"href":"https:\/\/artyplan.com\/en\/wp-json\/wp\/v2\/posts\/15815\/revisions"}],"predecessor-version":[{"id":16225,"href":"https:\/\/artyplan.com\/en\/wp-json\/wp\/v2\/posts\/15815\/revisions\/16225"}],"wp:featuredmedia":[{"embeddable":true,"href":"https:\/\/artyplan.com\/en\/wp-json\/wp\/v2\/media\/15814"}],"wp:attachment":[{"href":"https:\/\/artyplan.com\/en\/wp-json\/wp\/v2\/media?parent=15815"}],"wp:term":[{"taxonomy":"category","embeddable":true,"href":"https:\/\/artyplan.com\/en\/wp-json\/wp\/v2\/categories?post=15815"},{"taxonomy":"post_tag","embeddable":true,"href":"https:\/\/artyplan.com\/en\/wp-json\/wp\/v2\/tags?post=15815"}],"curies":[{"name":"wp","href":"https:\/\/api.w.org\/{rel}","templated":true}]}}